{"id":80859,"date":"2022-09-26T14:41:36","date_gmt":"2022-09-26T19:41:36","guid":{"rendered":"https:\/\/aeronoticias.com.pe\/noticiero\/?p=80859"},"modified":"2022-09-26T14:41:38","modified_gmt":"2022-09-26T19:41:38","slug":"presidente-del-indecopi-expondra-sobre-los-avances-del-peru-como-sede-del-centro-regional-de-competencia-de-la-ocde","status":"publish","type":"post","link":"https:\/\/aeronoticias.com.pe\/noticiero\/ultimas\/1\/presidente-del-indecopi-expondra-sobre-los-avances-del-peru-como-sede-del-centro-regional-de-competencia-de-la-ocde\/","title":{"rendered":"Presidente del Indecopi expondr\u00e1 sobre los avances del Per\u00fa como sede del Centro Regional de Competencia de la OCDE"},"content":{"rendered":"\n<p><strong>(Aeronoticias)<\/strong>: El presidente ejecutivo del Indecopi, Juli\u00e1n Palac\u00edn Guti\u00e9rrez, participar\u00e1 en el Foro Latinoamericano y del Caribe de Competencia (FLACC), del 27 al 28 de setiembre, en la ciudad de R\u00edo de Janeiro, Brasil, que realiza la Organizaci\u00f3n para la Cooperaci\u00f3n y el Desarrollo Econ\u00f3micos (OCDE). Asimismo, sostendr\u00e1 una reuni\u00f3n con autoridades de dicha entidad para intercambiar ideas sobre el fortalecimiento del trabajo conjunto que vienen realizando.<\/p>\n\n\n\n<p>Durante el FLACC se evaluar\u00e1n los desaf\u00edos comunes que enfrentan las autoridades de competencia en los pa\u00edses de la regi\u00f3n, as\u00ed como intercambiar experiencias relacionadas a la implementaci\u00f3n de las mejores pr\u00e1cticas en temas de competencia.<\/p>\n\n\n\n<p>Esta participaci\u00f3n resulta relevante para el pa\u00eds, considerando que en abril del presente a\u00f1o recibimos la invitaci\u00f3n para iniciar proceso de adhesi\u00f3n a la OCDE.<\/p>\n\n\n\n<p>Palac\u00edn Guti\u00e9rrez expondr\u00e1 sobre los avances y logros obtenidos por el Per\u00fa, a trav\u00e9s del Indecopi, como sede del Centro Regional de la OCDE para la Competencia en Am\u00e9rica Latina y el Caribe (RCC por sus siglas en ingl\u00e9s).<\/p>\n\n\n\n<p>A trav\u00e9s del RCC, el Indecopi capacita a los funcionarios de Latinoam\u00e9rica dedicados a la aplicaci\u00f3n de las pol\u00edticas de competencia y el fomento de la cultura de competencia. Desde su creaci\u00f3n, en el RCC se han realizado 12 talleres, que ha tra\u00eddo como resultado la capacitaci\u00f3n de 1500 funcionarios aproximadamente.<\/p>\n\n\n\n<p>Cabre recordar que desde noviembre del 2019 el Per\u00fa se convirti\u00f3 en el tercer pa\u00eds del mundo en ser elegido por la OCDE para constituir un Centro Regional de Competencia, uni\u00e9ndose a los dos ya existentes en Corea del Sur, destinado a capacitar a los funcionarios del Asia; y, en Hungr\u00eda, destinado a capacitar a los funcionarios de Europa del Este.<\/p>\n\n\n\n<p>Adicionalmente, el 29 de setiembre, se reunir\u00e1 con altas autoridades de la OCDE para reforzar el trabajo conjunto que vienen realizando, adem\u00e1s de participar en el Foro Iberoamericano de Competencia y la Reuni\u00f3n del Centro Regional de Competencia para Am\u00e9rica Latina y el Caribe a realizarse en la misma ciudad.<\/p>\n\n\n\n<p><strong>Fuente: Indecopi<\/strong><\/p>\n","protected":false},"excerpt":{"rendered":"<p>(Aeronoticias): El presidente ejecutivo del Indecopi, Juli\u00e1n Palac\u00edn Guti\u00e9rrez, participar\u00e1 en el Foro Latinoamericano y del Caribe de Competencia (FLACC), del 27 al 28 de setiembre, en la ciudad de R\u00edo de Janeiro, Brasil, que realiza la Organizaci\u00f3n para la Cooperaci\u00f3n y el Desarrollo Econ\u00f3micos (OCDE). Asimismo, sostendr\u00e1 una reuni\u00f3n con autoridades de dicha entidad [&hellip;]<\/p>\n","protected":false},"author":3,"featured_media":80860,"comment_status":"open","ping_status":"open","sticky":false,"template":"","format":"standard","meta":{"tdm_status":"","tdm_grid_status":"","footnotes":""},"categories":[8,30],"tags":[2323,1367,1634],"class_list":{"0":"post-80859","1":"post","2":"type-post","3":"status-publish","4":"format-standard","5":"has-post-thumbnail","7":"category-ultimas","8":"category-30","9":"tag-flacc","10":"tag-indecopi","11":"tag-julian-palacin-gutierrez"},"yoast_head":"<!-- This site is optimized with the Yoast SEO plugin v25.1 - https:\/\/yoast.com\/wordpress\/plugins\/seo\/ -->\n<title>Presidente del Indecopi expondr\u00e1 sobre los avances del Per\u00fa como sede del Centro Regional de Competencia de la OCDE<\/title>\n<meta name=\"description\" content=\"Participaci\u00f3n permitir\u00e1 intercambiar experiencias con otras autoridades regionales y fortalecer las relaciones con la OCDE, organismo que ha invitado al Per\u00fa iniciar el proceso de adhesi\u00f3n.\" \/>\n<meta name=\"robots\" content=\"index, follow, max-snippet:-1, max-image-preview:large, max-video-preview:-1\" \/>\n<link rel=\"canonical\" href=\"https:\/\/aeronoticias.com.pe\/noticiero\/ultimas\/1\/presidente-del-indecopi-expondra-sobre-los-avances-del-peru-como-sede-del-centro-regional-de-competencia-de-la-ocde\/\" \/>\n<meta property=\"og:locale\" content=\"es_ES\" \/>\n<meta property=\"og:type\" content=\"article\" \/>\n<meta property=\"og:title\" content=\"Presidente del Indecopi expondr\u00e1 sobre los avances del Per\u00fa como sede del Centro Regional de Competencia de la OCDE\" \/>\n<meta property=\"og:description\" content=\"Participaci\u00f3n permitir\u00e1 intercambiar experiencias con otras autoridades regionales y fortalecer las relaciones con la OCDE, organismo que ha invitado al Per\u00fa iniciar el proceso de adhesi\u00f3n.\" \/>\n<meta property=\"og:url\" content=\"https:\/\/aeronoticias.com.pe\/noticiero\/ultimas\/1\/presidente-del-indecopi-expondra-sobre-los-avances-del-peru-como-sede-del-centro-regional-de-competencia-de-la-ocde\/\" \/>\n<meta property=\"og:site_name\" content=\"Aeronoticias.com.pe\" \/>\n<meta property=\"article:publisher\" content=\"https:\/\/www.facebook.com\/Aeronoticias.com.pe\/\" \/>\n<meta property=\"article:published_time\" content=\"2022-09-26T19:41:36+00:00\" \/>\n<meta property=\"article:modified_time\" content=\"2022-09-26T19:41:38+00:00\" \/>\n<meta property=\"og:image\" content=\"https:\/\/aeronoticias.com.pe\/noticiero\/wp-content\/uploads\/2022\/09\/jil.jpg\" \/>\n\t<meta property=\"og:image:width\" content=\"645\" \/>\n\t<meta property=\"og:image:height\" content=\"363\" \/>\n\t<meta property=\"og:image:type\" content=\"image\/jpeg\" \/>\n<meta name=\"author\" content=\"Redacci\u00f3n\" \/>\n<meta name=\"twitter:card\" content=\"summary_large_image\" \/>\n<meta name=\"twitter:creator\" content=\"@aeronoticias\" \/>\n<meta name=\"twitter:site\" content=\"@aeronoticias\" \/>\n<meta name=\"twitter:label1\" content=\"Escrito por\" \/>\n\t<meta name=\"twitter:data1\" content=\"Redacci\u00f3n\" \/>\n\t<meta name=\"twitter:label2\" content=\"Tiempo de lectura\" \/>\n\t<meta name=\"twitter:data2\" content=\"2 minutos\" \/>\n<script type=\"application\/ld+json\" class=\"yoast-schema-graph\">{\"@context\":\"https:\/\/schema.org\",\"@graph\":[{\"@type\":\"WebPage\",\"@id\":\"https:\/\/aeronoticias.com.pe\/noticiero\/ultimas\/1\/presidente-del-indecopi-expondra-sobre-los-avances-del-peru-como-sede-del-centro-regional-de-competencia-de-la-ocde\/\",\"url\":\"https:\/\/aeronoticias.com.pe\/noticiero\/ultimas\/1\/presidente-del-indecopi-expondra-sobre-los-avances-del-peru-como-sede-del-centro-regional-de-competencia-de-la-ocde\/\",\"name\":\"Presidente del Indecopi expondr\u00e1 sobre los avances del Per\u00fa como sede del Centro Regional de Competencia de la OCDE\",\"isPartOf\":{\"@id\":\"https:\/\/aeronoticias.com.pe\/noticiero\/#website\"},\"primaryImageOfPage\":{\"@id\":\"https:\/\/aeronoticias.com.pe\/noticiero\/ultimas\/1\/presidente-del-indecopi-expondra-sobre-los-avances-del-peru-como-sede-del-centro-regional-de-competencia-de-la-ocde\/#primaryimage\"},\"image\":{\"@id\":\"https:\/\/aeronoticias.com.pe\/noticiero\/ultimas\/1\/presidente-del-indecopi-expondra-sobre-los-avances-del-peru-como-sede-del-centro-regional-de-competencia-de-la-ocde\/#primaryimage\"},\"thumbnailUrl\":\"https:\/\/aeronoticias.com.pe\/noticiero\/wp-content\/uploads\/2022\/09\/jil.jpg\",\"datePublished\":\"2022-09-26T19:41:36+00:00\",\"dateModified\":\"2022-09-26T19:41:38+00:00\",\"author\":{\"@id\":\"https:\/\/aeronoticias.com.pe\/noticiero\/#\/schema\/person\/16212a617c73f78916b13194154243bd\"},\"description\":\"Participaci\u00f3n permitir\u00e1 intercambiar experiencias con otras autoridades regionales y fortalecer las relaciones con la OCDE, organismo que ha invitado al Per\u00fa iniciar el proceso de adhesi\u00f3n.\",\"breadcrumb\":{\"@id\":\"https:\/\/aeronoticias.com.pe\/noticiero\/ultimas\/1\/presidente-del-indecopi-expondra-sobre-los-avances-del-peru-como-sede-del-centro-regional-de-competencia-de-la-ocde\/#breadcrumb\"},\"inLanguage\":\"es\",\"potentialAction\":[{\"@type\":\"ReadAction\",\"target\":[\"https:\/\/aeronoticias.com.pe\/noticiero\/ultimas\/1\/presidente-del-indecopi-expondra-sobre-los-avances-del-peru-como-sede-del-centro-regional-de-competencia-de-la-ocde\/\"]}]},{\"@type\":\"ImageObject\",\"inLanguage\":\"es\",\"@id\":\"https:\/\/aeronoticias.com.pe\/noticiero\/ultimas\/1\/presidente-del-indecopi-expondra-sobre-los-avances-del-peru-como-sede-del-centro-regional-de-competencia-de-la-ocde\/#primaryimage\",\"url\":\"https:\/\/aeronoticias.com.pe\/noticiero\/wp-content\/uploads\/2022\/09\/jil.jpg\",\"contentUrl\":\"https:\/\/aeronoticias.com.pe\/noticiero\/wp-content\/uploads\/2022\/09\/jil.jpg\",\"width\":645,\"height\":363},{\"@type\":\"BreadcrumbList\",\"@id\":\"https:\/\/aeronoticias.com.pe\/noticiero\/ultimas\/1\/presidente-del-indecopi-expondra-sobre-los-avances-del-peru-como-sede-del-centro-regional-de-competencia-de-la-ocde\/#breadcrumb\",\"itemListElement\":[{\"@type\":\"ListItem\",\"position\":1,\"name\":\"Portada\",\"item\":\"https:\/\/aeronoticias.com.pe\/noticiero\/\"},{\"@type\":\"ListItem\",\"position\":2,\"name\":\"Presidente del Indecopi expondr\u00e1 sobre los avances del Per\u00fa como sede del Centro Regional de Competencia de la OCDE\"}]},{\"@type\":\"WebSite\",\"@id\":\"https:\/\/aeronoticias.com.pe\/noticiero\/#website\",\"url\":\"https:\/\/aeronoticias.com.pe\/noticiero\/\",\"name\":\"Aeronoticias.com.pe\",\"description\":\"Noticias de tranporte aereo, turismo, hoteles, gastronomia, actualidad, internacional\",\"potentialAction\":[{\"@type\":\"SearchAction\",\"target\":{\"@type\":\"EntryPoint\",\"urlTemplate\":\"https:\/\/aeronoticias.com.pe\/noticiero\/?s={search_term_string}\"},\"query-input\":{\"@type\":\"PropertyValueSpecification\",\"valueRequired\":true,\"valueName\":\"search_term_string\"}}],\"inLanguage\":\"es\"},{\"@type\":\"Person\",\"@id\":\"https:\/\/aeronoticias.com.pe\/noticiero\/#\/schema\/person\/16212a617c73f78916b13194154243bd\",\"name\":\"Redacci\u00f3n\",\"sameAs\":[\"http:\/\/Redacci\u00f3n\"],\"url\":\"https:\/\/aeronoticias.com.pe\/noticiero\/author\/celeste\/\"}]}<\/script>\n<!-- \/ Yoast SEO plugin. -->","yoast_head_json":{"title":"Presidente del Indecopi expondr\u00e1 sobre los avances del Per\u00fa como sede del Centro Regional de Competencia de la OCDE","description":"Participaci\u00f3n permitir\u00e1 intercambiar experiencias con otras autoridades regionales y fortalecer las relaciones con la OCDE, organismo que ha invitado al Per\u00fa iniciar el proceso de adhesi\u00f3n.","robots":{"index":"index","follow":"follow","max-snippet":"max-snippet:-1","max-image-preview":"max-image-preview:large","max-video-preview":"max-video-preview:-1"},"canonical":"https:\/\/aeronoticias.com.pe\/noticiero\/ultimas\/1\/presidente-del-indecopi-expondra-sobre-los-avances-del-peru-como-sede-del-centro-regional-de-competencia-de-la-ocde\/","og_locale":"es_ES","og_type":"article","og_title":"Presidente del Indecopi expondr\u00e1 sobre los avances del Per\u00fa como sede del Centro Regional de Competencia de la OCDE","og_description":"Participaci\u00f3n permitir\u00e1 intercambiar experiencias con otras autoridades regionales y fortalecer las relaciones con la OCDE, organismo que ha invitado al Per\u00fa iniciar el proceso de adhesi\u00f3n.","og_url":"https:\/\/aeronoticias.com.pe\/noticiero\/ultimas\/1\/presidente-del-indecopi-expondra-sobre-los-avances-del-peru-como-sede-del-centro-regional-de-competencia-de-la-ocde\/","og_site_name":"Aeronoticias.com.pe","article_publisher":"https:\/\/www.facebook.com\/Aeronoticias.com.pe\/","article_published_time":"2022-09-26T19:41:36+00:00","article_modified_time":"2022-09-26T19:41:38+00:00","og_image":[{"width":645,"height":363,"url":"https:\/\/aeronoticias.com.pe\/noticiero\/wp-content\/uploads\/2022\/09\/jil.jpg","type":"image\/jpeg"}],"author":"Redacci\u00f3n","twitter_card":"summary_large_image","twitter_creator":"@aeronoticias","twitter_site":"@aeronoticias","twitter_misc":{"Escrito por":"Redacci\u00f3n","Tiempo de lectura":"2 minutos"},"schema":{"@context":"https:\/\/schema.org","@graph":[{"@type":"WebPage","@id":"https:\/\/aeronoticias.com.pe\/noticiero\/ultimas\/1\/presidente-del-indecopi-expondra-sobre-los-avances-del-peru-como-sede-del-centro-regional-de-competencia-de-la-ocde\/","url":"https:\/\/aeronoticias.com.pe\/noticiero\/ultimas\/1\/presidente-del-indecopi-expondra-sobre-los-avances-del-peru-como-sede-del-centro-regional-de-competencia-de-la-ocde\/","name":"Presidente del Indecopi expondr\u00e1 sobre los avances del Per\u00fa como sede del Centro Regional de Competencia de la OCDE","isPartOf":{"@id":"https:\/\/aeronoticias.com.pe\/noticiero\/#website"},"primaryImageOfPage":{"@id":"https:\/\/aeronoticias.com.pe\/noticiero\/ultimas\/1\/presidente-del-indecopi-expondra-sobre-los-avances-del-peru-como-sede-del-centro-regional-de-competencia-de-la-ocde\/#primaryimage"},"image":{"@id":"https:\/\/aeronoticias.com.pe\/noticiero\/ultimas\/1\/presidente-del-indecopi-expondra-sobre-los-avances-del-peru-como-sede-del-centro-regional-de-competencia-de-la-ocde\/#primaryimage"},"thumbnailUrl":"https:\/\/aeronoticias.com.pe\/noticiero\/wp-content\/uploads\/2022\/09\/jil.jpg","datePublished":"2022-09-26T19:41:36+00:00","dateModified":"2022-09-26T19:41:38+00:00","author":{"@id":"https:\/\/aeronoticias.com.pe\/noticiero\/#\/schema\/person\/16212a617c73f78916b13194154243bd"},"description":"Participaci\u00f3n permitir\u00e1 intercambiar experiencias con otras autoridades regionales y fortalecer las relaciones con la OCDE, organismo que ha invitado al Per\u00fa iniciar el proceso de adhesi\u00f3n.","breadcrumb":{"@id":"https:\/\/aeronoticias.com.pe\/noticiero\/ultimas\/1\/presidente-del-indecopi-expondra-sobre-los-avances-del-peru-como-sede-del-centro-regional-de-competencia-de-la-ocde\/#breadcrumb"},"inLanguage":"es","potentialAction":[{"@type":"ReadAction","target":["https:\/\/aeronoticias.com.pe\/noticiero\/ultimas\/1\/presidente-del-indecopi-expondra-sobre-los-avances-del-peru-como-sede-del-centro-regional-de-competencia-de-la-ocde\/"]}]},{"@type":"ImageObject","inLanguage":"es","@id":"https:\/\/aeronoticias.com.pe\/noticiero\/ultimas\/1\/presidente-del-indecopi-expondra-sobre-los-avances-del-peru-como-sede-del-centro-regional-de-competencia-de-la-ocde\/#primaryimage","url":"https:\/\/aeronoticias.com.pe\/noticiero\/wp-content\/uploads\/2022\/09\/jil.jpg","contentUrl":"https:\/\/aeronoticias.com.pe\/noticiero\/wp-content\/uploads\/2022\/09\/jil.jpg","width":645,"height":363},{"@type":"BreadcrumbList","@id":"https:\/\/aeronoticias.com.pe\/noticiero\/ultimas\/1\/presidente-del-indecopi-expondra-sobre-los-avances-del-peru-como-sede-del-centro-regional-de-competencia-de-la-ocde\/#breadcrumb","itemListElement":[{"@type":"ListItem","position":1,"name":"Portada","item":"https:\/\/aeronoticias.com.pe\/noticiero\/"},{"@type":"ListItem","position":2,"name":"Presidente del Indecopi expondr\u00e1 sobre los avances del Per\u00fa como sede del Centro Regional de Competencia de la OCDE"}]},{"@type":"WebSite","@id":"https:\/\/aeronoticias.com.pe\/noticiero\/#website","url":"https:\/\/aeronoticias.com.pe\/noticiero\/","name":"Aeronoticias.com.pe","description":"Noticias de tranporte aereo, turismo, hoteles, gastronomia, actualidad, internacional","potentialAction":[{"@type":"SearchAction","target":{"@type":"EntryPoint","urlTemplate":"https:\/\/aeronoticias.com.pe\/noticiero\/?s={search_term_string}"},"query-input":{"@type":"PropertyValueSpecification","valueRequired":true,"valueName":"search_term_string"}}],"inLanguage":"es"},{"@type":"Person","@id":"https:\/\/aeronoticias.com.pe\/noticiero\/#\/schema\/person\/16212a617c73f78916b13194154243bd","name":"Redacci\u00f3n","sameAs":["http:\/\/Redacci\u00f3n"],"url":"https:\/\/aeronoticias.com.pe\/noticiero\/author\/celeste\/"}]}},"_links":{"self":[{"href":"https:\/\/aeronoticias.com.pe\/noticiero\/wp-json\/wp\/v2\/posts\/80859","targetHints":{"allow":["GET"]}}],"collection":[{"href":"https:\/\/aeronoticias.com.pe\/noticiero\/wp-json\/wp\/v2\/posts"}],"about":[{"href":"https:\/\/aeronoticias.com.pe\/noticiero\/wp-json\/wp\/v2\/types\/post"}],"author":[{"embeddable":true,"href":"https:\/\/aeronoticias.com.pe\/noticiero\/wp-json\/wp\/v2\/users\/3"}],"replies":[{"embeddable":true,"href":"https:\/\/aeronoticias.com.pe\/noticiero\/wp-json\/wp\/v2\/comments?post=80859"}],"version-history":[{"count":0,"href":"https:\/\/aeronoticias.com.pe\/noticiero\/wp-json\/wp\/v2\/posts\/80859\/revisions"}],"wp:featuredmedia":[{"embeddable":true,"href":"https:\/\/aeronoticias.com.pe\/noticiero\/wp-json\/wp\/v2\/media\/80860"}],"wp:attachment":[{"href":"https:\/\/aeronoticias.com.pe\/noticiero\/wp-json\/wp\/v2\/media?parent=80859"}],"wp:term":[{"taxonomy":"category","embeddable":true,"href":"https:\/\/aeronoticias.com.pe\/noticiero\/wp-json\/wp\/v2\/categories?post=80859"},{"taxonomy":"post_tag","embeddable":true,"href":"https:\/\/aeronoticias.com.pe\/noticiero\/wp-json\/wp\/v2\/tags?post=80859"}],"curies":[{"name":"wp","href":"https:\/\/api.w.org\/{rel}","templated":true}]}}