{"id":80969,"date":"2022-10-06T11:56:53","date_gmt":"2022-10-06T16:56:53","guid":{"rendered":"https:\/\/aeronoticias.com.pe\/noticiero\/?p=80969"},"modified":"2022-10-06T11:56:59","modified_gmt":"2022-10-06T16:56:59","slug":"director-general-de-la-ompi-elogio-casos-de-exito-de-peruanos-innovadores-emprendedores-y-creativos-promovidos-por-indecopi","status":"publish","type":"post","link":"https:\/\/aeronoticias.com.pe\/noticiero\/ultimas\/1\/director-general-de-la-ompi-elogio-casos-de-exito-de-peruanos-innovadores-emprendedores-y-creativos-promovidos-por-indecopi\/","title":{"rendered":"Director General de la OMPI elogi\u00f3 casos de \u00e9xito de peruanos innovadores, emprendedores y creativos promovidos por Indecopi"},"content":{"rendered":"\n<p><strong>(Aeronoticias)<\/strong>: <strong>Daren Tang, Director General de la OMPI, conoci\u00f3 los casos de los ni\u00f1os autores awaj\u00fan, as\u00ed como de inventoras, emprendedoras y autores destacados.<\/strong><\/p>\n\n\n\n<p>Durante su visita al Per\u00fa, el Director General de la Organizaci\u00f3n Mundial de la Propiedad Intelectual (OMPI), Daren Tang, se reuni\u00f3 con el presidente ejecutivo del Indecopi, Juli\u00e1n Palac\u00edn Guti\u00e9rrez, y conoci\u00f3 y elogi\u00f3 los casos de \u00e9xito de peruanas y peruanos innovadores, emprendedores y creativos que usan las herramientas de la propiedad intelectual para salir adelante.<\/p>\n\n\n\n<div class=\"wp-block-image\"><figure class=\"aligncenter\"><img decoding=\"async\" src=\"https:\/\/cdn.www.gob.pe\/uploads\/document\/file\/3728914\/standard_52406802116_174fa662f8_z.jpg.jpg\" alt=\"\"\/><\/figure><\/div>\n\n\n\n<p>Tang, quien se encuentra en Lima encabezando el segundo y \u00faltimo d\u00eda de la reuni\u00f3n regional de directores y directoras de las oficinas de propiedad industrial de Am\u00e9rica Latina, calific\u00f3 los casos de \u00e9xito peruanos como \u201cinspiradores\u201d y salud\u00f3 el trabajo que viene realizando el Indecopi en ese \u00e1mbito.<\/p>\n\n\n\n<p>\u201cCuando lanzamos programas en la OMPI siempre le digo a mi equipo que tenemos que trabajar para cambiar vidas y estoy feliz de haber visto todo el trabajo que hacemos con Indecopi, con el gobierno peruano, y este trabajo que hacen realmente nos inspira\u201d, dijo el Director General de la OMPI.<\/p>\n\n\n\n<div class=\"wp-block-image\"><figure class=\"aligncenter\"><img decoding=\"async\" src=\"https:\/\/cdn.www.gob.pe\/uploads\/document\/file\/3728915\/standard_52407305481_7f38c14724_z.jpg.jpg\" alt=\"\"\/><\/figure><\/div>\n\n\n\n<p>A\u00f1adi\u00f3 que uno de los desaf\u00edos que tienen es acercar la propiedad intelectual a la poblaci\u00f3n, pues, en general, es un tema dif\u00edcil de abordar por ser bastante t\u00e9cnico, \u201cpero es bonito ver que en el Per\u00fa la propiedad intelectual est\u00e1 muy cerca de la gente, ya sea con los autores, con las empresarias y con los innovadores\u201d.<\/p>\n\n\n\n<p>El presidente ejecutivo del Indecopi, Juli\u00e1n Palac\u00edn Guti\u00e9rrez, dio a conocer a Daren Tang la labor realizada por la instituci\u00f3n en temas de propiedad intelectual, a trav\u00e9s de exposiciones y encuentros con destacados exponentes peruanos de la creatividad, emprendimiento e inventiva.\u00a0<\/p>\n\n\n\n<div class=\"wp-block-image\"><figure class=\"aligncenter\"><img decoding=\"async\" src=\"https:\/\/cdn.www.gob.pe\/uploads\/document\/file\/3728916\/standard_52407597934_bceff33e55_z.jpg.jpg\" alt=\"\"\/><\/figure><\/div>\n\n\n\n<p>\u201cHoy d\u00eda hemos podido ver c\u00f3mo la propiedad intelectual aporta a toda la comunidad, a los j\u00f3venes, a las poblaciones vulnerables, a las mujeres y, en ese sentido, tanto la OMPI como el Indecopi tenemos el compromiso de utilizar las herramientas que tiene la propiedad intelectual para transformar vidas, para transformar la econom\u00eda de los hogares y para hacer que esos peque\u00f1os emprendimientos generen trabajo\u201d, manifest\u00f3 Palac\u00edn Guti\u00e9rrez.<\/p>\n\n\n\n<p>Como parte del encuentro, la m\u00e1xima autoridad de la OMPI pudo conocer e interactuar virtualmente con ni\u00f1os awaj\u00fan de la comunidad nativa de Urakusa, regi\u00f3n Amazonas, autores de la obra colectiva \u201cUchi Augmatui\u201d, compuesta por 23 cuentos escritos en su lengua originaria que relatan su cultura, su medio y su visi\u00f3n de la vida.<\/p>\n\n\n\n<div class=\"wp-block-image\"><figure class=\"aligncenter\"><img decoding=\"async\" src=\"https:\/\/cdn.www.gob.pe\/uploads\/document\/file\/3728917\/standard_52407819008_848b3238d0_z.jpg.jpg\" alt=\"\"\/><\/figure><\/div>\n\n\n\n<p>El registro y protecci\u00f3n de esta obra colectiva fue posible gracias al programa \u201cAncestros\u201d, que promueve el uso y aprovechamiento de las herramientas de la propiedad intelectual por parte de las comunidades ind\u00edgenas, y que es impulsado por la Oficina Regional del Indecopi en Amazonas.<\/p>\n\n\n\n<p>Tambi\u00e9n se present\u00f3 el caso de \u00e9xito de la destacada inventora peruana Ruth Manzanares, ganadora de medallas en la Feria de Inventos de Mujeres de Corea Kiwie 2022 y la historia de la emprendedora de la marca \u201cCora\u201d, Tatiana La Madrid.<\/p>\n\n\n\n<p>Ambas autoridades tambi\u00e9n realizaron un recorrido por la muestra fotogr\u00e1fica \u201cPer\u00fa: creatividad, innovaci\u00f3n y emprendimiento\u201d, en compa\u00f1\u00eda de Sergio Chuez, director de Signos Distintivos; Manuel Castro, director de Invenciones y Nuevas Tecnolog\u00edas, y Fausto Vienrich, director de Derecho de Autor del Indecopi.<\/p>\n\n\n\n<p>Asimismo, recorrieron la exhibici\u00f3n de emprendimientos de propiedad intelectual preparada por el Indecopi, donde pudieron conocer el trabajo del ilustrador Mart\u00edn Espinoza, creador de la superhero\u00edna peruana \u201cLa Chola Power\u201d, y de Santiago Mena, escritor reconocido como joven embajador de la OMPI. Cabe destacar que el ilustrador le obsequi\u00f3 a Tang un c\u00f3mic en su honor, personific\u00e1ndolo como un superh\u00e9roe.<\/p>\n\n\n\n<p>En la mesa de innovaci\u00f3n, Daren Tang dialog\u00f3 con la inventora Silvia Ponce, quien gan\u00f3 tres categor\u00edas del XX Concurso Nacional de Invenciones 2021 organizado por Indecopi, mientras que en la mesa de emprendimiento, Cinthia Rodr\u00edguez, due\u00f1a de la marca social Empanacombi, comparti\u00f3 su experiencia como titular de la marca y su impacto en la sociedad.<\/p>\n\n\n\n<p><strong>Fuente: Indecopi<\/strong><\/p>\n","protected":false},"excerpt":{"rendered":"<p>(Aeronoticias): Daren Tang, Director General de la OMPI, conoci\u00f3 los casos de los ni\u00f1os autores awaj\u00fan, as\u00ed como de inventoras, emprendedoras y autores destacados. Durante su visita al Per\u00fa, el Director General de la Organizaci\u00f3n Mundial de la Propiedad Intelectual (OMPI), Daren Tang, se reuni\u00f3 con el presidente ejecutivo del Indecopi, Juli\u00e1n Palac\u00edn Guti\u00e9rrez, y [&hellip;]<\/p>\n","protected":false},"author":3,"featured_media":80970,"comment_status":"open","ping_status":"open","sticky":false,"template":"","format":"standard","meta":{"tdm_status":"","tdm_grid_status":"","footnotes":""},"categories":[8,30],"tags":[2354,1367,1634,1586],"class_list":{"0":"post-80969","1":"post","2":"type-post","3":"status-publish","4":"format-standard","5":"has-post-thumbnail","7":"category-ultimas","8":"category-30","9":"tag-daren-tang","10":"tag-indecopi","11":"tag-julian-palacin-gutierrez","12":"tag-ompi"},"yoast_head":"<!-- This site is optimized with the Yoast SEO plugin v25.1 - https:\/\/yoast.com\/wordpress\/plugins\/seo\/ -->\n<title>Director General de la OMPI elogi\u00f3 casos de \u00e9xito de peruanos innovadores, emprendedores y creativos promovidos por Indecopi<\/title>\n<meta name=\"description\" content=\"Presidente del Indecopi, Juli\u00e1n Palac\u00edn, expuso el trabajo realizado por la instituci\u00f3n ante la m\u00e1xima autoridad del Organismo Mundial de Propiedad Intelectual (OMPI)..\" \/>\n<meta name=\"robots\" content=\"index, follow, max-snippet:-1, max-image-preview:large, max-video-preview:-1\" \/>\n<link rel=\"canonical\" href=\"https:\/\/aeronoticias.com.pe\/noticiero\/ultimas\/1\/director-general-de-la-ompi-elogio-casos-de-exito-de-peruanos-innovadores-emprendedores-y-creativos-promovidos-por-indecopi\/\" \/>\n<meta property=\"og:locale\" content=\"es_ES\" \/>\n<meta property=\"og:type\" content=\"article\" \/>\n<meta property=\"og:title\" content=\"Director General de la OMPI elogi\u00f3 casos de \u00e9xito de peruanos innovadores, emprendedores y creativos promovidos por Indecopi\" \/>\n<meta property=\"og:description\" content=\"Presidente del Indecopi, Juli\u00e1n Palac\u00edn, expuso el trabajo realizado por la instituci\u00f3n ante la m\u00e1xima autoridad del Organismo Mundial de Propiedad Intelectual (OMPI)..\" \/>\n<meta property=\"og:url\" content=\"https:\/\/aeronoticias.com.pe\/noticiero\/ultimas\/1\/director-general-de-la-ompi-elogio-casos-de-exito-de-peruanos-innovadores-emprendedores-y-creativos-promovidos-por-indecopi\/\" \/>\n<meta property=\"og:site_name\" content=\"Aeronoticias.com.pe\" \/>\n<meta property=\"article:publisher\" content=\"https:\/\/www.facebook.com\/Aeronoticias.com.pe\/\" \/>\n<meta property=\"article:published_time\" content=\"2022-10-06T16:56:53+00:00\" \/>\n<meta property=\"article:modified_time\" content=\"2022-10-06T16:56:59+00:00\" \/>\n<meta property=\"og:image\" content=\"https:\/\/aeronoticias.com.pe\/noticiero\/wp-content\/uploads\/2022\/10\/tared.jpg\" \/>\n\t<meta property=\"og:image:width\" content=\"645\" \/>\n\t<meta property=\"og:image:height\" content=\"363\" \/>\n\t<meta property=\"og:image:type\" content=\"image\/jpeg\" \/>\n<meta name=\"author\" content=\"Redacci\u00f3n\" \/>\n<meta name=\"twitter:card\" content=\"summary_large_image\" \/>\n<meta name=\"twitter:creator\" content=\"@aeronoticias\" \/>\n<meta name=\"twitter:site\" content=\"@aeronoticias\" \/>\n<meta name=\"twitter:label1\" content=\"Escrito por\" \/>\n\t<meta name=\"twitter:data1\" content=\"Redacci\u00f3n\" \/>\n\t<meta name=\"twitter:label2\" content=\"Tiempo de lectura\" \/>\n\t<meta name=\"twitter:data2\" content=\"3 minutos\" \/>\n<script type=\"application\/ld+json\" class=\"yoast-schema-graph\">{\"@context\":\"https:\/\/schema.org\",\"@graph\":[{\"@type\":\"WebPage\",\"@id\":\"https:\/\/aeronoticias.com.pe\/noticiero\/ultimas\/1\/director-general-de-la-ompi-elogio-casos-de-exito-de-peruanos-innovadores-emprendedores-y-creativos-promovidos-por-indecopi\/\",\"url\":\"https:\/\/aeronoticias.com.pe\/noticiero\/ultimas\/1\/director-general-de-la-ompi-elogio-casos-de-exito-de-peruanos-innovadores-emprendedores-y-creativos-promovidos-por-indecopi\/\",\"name\":\"Director General de la OMPI elogi\u00f3 casos de \u00e9xito de peruanos innovadores, emprendedores y creativos promovidos por Indecopi\",\"isPartOf\":{\"@id\":\"https:\/\/aeronoticias.com.pe\/noticiero\/#website\"},\"primaryImageOfPage\":{\"@id\":\"https:\/\/aeronoticias.com.pe\/noticiero\/ultimas\/1\/director-general-de-la-ompi-elogio-casos-de-exito-de-peruanos-innovadores-emprendedores-y-creativos-promovidos-por-indecopi\/#primaryimage\"},\"image\":{\"@id\":\"https:\/\/aeronoticias.com.pe\/noticiero\/ultimas\/1\/director-general-de-la-ompi-elogio-casos-de-exito-de-peruanos-innovadores-emprendedores-y-creativos-promovidos-por-indecopi\/#primaryimage\"},\"thumbnailUrl\":\"https:\/\/aeronoticias.com.pe\/noticiero\/wp-content\/uploads\/2022\/10\/tared.jpg\",\"datePublished\":\"2022-10-06T16:56:53+00:00\",\"dateModified\":\"2022-10-06T16:56:59+00:00\",\"author\":{\"@id\":\"https:\/\/aeronoticias.com.pe\/noticiero\/#\/schema\/person\/16212a617c73f78916b13194154243bd\"},\"description\":\"Presidente del Indecopi, Juli\u00e1n Palac\u00edn, expuso el trabajo realizado por la instituci\u00f3n ante la m\u00e1xima autoridad del Organismo Mundial de Propiedad Intelectual (OMPI)..\",\"breadcrumb\":{\"@id\":\"https:\/\/aeronoticias.com.pe\/noticiero\/ultimas\/1\/director-general-de-la-ompi-elogio-casos-de-exito-de-peruanos-innovadores-emprendedores-y-creativos-promovidos-por-indecopi\/#breadcrumb\"},\"inLanguage\":\"es\",\"potentialAction\":[{\"@type\":\"ReadAction\",\"target\":[\"https:\/\/aeronoticias.com.pe\/noticiero\/ultimas\/1\/director-general-de-la-ompi-elogio-casos-de-exito-de-peruanos-innovadores-emprendedores-y-creativos-promovidos-por-indecopi\/\"]}]},{\"@type\":\"ImageObject\",\"inLanguage\":\"es\",\"@id\":\"https:\/\/aeronoticias.com.pe\/noticiero\/ultimas\/1\/director-general-de-la-ompi-elogio-casos-de-exito-de-peruanos-innovadores-emprendedores-y-creativos-promovidos-por-indecopi\/#primaryimage\",\"url\":\"https:\/\/aeronoticias.com.pe\/noticiero\/wp-content\/uploads\/2022\/10\/tared.jpg\",\"contentUrl\":\"https:\/\/aeronoticias.com.pe\/noticiero\/wp-content\/uploads\/2022\/10\/tared.jpg\",\"width\":645,\"height\":363},{\"@type\":\"BreadcrumbList\",\"@id\":\"https:\/\/aeronoticias.com.pe\/noticiero\/ultimas\/1\/director-general-de-la-ompi-elogio-casos-de-exito-de-peruanos-innovadores-emprendedores-y-creativos-promovidos-por-indecopi\/#breadcrumb\",\"itemListElement\":[{\"@type\":\"ListItem\",\"position\":1,\"name\":\"Portada\",\"item\":\"https:\/\/aeronoticias.com.pe\/noticiero\/\"},{\"@type\":\"ListItem\",\"position\":2,\"name\":\"Director General de la OMPI elogi\u00f3 casos de \u00e9xito de peruanos innovadores, emprendedores y creativos promovidos por Indecopi\"}]},{\"@type\":\"WebSite\",\"@id\":\"https:\/\/aeronoticias.com.pe\/noticiero\/#website\",\"url\":\"https:\/\/aeronoticias.com.pe\/noticiero\/\",\"name\":\"Aeronoticias.com.pe\",\"description\":\"Noticias de tranporte aereo, turismo, hoteles, gastronomia, actualidad, internacional\",\"potentialAction\":[{\"@type\":\"SearchAction\",\"target\":{\"@type\":\"EntryPoint\",\"urlTemplate\":\"https:\/\/aeronoticias.com.pe\/noticiero\/?s={search_term_string}\"},\"query-input\":{\"@type\":\"PropertyValueSpecification\",\"valueRequired\":true,\"valueName\":\"search_term_string\"}}],\"inLanguage\":\"es\"},{\"@type\":\"Person\",\"@id\":\"https:\/\/aeronoticias.com.pe\/noticiero\/#\/schema\/person\/16212a617c73f78916b13194154243bd\",\"name\":\"Redacci\u00f3n\",\"sameAs\":[\"http:\/\/Redacci\u00f3n\"],\"url\":\"https:\/\/aeronoticias.com.pe\/noticiero\/author\/celeste\/\"}]}<\/script>\n<!-- \/ Yoast SEO plugin. -->","yoast_head_json":{"title":"Director General de la OMPI elogi\u00f3 casos de \u00e9xito de peruanos innovadores, emprendedores y creativos promovidos por Indecopi","description":"Presidente del Indecopi, Juli\u00e1n Palac\u00edn, expuso el trabajo realizado por la instituci\u00f3n ante la m\u00e1xima autoridad del Organismo Mundial de Propiedad Intelectual (OMPI)..","robots":{"index":"index","follow":"follow","max-snippet":"max-snippet:-1","max-image-preview":"max-image-preview:large","max-video-preview":"max-video-preview:-1"},"canonical":"https:\/\/aeronoticias.com.pe\/noticiero\/ultimas\/1\/director-general-de-la-ompi-elogio-casos-de-exito-de-peruanos-innovadores-emprendedores-y-creativos-promovidos-por-indecopi\/","og_locale":"es_ES","og_type":"article","og_title":"Director General de la OMPI elogi\u00f3 casos de \u00e9xito de peruanos innovadores, emprendedores y creativos promovidos por Indecopi","og_description":"Presidente del Indecopi, Juli\u00e1n Palac\u00edn, expuso el trabajo realizado por la instituci\u00f3n ante la m\u00e1xima autoridad del Organismo Mundial de Propiedad Intelectual (OMPI)..","og_url":"https:\/\/aeronoticias.com.pe\/noticiero\/ultimas\/1\/director-general-de-la-ompi-elogio-casos-de-exito-de-peruanos-innovadores-emprendedores-y-creativos-promovidos-por-indecopi\/","og_site_name":"Aeronoticias.com.pe","article_publisher":"https:\/\/www.facebook.com\/Aeronoticias.com.pe\/","article_published_time":"2022-10-06T16:56:53+00:00","article_modified_time":"2022-10-06T16:56:59+00:00","og_image":[{"width":645,"height":363,"url":"https:\/\/aeronoticias.com.pe\/noticiero\/wp-content\/uploads\/2022\/10\/tared.jpg","type":"image\/jpeg"}],"author":"Redacci\u00f3n","twitter_card":"summary_large_image","twitter_creator":"@aeronoticias","twitter_site":"@aeronoticias","twitter_misc":{"Escrito por":"Redacci\u00f3n","Tiempo de lectura":"3 minutos"},"schema":{"@context":"https:\/\/schema.org","@graph":[{"@type":"WebPage","@id":"https:\/\/aeronoticias.com.pe\/noticiero\/ultimas\/1\/director-general-de-la-ompi-elogio-casos-de-exito-de-peruanos-innovadores-emprendedores-y-creativos-promovidos-por-indecopi\/","url":"https:\/\/aeronoticias.com.pe\/noticiero\/ultimas\/1\/director-general-de-la-ompi-elogio-casos-de-exito-de-peruanos-innovadores-emprendedores-y-creativos-promovidos-por-indecopi\/","name":"Director General de la OMPI elogi\u00f3 casos de \u00e9xito de peruanos innovadores, emprendedores y creativos promovidos por Indecopi","isPartOf":{"@id":"https:\/\/aeronoticias.com.pe\/noticiero\/#website"},"primaryImageOfPage":{"@id":"https:\/\/aeronoticias.com.pe\/noticiero\/ultimas\/1\/director-general-de-la-ompi-elogio-casos-de-exito-de-peruanos-innovadores-emprendedores-y-creativos-promovidos-por-indecopi\/#primaryimage"},"image":{"@id":"https:\/\/aeronoticias.com.pe\/noticiero\/ultimas\/1\/director-general-de-la-ompi-elogio-casos-de-exito-de-peruanos-innovadores-emprendedores-y-creativos-promovidos-por-indecopi\/#primaryimage"},"thumbnailUrl":"https:\/\/aeronoticias.com.pe\/noticiero\/wp-content\/uploads\/2022\/10\/tared.jpg","datePublished":"2022-10-06T16:56:53+00:00","dateModified":"2022-10-06T16:56:59+00:00","author":{"@id":"https:\/\/aeronoticias.com.pe\/noticiero\/#\/schema\/person\/16212a617c73f78916b13194154243bd"},"description":"Presidente del Indecopi, Juli\u00e1n Palac\u00edn, expuso el trabajo realizado por la instituci\u00f3n ante la m\u00e1xima autoridad del Organismo Mundial de Propiedad Intelectual (OMPI)..","breadcrumb":{"@id":"https:\/\/aeronoticias.com.pe\/noticiero\/ultimas\/1\/director-general-de-la-ompi-elogio-casos-de-exito-de-peruanos-innovadores-emprendedores-y-creativos-promovidos-por-indecopi\/#breadcrumb"},"inLanguage":"es","potentialAction":[{"@type":"ReadAction","target":["https:\/\/aeronoticias.com.pe\/noticiero\/ultimas\/1\/director-general-de-la-ompi-elogio-casos-de-exito-de-peruanos-innovadores-emprendedores-y-creativos-promovidos-por-indecopi\/"]}]},{"@type":"ImageObject","inLanguage":"es","@id":"https:\/\/aeronoticias.com.pe\/noticiero\/ultimas\/1\/director-general-de-la-ompi-elogio-casos-de-exito-de-peruanos-innovadores-emprendedores-y-creativos-promovidos-por-indecopi\/#primaryimage","url":"https:\/\/aeronoticias.com.pe\/noticiero\/wp-content\/uploads\/2022\/10\/tared.jpg","contentUrl":"https:\/\/aeronoticias.com.pe\/noticiero\/wp-content\/uploads\/2022\/10\/tared.jpg","width":645,"height":363},{"@type":"BreadcrumbList","@id":"https:\/\/aeronoticias.com.pe\/noticiero\/ultimas\/1\/director-general-de-la-ompi-elogio-casos-de-exito-de-peruanos-innovadores-emprendedores-y-creativos-promovidos-por-indecopi\/#breadcrumb","itemListElement":[{"@type":"ListItem","position":1,"name":"Portada","item":"https:\/\/aeronoticias.com.pe\/noticiero\/"},{"@type":"ListItem","position":2,"name":"Director General de la OMPI elogi\u00f3 casos de \u00e9xito de peruanos innovadores, emprendedores y creativos promovidos por Indecopi"}]},{"@type":"WebSite","@id":"https:\/\/aeronoticias.com.pe\/noticiero\/#website","url":"https:\/\/aeronoticias.com.pe\/noticiero\/","name":"Aeronoticias.com.pe","description":"Noticias de tranporte aereo, turismo, hoteles, gastronomia, actualidad, internacional","potentialAction":[{"@type":"SearchAction","target":{"@type":"EntryPoint","urlTemplate":"https:\/\/aeronoticias.com.pe\/noticiero\/?s={search_term_string}"},"query-input":{"@type":"PropertyValueSpecification","valueRequired":true,"valueName":"search_term_string"}}],"inLanguage":"es"},{"@type":"Person","@id":"https:\/\/aeronoticias.com.pe\/noticiero\/#\/schema\/person\/16212a617c73f78916b13194154243bd","name":"Redacci\u00f3n","sameAs":["http:\/\/Redacci\u00f3n"],"url":"https:\/\/aeronoticias.com.pe\/noticiero\/author\/celeste\/"}]}},"_links":{"self":[{"href":"https:\/\/aeronoticias.com.pe\/noticiero\/wp-json\/wp\/v2\/posts\/80969","targetHints":{"allow":["GET"]}}],"collection":[{"href":"https:\/\/aeronoticias.com.pe\/noticiero\/wp-json\/wp\/v2\/posts"}],"about":[{"href":"https:\/\/aeronoticias.com.pe\/noticiero\/wp-json\/wp\/v2\/types\/post"}],"author":[{"embeddable":true,"href":"https:\/\/aeronoticias.com.pe\/noticiero\/wp-json\/wp\/v2\/users\/3"}],"replies":[{"embeddable":true,"href":"https:\/\/aeronoticias.com.pe\/noticiero\/wp-json\/wp\/v2\/comments?post=80969"}],"version-history":[{"count":0,"href":"https:\/\/aeronoticias.com.pe\/noticiero\/wp-json\/wp\/v2\/posts\/80969\/revisions"}],"wp:featuredmedia":[{"embeddable":true,"href":"https:\/\/aeronoticias.com.pe\/noticiero\/wp-json\/wp\/v2\/media\/80970"}],"wp:attachment":[{"href":"https:\/\/aeronoticias.com.pe\/noticiero\/wp-json\/wp\/v2\/media?parent=80969"}],"wp:term":[{"taxonomy":"category","embeddable":true,"href":"https:\/\/aeronoticias.com.pe\/noticiero\/wp-json\/wp\/v2\/categories?post=80969"},{"taxonomy":"post_tag","embeddable":true,"href":"https:\/\/aeronoticias.com.pe\/noticiero\/wp-json\/wp\/v2\/tags?post=80969"}],"curies":[{"name":"wp","href":"https:\/\/api.w.org\/{rel}","templated":true}]}}