{"id":80975,"date":"2022-10-06T14:24:03","date_gmt":"2022-10-06T19:24:03","guid":{"rendered":"https:\/\/aeronoticias.com.pe\/noticiero\/?p=80975"},"modified":"2022-10-06T14:24:08","modified_gmt":"2022-10-06T19:24:08","slug":"comenzo-la-construccion-del-terminal-de-pasajeros-del-aeropuerto-internacional-de-chinchero","status":"publish","type":"post","link":"https:\/\/aeronoticias.com.pe\/noticiero\/ultimas\/1\/comenzo-la-construccion-del-terminal-de-pasajeros-del-aeropuerto-internacional-de-chinchero\/","title":{"rendered":"Comenz\u00f3 la construcci\u00f3n del terminal de pasajeros del Aeropuerto Internacional de Chinchero"},"content":{"rendered":"\n<p><strong>(Aeronoticias)<\/strong>: Hoy, el ministro de Transportes y Comunicaciones, Richard Tineo, una comitiva de la Comisi\u00f3n de Transportes y Comunicaciones del Congreso, as\u00ed como el ministro de Vivienda, Construcci\u00f3n y Saneamiento, C\u00e9sar Paniagua, supervisaron los trabajos y pudieron constatar que el movimiento de tierras tiene un avance de 85%.<\/p>\n\n\n\n<p>Adem\u00e1s, se desarrolla la fase de dise\u00f1o de los ocho paquetes que comprende la obra principal, en paralelo a la construcci\u00f3n de obras. Es decir, el \u00e1rea de maniobra, plataformas de estacionamiento, \u00e1reas de aparcamiento y viales de acceso, sistema el\u00e9ctrico, torre de control y otros edificios.<\/p>\n\n\n\n<p>El titular del MTC manifest\u00f3 que esta infraestructura aeroportuaria \u201ctendr\u00e1 capacidad para recibir m\u00e1s de 5 millones de pasajeros por a\u00f1o y ello permitir\u00e1 el incremento sostenible del turismo interno y externo, mejorando el desarrollo socioecon\u00f3mico local y regional\u201d.<\/p>\n\n\n\n<p>Asimismo, se\u00f1al\u00f3 que cuando el terminal est\u00e9 operativo generar\u00e1 un gran impacto econ\u00f3mico al Cusco y a todo el Per\u00fa. \u201cCrear\u00e1 m\u00e1s de 5000 empleos directos y beneficiar\u00e1 a m\u00e1s de un mill\u00f3n de personas dedicadas al turismo, transporte, alimentaci\u00f3n y hoteler\u00eda\u201d.<\/p>\n\n\n\n<p>La construcci\u00f3n del Aeropuerto Internacional de Chinchero tiene como finalidad mejorar la capacidad en la infraestructura aeroportuaria y desarrollar el transporte a\u00e9reo en la regi\u00f3n. El proyecto demandar\u00e1 una inversi\u00f3n de 427 millones de soles.<\/p>\n\n\n\n<p>Este moderno terminal contar\u00e1 con vest\u00edbulos de salida y llegada, procesos de control de seguridad de salidas, migraciones, controles de pasaporte de llegadas y salidas para los vuelos internacionales.<\/p>\n\n\n\n<p><strong>A\u00f1o 2025<\/strong><\/p>\n\n\n\n<p>Para el Ministerio de Transportes y Comunicaciones (MTC), la ejecuci\u00f3n del Aeropuerto Internacional de Chinchero es una prioridad. De acuerdo con el proyecto, entrar\u00e1 en operaci\u00f3n en el 2025.<br>Fuente: El Peruano<\/p>\n\n\n\n<p><strong>Fuente: Noticiascostosperu.com<\/strong><\/p>\n\n\n\n<p><\/p>\n","protected":false},"excerpt":{"rendered":"<p>(Aeronoticias): Hoy, el ministro de Transportes y Comunicaciones, Richard Tineo, una comitiva de la Comisi\u00f3n de Transportes y Comunicaciones del Congreso, as\u00ed como el ministro de Vivienda, Construcci\u00f3n y Saneamiento, C\u00e9sar Paniagua, supervisaron los trabajos y pudieron constatar que el movimiento de tierras tiene un avance de 85%. Adem\u00e1s, se desarrolla la fase de dise\u00f1o [&hellip;]<\/p>\n","protected":false},"author":3,"featured_media":80976,"comment_status":"open","ping_status":"open","sticky":false,"template":"","format":"standard","meta":{"tdm_status":"","tdm_grid_status":"","footnotes":""},"categories":[30,8],"tags":[946,184],"class_list":{"0":"post-80975","1":"post","2":"type-post","3":"status-publish","4":"format-standard","5":"has-post-thumbnail","7":"category-30","8":"category-ultimas","9":"tag-aeropuerto-internacional-de-chinchero","10":"tag-mtc"},"yoast_head":"<!-- This site is optimized with the Yoast SEO plugin v25.1 - https:\/\/yoast.com\/wordpress\/plugins\/seo\/ -->\n<title>Comenz\u00f3 la construcci\u00f3n del terminal de pasajeros del Aeropuerto Internacional de Chinchero<\/title>\n<meta name=\"description\" content=\"El ministro de Transportes y Comunicaciones, Richard Tineo, supervis\u00f3 los trabajos del Aeropuerto Internacional de Chinchero y verific\u00f3 que el movimiento de tierras se encuentra en la etapa final..\" \/>\n<meta name=\"robots\" content=\"index, follow, max-snippet:-1, max-image-preview:large, max-video-preview:-1\" \/>\n<link rel=\"canonical\" href=\"https:\/\/aeronoticias.com.pe\/noticiero\/ultimas\/1\/comenzo-la-construccion-del-terminal-de-pasajeros-del-aeropuerto-internacional-de-chinchero\/\" \/>\n<meta property=\"og:locale\" content=\"es_ES\" \/>\n<meta property=\"og:type\" content=\"article\" \/>\n<meta property=\"og:title\" content=\"Comenz\u00f3 la construcci\u00f3n del terminal de pasajeros del Aeropuerto Internacional de Chinchero\" \/>\n<meta property=\"og:description\" content=\"El ministro de Transportes y Comunicaciones, Richard Tineo, supervis\u00f3 los trabajos del Aeropuerto Internacional de Chinchero y verific\u00f3 que el movimiento de tierras se encuentra en la etapa final..\" \/>\n<meta property=\"og:url\" content=\"https:\/\/aeronoticias.com.pe\/noticiero\/ultimas\/1\/comenzo-la-construccion-del-terminal-de-pasajeros-del-aeropuerto-internacional-de-chinchero\/\" \/>\n<meta property=\"og:site_name\" content=\"Aeronoticias.com.pe\" \/>\n<meta property=\"article:publisher\" content=\"https:\/\/www.facebook.com\/Aeronoticias.com.pe\/\" \/>\n<meta property=\"article:published_time\" content=\"2022-10-06T19:24:03+00:00\" \/>\n<meta property=\"article:modified_time\" content=\"2022-10-06T19:24:08+00:00\" \/>\n<meta property=\"og:image\" content=\"https:\/\/aeronoticias.com.pe\/noticiero\/wp-content\/uploads\/2022\/10\/aerop.jpg\" \/>\n\t<meta property=\"og:image:width\" content=\"760\" \/>\n\t<meta property=\"og:image:height\" content=\"507\" \/>\n\t<meta property=\"og:image:type\" content=\"image\/jpeg\" \/>\n<meta name=\"author\" content=\"Redacci\u00f3n\" \/>\n<meta name=\"twitter:card\" content=\"summary_large_image\" \/>\n<meta name=\"twitter:creator\" content=\"@aeronoticias\" \/>\n<meta name=\"twitter:site\" content=\"@aeronoticias\" \/>\n<meta name=\"twitter:label1\" content=\"Escrito por\" \/>\n\t<meta name=\"twitter:data1\" content=\"Redacci\u00f3n\" \/>\n\t<meta name=\"twitter:label2\" content=\"Tiempo de lectura\" \/>\n\t<meta name=\"twitter:data2\" content=\"1 minuto\" \/>\n<script type=\"application\/ld+json\" class=\"yoast-schema-graph\">{\"@context\":\"https:\/\/schema.org\",\"@graph\":[{\"@type\":\"WebPage\",\"@id\":\"https:\/\/aeronoticias.com.pe\/noticiero\/ultimas\/1\/comenzo-la-construccion-del-terminal-de-pasajeros-del-aeropuerto-internacional-de-chinchero\/\",\"url\":\"https:\/\/aeronoticias.com.pe\/noticiero\/ultimas\/1\/comenzo-la-construccion-del-terminal-de-pasajeros-del-aeropuerto-internacional-de-chinchero\/\",\"name\":\"Comenz\u00f3 la construcci\u00f3n del terminal de pasajeros del Aeropuerto Internacional de Chinchero\",\"isPartOf\":{\"@id\":\"https:\/\/aeronoticias.com.pe\/noticiero\/#website\"},\"primaryImageOfPage\":{\"@id\":\"https:\/\/aeronoticias.com.pe\/noticiero\/ultimas\/1\/comenzo-la-construccion-del-terminal-de-pasajeros-del-aeropuerto-internacional-de-chinchero\/#primaryimage\"},\"image\":{\"@id\":\"https:\/\/aeronoticias.com.pe\/noticiero\/ultimas\/1\/comenzo-la-construccion-del-terminal-de-pasajeros-del-aeropuerto-internacional-de-chinchero\/#primaryimage\"},\"thumbnailUrl\":\"https:\/\/aeronoticias.com.pe\/noticiero\/wp-content\/uploads\/2022\/10\/aerop.jpg\",\"datePublished\":\"2022-10-06T19:24:03+00:00\",\"dateModified\":\"2022-10-06T19:24:08+00:00\",\"author\":{\"@id\":\"https:\/\/aeronoticias.com.pe\/noticiero\/#\/schema\/person\/16212a617c73f78916b13194154243bd\"},\"description\":\"El ministro de Transportes y Comunicaciones, Richard Tineo, supervis\u00f3 los trabajos del Aeropuerto Internacional de Chinchero y verific\u00f3 que el movimiento de tierras se encuentra en la etapa final..\",\"breadcrumb\":{\"@id\":\"https:\/\/aeronoticias.com.pe\/noticiero\/ultimas\/1\/comenzo-la-construccion-del-terminal-de-pasajeros-del-aeropuerto-internacional-de-chinchero\/#breadcrumb\"},\"inLanguage\":\"es\",\"potentialAction\":[{\"@type\":\"ReadAction\",\"target\":[\"https:\/\/aeronoticias.com.pe\/noticiero\/ultimas\/1\/comenzo-la-construccion-del-terminal-de-pasajeros-del-aeropuerto-internacional-de-chinchero\/\"]}]},{\"@type\":\"ImageObject\",\"inLanguage\":\"es\",\"@id\":\"https:\/\/aeronoticias.com.pe\/noticiero\/ultimas\/1\/comenzo-la-construccion-del-terminal-de-pasajeros-del-aeropuerto-internacional-de-chinchero\/#primaryimage\",\"url\":\"https:\/\/aeronoticias.com.pe\/noticiero\/wp-content\/uploads\/2022\/10\/aerop.jpg\",\"contentUrl\":\"https:\/\/aeronoticias.com.pe\/noticiero\/wp-content\/uploads\/2022\/10\/aerop.jpg\",\"width\":760,\"height\":507},{\"@type\":\"BreadcrumbList\",\"@id\":\"https:\/\/aeronoticias.com.pe\/noticiero\/ultimas\/1\/comenzo-la-construccion-del-terminal-de-pasajeros-del-aeropuerto-internacional-de-chinchero\/#breadcrumb\",\"itemListElement\":[{\"@type\":\"ListItem\",\"position\":1,\"name\":\"Portada\",\"item\":\"https:\/\/aeronoticias.com.pe\/noticiero\/\"},{\"@type\":\"ListItem\",\"position\":2,\"name\":\"Comenz\u00f3 la construcci\u00f3n del terminal de pasajeros del Aeropuerto Internacional de Chinchero\"}]},{\"@type\":\"WebSite\",\"@id\":\"https:\/\/aeronoticias.com.pe\/noticiero\/#website\",\"url\":\"https:\/\/aeronoticias.com.pe\/noticiero\/\",\"name\":\"Aeronoticias.com.pe\",\"description\":\"Noticias de tranporte aereo, turismo, hoteles, gastronomia, actualidad, internacional\",\"potentialAction\":[{\"@type\":\"SearchAction\",\"target\":{\"@type\":\"EntryPoint\",\"urlTemplate\":\"https:\/\/aeronoticias.com.pe\/noticiero\/?s={search_term_string}\"},\"query-input\":{\"@type\":\"PropertyValueSpecification\",\"valueRequired\":true,\"valueName\":\"search_term_string\"}}],\"inLanguage\":\"es\"},{\"@type\":\"Person\",\"@id\":\"https:\/\/aeronoticias.com.pe\/noticiero\/#\/schema\/person\/16212a617c73f78916b13194154243bd\",\"name\":\"Redacci\u00f3n\",\"sameAs\":[\"http:\/\/Redacci\u00f3n\"],\"url\":\"https:\/\/aeronoticias.com.pe\/noticiero\/author\/celeste\/\"}]}<\/script>\n<!-- \/ Yoast SEO plugin. -->","yoast_head_json":{"title":"Comenz\u00f3 la construcci\u00f3n del terminal de pasajeros del Aeropuerto Internacional de Chinchero","description":"El ministro de Transportes y Comunicaciones, Richard Tineo, supervis\u00f3 los trabajos del Aeropuerto Internacional de Chinchero y verific\u00f3 que el movimiento de tierras se encuentra en la etapa final..","robots":{"index":"index","follow":"follow","max-snippet":"max-snippet:-1","max-image-preview":"max-image-preview:large","max-video-preview":"max-video-preview:-1"},"canonical":"https:\/\/aeronoticias.com.pe\/noticiero\/ultimas\/1\/comenzo-la-construccion-del-terminal-de-pasajeros-del-aeropuerto-internacional-de-chinchero\/","og_locale":"es_ES","og_type":"article","og_title":"Comenz\u00f3 la construcci\u00f3n del terminal de pasajeros del Aeropuerto Internacional de Chinchero","og_description":"El ministro de Transportes y Comunicaciones, Richard Tineo, supervis\u00f3 los trabajos del Aeropuerto Internacional de Chinchero y verific\u00f3 que el movimiento de tierras se encuentra en la etapa final..","og_url":"https:\/\/aeronoticias.com.pe\/noticiero\/ultimas\/1\/comenzo-la-construccion-del-terminal-de-pasajeros-del-aeropuerto-internacional-de-chinchero\/","og_site_name":"Aeronoticias.com.pe","article_publisher":"https:\/\/www.facebook.com\/Aeronoticias.com.pe\/","article_published_time":"2022-10-06T19:24:03+00:00","article_modified_time":"2022-10-06T19:24:08+00:00","og_image":[{"width":760,"height":507,"url":"https:\/\/aeronoticias.com.pe\/noticiero\/wp-content\/uploads\/2022\/10\/aerop.jpg","type":"image\/jpeg"}],"author":"Redacci\u00f3n","twitter_card":"summary_large_image","twitter_creator":"@aeronoticias","twitter_site":"@aeronoticias","twitter_misc":{"Escrito por":"Redacci\u00f3n","Tiempo de lectura":"1 minuto"},"schema":{"@context":"https:\/\/schema.org","@graph":[{"@type":"WebPage","@id":"https:\/\/aeronoticias.com.pe\/noticiero\/ultimas\/1\/comenzo-la-construccion-del-terminal-de-pasajeros-del-aeropuerto-internacional-de-chinchero\/","url":"https:\/\/aeronoticias.com.pe\/noticiero\/ultimas\/1\/comenzo-la-construccion-del-terminal-de-pasajeros-del-aeropuerto-internacional-de-chinchero\/","name":"Comenz\u00f3 la construcci\u00f3n del terminal de pasajeros del Aeropuerto Internacional de Chinchero","isPartOf":{"@id":"https:\/\/aeronoticias.com.pe\/noticiero\/#website"},"primaryImageOfPage":{"@id":"https:\/\/aeronoticias.com.pe\/noticiero\/ultimas\/1\/comenzo-la-construccion-del-terminal-de-pasajeros-del-aeropuerto-internacional-de-chinchero\/#primaryimage"},"image":{"@id":"https:\/\/aeronoticias.com.pe\/noticiero\/ultimas\/1\/comenzo-la-construccion-del-terminal-de-pasajeros-del-aeropuerto-internacional-de-chinchero\/#primaryimage"},"thumbnailUrl":"https:\/\/aeronoticias.com.pe\/noticiero\/wp-content\/uploads\/2022\/10\/aerop.jpg","datePublished":"2022-10-06T19:24:03+00:00","dateModified":"2022-10-06T19:24:08+00:00","author":{"@id":"https:\/\/aeronoticias.com.pe\/noticiero\/#\/schema\/person\/16212a617c73f78916b13194154243bd"},"description":"El ministro de Transportes y Comunicaciones, Richard Tineo, supervis\u00f3 los trabajos del Aeropuerto Internacional de Chinchero y verific\u00f3 que el movimiento de tierras se encuentra en la etapa final..","breadcrumb":{"@id":"https:\/\/aeronoticias.com.pe\/noticiero\/ultimas\/1\/comenzo-la-construccion-del-terminal-de-pasajeros-del-aeropuerto-internacional-de-chinchero\/#breadcrumb"},"inLanguage":"es","potentialAction":[{"@type":"ReadAction","target":["https:\/\/aeronoticias.com.pe\/noticiero\/ultimas\/1\/comenzo-la-construccion-del-terminal-de-pasajeros-del-aeropuerto-internacional-de-chinchero\/"]}]},{"@type":"ImageObject","inLanguage":"es","@id":"https:\/\/aeronoticias.com.pe\/noticiero\/ultimas\/1\/comenzo-la-construccion-del-terminal-de-pasajeros-del-aeropuerto-internacional-de-chinchero\/#primaryimage","url":"https:\/\/aeronoticias.com.pe\/noticiero\/wp-content\/uploads\/2022\/10\/aerop.jpg","contentUrl":"https:\/\/aeronoticias.com.pe\/noticiero\/wp-content\/uploads\/2022\/10\/aerop.jpg","width":760,"height":507},{"@type":"BreadcrumbList","@id":"https:\/\/aeronoticias.com.pe\/noticiero\/ultimas\/1\/comenzo-la-construccion-del-terminal-de-pasajeros-del-aeropuerto-internacional-de-chinchero\/#breadcrumb","itemListElement":[{"@type":"ListItem","position":1,"name":"Portada","item":"https:\/\/aeronoticias.com.pe\/noticiero\/"},{"@type":"ListItem","position":2,"name":"Comenz\u00f3 la construcci\u00f3n del terminal de pasajeros del Aeropuerto Internacional de Chinchero"}]},{"@type":"WebSite","@id":"https:\/\/aeronoticias.com.pe\/noticiero\/#website","url":"https:\/\/aeronoticias.com.pe\/noticiero\/","name":"Aeronoticias.com.pe","description":"Noticias de tranporte aereo, turismo, hoteles, gastronomia, actualidad, internacional","potentialAction":[{"@type":"SearchAction","target":{"@type":"EntryPoint","urlTemplate":"https:\/\/aeronoticias.com.pe\/noticiero\/?s={search_term_string}"},"query-input":{"@type":"PropertyValueSpecification","valueRequired":true,"valueName":"search_term_string"}}],"inLanguage":"es"},{"@type":"Person","@id":"https:\/\/aeronoticias.com.pe\/noticiero\/#\/schema\/person\/16212a617c73f78916b13194154243bd","name":"Redacci\u00f3n","sameAs":["http:\/\/Redacci\u00f3n"],"url":"https:\/\/aeronoticias.com.pe\/noticiero\/author\/celeste\/"}]}},"_links":{"self":[{"href":"https:\/\/aeronoticias.com.pe\/noticiero\/wp-json\/wp\/v2\/posts\/80975","targetHints":{"allow":["GET"]}}],"collection":[{"href":"https:\/\/aeronoticias.com.pe\/noticiero\/wp-json\/wp\/v2\/posts"}],"about":[{"href":"https:\/\/aeronoticias.com.pe\/noticiero\/wp-json\/wp\/v2\/types\/post"}],"author":[{"embeddable":true,"href":"https:\/\/aeronoticias.com.pe\/noticiero\/wp-json\/wp\/v2\/users\/3"}],"replies":[{"embeddable":true,"href":"https:\/\/aeronoticias.com.pe\/noticiero\/wp-json\/wp\/v2\/comments?post=80975"}],"version-history":[{"count":0,"href":"https:\/\/aeronoticias.com.pe\/noticiero\/wp-json\/wp\/v2\/posts\/80975\/revisions"}],"wp:featuredmedia":[{"embeddable":true,"href":"https:\/\/aeronoticias.com.pe\/noticiero\/wp-json\/wp\/v2\/media\/80976"}],"wp:attachment":[{"href":"https:\/\/aeronoticias.com.pe\/noticiero\/wp-json\/wp\/v2\/media?parent=80975"}],"wp:term":[{"taxonomy":"category","embeddable":true,"href":"https:\/\/aeronoticias.com.pe\/noticiero\/wp-json\/wp\/v2\/categories?post=80975"},{"taxonomy":"post_tag","embeddable":true,"href":"https:\/\/aeronoticias.com.pe\/noticiero\/wp-json\/wp\/v2\/tags?post=80975"}],"curies":[{"name":"wp","href":"https:\/\/api.w.org\/{rel}","templated":true}]}}