{"id":81240,"date":"2022-11-04T10:20:50","date_gmt":"2022-11-04T15:20:50","guid":{"rendered":"https:\/\/aeronoticias.com.pe\/noticiero\/?p=81240"},"modified":"2022-11-04T10:20:59","modified_gmt":"2022-11-04T15:20:59","slug":"alto-a-la-discriminacion-indecopi-mincul-y-minjusdh-en-jornada-para-fortalecer-a-las-asociaciones-de-consumidores-a-favor-de-la-ciudadania","status":"publish","type":"post","link":"https:\/\/aeronoticias.com.pe\/noticiero\/ultimas\/1\/alto-a-la-discriminacion-indecopi-mincul-y-minjusdh-en-jornada-para-fortalecer-a-las-asociaciones-de-consumidores-a-favor-de-la-ciudadania\/","title":{"rendered":"Alto a la discriminaci\u00f3n: Indecopi, MINCUL y MINJUSDH en jornada para fortalecer a las Asociaciones de Consumidores a favor de la ciudadan\u00eda"},"content":{"rendered":"\n<p><strong>(Aeronoticias)<\/strong>: El Indecopi, instituci\u00f3n rectora del Sistema Nacional Integrado de Protecci\u00f3n del Consumidor, en alianza con el Ministerio de Cultura (MINCUL), y el apoyo del Ministerio de Justicia y Derechos Humanos (MINJUSDH), realizaron la \u2018Jornada de empoderamiento a las asociaciones de consumidores en la lucha contra la discriminaci\u00f3n en el Per\u00fa\u2019, a fin de fortalecer su lucha contra la discriminaci\u00f3n a nivel nacional.<\/p>\n\n\n\n<div class=\"wp-block-image\"><figure class=\"aligncenter\"><img decoding=\"async\" src=\"https:\/\/cdn.www.gob.pe\/uploads\/document\/file\/3810200\/standard_Alto%20a%20la%20discriminaci%C3%B3n%3A%20Indecopi%2C%20MINCUL%20y%20MINJUSDH%20realizan%20una%20jornada%20de%20empoderamiento%20a%20las%20Asociaciones%20de%20Consumidores%20a%20favor%20%20de%20la%20ciudadan%C3%ADa.jpg\" alt=\"Alto a la discriminaci\u00f3n: Indecopi, MINCUL y MINJUSDH realizan una jornada de empoderamiento a las Asociaciones de Consumidores a favor  de la ciudadan\u00eda\"\/><\/figure><\/div>\n\n\n\n<p>El presidente ejecutivo del Indecopi, Juli\u00e1n Palac\u00edn Guti\u00e9rrez, manifest\u00f3 a la audiencia que la instituci\u00f3n no escatima esfuerzos en la lucha contra la discriminaci\u00f3n, para lo cual han puesto en marcha la escucha activa ciudadana a nivel nacional y as\u00ed enfrentar las denuncias por discriminaci\u00f3n, de manera articulada con los diversos actores que conforman la Comisi\u00f3n Nacional Contra la Discriminaci\u00f3n (Conacod).<\/p>\n\n\n\n<p>En ese sentido destac\u00f3 que \u201cdel 16 de marzo de 2020 al 23 de octubre de 2022, el Centro Especial de Monitoreo del Indecopi (CEMI) ha registrado un total de 482 reportes sobre discriminaci\u00f3n y trato diferenciado, lo que ha permitido realizar acciones desde el Indecopi, as\u00ed como articular con las entidades involucradas en la lucha contra la discriminaci\u00f3n\u201d.\u00a0<\/p>\n\n\n\n<div class=\"wp-block-image\"><figure class=\"aligncenter\"><img decoding=\"async\" src=\"https:\/\/cdn.www.gob.pe\/uploads\/document\/file\/3810201\/standard_Alto%20a%20la%20discriminaci%C3%B3n%3A%20Indecopi%2C%20MINCUL%20y%20MINJUSDH%20realizan%20una%20jornada%20de%20empoderamiento%20a%20las%20Asociaciones%20de%20Consumidores%20a%20favor%20%20de%20la%20ciudadan%C3%ADa.jpg\" alt=\"Alto a la discriminaci\u00f3n: Indecopi, MINCUL y MINJUSDH realizan una jornada de empoderamiento a las Asociaciones de Consumidores a favor  de la ciudadan\u00eda\"\/><\/figure><\/div>\n\n\n\n<p>Refiri\u00f3 que, en los \u00faltimos cuatro a\u00f1os, se han impuesto 39 sanciones y 681.4 UIT en multas a proveedores por discriminaci\u00f3n en el consumo, siendo 18.4 UIT la multa promedio, de las cuales Lima concentr\u00f3 el 48.7% de las sanciones y el 61.3% del monto total de UIT.<\/p>\n\n\n\n<div class=\"wp-block-image\"><figure class=\"aligncenter\"><img decoding=\"async\" src=\"https:\/\/cdn.www.gob.pe\/uploads\/document\/file\/3810202\/standard_Alto%20a%20la%20discriminaci%C3%B3n%3A%20Indecopi%2C%20MINCUL%20y%20MINJUSDH%20realizan%20una%20jornada%20de%20empoderamiento%20a%20las%20Asociaciones%20de%20Consumidores%20a%20favor%20%20de%20la%20ciudadan%C3%ADa.jpg\" alt=\"Alto a la discriminaci\u00f3n: Indecopi, MINCUL y MINJUSDH realizan una jornada de empoderamiento a las Asociaciones de Consumidores a favor  de la ciudadan\u00eda\"\/><\/figure><\/div>\n\n\n\n<p>Asimismo, destac\u00f3 el apoyo de las Asociaciones de Consumidores en el Per\u00fa, aliados estrat\u00e9gicos del Indecopi, que contribuyen al mejor funcionamiento de las relaciones de consumo en el mercado.\u00a0<\/p>\n\n\n\n<p>Por su parte, el director de Diversidad Cultural y Eliminaci\u00f3n de la Discriminaci\u00f3n Racial del Ministerio de Cultura, Iv\u00e1n Ayme Huertas, destac\u00f3 el trabajo preventivo y educativo que realiza el Estado respecto de una problem\u00e1tica p\u00fablica que aqueja al pa\u00eds y los esfuerzos de diversas instituciones para construir un Per\u00fa intercultural.<\/p>\n\n\n\n<p>En la importante actividad participaron tambi\u00e9n la representante de la Direcci\u00f3n General de Derechos Humanos del Ministerio de Justicia y Derechos Humanos, M\u00f3nica Peceros; la directora de la Autoridad Nacional de Protecci\u00f3n del Consumidor (DPC), Ana Pe\u00f1a Cardoza; la coordinadora legal de la DPC, Yvette Sanguineti; as\u00ed como representantes de las asociaciones de consumidores.<\/p>\n\n\n\n<p><strong>Datos de inter\u00e9s<\/strong><\/p>\n\n\n\n<p>\u00a7\u00a0 Desde el 2019, el Indecopi integra la Comisi\u00f3n Nacional contra la Discriminaci\u00f3n (CONACOD), \u00f3rgano multisectorial presidido por el Ministerio de Justicia y Derechos Humanos encargado de realizar acciones en materia de igualdad y no discriminaci\u00f3n, como la emisi\u00f3n de informes t\u00e9cnicos, recomendaciones, lineamientos, proyectos normativos, as\u00ed como el monitoreo de los avances del Estado sobre la materia.\u00a0<\/p>\n\n\n\n<p>\u00a0\u00a7\u00a0 Las Asociaciones de Consumidores en el Per\u00fa son aliados estrat\u00e9gicos de primera l\u00ednea del Indecopi, quienes contribuyen a un mejor funcionamiento de las relaciones de consumo en el mercado, ya que promueven la participaci\u00f3n de la ciudadan\u00eda en la protecci\u00f3n al consumidor, sobre todo a favor de quienes se encuentran en situaci\u00f3n de vulnerabilidad, como son las gestantes, ni\u00f1as, ni\u00f1os, personas con discapacidad, adultos mayores y personas en situaci\u00f3n de pobreza. \u00a0<\/p>\n\n\n\n<p>\u00a7\u00a0 El C\u00f3digo de Protecci\u00f3n y Defensa del Consumidor (Ley N\u00b029571) se\u00f1ala que los proveedores est\u00e1n prohibidos de ejercer cualquier acto de discriminaci\u00f3n hacia los consumidores por su raza, sexo, religi\u00f3n, opini\u00f3n, condici\u00f3n econ\u00f3mica o por cualquier otro motivo. De incurrir en estos actos, podr\u00edan ser multados hasta con 450 UIT equivalente a S\/ 2,070,000.\u00a0<\/p>\n\n\n\n<p><strong>Fuente: Indecopi<\/strong><\/p>\n","protected":false},"excerpt":{"rendered":"<p>(Aeronoticias): El Indecopi, instituci\u00f3n rectora del Sistema Nacional Integrado de Protecci\u00f3n del Consumidor, en alianza con el Ministerio de Cultura (MINCUL), y el apoyo del Ministerio de Justicia y Derechos Humanos (MINJUSDH), realizaron la \u2018Jornada de empoderamiento a las asociaciones de consumidores en la lucha contra la discriminaci\u00f3n en el Per\u00fa\u2019, a fin de fortalecer [&hellip;]<\/p>\n","protected":false},"author":3,"featured_media":81241,"comment_status":"open","ping_status":"open","sticky":false,"template":"","format":"standard","meta":{"tdm_status":"","tdm_grid_status":"","footnotes":""},"categories":[8,30],"tags":[1933,1936],"class_list":{"0":"post-81240","1":"post","2":"type-post","3":"status-publish","4":"format-standard","5":"has-post-thumbnail","7":"category-ultimas","8":"category-30","9":"tag-conacod","10":"tag-mincul"},"yoast_head":"<!-- This site is optimized with the Yoast SEO plugin v25.1 - https:\/\/yoast.com\/wordpress\/plugins\/seo\/ -->\n<title>Alto a la discriminaci\u00f3n: Indecopi, MINCUL y MINJUSDH en jornada para fortalecer a las Asociaciones de Consumidores a favor de la ciudadan\u00eda<\/title>\n<meta name=\"description\" content=\"El presidente del Indecopi indic\u00f3 que, en los \u00faltimos cuatro a\u00f1os, se han impuesto 39 sanciones y 681.4 UIT en multas a proveedores por discriminaci\u00f3n en el consumo.\" \/>\n<meta name=\"robots\" content=\"index, follow, max-snippet:-1, max-image-preview:large, max-video-preview:-1\" \/>\n<link rel=\"canonical\" href=\"https:\/\/aeronoticias.com.pe\/noticiero\/ultimas\/1\/alto-a-la-discriminacion-indecopi-mincul-y-minjusdh-en-jornada-para-fortalecer-a-las-asociaciones-de-consumidores-a-favor-de-la-ciudadania\/\" \/>\n<meta property=\"og:locale\" content=\"es_ES\" \/>\n<meta property=\"og:type\" content=\"article\" \/>\n<meta property=\"og:title\" content=\"Alto a la discriminaci\u00f3n: Indecopi, MINCUL y MINJUSDH en jornada para fortalecer a las Asociaciones de Consumidores a favor de la ciudadan\u00eda\" \/>\n<meta property=\"og:description\" content=\"El presidente del Indecopi indic\u00f3 que, en los \u00faltimos cuatro a\u00f1os, se han impuesto 39 sanciones y 681.4 UIT en multas a proveedores por discriminaci\u00f3n en el consumo.\" \/>\n<meta property=\"og:url\" content=\"https:\/\/aeronoticias.com.pe\/noticiero\/ultimas\/1\/alto-a-la-discriminacion-indecopi-mincul-y-minjusdh-en-jornada-para-fortalecer-a-las-asociaciones-de-consumidores-a-favor-de-la-ciudadania\/\" \/>\n<meta property=\"og:site_name\" content=\"Aeronoticias.com.pe\" \/>\n<meta property=\"article:publisher\" content=\"https:\/\/www.facebook.com\/Aeronoticias.com.pe\/\" \/>\n<meta property=\"article:published_time\" content=\"2022-11-04T15:20:50+00:00\" \/>\n<meta property=\"article:modified_time\" content=\"2022-11-04T15:20:59+00:00\" \/>\n<meta property=\"og:image\" content=\"https:\/\/aeronoticias.com.pe\/noticiero\/wp-content\/uploads\/2022\/11\/cultu.jpg\" \/>\n\t<meta property=\"og:image:width\" content=\"645\" \/>\n\t<meta property=\"og:image:height\" content=\"363\" \/>\n\t<meta property=\"og:image:type\" content=\"image\/jpeg\" \/>\n<meta name=\"author\" content=\"Redacci\u00f3n\" \/>\n<meta name=\"twitter:card\" content=\"summary_large_image\" \/>\n<meta name=\"twitter:creator\" content=\"@aeronoticias\" \/>\n<meta name=\"twitter:site\" content=\"@aeronoticias\" \/>\n<meta name=\"twitter:label1\" content=\"Escrito por\" \/>\n\t<meta name=\"twitter:data1\" content=\"Redacci\u00f3n\" \/>\n\t<meta name=\"twitter:label2\" content=\"Tiempo de lectura\" \/>\n\t<meta name=\"twitter:data2\" content=\"3 minutos\" \/>\n<script type=\"application\/ld+json\" class=\"yoast-schema-graph\">{\"@context\":\"https:\/\/schema.org\",\"@graph\":[{\"@type\":\"WebPage\",\"@id\":\"https:\/\/aeronoticias.com.pe\/noticiero\/ultimas\/1\/alto-a-la-discriminacion-indecopi-mincul-y-minjusdh-en-jornada-para-fortalecer-a-las-asociaciones-de-consumidores-a-favor-de-la-ciudadania\/\",\"url\":\"https:\/\/aeronoticias.com.pe\/noticiero\/ultimas\/1\/alto-a-la-discriminacion-indecopi-mincul-y-minjusdh-en-jornada-para-fortalecer-a-las-asociaciones-de-consumidores-a-favor-de-la-ciudadania\/\",\"name\":\"Alto a la discriminaci\u00f3n: Indecopi, MINCUL y MINJUSDH en jornada para fortalecer a las Asociaciones de Consumidores a favor de la ciudadan\u00eda\",\"isPartOf\":{\"@id\":\"https:\/\/aeronoticias.com.pe\/noticiero\/#website\"},\"primaryImageOfPage\":{\"@id\":\"https:\/\/aeronoticias.com.pe\/noticiero\/ultimas\/1\/alto-a-la-discriminacion-indecopi-mincul-y-minjusdh-en-jornada-para-fortalecer-a-las-asociaciones-de-consumidores-a-favor-de-la-ciudadania\/#primaryimage\"},\"image\":{\"@id\":\"https:\/\/aeronoticias.com.pe\/noticiero\/ultimas\/1\/alto-a-la-discriminacion-indecopi-mincul-y-minjusdh-en-jornada-para-fortalecer-a-las-asociaciones-de-consumidores-a-favor-de-la-ciudadania\/#primaryimage\"},\"thumbnailUrl\":\"https:\/\/aeronoticias.com.pe\/noticiero\/wp-content\/uploads\/2022\/11\/cultu.jpg\",\"datePublished\":\"2022-11-04T15:20:50+00:00\",\"dateModified\":\"2022-11-04T15:20:59+00:00\",\"author\":{\"@id\":\"https:\/\/aeronoticias.com.pe\/noticiero\/#\/schema\/person\/16212a617c73f78916b13194154243bd\"},\"description\":\"El presidente del Indecopi indic\u00f3 que, en los \u00faltimos cuatro a\u00f1os, se han impuesto 39 sanciones y 681.4 UIT en multas a proveedores por discriminaci\u00f3n en el consumo.\",\"breadcrumb\":{\"@id\":\"https:\/\/aeronoticias.com.pe\/noticiero\/ultimas\/1\/alto-a-la-discriminacion-indecopi-mincul-y-minjusdh-en-jornada-para-fortalecer-a-las-asociaciones-de-consumidores-a-favor-de-la-ciudadania\/#breadcrumb\"},\"inLanguage\":\"es\",\"potentialAction\":[{\"@type\":\"ReadAction\",\"target\":[\"https:\/\/aeronoticias.com.pe\/noticiero\/ultimas\/1\/alto-a-la-discriminacion-indecopi-mincul-y-minjusdh-en-jornada-para-fortalecer-a-las-asociaciones-de-consumidores-a-favor-de-la-ciudadania\/\"]}]},{\"@type\":\"ImageObject\",\"inLanguage\":\"es\",\"@id\":\"https:\/\/aeronoticias.com.pe\/noticiero\/ultimas\/1\/alto-a-la-discriminacion-indecopi-mincul-y-minjusdh-en-jornada-para-fortalecer-a-las-asociaciones-de-consumidores-a-favor-de-la-ciudadania\/#primaryimage\",\"url\":\"https:\/\/aeronoticias.com.pe\/noticiero\/wp-content\/uploads\/2022\/11\/cultu.jpg\",\"contentUrl\":\"https:\/\/aeronoticias.com.pe\/noticiero\/wp-content\/uploads\/2022\/11\/cultu.jpg\",\"width\":645,\"height\":363},{\"@type\":\"BreadcrumbList\",\"@id\":\"https:\/\/aeronoticias.com.pe\/noticiero\/ultimas\/1\/alto-a-la-discriminacion-indecopi-mincul-y-minjusdh-en-jornada-para-fortalecer-a-las-asociaciones-de-consumidores-a-favor-de-la-ciudadania\/#breadcrumb\",\"itemListElement\":[{\"@type\":\"ListItem\",\"position\":1,\"name\":\"Portada\",\"item\":\"https:\/\/aeronoticias.com.pe\/noticiero\/\"},{\"@type\":\"ListItem\",\"position\":2,\"name\":\"Alto a la discriminaci\u00f3n: Indecopi, MINCUL y MINJUSDH en jornada para fortalecer a las Asociaciones de Consumidores a favor de la ciudadan\u00eda\"}]},{\"@type\":\"WebSite\",\"@id\":\"https:\/\/aeronoticias.com.pe\/noticiero\/#website\",\"url\":\"https:\/\/aeronoticias.com.pe\/noticiero\/\",\"name\":\"Aeronoticias.com.pe\",\"description\":\"Noticias de tranporte aereo, turismo, hoteles, gastronomia, actualidad, internacional\",\"potentialAction\":[{\"@type\":\"SearchAction\",\"target\":{\"@type\":\"EntryPoint\",\"urlTemplate\":\"https:\/\/aeronoticias.com.pe\/noticiero\/?s={search_term_string}\"},\"query-input\":{\"@type\":\"PropertyValueSpecification\",\"valueRequired\":true,\"valueName\":\"search_term_string\"}}],\"inLanguage\":\"es\"},{\"@type\":\"Person\",\"@id\":\"https:\/\/aeronoticias.com.pe\/noticiero\/#\/schema\/person\/16212a617c73f78916b13194154243bd\",\"name\":\"Redacci\u00f3n\",\"sameAs\":[\"http:\/\/Redacci\u00f3n\"],\"url\":\"https:\/\/aeronoticias.com.pe\/noticiero\/author\/celeste\/\"}]}<\/script>\n<!-- \/ Yoast SEO plugin. -->","yoast_head_json":{"title":"Alto a la discriminaci\u00f3n: Indecopi, MINCUL y MINJUSDH en jornada para fortalecer a las Asociaciones de Consumidores a favor de la ciudadan\u00eda","description":"El presidente del Indecopi indic\u00f3 que, en los \u00faltimos cuatro a\u00f1os, se han impuesto 39 sanciones y 681.4 UIT en multas a proveedores por discriminaci\u00f3n en el consumo.","robots":{"index":"index","follow":"follow","max-snippet":"max-snippet:-1","max-image-preview":"max-image-preview:large","max-video-preview":"max-video-preview:-1"},"canonical":"https:\/\/aeronoticias.com.pe\/noticiero\/ultimas\/1\/alto-a-la-discriminacion-indecopi-mincul-y-minjusdh-en-jornada-para-fortalecer-a-las-asociaciones-de-consumidores-a-favor-de-la-ciudadania\/","og_locale":"es_ES","og_type":"article","og_title":"Alto a la discriminaci\u00f3n: Indecopi, MINCUL y MINJUSDH en jornada para fortalecer a las Asociaciones de Consumidores a favor de la ciudadan\u00eda","og_description":"El presidente del Indecopi indic\u00f3 que, en los \u00faltimos cuatro a\u00f1os, se han impuesto 39 sanciones y 681.4 UIT en multas a proveedores por discriminaci\u00f3n en el consumo.","og_url":"https:\/\/aeronoticias.com.pe\/noticiero\/ultimas\/1\/alto-a-la-discriminacion-indecopi-mincul-y-minjusdh-en-jornada-para-fortalecer-a-las-asociaciones-de-consumidores-a-favor-de-la-ciudadania\/","og_site_name":"Aeronoticias.com.pe","article_publisher":"https:\/\/www.facebook.com\/Aeronoticias.com.pe\/","article_published_time":"2022-11-04T15:20:50+00:00","article_modified_time":"2022-11-04T15:20:59+00:00","og_image":[{"width":645,"height":363,"url":"https:\/\/aeronoticias.com.pe\/noticiero\/wp-content\/uploads\/2022\/11\/cultu.jpg","type":"image\/jpeg"}],"author":"Redacci\u00f3n","twitter_card":"summary_large_image","twitter_creator":"@aeronoticias","twitter_site":"@aeronoticias","twitter_misc":{"Escrito por":"Redacci\u00f3n","Tiempo de lectura":"3 minutos"},"schema":{"@context":"https:\/\/schema.org","@graph":[{"@type":"WebPage","@id":"https:\/\/aeronoticias.com.pe\/noticiero\/ultimas\/1\/alto-a-la-discriminacion-indecopi-mincul-y-minjusdh-en-jornada-para-fortalecer-a-las-asociaciones-de-consumidores-a-favor-de-la-ciudadania\/","url":"https:\/\/aeronoticias.com.pe\/noticiero\/ultimas\/1\/alto-a-la-discriminacion-indecopi-mincul-y-minjusdh-en-jornada-para-fortalecer-a-las-asociaciones-de-consumidores-a-favor-de-la-ciudadania\/","name":"Alto a la discriminaci\u00f3n: Indecopi, MINCUL y MINJUSDH en jornada para fortalecer a las Asociaciones de Consumidores a favor de la ciudadan\u00eda","isPartOf":{"@id":"https:\/\/aeronoticias.com.pe\/noticiero\/#website"},"primaryImageOfPage":{"@id":"https:\/\/aeronoticias.com.pe\/noticiero\/ultimas\/1\/alto-a-la-discriminacion-indecopi-mincul-y-minjusdh-en-jornada-para-fortalecer-a-las-asociaciones-de-consumidores-a-favor-de-la-ciudadania\/#primaryimage"},"image":{"@id":"https:\/\/aeronoticias.com.pe\/noticiero\/ultimas\/1\/alto-a-la-discriminacion-indecopi-mincul-y-minjusdh-en-jornada-para-fortalecer-a-las-asociaciones-de-consumidores-a-favor-de-la-ciudadania\/#primaryimage"},"thumbnailUrl":"https:\/\/aeronoticias.com.pe\/noticiero\/wp-content\/uploads\/2022\/11\/cultu.jpg","datePublished":"2022-11-04T15:20:50+00:00","dateModified":"2022-11-04T15:20:59+00:00","author":{"@id":"https:\/\/aeronoticias.com.pe\/noticiero\/#\/schema\/person\/16212a617c73f78916b13194154243bd"},"description":"El presidente del Indecopi indic\u00f3 que, en los \u00faltimos cuatro a\u00f1os, se han impuesto 39 sanciones y 681.4 UIT en multas a proveedores por discriminaci\u00f3n en el consumo.","breadcrumb":{"@id":"https:\/\/aeronoticias.com.pe\/noticiero\/ultimas\/1\/alto-a-la-discriminacion-indecopi-mincul-y-minjusdh-en-jornada-para-fortalecer-a-las-asociaciones-de-consumidores-a-favor-de-la-ciudadania\/#breadcrumb"},"inLanguage":"es","potentialAction":[{"@type":"ReadAction","target":["https:\/\/aeronoticias.com.pe\/noticiero\/ultimas\/1\/alto-a-la-discriminacion-indecopi-mincul-y-minjusdh-en-jornada-para-fortalecer-a-las-asociaciones-de-consumidores-a-favor-de-la-ciudadania\/"]}]},{"@type":"ImageObject","inLanguage":"es","@id":"https:\/\/aeronoticias.com.pe\/noticiero\/ultimas\/1\/alto-a-la-discriminacion-indecopi-mincul-y-minjusdh-en-jornada-para-fortalecer-a-las-asociaciones-de-consumidores-a-favor-de-la-ciudadania\/#primaryimage","url":"https:\/\/aeronoticias.com.pe\/noticiero\/wp-content\/uploads\/2022\/11\/cultu.jpg","contentUrl":"https:\/\/aeronoticias.com.pe\/noticiero\/wp-content\/uploads\/2022\/11\/cultu.jpg","width":645,"height":363},{"@type":"BreadcrumbList","@id":"https:\/\/aeronoticias.com.pe\/noticiero\/ultimas\/1\/alto-a-la-discriminacion-indecopi-mincul-y-minjusdh-en-jornada-para-fortalecer-a-las-asociaciones-de-consumidores-a-favor-de-la-ciudadania\/#breadcrumb","itemListElement":[{"@type":"ListItem","position":1,"name":"Portada","item":"https:\/\/aeronoticias.com.pe\/noticiero\/"},{"@type":"ListItem","position":2,"name":"Alto a la discriminaci\u00f3n: Indecopi, MINCUL y MINJUSDH en jornada para fortalecer a las Asociaciones de Consumidores a favor de la ciudadan\u00eda"}]},{"@type":"WebSite","@id":"https:\/\/aeronoticias.com.pe\/noticiero\/#website","url":"https:\/\/aeronoticias.com.pe\/noticiero\/","name":"Aeronoticias.com.pe","description":"Noticias de tranporte aereo, turismo, hoteles, gastronomia, actualidad, internacional","potentialAction":[{"@type":"SearchAction","target":{"@type":"EntryPoint","urlTemplate":"https:\/\/aeronoticias.com.pe\/noticiero\/?s={search_term_string}"},"query-input":{"@type":"PropertyValueSpecification","valueRequired":true,"valueName":"search_term_string"}}],"inLanguage":"es"},{"@type":"Person","@id":"https:\/\/aeronoticias.com.pe\/noticiero\/#\/schema\/person\/16212a617c73f78916b13194154243bd","name":"Redacci\u00f3n","sameAs":["http:\/\/Redacci\u00f3n"],"url":"https:\/\/aeronoticias.com.pe\/noticiero\/author\/celeste\/"}]}},"_links":{"self":[{"href":"https:\/\/aeronoticias.com.pe\/noticiero\/wp-json\/wp\/v2\/posts\/81240","targetHints":{"allow":["GET"]}}],"collection":[{"href":"https:\/\/aeronoticias.com.pe\/noticiero\/wp-json\/wp\/v2\/posts"}],"about":[{"href":"https:\/\/aeronoticias.com.pe\/noticiero\/wp-json\/wp\/v2\/types\/post"}],"author":[{"embeddable":true,"href":"https:\/\/aeronoticias.com.pe\/noticiero\/wp-json\/wp\/v2\/users\/3"}],"replies":[{"embeddable":true,"href":"https:\/\/aeronoticias.com.pe\/noticiero\/wp-json\/wp\/v2\/comments?post=81240"}],"version-history":[{"count":0,"href":"https:\/\/aeronoticias.com.pe\/noticiero\/wp-json\/wp\/v2\/posts\/81240\/revisions"}],"wp:featuredmedia":[{"embeddable":true,"href":"https:\/\/aeronoticias.com.pe\/noticiero\/wp-json\/wp\/v2\/media\/81241"}],"wp:attachment":[{"href":"https:\/\/aeronoticias.com.pe\/noticiero\/wp-json\/wp\/v2\/media?parent=81240"}],"wp:term":[{"taxonomy":"category","embeddable":true,"href":"https:\/\/aeronoticias.com.pe\/noticiero\/wp-json\/wp\/v2\/categories?post=81240"},{"taxonomy":"post_tag","embeddable":true,"href":"https:\/\/aeronoticias.com.pe\/noticiero\/wp-json\/wp\/v2\/tags?post=81240"}],"curies":[{"name":"wp","href":"https:\/\/api.w.org\/{rel}","templated":true}]}}