{"id":81243,"date":"2022-11-04T12:42:15","date_gmt":"2022-11-04T17:42:15","guid":{"rendered":"https:\/\/aeronoticias.com.pe\/noticiero\/?p=81243"},"modified":"2022-11-04T12:42:19","modified_gmt":"2022-11-04T17:42:19","slug":"tema-obligado-la-categoria-1","status":"publish","type":"post","link":"https:\/\/aeronoticias.com.pe\/noticiero\/ultimas\/1\/tema-obligado-la-categoria-1\/","title":{"rendered":"Tema obligado, la categor\u00eda 1"},"content":{"rendered":"\n<p><strong>(Aeronoticias)<\/strong>: Aunque el tema se est\u00e1 tratando en todo tipo de medios de comunicaci\u00f3n y redes sociales, no podemos evitar seguir reflexionando sobre \u00e9l.<\/p>\n\n\n\n<p>Los representantes de la Agencia Federal de Aviaci\u00f3n Civil (AFAC) y de la Secretar\u00eda de Infraestructura, Comunicaciones y Transporte (SICT) viajaron a la ciudad de Washington para entrevistarse con la cabeza directiva de la Administraci\u00f3n Federal de Aviaci\u00f3n (FAA) y tener al tanto a las autoridades de Estados Unidos sobre los pasos que se van dando y as\u00ed poder negociar en persona\u00a0<strong>las fechas de la nueva auditor\u00eda<\/strong>, que podr\u00eda regresar a M\u00e9xico\u00a0 a la Categor\u00eda 1.<\/p>\n\n\n\n<p>Han pasado 19 meses desde que las autoridades de AFAC fueron degradadas a categor\u00eda 2, despu\u00e9s de una primera auditor\u00eda\u00a0<strong>por no cumplir con los est\u00e1ndares internacionales<\/strong>\u00a0de certificaci\u00f3n, administraci\u00f3n y seguridad a\u00e9rea, a los que se deben sujetar peri\u00f3dicamente los 193 pa\u00edses miembros de OACI de manera obligatoria.<\/p>\n\n\n\n<p>Son Rusia, Venezuela, Bangladesh, Malasia, Tailandia, Pakist\u00e1n, Ghana, Curazao y desde mayo de 2021, tambi\u00e9n M\u00e9xico, los pa\u00edses degradados a Categor\u00eda 2.<\/p>\n\n\n\n<p>En el caso de M\u00e9xico, la FAA ha encontrado en principio<strong>\u00a028 fallas puntuales<\/strong>\u00a0que pueden afectar la seguridad a\u00e9rea aunque, despu\u00e9s de una revisi\u00f3n hace pocos meses, la agencia norteamericana concluy\u00f3 en que hab\u00eda otras cuatro, para sumar 32, que son\u00a0<strong>los \u201cfindings\u201d que deben ser resueltos<\/strong>.<\/p>\n\n\n\n<p>Qu\u00e9 bueno que los representantes de nuestras autoridades aeron\u00e1uticas se hicieron presentes en el pa\u00eds del norte, pero me parece que, al final, el viaje de alguna manera sale sobrando, porque\u00a0<strong>todo lo que tienen que hacer es trabajar en la soluci\u00f3n<\/strong>\u00a0de los problemas y, una vez resueltos conforme a est\u00e1ndares internacionales, hacerlo saber a la FAA para que ellos programen una nueva auditor\u00eda y verificar el cumplimiento de los requisitos para la recertificaci\u00f3n a\u00e9rea.<\/p>\n\n\n\n<p>Para la FAA no valen\u00a0 las componendas pol\u00edticas, ni hay perdones, ya que se trata de la seguridad de millones de pasajeros que transportan las aerol\u00edneas de Estados Unidos y M\u00e9xico cada a\u00f1o, y todos\u00a0<strong>los pa\u00edses miembros est\u00e1n obligados a cumplir puntualmente<\/strong>\u00a0con las reglas establecidas.<\/p>\n\n\n\n<p>Debemos decir que, m\u00e1s all\u00e1 de los modos diplom\u00e1ticos que se manejan, los representantes norteamericanos saben bien que<strong>\u00a0en el pasado AFAC trat\u00f3 de enga\u00f1arlos<\/strong>\u00a0a la hora de revisar procedimientos y documentaci\u00f3n, y eso no lo perdonan.<\/p>\n\n\n\n<p>Seguramente, los inspectores de la Agencia Federal norteamericana\u00a0<strong>ser\u00e1n sumamente exigentes<\/strong>, muy anal\u00edticos con M\u00e9xico en la auditor\u00eda por venir, en el cumplimiento de los requisitos para darle la Categor\u00eda 1.<\/p>\n\n\n\n<p><strong>AFAC no la tiene f\u00e1cil<\/strong>, y no ser\u00e1&nbsp; suficiente solo con la posibilidad de cambios en la Ley de Aviaci\u00f3n Civil Mexicana para cumplir y pasar esa nueva auditor\u00eda.<\/p>\n\n\n\n<p>Se ha comentado hasta el cansancio que el primer paso que se debe dar, es lograr el presupuesto necesario para la operaci\u00f3n de la Agencia Federal Mexicana.<\/p>\n\n\n\n<p>AFAC puede ser autosuficiente porque, seg\u00fan nos dicen, las entradas econ\u00f3micas por sus servicios alcanzan los&nbsp;<strong>2 mil millones de pesos anuales<\/strong>, cantidad que es justamente la necesaria para garantizar una operaci\u00f3n eficiente, pero hoy solo tiene asignados poco m\u00e1s de 600 millones.<\/p>\n\n\n\n<p>Junto con el recurso econ\u00f3mico, hace\u00a0<strong>falta extirpar de una vez por todas la corrupci\u00f3n\u00a0<\/strong>rampante por todos conocida y hacerse de personal entrenado, experimentado y honesto, que en el medio aeron\u00e1utico de nuestro pa\u00eds sobra.<\/p>\n\n\n\n<p>Los diferentes procesos administrativos, en todas las \u00e1reas de AFAC, son un verdadero desastre y tienen a aerol\u00edneas y dem\u00e1s usuarios sufriendo todo tipo de retrasos en los diferentes tr\u00e1mites que afectan la operaci\u00f3n a\u00e9rea en nuestro pa\u00eds y esto, por cierto, es perfectamente visible y conocido por\u00a0 las autoridades de FAA.<\/p>\n\n\n\n<p>Ojal\u00e1 que el general Miguel Enrique Vall\u00edn Osuna, nuevo director de AFAC,\u00a0<strong>ponga orden y se rodee de verdaderos profesionales<\/strong>, que lo ayuden a hacer el trabajo para recuperar lo antes posible la Categor\u00eda 1.<\/p>\n\n\n\n<p>Sin \u201cmaromas\u201d ni enga\u00f1os,&nbsp; a las autoridades aeron\u00e1uticas mexicanas solo les queda cumplir cabalmente con lo exigido para lograr la recertificaci\u00f3n a\u00e9rea.<\/p>\n\n\n\n<p>Estamos viviendo la segunda degradaci\u00f3n, la primera fue en el sexenio de Felipe Calder\u00f3n, quien comprendi\u00f3 bien el problema y\u00a0<strong>en solo tres meses se hicieron los cambios necesarios<\/strong>\u00a0para recuperar la categor\u00eda.<\/p>\n\n\n\n<p>En esta ocasi\u00f3n,\u00a0<strong>ya llevamos 19 meses degradados<\/strong>, y no se ven\u00a0 posibilidades de recuperar la Categor\u00eda 1, quiz\u00e1 hasta el verano que entra o despu\u00e9s.\u00a0<\/p>\n\n\n\n<p>No olvidemos que tambi\u00e9n est\u00e1 pendiente una auditor\u00eda adicional, por parte de la propia OACI, programada para el 2023, despu\u00e9s de haber sido pospuesta un par de veces.<\/p>\n\n\n\n<p>No podemos seguir cometiendo los mismos errores del pasado, adem\u00e1s de aumentarlos. Nuestra aviaci\u00f3n y nuestro M\u00e9xico\u00a0<strong>merecen otro destino<\/strong>.<\/p>\n\n\n\n<p><strong>Fuente: A21MX<\/strong><\/p>\n","protected":false},"excerpt":{"rendered":"<p>(Aeronoticias): Aunque el tema se est\u00e1 tratando en todo tipo de medios de comunicaci\u00f3n y redes sociales, no podemos evitar seguir reflexionando sobre \u00e9l. Los representantes de la Agencia Federal de Aviaci\u00f3n Civil (AFAC) y de la Secretar\u00eda de Infraestructura, Comunicaciones y Transporte (SICT) viajaron a la ciudad de Washington para entrevistarse con la cabeza [&hellip;]<\/p>\n","protected":false},"author":3,"featured_media":81244,"comment_status":"open","ping_status":"open","sticky":false,"template":"","format":"standard","meta":{"tdm_status":"","tdm_grid_status":"","footnotes":""},"categories":[8,30],"tags":[247,230],"class_list":{"0":"post-81243","1":"post","2":"type-post","3":"status-publish","4":"format-standard","5":"has-post-thumbnail","7":"category-ultimas","8":"category-30","9":"tag-faa","10":"tag-oaci"},"yoast_head":"<!-- This site is optimized with the Yoast SEO plugin v25.1 - https:\/\/yoast.com\/wordpress\/plugins\/seo\/ -->\n<title>Tema obligado, la categor\u00eda 1<\/title>\n<meta name=\"description\" content=\"Portal de noticias del Per\u00fa sobre el transporte a\u00e9reo, aviaci\u00f3n, turismo, hoteleria, actualidad.\" \/>\n<meta name=\"robots\" content=\"index, follow, max-snippet:-1, max-image-preview:large, max-video-preview:-1\" \/>\n<link rel=\"canonical\" href=\"https:\/\/aeronoticias.com.pe\/noticiero\/ultimas\/1\/tema-obligado-la-categoria-1\/\" \/>\n<meta property=\"og:locale\" content=\"es_ES\" \/>\n<meta property=\"og:type\" content=\"article\" \/>\n<meta property=\"og:title\" content=\"Tema obligado, la categor\u00eda 1\" \/>\n<meta property=\"og:description\" content=\"Portal de noticias del Per\u00fa sobre el transporte a\u00e9reo, aviaci\u00f3n, turismo, hoteleria, actualidad.\" \/>\n<meta property=\"og:url\" content=\"https:\/\/aeronoticias.com.pe\/noticiero\/ultimas\/1\/tema-obligado-la-categoria-1\/\" \/>\n<meta property=\"og:site_name\" content=\"Aeronoticias.com.pe\" \/>\n<meta property=\"article:publisher\" content=\"https:\/\/www.facebook.com\/Aeronoticias.com.pe\/\" \/>\n<meta property=\"article:published_time\" content=\"2022-11-04T17:42:15+00:00\" \/>\n<meta property=\"article:modified_time\" content=\"2022-11-04T17:42:19+00:00\" \/>\n<meta property=\"og:image\" content=\"https:\/\/aeronoticias.com.pe\/noticiero\/wp-content\/uploads\/2022\/11\/oac.jpeg\" \/>\n\t<meta property=\"og:image:width\" content=\"1280\" \/>\n\t<meta property=\"og:image:height\" content=\"584\" \/>\n\t<meta property=\"og:image:type\" content=\"image\/jpeg\" \/>\n<meta name=\"author\" content=\"Redacci\u00f3n\" \/>\n<meta name=\"twitter:card\" content=\"summary_large_image\" \/>\n<meta name=\"twitter:creator\" content=\"@aeronoticias\" \/>\n<meta name=\"twitter:site\" content=\"@aeronoticias\" \/>\n<meta name=\"twitter:label1\" content=\"Escrito por\" \/>\n\t<meta name=\"twitter:data1\" content=\"Redacci\u00f3n\" \/>\n\t<meta name=\"twitter:label2\" content=\"Tiempo de lectura\" \/>\n\t<meta name=\"twitter:data2\" content=\"4 minutos\" \/>\n<script type=\"application\/ld+json\" class=\"yoast-schema-graph\">{\"@context\":\"https:\/\/schema.org\",\"@graph\":[{\"@type\":\"WebPage\",\"@id\":\"https:\/\/aeronoticias.com.pe\/noticiero\/ultimas\/1\/tema-obligado-la-categoria-1\/\",\"url\":\"https:\/\/aeronoticias.com.pe\/noticiero\/ultimas\/1\/tema-obligado-la-categoria-1\/\",\"name\":\"Tema obligado, la categor\u00eda 1\",\"isPartOf\":{\"@id\":\"https:\/\/aeronoticias.com.pe\/noticiero\/#website\"},\"primaryImageOfPage\":{\"@id\":\"https:\/\/aeronoticias.com.pe\/noticiero\/ultimas\/1\/tema-obligado-la-categoria-1\/#primaryimage\"},\"image\":{\"@id\":\"https:\/\/aeronoticias.com.pe\/noticiero\/ultimas\/1\/tema-obligado-la-categoria-1\/#primaryimage\"},\"thumbnailUrl\":\"https:\/\/aeronoticias.com.pe\/noticiero\/wp-content\/uploads\/2022\/11\/oac.jpeg\",\"datePublished\":\"2022-11-04T17:42:15+00:00\",\"dateModified\":\"2022-11-04T17:42:19+00:00\",\"author\":{\"@id\":\"https:\/\/aeronoticias.com.pe\/noticiero\/#\/schema\/person\/16212a617c73f78916b13194154243bd\"},\"description\":\"Portal de noticias del Per\u00fa sobre el transporte a\u00e9reo, aviaci\u00f3n, turismo, hoteleria, actualidad.\",\"breadcrumb\":{\"@id\":\"https:\/\/aeronoticias.com.pe\/noticiero\/ultimas\/1\/tema-obligado-la-categoria-1\/#breadcrumb\"},\"inLanguage\":\"es\",\"potentialAction\":[{\"@type\":\"ReadAction\",\"target\":[\"https:\/\/aeronoticias.com.pe\/noticiero\/ultimas\/1\/tema-obligado-la-categoria-1\/\"]}]},{\"@type\":\"ImageObject\",\"inLanguage\":\"es\",\"@id\":\"https:\/\/aeronoticias.com.pe\/noticiero\/ultimas\/1\/tema-obligado-la-categoria-1\/#primaryimage\",\"url\":\"https:\/\/aeronoticias.com.pe\/noticiero\/wp-content\/uploads\/2022\/11\/oac.jpeg\",\"contentUrl\":\"https:\/\/aeronoticias.com.pe\/noticiero\/wp-content\/uploads\/2022\/11\/oac.jpeg\",\"width\":1280,\"height\":584},{\"@type\":\"BreadcrumbList\",\"@id\":\"https:\/\/aeronoticias.com.pe\/noticiero\/ultimas\/1\/tema-obligado-la-categoria-1\/#breadcrumb\",\"itemListElement\":[{\"@type\":\"ListItem\",\"position\":1,\"name\":\"Portada\",\"item\":\"https:\/\/aeronoticias.com.pe\/noticiero\/\"},{\"@type\":\"ListItem\",\"position\":2,\"name\":\"Tema obligado, la categor\u00eda 1\"}]},{\"@type\":\"WebSite\",\"@id\":\"https:\/\/aeronoticias.com.pe\/noticiero\/#website\",\"url\":\"https:\/\/aeronoticias.com.pe\/noticiero\/\",\"name\":\"Aeronoticias.com.pe\",\"description\":\"Noticias de tranporte aereo, turismo, hoteles, gastronomia, actualidad, internacional\",\"potentialAction\":[{\"@type\":\"SearchAction\",\"target\":{\"@type\":\"EntryPoint\",\"urlTemplate\":\"https:\/\/aeronoticias.com.pe\/noticiero\/?s={search_term_string}\"},\"query-input\":{\"@type\":\"PropertyValueSpecification\",\"valueRequired\":true,\"valueName\":\"search_term_string\"}}],\"inLanguage\":\"es\"},{\"@type\":\"Person\",\"@id\":\"https:\/\/aeronoticias.com.pe\/noticiero\/#\/schema\/person\/16212a617c73f78916b13194154243bd\",\"name\":\"Redacci\u00f3n\",\"sameAs\":[\"http:\/\/Redacci\u00f3n\"],\"url\":\"https:\/\/aeronoticias.com.pe\/noticiero\/author\/celeste\/\"}]}<\/script>\n<!-- \/ Yoast SEO plugin. -->","yoast_head_json":{"title":"Tema obligado, la categor\u00eda 1","description":"Portal de noticias del Per\u00fa sobre el transporte a\u00e9reo, aviaci\u00f3n, turismo, hoteleria, actualidad.","robots":{"index":"index","follow":"follow","max-snippet":"max-snippet:-1","max-image-preview":"max-image-preview:large","max-video-preview":"max-video-preview:-1"},"canonical":"https:\/\/aeronoticias.com.pe\/noticiero\/ultimas\/1\/tema-obligado-la-categoria-1\/","og_locale":"es_ES","og_type":"article","og_title":"Tema obligado, la categor\u00eda 1","og_description":"Portal de noticias del Per\u00fa sobre el transporte a\u00e9reo, aviaci\u00f3n, turismo, hoteleria, actualidad.","og_url":"https:\/\/aeronoticias.com.pe\/noticiero\/ultimas\/1\/tema-obligado-la-categoria-1\/","og_site_name":"Aeronoticias.com.pe","article_publisher":"https:\/\/www.facebook.com\/Aeronoticias.com.pe\/","article_published_time":"2022-11-04T17:42:15+00:00","article_modified_time":"2022-11-04T17:42:19+00:00","og_image":[{"width":1280,"height":584,"url":"https:\/\/aeronoticias.com.pe\/noticiero\/wp-content\/uploads\/2022\/11\/oac.jpeg","type":"image\/jpeg"}],"author":"Redacci\u00f3n","twitter_card":"summary_large_image","twitter_creator":"@aeronoticias","twitter_site":"@aeronoticias","twitter_misc":{"Escrito por":"Redacci\u00f3n","Tiempo de lectura":"4 minutos"},"schema":{"@context":"https:\/\/schema.org","@graph":[{"@type":"WebPage","@id":"https:\/\/aeronoticias.com.pe\/noticiero\/ultimas\/1\/tema-obligado-la-categoria-1\/","url":"https:\/\/aeronoticias.com.pe\/noticiero\/ultimas\/1\/tema-obligado-la-categoria-1\/","name":"Tema obligado, la categor\u00eda 1","isPartOf":{"@id":"https:\/\/aeronoticias.com.pe\/noticiero\/#website"},"primaryImageOfPage":{"@id":"https:\/\/aeronoticias.com.pe\/noticiero\/ultimas\/1\/tema-obligado-la-categoria-1\/#primaryimage"},"image":{"@id":"https:\/\/aeronoticias.com.pe\/noticiero\/ultimas\/1\/tema-obligado-la-categoria-1\/#primaryimage"},"thumbnailUrl":"https:\/\/aeronoticias.com.pe\/noticiero\/wp-content\/uploads\/2022\/11\/oac.jpeg","datePublished":"2022-11-04T17:42:15+00:00","dateModified":"2022-11-04T17:42:19+00:00","author":{"@id":"https:\/\/aeronoticias.com.pe\/noticiero\/#\/schema\/person\/16212a617c73f78916b13194154243bd"},"description":"Portal de noticias del Per\u00fa sobre el transporte a\u00e9reo, aviaci\u00f3n, turismo, hoteleria, actualidad.","breadcrumb":{"@id":"https:\/\/aeronoticias.com.pe\/noticiero\/ultimas\/1\/tema-obligado-la-categoria-1\/#breadcrumb"},"inLanguage":"es","potentialAction":[{"@type":"ReadAction","target":["https:\/\/aeronoticias.com.pe\/noticiero\/ultimas\/1\/tema-obligado-la-categoria-1\/"]}]},{"@type":"ImageObject","inLanguage":"es","@id":"https:\/\/aeronoticias.com.pe\/noticiero\/ultimas\/1\/tema-obligado-la-categoria-1\/#primaryimage","url":"https:\/\/aeronoticias.com.pe\/noticiero\/wp-content\/uploads\/2022\/11\/oac.jpeg","contentUrl":"https:\/\/aeronoticias.com.pe\/noticiero\/wp-content\/uploads\/2022\/11\/oac.jpeg","width":1280,"height":584},{"@type":"BreadcrumbList","@id":"https:\/\/aeronoticias.com.pe\/noticiero\/ultimas\/1\/tema-obligado-la-categoria-1\/#breadcrumb","itemListElement":[{"@type":"ListItem","position":1,"name":"Portada","item":"https:\/\/aeronoticias.com.pe\/noticiero\/"},{"@type":"ListItem","position":2,"name":"Tema obligado, la categor\u00eda 1"}]},{"@type":"WebSite","@id":"https:\/\/aeronoticias.com.pe\/noticiero\/#website","url":"https:\/\/aeronoticias.com.pe\/noticiero\/","name":"Aeronoticias.com.pe","description":"Noticias de tranporte aereo, turismo, hoteles, gastronomia, actualidad, internacional","potentialAction":[{"@type":"SearchAction","target":{"@type":"EntryPoint","urlTemplate":"https:\/\/aeronoticias.com.pe\/noticiero\/?s={search_term_string}"},"query-input":{"@type":"PropertyValueSpecification","valueRequired":true,"valueName":"search_term_string"}}],"inLanguage":"es"},{"@type":"Person","@id":"https:\/\/aeronoticias.com.pe\/noticiero\/#\/schema\/person\/16212a617c73f78916b13194154243bd","name":"Redacci\u00f3n","sameAs":["http:\/\/Redacci\u00f3n"],"url":"https:\/\/aeronoticias.com.pe\/noticiero\/author\/celeste\/"}]}},"_links":{"self":[{"href":"https:\/\/aeronoticias.com.pe\/noticiero\/wp-json\/wp\/v2\/posts\/81243","targetHints":{"allow":["GET"]}}],"collection":[{"href":"https:\/\/aeronoticias.com.pe\/noticiero\/wp-json\/wp\/v2\/posts"}],"about":[{"href":"https:\/\/aeronoticias.com.pe\/noticiero\/wp-json\/wp\/v2\/types\/post"}],"author":[{"embeddable":true,"href":"https:\/\/aeronoticias.com.pe\/noticiero\/wp-json\/wp\/v2\/users\/3"}],"replies":[{"embeddable":true,"href":"https:\/\/aeronoticias.com.pe\/noticiero\/wp-json\/wp\/v2\/comments?post=81243"}],"version-history":[{"count":0,"href":"https:\/\/aeronoticias.com.pe\/noticiero\/wp-json\/wp\/v2\/posts\/81243\/revisions"}],"wp:featuredmedia":[{"embeddable":true,"href":"https:\/\/aeronoticias.com.pe\/noticiero\/wp-json\/wp\/v2\/media\/81244"}],"wp:attachment":[{"href":"https:\/\/aeronoticias.com.pe\/noticiero\/wp-json\/wp\/v2\/media?parent=81243"}],"wp:term":[{"taxonomy":"category","embeddable":true,"href":"https:\/\/aeronoticias.com.pe\/noticiero\/wp-json\/wp\/v2\/categories?post=81243"},{"taxonomy":"post_tag","embeddable":true,"href":"https:\/\/aeronoticias.com.pe\/noticiero\/wp-json\/wp\/v2\/tags?post=81243"}],"curies":[{"name":"wp","href":"https:\/\/api.w.org\/{rel}","templated":true}]}}