{"id":81246,"date":"2022-11-04T12:49:07","date_gmt":"2022-11-04T17:49:07","guid":{"rendered":"https:\/\/aeronoticias.com.pe\/noticiero\/?p=81246"},"modified":"2022-11-04T12:49:10","modified_gmt":"2022-11-04T17:49:10","slug":"el-indecopi-retoma-atencion-presencial-en-plataforma-del-congreso-de-la-republica","status":"publish","type":"post","link":"https:\/\/aeronoticias.com.pe\/noticiero\/ultimas\/1\/el-indecopi-retoma-atencion-presencial-en-plataforma-del-congreso-de-la-republica\/","title":{"rendered":"El Indecopi retoma atenci\u00f3n presencial en plataforma del Congreso de la Rep\u00fablica"},"content":{"rendered":"\n<p><strong>(Aeronoticias)<\/strong>: Con el prop\u00f3sito de acercar sus servicios a la ciudadan\u00eda y brindar una mejor atenci\u00f3n, el Indecopi, en alianza con la Comisi\u00f3n de Defensa del Consumidor y Organismos Reguladores (CODECO) anunci\u00f3 que, a partir de hoy, se retoma la atenci\u00f3n presencial en la Plataforma de Atenci\u00f3n al Ciudadano, ubicada en el S\u00f3tano del Congreso de la Rep\u00fablica (jir\u00f3n Andahuaylas S\/N Cercado de Lima).<\/p>\n\n\n\n<div class=\"wp-block-image\"><figure class=\"aligncenter\"><img decoding=\"async\" src=\"https:\/\/cdn.www.gob.pe\/uploads\/document\/file\/3810565\/standard_El%20Indecopi%20retoma%20atenci%C3%B3n%20presencial%20en%20plataforma%20%20del%20Congreso%20de%20la%20Rep%C3%BAblica%20.jpeg\" alt=\"El Indecopi retoma atenci\u00f3n presencial en plataforma del Congreso de la Rep\u00fablica \n\"\/><\/figure><\/div>\n\n\n\n<p>En esta plataforma los ciudadanos podr\u00e1n tramitar reclamos en caso sus derechos como consumidores se vean afectados; asimismo, el Indecopi brindar\u00e1 asesor\u00eda sobre el proceso de registros en materia de propiedad intelectual. El horario de atenci\u00f3n es de lunes a viernes desde las 09:00 am. hasta las 05:00 pm.\u00a0<\/p>\n\n\n\n<div class=\"wp-block-image\"><figure class=\"aligncenter\"><img decoding=\"async\" src=\"https:\/\/cdn.www.gob.pe\/uploads\/document\/file\/3810566\/standard_El%20Indecopi%20retoma%20atenci%C3%B3n%20presencial%20en%20plataforma%20%20del%20Congreso%20de%20la%20Rep%C3%BAblica%20.jpeg\" alt=\"El Indecopi retoma atenci\u00f3n presencial en plataforma del Congreso de la Rep\u00fablica \n\"\/><\/figure><\/div>\n\n\n\n<p>Cabe se\u00f1alar que, esta plataforma inici\u00f3 sus servicios en el 2008, luego de que ambas entidades celebraran un convenio de cooperaci\u00f3n interinstitucional, el mismo que fue ratificado en el 2012. Posteriormente, con la llegada de la pandemia por la Covid-19, la atenci\u00f3n continu\u00f3 a trav\u00e9s de canales virtuales, correo electr\u00f3nico, tel\u00e9fono y mensajes de texto, beneficiando a consumidores y ciudadanos en general. \u00a0<\/p>\n\n\n\n<div class=\"wp-block-image\"><figure class=\"aligncenter\"><img decoding=\"async\" src=\"https:\/\/cdn.www.gob.pe\/uploads\/document\/file\/3810567\/standard_El%20Indecopi%20retoma%20atenci%C3%B3n%20presencial%20en%20plataforma%20%20del%20Congreso%20de%20la%20Rep%C3%BAblica%20.jpeg\" alt=\"El Indecopi retoma atenci\u00f3n presencial en plataforma del Congreso de la Rep\u00fablica \n\"\/><\/figure><\/div>\n\n\n\n<p>Al respecto, el presidente ejecutivo del Indecopi, Juli\u00e1n Palac\u00edn Guti\u00e9rrez, se\u00f1al\u00f3 que, \u00abdurante el 2021 se brindaron 4,999 asesor\u00edas a la ciudadan\u00eda, y se registraron 3,016 reclamos en materia de protecci\u00f3n al consumidor. Asimismo, de enero a octubre del presente a\u00f1o se orient\u00f3 a 4,544 ciudadanos y se registraron 2,624 reclamos\u00bb.<\/p>\n\n\n\n<p>El presidente del Congreso de la Rep\u00fablica, Jos\u00e9 Williams Zapata, manifest\u00f3 que el esfuerzo de ambas instituciones evidencia una notoria preocupaci\u00f3n por la ciudadan\u00eda. \u201cEstamos comprometidos con el bienestar de la poblaci\u00f3n y estamos atentos a la defensa de los usuarios\u201d, indic\u00f3.\u00a0 \u00a0<\/p>\n\n\n\n<p>Finalmente, el presidente de la CODECO, El\u00edas Varas Mel\u00e9ndez, destac\u00f3 el trabajo conjunto con el Indecopi y se\u00f1al\u00f3 que continuar\u00e1n articulando esfuerzos en favor de los consumidores.\u00a0\u00a0<\/p>\n\n\n\n<p><strong>Fuente: Indecopi<\/strong><\/p>\n","protected":false},"excerpt":{"rendered":"<p>(Aeronoticias): Con el prop\u00f3sito de acercar sus servicios a la ciudadan\u00eda y brindar una mejor atenci\u00f3n, el Indecopi, en alianza con la Comisi\u00f3n de Defensa del Consumidor y Organismos Reguladores (CODECO) anunci\u00f3 que, a partir de hoy, se retoma la atenci\u00f3n presencial en la Plataforma de Atenci\u00f3n al Ciudadano, ubicada en el S\u00f3tano del Congreso [&hellip;]<\/p>\n","protected":false},"author":3,"featured_media":81247,"comment_status":"open","ping_status":"open","sticky":false,"template":"","format":"standard","meta":{"tdm_status":"","tdm_grid_status":"","footnotes":""},"categories":[8,30],"tags":[1903,1367],"class_list":{"0":"post-81246","1":"post","2":"type-post","3":"status-publish","4":"format-standard","5":"has-post-thumbnail","7":"category-ultimas","8":"category-30","9":"tag-codeco","10":"tag-indecopi"},"yoast_head":"<!-- This site is optimized with the Yoast SEO plugin v25.1 - https:\/\/yoast.com\/wordpress\/plugins\/seo\/ -->\n<title>El Indecopi retoma atenci\u00f3n presencial en plataforma del Congreso de la Rep\u00fablica<\/title>\n<meta name=\"description\" content=\"Portal de noticias del Per\u00fa sobre el transporte a\u00e9reo, aviaci\u00f3n, turismo, hoteleria, actualidad.\" \/>\n<meta name=\"robots\" content=\"index, follow, max-snippet:-1, max-image-preview:large, max-video-preview:-1\" \/>\n<link rel=\"canonical\" href=\"https:\/\/aeronoticias.com.pe\/noticiero\/ultimas\/1\/el-indecopi-retoma-atencion-presencial-en-plataforma-del-congreso-de-la-republica\/\" \/>\n<meta property=\"og:locale\" content=\"es_ES\" \/>\n<meta property=\"og:type\" content=\"article\" \/>\n<meta property=\"og:title\" content=\"El Indecopi retoma atenci\u00f3n presencial en plataforma del Congreso de la Rep\u00fablica\" \/>\n<meta property=\"og:description\" content=\"Portal de noticias del Per\u00fa sobre el transporte a\u00e9reo, aviaci\u00f3n, turismo, hoteleria, actualidad.\" \/>\n<meta property=\"og:url\" content=\"https:\/\/aeronoticias.com.pe\/noticiero\/ultimas\/1\/el-indecopi-retoma-atencion-presencial-en-plataforma-del-congreso-de-la-republica\/\" \/>\n<meta property=\"og:site_name\" content=\"Aeronoticias.com.pe\" \/>\n<meta property=\"article:publisher\" content=\"https:\/\/www.facebook.com\/Aeronoticias.com.pe\/\" \/>\n<meta property=\"article:published_time\" content=\"2022-11-04T17:49:07+00:00\" \/>\n<meta property=\"article:modified_time\" content=\"2022-11-04T17:49:10+00:00\" \/>\n<meta property=\"og:image\" content=\"https:\/\/aeronoticias.com.pe\/noticiero\/wp-content\/uploads\/2022\/11\/jult-1.jpeg\" \/>\n\t<meta property=\"og:image:width\" content=\"645\" \/>\n\t<meta property=\"og:image:height\" content=\"363\" \/>\n\t<meta property=\"og:image:type\" content=\"image\/jpeg\" \/>\n<meta name=\"author\" content=\"Redacci\u00f3n\" \/>\n<meta name=\"twitter:card\" content=\"summary_large_image\" \/>\n<meta name=\"twitter:creator\" content=\"@aeronoticias\" \/>\n<meta name=\"twitter:site\" content=\"@aeronoticias\" \/>\n<meta name=\"twitter:label1\" content=\"Escrito por\" \/>\n\t<meta name=\"twitter:data1\" content=\"Redacci\u00f3n\" \/>\n\t<meta name=\"twitter:label2\" content=\"Tiempo de lectura\" \/>\n\t<meta name=\"twitter:data2\" content=\"2 minutos\" \/>\n<script type=\"application\/ld+json\" class=\"yoast-schema-graph\">{\"@context\":\"https:\/\/schema.org\",\"@graph\":[{\"@type\":\"WebPage\",\"@id\":\"https:\/\/aeronoticias.com.pe\/noticiero\/ultimas\/1\/el-indecopi-retoma-atencion-presencial-en-plataforma-del-congreso-de-la-republica\/\",\"url\":\"https:\/\/aeronoticias.com.pe\/noticiero\/ultimas\/1\/el-indecopi-retoma-atencion-presencial-en-plataforma-del-congreso-de-la-republica\/\",\"name\":\"El Indecopi retoma atenci\u00f3n presencial en plataforma del Congreso de la Rep\u00fablica\",\"isPartOf\":{\"@id\":\"https:\/\/aeronoticias.com.pe\/noticiero\/#website\"},\"primaryImageOfPage\":{\"@id\":\"https:\/\/aeronoticias.com.pe\/noticiero\/ultimas\/1\/el-indecopi-retoma-atencion-presencial-en-plataforma-del-congreso-de-la-republica\/#primaryimage\"},\"image\":{\"@id\":\"https:\/\/aeronoticias.com.pe\/noticiero\/ultimas\/1\/el-indecopi-retoma-atencion-presencial-en-plataforma-del-congreso-de-la-republica\/#primaryimage\"},\"thumbnailUrl\":\"https:\/\/aeronoticias.com.pe\/noticiero\/wp-content\/uploads\/2022\/11\/jult-1.jpeg\",\"datePublished\":\"2022-11-04T17:49:07+00:00\",\"dateModified\":\"2022-11-04T17:49:10+00:00\",\"author\":{\"@id\":\"https:\/\/aeronoticias.com.pe\/noticiero\/#\/schema\/person\/16212a617c73f78916b13194154243bd\"},\"description\":\"Portal de noticias del Per\u00fa sobre el transporte a\u00e9reo, aviaci\u00f3n, turismo, hoteleria, actualidad.\",\"breadcrumb\":{\"@id\":\"https:\/\/aeronoticias.com.pe\/noticiero\/ultimas\/1\/el-indecopi-retoma-atencion-presencial-en-plataforma-del-congreso-de-la-republica\/#breadcrumb\"},\"inLanguage\":\"es\",\"potentialAction\":[{\"@type\":\"ReadAction\",\"target\":[\"https:\/\/aeronoticias.com.pe\/noticiero\/ultimas\/1\/el-indecopi-retoma-atencion-presencial-en-plataforma-del-congreso-de-la-republica\/\"]}]},{\"@type\":\"ImageObject\",\"inLanguage\":\"es\",\"@id\":\"https:\/\/aeronoticias.com.pe\/noticiero\/ultimas\/1\/el-indecopi-retoma-atencion-presencial-en-plataforma-del-congreso-de-la-republica\/#primaryimage\",\"url\":\"https:\/\/aeronoticias.com.pe\/noticiero\/wp-content\/uploads\/2022\/11\/jult-1.jpeg\",\"contentUrl\":\"https:\/\/aeronoticias.com.pe\/noticiero\/wp-content\/uploads\/2022\/11\/jult-1.jpeg\",\"width\":645,\"height\":363},{\"@type\":\"BreadcrumbList\",\"@id\":\"https:\/\/aeronoticias.com.pe\/noticiero\/ultimas\/1\/el-indecopi-retoma-atencion-presencial-en-plataforma-del-congreso-de-la-republica\/#breadcrumb\",\"itemListElement\":[{\"@type\":\"ListItem\",\"position\":1,\"name\":\"Portada\",\"item\":\"https:\/\/aeronoticias.com.pe\/noticiero\/\"},{\"@type\":\"ListItem\",\"position\":2,\"name\":\"El Indecopi retoma atenci\u00f3n presencial en plataforma del Congreso de la Rep\u00fablica\"}]},{\"@type\":\"WebSite\",\"@id\":\"https:\/\/aeronoticias.com.pe\/noticiero\/#website\",\"url\":\"https:\/\/aeronoticias.com.pe\/noticiero\/\",\"name\":\"Aeronoticias.com.pe\",\"description\":\"Noticias de tranporte aereo, turismo, hoteles, gastronomia, actualidad, internacional\",\"potentialAction\":[{\"@type\":\"SearchAction\",\"target\":{\"@type\":\"EntryPoint\",\"urlTemplate\":\"https:\/\/aeronoticias.com.pe\/noticiero\/?s={search_term_string}\"},\"query-input\":{\"@type\":\"PropertyValueSpecification\",\"valueRequired\":true,\"valueName\":\"search_term_string\"}}],\"inLanguage\":\"es\"},{\"@type\":\"Person\",\"@id\":\"https:\/\/aeronoticias.com.pe\/noticiero\/#\/schema\/person\/16212a617c73f78916b13194154243bd\",\"name\":\"Redacci\u00f3n\",\"sameAs\":[\"http:\/\/Redacci\u00f3n\"],\"url\":\"https:\/\/aeronoticias.com.pe\/noticiero\/author\/celeste\/\"}]}<\/script>\n<!-- \/ Yoast SEO plugin. -->","yoast_head_json":{"title":"El Indecopi retoma atenci\u00f3n presencial en plataforma del Congreso de la Rep\u00fablica","description":"Portal de noticias del Per\u00fa sobre el transporte a\u00e9reo, aviaci\u00f3n, turismo, hoteleria, actualidad.","robots":{"index":"index","follow":"follow","max-snippet":"max-snippet:-1","max-image-preview":"max-image-preview:large","max-video-preview":"max-video-preview:-1"},"canonical":"https:\/\/aeronoticias.com.pe\/noticiero\/ultimas\/1\/el-indecopi-retoma-atencion-presencial-en-plataforma-del-congreso-de-la-republica\/","og_locale":"es_ES","og_type":"article","og_title":"El Indecopi retoma atenci\u00f3n presencial en plataforma del Congreso de la Rep\u00fablica","og_description":"Portal de noticias del Per\u00fa sobre el transporte a\u00e9reo, aviaci\u00f3n, turismo, hoteleria, actualidad.","og_url":"https:\/\/aeronoticias.com.pe\/noticiero\/ultimas\/1\/el-indecopi-retoma-atencion-presencial-en-plataforma-del-congreso-de-la-republica\/","og_site_name":"Aeronoticias.com.pe","article_publisher":"https:\/\/www.facebook.com\/Aeronoticias.com.pe\/","article_published_time":"2022-11-04T17:49:07+00:00","article_modified_time":"2022-11-04T17:49:10+00:00","og_image":[{"width":645,"height":363,"url":"https:\/\/aeronoticias.com.pe\/noticiero\/wp-content\/uploads\/2022\/11\/jult-1.jpeg","type":"image\/jpeg"}],"author":"Redacci\u00f3n","twitter_card":"summary_large_image","twitter_creator":"@aeronoticias","twitter_site":"@aeronoticias","twitter_misc":{"Escrito por":"Redacci\u00f3n","Tiempo de lectura":"2 minutos"},"schema":{"@context":"https:\/\/schema.org","@graph":[{"@type":"WebPage","@id":"https:\/\/aeronoticias.com.pe\/noticiero\/ultimas\/1\/el-indecopi-retoma-atencion-presencial-en-plataforma-del-congreso-de-la-republica\/","url":"https:\/\/aeronoticias.com.pe\/noticiero\/ultimas\/1\/el-indecopi-retoma-atencion-presencial-en-plataforma-del-congreso-de-la-republica\/","name":"El Indecopi retoma atenci\u00f3n presencial en plataforma del Congreso de la Rep\u00fablica","isPartOf":{"@id":"https:\/\/aeronoticias.com.pe\/noticiero\/#website"},"primaryImageOfPage":{"@id":"https:\/\/aeronoticias.com.pe\/noticiero\/ultimas\/1\/el-indecopi-retoma-atencion-presencial-en-plataforma-del-congreso-de-la-republica\/#primaryimage"},"image":{"@id":"https:\/\/aeronoticias.com.pe\/noticiero\/ultimas\/1\/el-indecopi-retoma-atencion-presencial-en-plataforma-del-congreso-de-la-republica\/#primaryimage"},"thumbnailUrl":"https:\/\/aeronoticias.com.pe\/noticiero\/wp-content\/uploads\/2022\/11\/jult-1.jpeg","datePublished":"2022-11-04T17:49:07+00:00","dateModified":"2022-11-04T17:49:10+00:00","author":{"@id":"https:\/\/aeronoticias.com.pe\/noticiero\/#\/schema\/person\/16212a617c73f78916b13194154243bd"},"description":"Portal de noticias del Per\u00fa sobre el transporte a\u00e9reo, aviaci\u00f3n, turismo, hoteleria, actualidad.","breadcrumb":{"@id":"https:\/\/aeronoticias.com.pe\/noticiero\/ultimas\/1\/el-indecopi-retoma-atencion-presencial-en-plataforma-del-congreso-de-la-republica\/#breadcrumb"},"inLanguage":"es","potentialAction":[{"@type":"ReadAction","target":["https:\/\/aeronoticias.com.pe\/noticiero\/ultimas\/1\/el-indecopi-retoma-atencion-presencial-en-plataforma-del-congreso-de-la-republica\/"]}]},{"@type":"ImageObject","inLanguage":"es","@id":"https:\/\/aeronoticias.com.pe\/noticiero\/ultimas\/1\/el-indecopi-retoma-atencion-presencial-en-plataforma-del-congreso-de-la-republica\/#primaryimage","url":"https:\/\/aeronoticias.com.pe\/noticiero\/wp-content\/uploads\/2022\/11\/jult-1.jpeg","contentUrl":"https:\/\/aeronoticias.com.pe\/noticiero\/wp-content\/uploads\/2022\/11\/jult-1.jpeg","width":645,"height":363},{"@type":"BreadcrumbList","@id":"https:\/\/aeronoticias.com.pe\/noticiero\/ultimas\/1\/el-indecopi-retoma-atencion-presencial-en-plataforma-del-congreso-de-la-republica\/#breadcrumb","itemListElement":[{"@type":"ListItem","position":1,"name":"Portada","item":"https:\/\/aeronoticias.com.pe\/noticiero\/"},{"@type":"ListItem","position":2,"name":"El Indecopi retoma atenci\u00f3n presencial en plataforma del Congreso de la Rep\u00fablica"}]},{"@type":"WebSite","@id":"https:\/\/aeronoticias.com.pe\/noticiero\/#website","url":"https:\/\/aeronoticias.com.pe\/noticiero\/","name":"Aeronoticias.com.pe","description":"Noticias de tranporte aereo, turismo, hoteles, gastronomia, actualidad, internacional","potentialAction":[{"@type":"SearchAction","target":{"@type":"EntryPoint","urlTemplate":"https:\/\/aeronoticias.com.pe\/noticiero\/?s={search_term_string}"},"query-input":{"@type":"PropertyValueSpecification","valueRequired":true,"valueName":"search_term_string"}}],"inLanguage":"es"},{"@type":"Person","@id":"https:\/\/aeronoticias.com.pe\/noticiero\/#\/schema\/person\/16212a617c73f78916b13194154243bd","name":"Redacci\u00f3n","sameAs":["http:\/\/Redacci\u00f3n"],"url":"https:\/\/aeronoticias.com.pe\/noticiero\/author\/celeste\/"}]}},"_links":{"self":[{"href":"https:\/\/aeronoticias.com.pe\/noticiero\/wp-json\/wp\/v2\/posts\/81246","targetHints":{"allow":["GET"]}}],"collection":[{"href":"https:\/\/aeronoticias.com.pe\/noticiero\/wp-json\/wp\/v2\/posts"}],"about":[{"href":"https:\/\/aeronoticias.com.pe\/noticiero\/wp-json\/wp\/v2\/types\/post"}],"author":[{"embeddable":true,"href":"https:\/\/aeronoticias.com.pe\/noticiero\/wp-json\/wp\/v2\/users\/3"}],"replies":[{"embeddable":true,"href":"https:\/\/aeronoticias.com.pe\/noticiero\/wp-json\/wp\/v2\/comments?post=81246"}],"version-history":[{"count":0,"href":"https:\/\/aeronoticias.com.pe\/noticiero\/wp-json\/wp\/v2\/posts\/81246\/revisions"}],"wp:featuredmedia":[{"embeddable":true,"href":"https:\/\/aeronoticias.com.pe\/noticiero\/wp-json\/wp\/v2\/media\/81247"}],"wp:attachment":[{"href":"https:\/\/aeronoticias.com.pe\/noticiero\/wp-json\/wp\/v2\/media?parent=81246"}],"wp:term":[{"taxonomy":"category","embeddable":true,"href":"https:\/\/aeronoticias.com.pe\/noticiero\/wp-json\/wp\/v2\/categories?post=81246"},{"taxonomy":"post_tag","embeddable":true,"href":"https:\/\/aeronoticias.com.pe\/noticiero\/wp-json\/wp\/v2\/tags?post=81246"}],"curies":[{"name":"wp","href":"https:\/\/api.w.org\/{rel}","templated":true}]}}