{"id":81249,"date":"2022-11-07T10:25:04","date_gmt":"2022-11-07T15:25:04","guid":{"rendered":"https:\/\/aeronoticias.com.pe\/noticiero\/?p=81249"},"modified":"2022-11-07T10:25:15","modified_gmt":"2022-11-07T15:25:15","slug":"a-fin-de-noviembre-fecha-para-concluir-aeropuerto-de-tulum","status":"publish","type":"post","link":"https:\/\/aeronoticias.com.pe\/noticiero\/transporte-aereo\/internacional\/a-fin-de-noviembre-fecha-para-concluir-aeropuerto-de-tulum\/","title":{"rendered":"A fin de noviembre fecha para concluir Aeropuerto de Tulum"},"content":{"rendered":"\n<p><strong>(Aeronoticias)<\/strong>: Ser\u00e1 para finales de este mes cuando se d\u00e9 a conocer la fecha en que sea inaugurado el<strong>\u00a0Aeropuerto Internacional Felipe Carrillo Puerto<\/strong>, en Tulum, Quintana Roo, as\u00ed como el tramo del Tren Maya Canc\u00fan-Escarcega.<\/p>\n\n\n\n<p>De gira por Quintana Roo, el Presidente de la Rep\u00fablica,\u00a0<strong>Andr\u00e9s Manuel L\u00f3pez Obrador<\/strong>, dijo que ser\u00e1 para el 26 de noviembre cuando se den a conocer las fechas de conclusi\u00f3n de las obras.<\/p>\n\n\n\n<p>El general\u00a0<strong>Gustavo Ricardo Vallejo<\/strong>\u00a0fue el encargado de informarle al Jefe del Ejecutivo Federal, a quien le present\u00f3 una maqueta y un video de casi 10 minutos de duraci\u00f3n que fue subido Twitter, los avances de las dos obras.<\/p>\n\n\n\n<p>Explic\u00f3 que el\u00a0<strong>Aeropuerto\u00a0<\/strong>se encuentra en un predio de 1,200 hect\u00e1reas, en los cuales, en la parte norte se construir\u00e1 el edificio para pasajeros y una pista en el lado sur.<\/p>\n\n\n\n<p>El general Vallejo, mismo que fue el encargado del\u00a0<strong>Aeropuerto Internacional Felipe \u00c1ngeles<\/strong>\u00a0(AIFA), dijo que menos de 500 hect\u00e1reas de vegetaci\u00f3n ser\u00e1n afectadas.<\/p>\n\n\n\n<p>En su momento A21.mx report\u00f3 que para el a\u00f1o 2022 se asign\u00f3 un presupuesto de 13,154 millones de pesos al\u00a0<strong>aeropuerto de Tulum<\/strong>\u00a0y aunque s\u00f3lo faltan 3,177.7 mil millones de pesos para concluir, este a\u00f1o no hay una partida considerada.<\/p>\n\n\n\n<p>Los dos \u00fanicos organismos que tendr\u00e1n aumento son la\u00a0<strong>Agencia Federal de Aviaci\u00f3n Civil\u00a0<\/strong>(AFAC) de 500 a 678.7 mmdp y la\u00a0<strong>Agencia Espacial Mexicana<\/strong>\u00a0con 3.1 mmdp m\u00e1s (de 65.9 a 69 mmdp).<\/p>\n\n\n\n<p>Adem\u00e1s, este reporte se da luego de que se publicara que la\u00a0<strong>Secretar\u00eda de la Defensa Nacional<\/strong>\u00a0(Sedena), la encargada de la obra del Aeropuerto de Tulum, se hab\u00eda desistido de uno de los dos procedimientos presentados para obtener el Manifiesto de Impacto Ambiental correspondiente al proyecto de la<strong>\u00a0terminal a\u00e9rea<\/strong>.<\/p>\n\n\n\n<p>Ante esto, la\u00a0<strong>Secretar\u00eda del Medio Ambiente<\/strong>\u00a0precis\u00f3 sobre la construcci\u00f3n de la Base A\u00e9rea Civil Militar y Aeropuerto Internacional en Felipe Carrillo Puerto, que se conectar\u00e1 con el sistema carretero actual y con el Tren Maya, para facilitar los traslados de personas, bienes y servicios al sur de la\u00a0<strong>Riviera Maya<\/strong>, con \u00e9nfasis en el corredor Playa del Carmen -Tulum-Chetumal.<\/p>\n\n\n\n<p>Indic\u00f3 que el proyecto se encuentra en proceso de evaluaci\u00f3n de<strong>\u00a0impacto ambiental\u00a0<\/strong>para asegurar que los estudios y\/o trabajos t\u00e9cnicos que se est\u00e1n desarrollando cumplan con la normatividad ambiental y con los ordenamientos aplicables, y se establezcan las medidas de mitigaci\u00f3n y compensaci\u00f3n necesarias y suficientes para evitar\u00a0<strong>desequilibrios ecol\u00f3gicos<\/strong>\u00a0en la regi\u00f3n.<\/p>\n\n\n\n<p>La dependencia federal considera importante aclarar que el oficio que ha sido difundido a trav\u00e9s de publicaciones en algunas redes sociales es parte de uno de los procedimientos administrativos que la\u00a0<strong>Semarnat<\/strong>\u00a0resuelve, en\u00a0<strong>atenci\u00f3n a los tr\u00e1mites<\/strong>\u00a0solicitados por los promoventes tanto p\u00fablicos como privados.<\/p>\n\n\n\n<p>Por ello, precis\u00f3 que en ning\u00fan momento el oficio emitido por la Semarnat califica al proyecto del\u00a0<strong>aeropuerto de Tulum<\/strong>\u00a0como inviable.<\/p>\n\n\n\n<p><strong>Fuente: A21 MX<\/strong><\/p>\n","protected":false},"excerpt":{"rendered":"<p>(Aeronoticias): Ser\u00e1 para finales de este mes cuando se d\u00e9 a conocer la fecha en que sea inaugurado el\u00a0Aeropuerto Internacional Felipe Carrillo Puerto, en Tulum, Quintana Roo, as\u00ed como el tramo del Tren Maya Canc\u00fan-Escarcega. De gira por Quintana Roo, el Presidente de la Rep\u00fablica,\u00a0Andr\u00e9s Manuel L\u00f3pez Obrador, dijo que ser\u00e1 para el 26 de [&hellip;]<\/p>\n","protected":false},"author":3,"featured_media":81250,"comment_status":"open","ping_status":"open","sticky":false,"template":"","format":"standard","meta":{"tdm_status":"","tdm_grid_status":"","footnotes":""},"categories":[32,34],"tags":[2417,1824],"class_list":{"0":"post-81249","1":"post","2":"type-post","3":"status-publish","4":"format-standard","5":"has-post-thumbnail","7":"category-internacional","8":"category-internacionales","9":"tag-aeropuerto-de-tulum","10":"tag-sedena"},"yoast_head":"<!-- This site is optimized with the Yoast SEO plugin v25.1 - https:\/\/yoast.com\/wordpress\/plugins\/seo\/ -->\n<title>A fin de noviembre fecha para concluir Aeropuerto de Tulum<\/title>\n<meta name=\"description\" content=\"NO HAY PARTIDA EN EL PEF 2023 PARA ESTA TERMINAL A\u00c9REA\" \/>\n<meta name=\"robots\" content=\"index, follow, max-snippet:-1, max-image-preview:large, max-video-preview:-1\" \/>\n<link rel=\"canonical\" href=\"https:\/\/aeronoticias.com.pe\/noticiero\/transporte-aereo\/internacional\/a-fin-de-noviembre-fecha-para-concluir-aeropuerto-de-tulum\/\" \/>\n<meta property=\"og:locale\" content=\"es_ES\" \/>\n<meta property=\"og:type\" content=\"article\" \/>\n<meta property=\"og:title\" content=\"A fin de noviembre fecha para concluir Aeropuerto de Tulum\" \/>\n<meta property=\"og:description\" content=\"NO HAY PARTIDA EN EL PEF 2023 PARA ESTA TERMINAL A\u00c9REA\" \/>\n<meta property=\"og:url\" content=\"https:\/\/aeronoticias.com.pe\/noticiero\/transporte-aereo\/internacional\/a-fin-de-noviembre-fecha-para-concluir-aeropuerto-de-tulum\/\" \/>\n<meta property=\"og:site_name\" content=\"Aeronoticias.com.pe\" \/>\n<meta property=\"article:publisher\" content=\"https:\/\/www.facebook.com\/Aeronoticias.com.pe\/\" \/>\n<meta property=\"article:published_time\" content=\"2022-11-07T15:25:04+00:00\" \/>\n<meta property=\"article:modified_time\" content=\"2022-11-07T15:25:15+00:00\" \/>\n<meta property=\"og:image\" content=\"https:\/\/aeronoticias.com.pe\/noticiero\/wp-content\/uploads\/2022\/11\/AERO.jpg\" \/>\n\t<meta property=\"og:image:width\" content=\"1440\" \/>\n\t<meta property=\"og:image:height\" content=\"810\" \/>\n\t<meta property=\"og:image:type\" content=\"image\/jpeg\" \/>\n<meta name=\"author\" content=\"Redacci\u00f3n\" \/>\n<meta name=\"twitter:card\" content=\"summary_large_image\" \/>\n<meta name=\"twitter:creator\" content=\"@aeronoticias\" \/>\n<meta name=\"twitter:site\" content=\"@aeronoticias\" \/>\n<meta name=\"twitter:label1\" content=\"Escrito por\" \/>\n\t<meta name=\"twitter:data1\" content=\"Redacci\u00f3n\" \/>\n\t<meta name=\"twitter:label2\" content=\"Tiempo de lectura\" \/>\n\t<meta name=\"twitter:data2\" content=\"3 minutos\" \/>\n<script type=\"application\/ld+json\" class=\"yoast-schema-graph\">{\"@context\":\"https:\/\/schema.org\",\"@graph\":[{\"@type\":\"WebPage\",\"@id\":\"https:\/\/aeronoticias.com.pe\/noticiero\/transporte-aereo\/internacional\/a-fin-de-noviembre-fecha-para-concluir-aeropuerto-de-tulum\/\",\"url\":\"https:\/\/aeronoticias.com.pe\/noticiero\/transporte-aereo\/internacional\/a-fin-de-noviembre-fecha-para-concluir-aeropuerto-de-tulum\/\",\"name\":\"A fin de noviembre fecha para concluir Aeropuerto de Tulum\",\"isPartOf\":{\"@id\":\"https:\/\/aeronoticias.com.pe\/noticiero\/#website\"},\"primaryImageOfPage\":{\"@id\":\"https:\/\/aeronoticias.com.pe\/noticiero\/transporte-aereo\/internacional\/a-fin-de-noviembre-fecha-para-concluir-aeropuerto-de-tulum\/#primaryimage\"},\"image\":{\"@id\":\"https:\/\/aeronoticias.com.pe\/noticiero\/transporte-aereo\/internacional\/a-fin-de-noviembre-fecha-para-concluir-aeropuerto-de-tulum\/#primaryimage\"},\"thumbnailUrl\":\"https:\/\/aeronoticias.com.pe\/noticiero\/wp-content\/uploads\/2022\/11\/AERO.jpg\",\"datePublished\":\"2022-11-07T15:25:04+00:00\",\"dateModified\":\"2022-11-07T15:25:15+00:00\",\"author\":{\"@id\":\"https:\/\/aeronoticias.com.pe\/noticiero\/#\/schema\/person\/16212a617c73f78916b13194154243bd\"},\"description\":\"NO HAY PARTIDA EN EL PEF 2023 PARA ESTA TERMINAL A\u00c9REA\",\"breadcrumb\":{\"@id\":\"https:\/\/aeronoticias.com.pe\/noticiero\/transporte-aereo\/internacional\/a-fin-de-noviembre-fecha-para-concluir-aeropuerto-de-tulum\/#breadcrumb\"},\"inLanguage\":\"es\",\"potentialAction\":[{\"@type\":\"ReadAction\",\"target\":[\"https:\/\/aeronoticias.com.pe\/noticiero\/transporte-aereo\/internacional\/a-fin-de-noviembre-fecha-para-concluir-aeropuerto-de-tulum\/\"]}]},{\"@type\":\"ImageObject\",\"inLanguage\":\"es\",\"@id\":\"https:\/\/aeronoticias.com.pe\/noticiero\/transporte-aereo\/internacional\/a-fin-de-noviembre-fecha-para-concluir-aeropuerto-de-tulum\/#primaryimage\",\"url\":\"https:\/\/aeronoticias.com.pe\/noticiero\/wp-content\/uploads\/2022\/11\/AERO.jpg\",\"contentUrl\":\"https:\/\/aeronoticias.com.pe\/noticiero\/wp-content\/uploads\/2022\/11\/AERO.jpg\",\"width\":1440,\"height\":810},{\"@type\":\"BreadcrumbList\",\"@id\":\"https:\/\/aeronoticias.com.pe\/noticiero\/transporte-aereo\/internacional\/a-fin-de-noviembre-fecha-para-concluir-aeropuerto-de-tulum\/#breadcrumb\",\"itemListElement\":[{\"@type\":\"ListItem\",\"position\":1,\"name\":\"Portada\",\"item\":\"https:\/\/aeronoticias.com.pe\/noticiero\/\"},{\"@type\":\"ListItem\",\"position\":2,\"name\":\"A fin de noviembre fecha para concluir Aeropuerto de Tulum\"}]},{\"@type\":\"WebSite\",\"@id\":\"https:\/\/aeronoticias.com.pe\/noticiero\/#website\",\"url\":\"https:\/\/aeronoticias.com.pe\/noticiero\/\",\"name\":\"Aeronoticias.com.pe\",\"description\":\"Noticias de tranporte aereo, turismo, hoteles, gastronomia, actualidad, internacional\",\"potentialAction\":[{\"@type\":\"SearchAction\",\"target\":{\"@type\":\"EntryPoint\",\"urlTemplate\":\"https:\/\/aeronoticias.com.pe\/noticiero\/?s={search_term_string}\"},\"query-input\":{\"@type\":\"PropertyValueSpecification\",\"valueRequired\":true,\"valueName\":\"search_term_string\"}}],\"inLanguage\":\"es\"},{\"@type\":\"Person\",\"@id\":\"https:\/\/aeronoticias.com.pe\/noticiero\/#\/schema\/person\/16212a617c73f78916b13194154243bd\",\"name\":\"Redacci\u00f3n\",\"sameAs\":[\"http:\/\/Redacci\u00f3n\"],\"url\":\"https:\/\/aeronoticias.com.pe\/noticiero\/author\/celeste\/\"}]}<\/script>\n<!-- \/ Yoast SEO plugin. -->","yoast_head_json":{"title":"A fin de noviembre fecha para concluir Aeropuerto de Tulum","description":"NO HAY PARTIDA EN EL PEF 2023 PARA ESTA TERMINAL A\u00c9REA","robots":{"index":"index","follow":"follow","max-snippet":"max-snippet:-1","max-image-preview":"max-image-preview:large","max-video-preview":"max-video-preview:-1"},"canonical":"https:\/\/aeronoticias.com.pe\/noticiero\/transporte-aereo\/internacional\/a-fin-de-noviembre-fecha-para-concluir-aeropuerto-de-tulum\/","og_locale":"es_ES","og_type":"article","og_title":"A fin de noviembre fecha para concluir Aeropuerto de Tulum","og_description":"NO HAY PARTIDA EN EL PEF 2023 PARA ESTA TERMINAL A\u00c9REA","og_url":"https:\/\/aeronoticias.com.pe\/noticiero\/transporte-aereo\/internacional\/a-fin-de-noviembre-fecha-para-concluir-aeropuerto-de-tulum\/","og_site_name":"Aeronoticias.com.pe","article_publisher":"https:\/\/www.facebook.com\/Aeronoticias.com.pe\/","article_published_time":"2022-11-07T15:25:04+00:00","article_modified_time":"2022-11-07T15:25:15+00:00","og_image":[{"width":1440,"height":810,"url":"https:\/\/aeronoticias.com.pe\/noticiero\/wp-content\/uploads\/2022\/11\/AERO.jpg","type":"image\/jpeg"}],"author":"Redacci\u00f3n","twitter_card":"summary_large_image","twitter_creator":"@aeronoticias","twitter_site":"@aeronoticias","twitter_misc":{"Escrito por":"Redacci\u00f3n","Tiempo de lectura":"3 minutos"},"schema":{"@context":"https:\/\/schema.org","@graph":[{"@type":"WebPage","@id":"https:\/\/aeronoticias.com.pe\/noticiero\/transporte-aereo\/internacional\/a-fin-de-noviembre-fecha-para-concluir-aeropuerto-de-tulum\/","url":"https:\/\/aeronoticias.com.pe\/noticiero\/transporte-aereo\/internacional\/a-fin-de-noviembre-fecha-para-concluir-aeropuerto-de-tulum\/","name":"A fin de noviembre fecha para concluir Aeropuerto de Tulum","isPartOf":{"@id":"https:\/\/aeronoticias.com.pe\/noticiero\/#website"},"primaryImageOfPage":{"@id":"https:\/\/aeronoticias.com.pe\/noticiero\/transporte-aereo\/internacional\/a-fin-de-noviembre-fecha-para-concluir-aeropuerto-de-tulum\/#primaryimage"},"image":{"@id":"https:\/\/aeronoticias.com.pe\/noticiero\/transporte-aereo\/internacional\/a-fin-de-noviembre-fecha-para-concluir-aeropuerto-de-tulum\/#primaryimage"},"thumbnailUrl":"https:\/\/aeronoticias.com.pe\/noticiero\/wp-content\/uploads\/2022\/11\/AERO.jpg","datePublished":"2022-11-07T15:25:04+00:00","dateModified":"2022-11-07T15:25:15+00:00","author":{"@id":"https:\/\/aeronoticias.com.pe\/noticiero\/#\/schema\/person\/16212a617c73f78916b13194154243bd"},"description":"NO HAY PARTIDA EN EL PEF 2023 PARA ESTA TERMINAL A\u00c9REA","breadcrumb":{"@id":"https:\/\/aeronoticias.com.pe\/noticiero\/transporte-aereo\/internacional\/a-fin-de-noviembre-fecha-para-concluir-aeropuerto-de-tulum\/#breadcrumb"},"inLanguage":"es","potentialAction":[{"@type":"ReadAction","target":["https:\/\/aeronoticias.com.pe\/noticiero\/transporte-aereo\/internacional\/a-fin-de-noviembre-fecha-para-concluir-aeropuerto-de-tulum\/"]}]},{"@type":"ImageObject","inLanguage":"es","@id":"https:\/\/aeronoticias.com.pe\/noticiero\/transporte-aereo\/internacional\/a-fin-de-noviembre-fecha-para-concluir-aeropuerto-de-tulum\/#primaryimage","url":"https:\/\/aeronoticias.com.pe\/noticiero\/wp-content\/uploads\/2022\/11\/AERO.jpg","contentUrl":"https:\/\/aeronoticias.com.pe\/noticiero\/wp-content\/uploads\/2022\/11\/AERO.jpg","width":1440,"height":810},{"@type":"BreadcrumbList","@id":"https:\/\/aeronoticias.com.pe\/noticiero\/transporte-aereo\/internacional\/a-fin-de-noviembre-fecha-para-concluir-aeropuerto-de-tulum\/#breadcrumb","itemListElement":[{"@type":"ListItem","position":1,"name":"Portada","item":"https:\/\/aeronoticias.com.pe\/noticiero\/"},{"@type":"ListItem","position":2,"name":"A fin de noviembre fecha para concluir Aeropuerto de Tulum"}]},{"@type":"WebSite","@id":"https:\/\/aeronoticias.com.pe\/noticiero\/#website","url":"https:\/\/aeronoticias.com.pe\/noticiero\/","name":"Aeronoticias.com.pe","description":"Noticias de tranporte aereo, turismo, hoteles, gastronomia, actualidad, internacional","potentialAction":[{"@type":"SearchAction","target":{"@type":"EntryPoint","urlTemplate":"https:\/\/aeronoticias.com.pe\/noticiero\/?s={search_term_string}"},"query-input":{"@type":"PropertyValueSpecification","valueRequired":true,"valueName":"search_term_string"}}],"inLanguage":"es"},{"@type":"Person","@id":"https:\/\/aeronoticias.com.pe\/noticiero\/#\/schema\/person\/16212a617c73f78916b13194154243bd","name":"Redacci\u00f3n","sameAs":["http:\/\/Redacci\u00f3n"],"url":"https:\/\/aeronoticias.com.pe\/noticiero\/author\/celeste\/"}]}},"_links":{"self":[{"href":"https:\/\/aeronoticias.com.pe\/noticiero\/wp-json\/wp\/v2\/posts\/81249","targetHints":{"allow":["GET"]}}],"collection":[{"href":"https:\/\/aeronoticias.com.pe\/noticiero\/wp-json\/wp\/v2\/posts"}],"about":[{"href":"https:\/\/aeronoticias.com.pe\/noticiero\/wp-json\/wp\/v2\/types\/post"}],"author":[{"embeddable":true,"href":"https:\/\/aeronoticias.com.pe\/noticiero\/wp-json\/wp\/v2\/users\/3"}],"replies":[{"embeddable":true,"href":"https:\/\/aeronoticias.com.pe\/noticiero\/wp-json\/wp\/v2\/comments?post=81249"}],"version-history":[{"count":0,"href":"https:\/\/aeronoticias.com.pe\/noticiero\/wp-json\/wp\/v2\/posts\/81249\/revisions"}],"wp:featuredmedia":[{"embeddable":true,"href":"https:\/\/aeronoticias.com.pe\/noticiero\/wp-json\/wp\/v2\/media\/81250"}],"wp:attachment":[{"href":"https:\/\/aeronoticias.com.pe\/noticiero\/wp-json\/wp\/v2\/media?parent=81249"}],"wp:term":[{"taxonomy":"category","embeddable":true,"href":"https:\/\/aeronoticias.com.pe\/noticiero\/wp-json\/wp\/v2\/categories?post=81249"},{"taxonomy":"post_tag","embeddable":true,"href":"https:\/\/aeronoticias.com.pe\/noticiero\/wp-json\/wp\/v2\/tags?post=81249"}],"curies":[{"name":"wp","href":"https:\/\/api.w.org\/{rel}","templated":true}]}}