{"id":81258,"date":"2022-11-07T12:36:20","date_gmt":"2022-11-07T17:36:20","guid":{"rendered":"https:\/\/aeronoticias.com.pe\/noticiero\/?p=81258"},"modified":"2022-11-07T12:36:25","modified_gmt":"2022-11-07T17:36:25","slug":"embraer-entrego-33-aviones-en-el-tercer-trimestre-del-ano","status":"publish","type":"post","link":"https:\/\/aeronoticias.com.pe\/noticiero\/ultimas\/1\/embraer-entrego-33-aviones-en-el-tercer-trimestre-del-ano\/","title":{"rendered":"Embraer entreg\u00f3 33 aviones en el tercer trimestre del a\u00f1o"},"content":{"rendered":"\n<p><strong>(Aerolineas<\/strong>): El fabricante brasile\u00f1o\u00a0<strong>Embraer<\/strong>\u00a0inform\u00f3 este lunes entreg\u00f3 33 aviones en el tercer trimestre de 2022, de los cuales 10 fueron comerciales y 23 ejecutivos. El volumen de entregas es un 10% superior en comparaci\u00f3n con los 30 entregados en el mismo periodo de 2021. En lo que va de a\u00f1o, la compa\u00f1\u00eda ha entregado un total de 79 aviones (27 comerciales y 52 ejecutivos).<\/p>\n\n\n\n<p>En septiembre, Embraer celebr\u00f3 la entrega del E-Jet n\u00famero 1.700. Un E195-E2, adquirido por Aircastle, fue entregado a KLM Cityhopper durante una ceremonia en S\u00e3o Jos\u00e9 dos Campos.<\/p>\n\n\n\n<p><strong><em><a href=\"https:\/\/aviacionaldia.com\/2022\/10\/embraer-y-nac-firman-pedido-e-jets-freighters.html\">Embraer y NAC firman pedido de hasta 10 nuevas conversiones E-Jets Freighters.<\/a><\/em><\/strong><\/p>\n\n\n\n<p>En octubre, SalamAir, de Om\u00e1n, y TUI, de B\u00e9lgica, anunciaron la selecci\u00f3n del E195-E2 para integrar sus respectivas flotas. La aerol\u00ednea oman\u00ed ha firmado un pedido en firme de seis aviones, con derechos de compra para otros seis. Por su parte, TUI recibir\u00e1 tres E195-E2 de AerCap, en virtud de un acuerdo de arrendamiento a largo plazo.<\/p>\n\n\n\n<p>Embraer reafirm\u00f3 su proyecci\u00f3n de entregas para este 2022, que era de 60 a 70 aviones comerciales y de 100 a 110 ejecutivos, seg\u00fan comunic\u00f3 en el cierre del ejercicio de 2021.<\/p>\n\n\n\n<p><strong>Fuente: aviacionaldia.com<\/strong><\/p>\n","protected":false},"excerpt":{"rendered":"<p>(Aerolineas): El fabricante brasile\u00f1o\u00a0Embraer\u00a0inform\u00f3 este lunes entreg\u00f3 33 aviones en el tercer trimestre de 2022, de los cuales 10 fueron comerciales y 23 ejecutivos. El volumen de entregas es un 10% superior en comparaci\u00f3n con los 30 entregados en el mismo periodo de 2021. En lo que va de a\u00f1o, la compa\u00f1\u00eda ha entregado un [&hellip;]<\/p>\n","protected":false},"author":3,"featured_media":81259,"comment_status":"open","ping_status":"open","sticky":false,"template":"","format":"standard","meta":{"tdm_status":"","tdm_grid_status":"","footnotes":""},"categories":[8,30],"tags":[196,183],"class_list":{"0":"post-81258","1":"post","2":"type-post","3":"status-publish","4":"format-standard","5":"has-post-thumbnail","7":"category-ultimas","8":"category-30","9":"tag-embraer","10":"tag-klm"},"yoast_head":"<!-- This site is optimized with the Yoast SEO plugin v25.1 - https:\/\/yoast.com\/wordpress\/plugins\/seo\/ -->\n<title>Embraer entreg\u00f3 33 aviones en el tercer trimestre del a\u00f1o<\/title>\n<meta name=\"description\" content=\"Portal de noticias del Per\u00fa sobre el transporte a\u00e9reo, aviaci\u00f3n, turismo, hoteleria, actualidad.\" \/>\n<meta name=\"robots\" content=\"index, follow, max-snippet:-1, max-image-preview:large, max-video-preview:-1\" \/>\n<link rel=\"canonical\" href=\"https:\/\/aeronoticias.com.pe\/noticiero\/ultimas\/1\/embraer-entrego-33-aviones-en-el-tercer-trimestre-del-ano\/\" \/>\n<meta property=\"og:locale\" content=\"es_ES\" \/>\n<meta property=\"og:type\" content=\"article\" \/>\n<meta property=\"og:title\" content=\"Embraer entreg\u00f3 33 aviones en el tercer trimestre del a\u00f1o\" \/>\n<meta property=\"og:description\" content=\"Portal de noticias del Per\u00fa sobre el transporte a\u00e9reo, aviaci\u00f3n, turismo, hoteleria, actualidad.\" \/>\n<meta property=\"og:url\" content=\"https:\/\/aeronoticias.com.pe\/noticiero\/ultimas\/1\/embraer-entrego-33-aviones-en-el-tercer-trimestre-del-ano\/\" \/>\n<meta property=\"og:site_name\" content=\"Aeronoticias.com.pe\" \/>\n<meta property=\"article:publisher\" content=\"https:\/\/www.facebook.com\/Aeronoticias.com.pe\/\" \/>\n<meta property=\"article:published_time\" content=\"2022-11-07T17:36:20+00:00\" \/>\n<meta property=\"article:modified_time\" content=\"2022-11-07T17:36:25+00:00\" \/>\n<meta property=\"og:image\" content=\"https:\/\/aeronoticias.com.pe\/noticiero\/wp-content\/uploads\/2022\/11\/vion.jpg\" \/>\n\t<meta property=\"og:image:width\" content=\"800\" \/>\n\t<meta property=\"og:image:height\" content=\"400\" \/>\n\t<meta property=\"og:image:type\" content=\"image\/jpeg\" \/>\n<meta name=\"author\" content=\"Redacci\u00f3n\" \/>\n<meta name=\"twitter:card\" content=\"summary_large_image\" \/>\n<meta name=\"twitter:creator\" content=\"@aeronoticias\" \/>\n<meta name=\"twitter:site\" content=\"@aeronoticias\" \/>\n<meta name=\"twitter:label1\" content=\"Escrito por\" \/>\n\t<meta name=\"twitter:data1\" content=\"Redacci\u00f3n\" \/>\n\t<meta name=\"twitter:label2\" content=\"Tiempo de lectura\" \/>\n\t<meta name=\"twitter:data2\" content=\"1 minuto\" \/>\n<script type=\"application\/ld+json\" class=\"yoast-schema-graph\">{\"@context\":\"https:\/\/schema.org\",\"@graph\":[{\"@type\":\"WebPage\",\"@id\":\"https:\/\/aeronoticias.com.pe\/noticiero\/ultimas\/1\/embraer-entrego-33-aviones-en-el-tercer-trimestre-del-ano\/\",\"url\":\"https:\/\/aeronoticias.com.pe\/noticiero\/ultimas\/1\/embraer-entrego-33-aviones-en-el-tercer-trimestre-del-ano\/\",\"name\":\"Embraer entreg\u00f3 33 aviones en el tercer trimestre del a\u00f1o\",\"isPartOf\":{\"@id\":\"https:\/\/aeronoticias.com.pe\/noticiero\/#website\"},\"primaryImageOfPage\":{\"@id\":\"https:\/\/aeronoticias.com.pe\/noticiero\/ultimas\/1\/embraer-entrego-33-aviones-en-el-tercer-trimestre-del-ano\/#primaryimage\"},\"image\":{\"@id\":\"https:\/\/aeronoticias.com.pe\/noticiero\/ultimas\/1\/embraer-entrego-33-aviones-en-el-tercer-trimestre-del-ano\/#primaryimage\"},\"thumbnailUrl\":\"https:\/\/aeronoticias.com.pe\/noticiero\/wp-content\/uploads\/2022\/11\/vion.jpg\",\"datePublished\":\"2022-11-07T17:36:20+00:00\",\"dateModified\":\"2022-11-07T17:36:25+00:00\",\"author\":{\"@id\":\"https:\/\/aeronoticias.com.pe\/noticiero\/#\/schema\/person\/16212a617c73f78916b13194154243bd\"},\"description\":\"Portal de noticias del Per\u00fa sobre el transporte a\u00e9reo, aviaci\u00f3n, turismo, hoteleria, actualidad.\",\"breadcrumb\":{\"@id\":\"https:\/\/aeronoticias.com.pe\/noticiero\/ultimas\/1\/embraer-entrego-33-aviones-en-el-tercer-trimestre-del-ano\/#breadcrumb\"},\"inLanguage\":\"es\",\"potentialAction\":[{\"@type\":\"ReadAction\",\"target\":[\"https:\/\/aeronoticias.com.pe\/noticiero\/ultimas\/1\/embraer-entrego-33-aviones-en-el-tercer-trimestre-del-ano\/\"]}]},{\"@type\":\"ImageObject\",\"inLanguage\":\"es\",\"@id\":\"https:\/\/aeronoticias.com.pe\/noticiero\/ultimas\/1\/embraer-entrego-33-aviones-en-el-tercer-trimestre-del-ano\/#primaryimage\",\"url\":\"https:\/\/aeronoticias.com.pe\/noticiero\/wp-content\/uploads\/2022\/11\/vion.jpg\",\"contentUrl\":\"https:\/\/aeronoticias.com.pe\/noticiero\/wp-content\/uploads\/2022\/11\/vion.jpg\",\"width\":800,\"height\":400},{\"@type\":\"BreadcrumbList\",\"@id\":\"https:\/\/aeronoticias.com.pe\/noticiero\/ultimas\/1\/embraer-entrego-33-aviones-en-el-tercer-trimestre-del-ano\/#breadcrumb\",\"itemListElement\":[{\"@type\":\"ListItem\",\"position\":1,\"name\":\"Portada\",\"item\":\"https:\/\/aeronoticias.com.pe\/noticiero\/\"},{\"@type\":\"ListItem\",\"position\":2,\"name\":\"Embraer entreg\u00f3 33 aviones en el tercer trimestre del a\u00f1o\"}]},{\"@type\":\"WebSite\",\"@id\":\"https:\/\/aeronoticias.com.pe\/noticiero\/#website\",\"url\":\"https:\/\/aeronoticias.com.pe\/noticiero\/\",\"name\":\"Aeronoticias.com.pe\",\"description\":\"Noticias de tranporte aereo, turismo, hoteles, gastronomia, actualidad, internacional\",\"potentialAction\":[{\"@type\":\"SearchAction\",\"target\":{\"@type\":\"EntryPoint\",\"urlTemplate\":\"https:\/\/aeronoticias.com.pe\/noticiero\/?s={search_term_string}\"},\"query-input\":{\"@type\":\"PropertyValueSpecification\",\"valueRequired\":true,\"valueName\":\"search_term_string\"}}],\"inLanguage\":\"es\"},{\"@type\":\"Person\",\"@id\":\"https:\/\/aeronoticias.com.pe\/noticiero\/#\/schema\/person\/16212a617c73f78916b13194154243bd\",\"name\":\"Redacci\u00f3n\",\"sameAs\":[\"http:\/\/Redacci\u00f3n\"],\"url\":\"https:\/\/aeronoticias.com.pe\/noticiero\/author\/celeste\/\"}]}<\/script>\n<!-- \/ Yoast SEO plugin. -->","yoast_head_json":{"title":"Embraer entreg\u00f3 33 aviones en el tercer trimestre del a\u00f1o","description":"Portal de noticias del Per\u00fa sobre el transporte a\u00e9reo, aviaci\u00f3n, turismo, hoteleria, actualidad.","robots":{"index":"index","follow":"follow","max-snippet":"max-snippet:-1","max-image-preview":"max-image-preview:large","max-video-preview":"max-video-preview:-1"},"canonical":"https:\/\/aeronoticias.com.pe\/noticiero\/ultimas\/1\/embraer-entrego-33-aviones-en-el-tercer-trimestre-del-ano\/","og_locale":"es_ES","og_type":"article","og_title":"Embraer entreg\u00f3 33 aviones en el tercer trimestre del a\u00f1o","og_description":"Portal de noticias del Per\u00fa sobre el transporte a\u00e9reo, aviaci\u00f3n, turismo, hoteleria, actualidad.","og_url":"https:\/\/aeronoticias.com.pe\/noticiero\/ultimas\/1\/embraer-entrego-33-aviones-en-el-tercer-trimestre-del-ano\/","og_site_name":"Aeronoticias.com.pe","article_publisher":"https:\/\/www.facebook.com\/Aeronoticias.com.pe\/","article_published_time":"2022-11-07T17:36:20+00:00","article_modified_time":"2022-11-07T17:36:25+00:00","og_image":[{"width":800,"height":400,"url":"https:\/\/aeronoticias.com.pe\/noticiero\/wp-content\/uploads\/2022\/11\/vion.jpg","type":"image\/jpeg"}],"author":"Redacci\u00f3n","twitter_card":"summary_large_image","twitter_creator":"@aeronoticias","twitter_site":"@aeronoticias","twitter_misc":{"Escrito por":"Redacci\u00f3n","Tiempo de lectura":"1 minuto"},"schema":{"@context":"https:\/\/schema.org","@graph":[{"@type":"WebPage","@id":"https:\/\/aeronoticias.com.pe\/noticiero\/ultimas\/1\/embraer-entrego-33-aviones-en-el-tercer-trimestre-del-ano\/","url":"https:\/\/aeronoticias.com.pe\/noticiero\/ultimas\/1\/embraer-entrego-33-aviones-en-el-tercer-trimestre-del-ano\/","name":"Embraer entreg\u00f3 33 aviones en el tercer trimestre del a\u00f1o","isPartOf":{"@id":"https:\/\/aeronoticias.com.pe\/noticiero\/#website"},"primaryImageOfPage":{"@id":"https:\/\/aeronoticias.com.pe\/noticiero\/ultimas\/1\/embraer-entrego-33-aviones-en-el-tercer-trimestre-del-ano\/#primaryimage"},"image":{"@id":"https:\/\/aeronoticias.com.pe\/noticiero\/ultimas\/1\/embraer-entrego-33-aviones-en-el-tercer-trimestre-del-ano\/#primaryimage"},"thumbnailUrl":"https:\/\/aeronoticias.com.pe\/noticiero\/wp-content\/uploads\/2022\/11\/vion.jpg","datePublished":"2022-11-07T17:36:20+00:00","dateModified":"2022-11-07T17:36:25+00:00","author":{"@id":"https:\/\/aeronoticias.com.pe\/noticiero\/#\/schema\/person\/16212a617c73f78916b13194154243bd"},"description":"Portal de noticias del Per\u00fa sobre el transporte a\u00e9reo, aviaci\u00f3n, turismo, hoteleria, actualidad.","breadcrumb":{"@id":"https:\/\/aeronoticias.com.pe\/noticiero\/ultimas\/1\/embraer-entrego-33-aviones-en-el-tercer-trimestre-del-ano\/#breadcrumb"},"inLanguage":"es","potentialAction":[{"@type":"ReadAction","target":["https:\/\/aeronoticias.com.pe\/noticiero\/ultimas\/1\/embraer-entrego-33-aviones-en-el-tercer-trimestre-del-ano\/"]}]},{"@type":"ImageObject","inLanguage":"es","@id":"https:\/\/aeronoticias.com.pe\/noticiero\/ultimas\/1\/embraer-entrego-33-aviones-en-el-tercer-trimestre-del-ano\/#primaryimage","url":"https:\/\/aeronoticias.com.pe\/noticiero\/wp-content\/uploads\/2022\/11\/vion.jpg","contentUrl":"https:\/\/aeronoticias.com.pe\/noticiero\/wp-content\/uploads\/2022\/11\/vion.jpg","width":800,"height":400},{"@type":"BreadcrumbList","@id":"https:\/\/aeronoticias.com.pe\/noticiero\/ultimas\/1\/embraer-entrego-33-aviones-en-el-tercer-trimestre-del-ano\/#breadcrumb","itemListElement":[{"@type":"ListItem","position":1,"name":"Portada","item":"https:\/\/aeronoticias.com.pe\/noticiero\/"},{"@type":"ListItem","position":2,"name":"Embraer entreg\u00f3 33 aviones en el tercer trimestre del a\u00f1o"}]},{"@type":"WebSite","@id":"https:\/\/aeronoticias.com.pe\/noticiero\/#website","url":"https:\/\/aeronoticias.com.pe\/noticiero\/","name":"Aeronoticias.com.pe","description":"Noticias de tranporte aereo, turismo, hoteles, gastronomia, actualidad, internacional","potentialAction":[{"@type":"SearchAction","target":{"@type":"EntryPoint","urlTemplate":"https:\/\/aeronoticias.com.pe\/noticiero\/?s={search_term_string}"},"query-input":{"@type":"PropertyValueSpecification","valueRequired":true,"valueName":"search_term_string"}}],"inLanguage":"es"},{"@type":"Person","@id":"https:\/\/aeronoticias.com.pe\/noticiero\/#\/schema\/person\/16212a617c73f78916b13194154243bd","name":"Redacci\u00f3n","sameAs":["http:\/\/Redacci\u00f3n"],"url":"https:\/\/aeronoticias.com.pe\/noticiero\/author\/celeste\/"}]}},"_links":{"self":[{"href":"https:\/\/aeronoticias.com.pe\/noticiero\/wp-json\/wp\/v2\/posts\/81258","targetHints":{"allow":["GET"]}}],"collection":[{"href":"https:\/\/aeronoticias.com.pe\/noticiero\/wp-json\/wp\/v2\/posts"}],"about":[{"href":"https:\/\/aeronoticias.com.pe\/noticiero\/wp-json\/wp\/v2\/types\/post"}],"author":[{"embeddable":true,"href":"https:\/\/aeronoticias.com.pe\/noticiero\/wp-json\/wp\/v2\/users\/3"}],"replies":[{"embeddable":true,"href":"https:\/\/aeronoticias.com.pe\/noticiero\/wp-json\/wp\/v2\/comments?post=81258"}],"version-history":[{"count":0,"href":"https:\/\/aeronoticias.com.pe\/noticiero\/wp-json\/wp\/v2\/posts\/81258\/revisions"}],"wp:featuredmedia":[{"embeddable":true,"href":"https:\/\/aeronoticias.com.pe\/noticiero\/wp-json\/wp\/v2\/media\/81259"}],"wp:attachment":[{"href":"https:\/\/aeronoticias.com.pe\/noticiero\/wp-json\/wp\/v2\/media?parent=81258"}],"wp:term":[{"taxonomy":"category","embeddable":true,"href":"https:\/\/aeronoticias.com.pe\/noticiero\/wp-json\/wp\/v2\/categories?post=81258"},{"taxonomy":"post_tag","embeddable":true,"href":"https:\/\/aeronoticias.com.pe\/noticiero\/wp-json\/wp\/v2\/tags?post=81258"}],"curies":[{"name":"wp","href":"https:\/\/api.w.org\/{rel}","templated":true}]}}