{"id":81267,"date":"2022-11-08T09:08:35","date_gmt":"2022-11-08T14:08:35","guid":{"rendered":"https:\/\/aeronoticias.com.pe\/noticiero\/?p=81267"},"modified":"2022-11-08T09:08:39","modified_gmt":"2022-11-08T14:08:39","slug":"el-indecopi-retoma-actividades-presenciales-de-capacitacion-con-la-ocde","status":"publish","type":"post","link":"https:\/\/aeronoticias.com.pe\/noticiero\/ultimas\/1\/el-indecopi-retoma-actividades-presenciales-de-capacitacion-con-la-ocde\/","title":{"rendered":"El Indecopi retoma actividades presenciales de capacitaci\u00f3n con la OCDE"},"content":{"rendered":"\n<p><strong>(Aeronoticias)<\/strong>: El presidente ejecutivo del Indecopi, Juli\u00e1n Palac\u00edn Guti\u00e9rrez, se reuni\u00f3 el d\u00eda de hoy con el jefe de la Divisi\u00f3n de Competencia de la Organizaci\u00f3n para la Cooperaci\u00f3n y el Desarrollo Econ\u00f3micos (OCDE), Ori Schwartz, con el fin de ratificar el compromiso de continuar promoviendo la competencia y mercados libres en beneficio de la ciudadan\u00eda.\u00a0<\/p>\n\n\n\n<div class=\"wp-block-image\"><figure class=\"aligncenter\"><img decoding=\"async\" src=\"https:\/\/cdn.www.gob.pe\/uploads\/document\/file\/3817425\/standard_DSC_4128.png.png\" alt=\"El Indecopi retoma actividades presenciales de capacitaci\u00f3n con la OCDE\"\/><\/figure><\/div>\n\n\n\n<p>En ese sentido, Palac\u00edn Guti\u00e9rrez ratific\u00f3 el compromiso y liderazgo del Indecopi para continuar en el Comit\u00e9 de Competencia de la OCDE, incorporar en nuestro pa\u00eds las mejores pr\u00e1cticas internacionales en materia de competencia, as\u00ed como ampliar los beneficios del Centro Regional de Competencia para Am\u00e9rica Latina y el Caribe de la OCDE con sede en Per\u00fa.<\/p>\n\n\n\n<div class=\"wp-block-image\"><figure class=\"aligncenter\"><img decoding=\"async\" src=\"https:\/\/cdn.www.gob.pe\/uploads\/document\/file\/3817424\/standard_DSC_4372.png.png\" alt=\"El Indecopi retoma actividades presenciales de capacitaci\u00f3n con la OCDE\"\/><\/figure><\/div>\n\n\n\n<p>De esta manera, se retomar\u00e1n las actividades presenciales que el Indecopi ha organizado para este 08 y 09 de noviembre, en el primer taller en formato presencial, tras la pandemia, denominado \u201cCompetencia en las plataformas digitales\u201d, en el marco del plan de actividades 2022 del Centro Regional de Competencia de la OCDE para Am\u00e9rica Latina y El Caribe, a cargo de Indecopi.<\/p>\n\n\n\n<div class=\"wp-block-image\"><figure class=\"aligncenter\"><img decoding=\"async\" src=\"https:\/\/cdn.www.gob.pe\/uploads\/document\/file\/3817426\/standard_DSC_4220.png.png\" alt=\"El Indecopi retoma actividades presenciales de capacitaci\u00f3n con la OCDE\"\/><\/figure><\/div>\n\n\n\n<p>Cabe se\u00f1alar que el Per\u00fa, a trav\u00e9s del RCC, ofrece capacitaci\u00f3n, talleres y cursos de formaci\u00f3n a los funcionarios de la regi\u00f3n latinoamericana dedicados a la aplicaci\u00f3n de las pol\u00edticas y fomento de la competencia. Desde la creaci\u00f3n de la sede en Per\u00fa-INDECOPI se han llevado a cabo 12 talleres, con un aproximado de mil funcionarios capacitados, siendo el presente taller el cuarto del presente a\u00f1o, y el primero en formato presencial.<\/p>\n\n\n\n<div class=\"wp-block-image\"><figure class=\"aligncenter\"><img decoding=\"async\" src=\"https:\/\/cdn.www.gob.pe\/uploads\/document\/file\/3817427\/standard_DSC_4233.png.png\" alt=\"El Indecopi retoma actividades presenciales de capacitaci\u00f3n con la OCDE\"\/><\/figure><\/div>\n\n\n\n<p><strong>Fuente: Indecopi<\/strong><\/p>\n","protected":false},"excerpt":{"rendered":"<p>(Aeronoticias): El presidente ejecutivo del Indecopi, Juli\u00e1n Palac\u00edn Guti\u00e9rrez, se reuni\u00f3 el d\u00eda de hoy con el jefe de la Divisi\u00f3n de Competencia de la Organizaci\u00f3n para la Cooperaci\u00f3n y el Desarrollo Econ\u00f3micos (OCDE), Ori Schwartz, con el fin de ratificar el compromiso de continuar promoviendo la competencia y mercados libres en beneficio de la [&hellip;]<\/p>\n","protected":false},"author":3,"featured_media":81268,"comment_status":"open","ping_status":"open","sticky":false,"template":"","format":"standard","meta":{"tdm_status":"","tdm_grid_status":"","footnotes":""},"categories":[8,30],"tags":[1367,1744],"class_list":{"0":"post-81267","1":"post","2":"type-post","3":"status-publish","4":"format-standard","5":"has-post-thumbnail","7":"category-ultimas","8":"category-30","9":"tag-indecopi","10":"tag-ocde"},"yoast_head":"<!-- This site is optimized with the Yoast SEO plugin v25.1 - https:\/\/yoast.com\/wordpress\/plugins\/seo\/ -->\n<title>El Indecopi retoma actividades presenciales de capacitaci\u00f3n con la OCDE<\/title>\n<meta name=\"description\" content=\"Este 08 y 09 de noviembre se desarrollar\u00e1 el primer taller presencial \u201cCompetencia en las plataformas digitales\u201d, tras la pandemia.\" \/>\n<meta name=\"robots\" content=\"index, follow, max-snippet:-1, max-image-preview:large, max-video-preview:-1\" \/>\n<link rel=\"canonical\" href=\"https:\/\/aeronoticias.com.pe\/noticiero\/ultimas\/1\/el-indecopi-retoma-actividades-presenciales-de-capacitacion-con-la-ocde\/\" \/>\n<meta property=\"og:locale\" content=\"es_ES\" \/>\n<meta property=\"og:type\" content=\"article\" \/>\n<meta property=\"og:title\" content=\"El Indecopi retoma actividades presenciales de capacitaci\u00f3n con la OCDE\" \/>\n<meta property=\"og:description\" content=\"Este 08 y 09 de noviembre se desarrollar\u00e1 el primer taller presencial \u201cCompetencia en las plataformas digitales\u201d, tras la pandemia.\" \/>\n<meta property=\"og:url\" content=\"https:\/\/aeronoticias.com.pe\/noticiero\/ultimas\/1\/el-indecopi-retoma-actividades-presenciales-de-capacitacion-con-la-ocde\/\" \/>\n<meta property=\"og:site_name\" content=\"Aeronoticias.com.pe\" \/>\n<meta property=\"article:publisher\" content=\"https:\/\/www.facebook.com\/Aeronoticias.com.pe\/\" \/>\n<meta property=\"article:published_time\" content=\"2022-11-08T14:08:35+00:00\" \/>\n<meta property=\"article:modified_time\" content=\"2022-11-08T14:08:39+00:00\" \/>\n<meta property=\"og:image\" content=\"https:\/\/aeronoticias.com.pe\/noticiero\/wp-content\/uploads\/2022\/11\/jull.png\" \/>\n\t<meta property=\"og:image:width\" content=\"645\" \/>\n\t<meta property=\"og:image:height\" content=\"363\" \/>\n\t<meta property=\"og:image:type\" content=\"image\/png\" \/>\n<meta name=\"author\" content=\"Redacci\u00f3n\" \/>\n<meta name=\"twitter:card\" content=\"summary_large_image\" \/>\n<meta name=\"twitter:creator\" content=\"@aeronoticias\" \/>\n<meta name=\"twitter:site\" content=\"@aeronoticias\" \/>\n<meta name=\"twitter:label1\" content=\"Escrito por\" \/>\n\t<meta name=\"twitter:data1\" content=\"Redacci\u00f3n\" \/>\n\t<meta name=\"twitter:label2\" content=\"Tiempo de lectura\" \/>\n\t<meta name=\"twitter:data2\" content=\"1 minuto\" \/>\n<script type=\"application\/ld+json\" class=\"yoast-schema-graph\">{\"@context\":\"https:\/\/schema.org\",\"@graph\":[{\"@type\":\"WebPage\",\"@id\":\"https:\/\/aeronoticias.com.pe\/noticiero\/ultimas\/1\/el-indecopi-retoma-actividades-presenciales-de-capacitacion-con-la-ocde\/\",\"url\":\"https:\/\/aeronoticias.com.pe\/noticiero\/ultimas\/1\/el-indecopi-retoma-actividades-presenciales-de-capacitacion-con-la-ocde\/\",\"name\":\"El Indecopi retoma actividades presenciales de capacitaci\u00f3n con la OCDE\",\"isPartOf\":{\"@id\":\"https:\/\/aeronoticias.com.pe\/noticiero\/#website\"},\"primaryImageOfPage\":{\"@id\":\"https:\/\/aeronoticias.com.pe\/noticiero\/ultimas\/1\/el-indecopi-retoma-actividades-presenciales-de-capacitacion-con-la-ocde\/#primaryimage\"},\"image\":{\"@id\":\"https:\/\/aeronoticias.com.pe\/noticiero\/ultimas\/1\/el-indecopi-retoma-actividades-presenciales-de-capacitacion-con-la-ocde\/#primaryimage\"},\"thumbnailUrl\":\"https:\/\/aeronoticias.com.pe\/noticiero\/wp-content\/uploads\/2022\/11\/jull.png\",\"datePublished\":\"2022-11-08T14:08:35+00:00\",\"dateModified\":\"2022-11-08T14:08:39+00:00\",\"author\":{\"@id\":\"https:\/\/aeronoticias.com.pe\/noticiero\/#\/schema\/person\/16212a617c73f78916b13194154243bd\"},\"description\":\"Este 08 y 09 de noviembre se desarrollar\u00e1 el primer taller presencial \u201cCompetencia en las plataformas digitales\u201d, tras la pandemia.\",\"breadcrumb\":{\"@id\":\"https:\/\/aeronoticias.com.pe\/noticiero\/ultimas\/1\/el-indecopi-retoma-actividades-presenciales-de-capacitacion-con-la-ocde\/#breadcrumb\"},\"inLanguage\":\"es\",\"potentialAction\":[{\"@type\":\"ReadAction\",\"target\":[\"https:\/\/aeronoticias.com.pe\/noticiero\/ultimas\/1\/el-indecopi-retoma-actividades-presenciales-de-capacitacion-con-la-ocde\/\"]}]},{\"@type\":\"ImageObject\",\"inLanguage\":\"es\",\"@id\":\"https:\/\/aeronoticias.com.pe\/noticiero\/ultimas\/1\/el-indecopi-retoma-actividades-presenciales-de-capacitacion-con-la-ocde\/#primaryimage\",\"url\":\"https:\/\/aeronoticias.com.pe\/noticiero\/wp-content\/uploads\/2022\/11\/jull.png\",\"contentUrl\":\"https:\/\/aeronoticias.com.pe\/noticiero\/wp-content\/uploads\/2022\/11\/jull.png\",\"width\":645,\"height\":363},{\"@type\":\"BreadcrumbList\",\"@id\":\"https:\/\/aeronoticias.com.pe\/noticiero\/ultimas\/1\/el-indecopi-retoma-actividades-presenciales-de-capacitacion-con-la-ocde\/#breadcrumb\",\"itemListElement\":[{\"@type\":\"ListItem\",\"position\":1,\"name\":\"Portada\",\"item\":\"https:\/\/aeronoticias.com.pe\/noticiero\/\"},{\"@type\":\"ListItem\",\"position\":2,\"name\":\"El Indecopi retoma actividades presenciales de capacitaci\u00f3n con la OCDE\"}]},{\"@type\":\"WebSite\",\"@id\":\"https:\/\/aeronoticias.com.pe\/noticiero\/#website\",\"url\":\"https:\/\/aeronoticias.com.pe\/noticiero\/\",\"name\":\"Aeronoticias.com.pe\",\"description\":\"Noticias de tranporte aereo, turismo, hoteles, gastronomia, actualidad, internacional\",\"potentialAction\":[{\"@type\":\"SearchAction\",\"target\":{\"@type\":\"EntryPoint\",\"urlTemplate\":\"https:\/\/aeronoticias.com.pe\/noticiero\/?s={search_term_string}\"},\"query-input\":{\"@type\":\"PropertyValueSpecification\",\"valueRequired\":true,\"valueName\":\"search_term_string\"}}],\"inLanguage\":\"es\"},{\"@type\":\"Person\",\"@id\":\"https:\/\/aeronoticias.com.pe\/noticiero\/#\/schema\/person\/16212a617c73f78916b13194154243bd\",\"name\":\"Redacci\u00f3n\",\"sameAs\":[\"http:\/\/Redacci\u00f3n\"],\"url\":\"https:\/\/aeronoticias.com.pe\/noticiero\/author\/celeste\/\"}]}<\/script>\n<!-- \/ Yoast SEO plugin. -->","yoast_head_json":{"title":"El Indecopi retoma actividades presenciales de capacitaci\u00f3n con la OCDE","description":"Este 08 y 09 de noviembre se desarrollar\u00e1 el primer taller presencial \u201cCompetencia en las plataformas digitales\u201d, tras la pandemia.","robots":{"index":"index","follow":"follow","max-snippet":"max-snippet:-1","max-image-preview":"max-image-preview:large","max-video-preview":"max-video-preview:-1"},"canonical":"https:\/\/aeronoticias.com.pe\/noticiero\/ultimas\/1\/el-indecopi-retoma-actividades-presenciales-de-capacitacion-con-la-ocde\/","og_locale":"es_ES","og_type":"article","og_title":"El Indecopi retoma actividades presenciales de capacitaci\u00f3n con la OCDE","og_description":"Este 08 y 09 de noviembre se desarrollar\u00e1 el primer taller presencial \u201cCompetencia en las plataformas digitales\u201d, tras la pandemia.","og_url":"https:\/\/aeronoticias.com.pe\/noticiero\/ultimas\/1\/el-indecopi-retoma-actividades-presenciales-de-capacitacion-con-la-ocde\/","og_site_name":"Aeronoticias.com.pe","article_publisher":"https:\/\/www.facebook.com\/Aeronoticias.com.pe\/","article_published_time":"2022-11-08T14:08:35+00:00","article_modified_time":"2022-11-08T14:08:39+00:00","og_image":[{"width":645,"height":363,"url":"https:\/\/aeronoticias.com.pe\/noticiero\/wp-content\/uploads\/2022\/11\/jull.png","type":"image\/png"}],"author":"Redacci\u00f3n","twitter_card":"summary_large_image","twitter_creator":"@aeronoticias","twitter_site":"@aeronoticias","twitter_misc":{"Escrito por":"Redacci\u00f3n","Tiempo de lectura":"1 minuto"},"schema":{"@context":"https:\/\/schema.org","@graph":[{"@type":"WebPage","@id":"https:\/\/aeronoticias.com.pe\/noticiero\/ultimas\/1\/el-indecopi-retoma-actividades-presenciales-de-capacitacion-con-la-ocde\/","url":"https:\/\/aeronoticias.com.pe\/noticiero\/ultimas\/1\/el-indecopi-retoma-actividades-presenciales-de-capacitacion-con-la-ocde\/","name":"El Indecopi retoma actividades presenciales de capacitaci\u00f3n con la OCDE","isPartOf":{"@id":"https:\/\/aeronoticias.com.pe\/noticiero\/#website"},"primaryImageOfPage":{"@id":"https:\/\/aeronoticias.com.pe\/noticiero\/ultimas\/1\/el-indecopi-retoma-actividades-presenciales-de-capacitacion-con-la-ocde\/#primaryimage"},"image":{"@id":"https:\/\/aeronoticias.com.pe\/noticiero\/ultimas\/1\/el-indecopi-retoma-actividades-presenciales-de-capacitacion-con-la-ocde\/#primaryimage"},"thumbnailUrl":"https:\/\/aeronoticias.com.pe\/noticiero\/wp-content\/uploads\/2022\/11\/jull.png","datePublished":"2022-11-08T14:08:35+00:00","dateModified":"2022-11-08T14:08:39+00:00","author":{"@id":"https:\/\/aeronoticias.com.pe\/noticiero\/#\/schema\/person\/16212a617c73f78916b13194154243bd"},"description":"Este 08 y 09 de noviembre se desarrollar\u00e1 el primer taller presencial \u201cCompetencia en las plataformas digitales\u201d, tras la pandemia.","breadcrumb":{"@id":"https:\/\/aeronoticias.com.pe\/noticiero\/ultimas\/1\/el-indecopi-retoma-actividades-presenciales-de-capacitacion-con-la-ocde\/#breadcrumb"},"inLanguage":"es","potentialAction":[{"@type":"ReadAction","target":["https:\/\/aeronoticias.com.pe\/noticiero\/ultimas\/1\/el-indecopi-retoma-actividades-presenciales-de-capacitacion-con-la-ocde\/"]}]},{"@type":"ImageObject","inLanguage":"es","@id":"https:\/\/aeronoticias.com.pe\/noticiero\/ultimas\/1\/el-indecopi-retoma-actividades-presenciales-de-capacitacion-con-la-ocde\/#primaryimage","url":"https:\/\/aeronoticias.com.pe\/noticiero\/wp-content\/uploads\/2022\/11\/jull.png","contentUrl":"https:\/\/aeronoticias.com.pe\/noticiero\/wp-content\/uploads\/2022\/11\/jull.png","width":645,"height":363},{"@type":"BreadcrumbList","@id":"https:\/\/aeronoticias.com.pe\/noticiero\/ultimas\/1\/el-indecopi-retoma-actividades-presenciales-de-capacitacion-con-la-ocde\/#breadcrumb","itemListElement":[{"@type":"ListItem","position":1,"name":"Portada","item":"https:\/\/aeronoticias.com.pe\/noticiero\/"},{"@type":"ListItem","position":2,"name":"El Indecopi retoma actividades presenciales de capacitaci\u00f3n con la OCDE"}]},{"@type":"WebSite","@id":"https:\/\/aeronoticias.com.pe\/noticiero\/#website","url":"https:\/\/aeronoticias.com.pe\/noticiero\/","name":"Aeronoticias.com.pe","description":"Noticias de tranporte aereo, turismo, hoteles, gastronomia, actualidad, internacional","potentialAction":[{"@type":"SearchAction","target":{"@type":"EntryPoint","urlTemplate":"https:\/\/aeronoticias.com.pe\/noticiero\/?s={search_term_string}"},"query-input":{"@type":"PropertyValueSpecification","valueRequired":true,"valueName":"search_term_string"}}],"inLanguage":"es"},{"@type":"Person","@id":"https:\/\/aeronoticias.com.pe\/noticiero\/#\/schema\/person\/16212a617c73f78916b13194154243bd","name":"Redacci\u00f3n","sameAs":["http:\/\/Redacci\u00f3n"],"url":"https:\/\/aeronoticias.com.pe\/noticiero\/author\/celeste\/"}]}},"_links":{"self":[{"href":"https:\/\/aeronoticias.com.pe\/noticiero\/wp-json\/wp\/v2\/posts\/81267","targetHints":{"allow":["GET"]}}],"collection":[{"href":"https:\/\/aeronoticias.com.pe\/noticiero\/wp-json\/wp\/v2\/posts"}],"about":[{"href":"https:\/\/aeronoticias.com.pe\/noticiero\/wp-json\/wp\/v2\/types\/post"}],"author":[{"embeddable":true,"href":"https:\/\/aeronoticias.com.pe\/noticiero\/wp-json\/wp\/v2\/users\/3"}],"replies":[{"embeddable":true,"href":"https:\/\/aeronoticias.com.pe\/noticiero\/wp-json\/wp\/v2\/comments?post=81267"}],"version-history":[{"count":0,"href":"https:\/\/aeronoticias.com.pe\/noticiero\/wp-json\/wp\/v2\/posts\/81267\/revisions"}],"wp:featuredmedia":[{"embeddable":true,"href":"https:\/\/aeronoticias.com.pe\/noticiero\/wp-json\/wp\/v2\/media\/81268"}],"wp:attachment":[{"href":"https:\/\/aeronoticias.com.pe\/noticiero\/wp-json\/wp\/v2\/media?parent=81267"}],"wp:term":[{"taxonomy":"category","embeddable":true,"href":"https:\/\/aeronoticias.com.pe\/noticiero\/wp-json\/wp\/v2\/categories?post=81267"},{"taxonomy":"post_tag","embeddable":true,"href":"https:\/\/aeronoticias.com.pe\/noticiero\/wp-json\/wp\/v2\/tags?post=81267"}],"curies":[{"name":"wp","href":"https:\/\/api.w.org\/{rel}","templated":true}]}}