{"id":8157,"date":"2010-01-14T16:07:38","date_gmt":"2010-01-14T16:07:38","guid":{"rendered":"http:\/\/desarrollo.mcvicious.com\/aero2020\/2010\/01\/14\/presidente-de-haiti-estima-entre-30-mil-y-50-mil-victimas-por-terremoto\/"},"modified":"2010-01-14T16:07:38","modified_gmt":"2010-01-14T16:07:38","slug":"presidente-de-haiti-estima-entre-30-mil-y-50-mil-victimas-por-terremoto","status":"publish","type":"post","link":"https:\/\/aeronoticias.com.pe\/noticiero\/politica\/presidente-de-haiti-estima-entre-30-mil-y-50-mil-victimas-por-terremoto\/","title":{"rendered":"Presidente de Hait\u00ed estima entre 30 mil y 50 mil v\u00edctimas por terremoto"},"content":{"rendered":"<div style=\"text-align: justify\">El presidente de Hait\u00ed, Ren\u00e9 Pr\u00e9val, dijo hoy en una entrevista con la CNN desde Puerto Pr\u00edncipe que a\u00fan es \u00abdemasiado pronto\u00bb para dar cifras concretas de muertos, pero estim\u00f3 que podr\u00eda haber entre unas 30.000 y 50.000 v\u00edctimas.<\/div>\n<div style=\"text-align: justify\"><\/div>\n<div style=\"text-align: justify\">\u00abA\u00fan estoy intentando entender la magnitud de lo que pasa\u00bb, a\u00f1adi\u00f3 el mandatario, que hizo un llamamiento a la comunidad internacional para pedir medicinas y doctores.\u00a0\u00abNecesitamos medicinas y doctores\u00bb, pidi\u00f3 Pr\u00e9val a\u00fan en estado de shock tras lo ocurrido, rese\u00f1\u00f3 la agencia DPA.<\/div>\n<div style=\"text-align: justify\">\n<div style=\"text-align: center\"><img decoding=\"async\" src=\"images\/stories\/10\/01\/140110\/haitiii.jpg\" border=\"0\" alt=\"Presidente de Hait\u00ed estima entre 30 mil y 50 mil v\u00edctimas por terremoto\" title=\"Presidente de Hait\u00ed estima entre 30 mil y 50 mil v\u00edctimas por terremoto\" \/><\/div>\n<\/div>\n<div style=\"text-align: justify\">\u00abAlgunos de los hospitales se derrumbaron, otros est\u00e1n llenos\u00bb, dijo el presidente, quien coment\u00f3 que algunos de los heridos han tenido que ser emplazados en la \u00e1rea colindante de los hospitales porque no cab\u00edan dentro.<\/div>\n<div style=\"text-align: justify\"><\/div>\n<div style=\"text-align: justify\">Pr\u00e9val coment\u00f3 que lo primero que se tiene que hacer en las operaciones de rescate para saber el alcance de la cat\u00e1strofe es \u00ablimpiar las calles\u00bb de escombros.<\/div>\n<div style=\"text-align: justify\"><\/div>\n<div style=\"text-align: justify\"><strong>Aeronoticias<\/strong> considera que si bien el presidente de Hait\u00ed agradeci\u00f3 toda la ayuda internacional recibida de pa\u00edses como Estados Unidos, Israel, Francia, Canad\u00e1, Argentina, Cuba, Venezuela y la Rep\u00fablica Dominicana, entre otros es necesaria aun mucha m\u00e1s ayuda en un contexto en el que se siguen encontrando victimas bajo los escombros \u00a0adem\u00e1s de v\u00edctimas mortales, y lo m\u00e1s preocupante ahora es el desencadenamiento de los robos y delincuencia adem\u00e1s de las enfermedades que se puedan presentar como consecuencia de la falta de higiene y servicios b\u00e1sicos como agua potable, etc.<\/div>\n<div style=\"text-align: justify\"><\/div>\n","protected":false},"excerpt":{"rendered":"<p>El presidente de Hait\u00ed, Ren\u00e9 Pr\u00e9val, dijo hoy en una entrevista con la CNN desde Puerto Pr\u00edncipe que a\u00fan es \u00abdemasiado pronto\u00bb para dar cifras concretas de muertos, pero estim\u00f3 que podr\u00eda haber entre unas 30.000 y 50.000 v\u00edctimas. \u00abA\u00fan estoy intentando entender la magnitud de lo que pasa\u00bb, a\u00f1adi\u00f3 el mandatario, que hizo un [&hellip;]<\/p>\n","protected":false},"author":1,"featured_media":0,"comment_status":"open","ping_status":"open","sticky":false,"template":"","format":"standard","meta":{"tdm_status":"","tdm_grid_status":"","footnotes":""},"categories":[36],"tags":[],"class_list":{"0":"post-8157","1":"post","2":"type-post","3":"status-publish","4":"format-standard","6":"category-politica"},"yoast_head":"<!-- This site is optimized with the Yoast SEO plugin v25.1 - https:\/\/yoast.com\/wordpress\/plugins\/seo\/ -->\n<title>Presidente de Hait\u00ed estima entre 30 mil y 50 mil v\u00edctimas por terremoto<\/title>\n<meta name=\"description\" content=\"Portal de noticias del Per\u00fa sobre el transporte a\u00e9reo, aviaci\u00f3n, turismo, hoteleria, actualidad.\" \/>\n<meta name=\"robots\" content=\"index, follow, max-snippet:-1, max-image-preview:large, max-video-preview:-1\" \/>\n<link rel=\"canonical\" href=\"https:\/\/aeronoticias.com.pe\/noticiero\/politica\/presidente-de-haiti-estima-entre-30-mil-y-50-mil-victimas-por-terremoto\/\" \/>\n<meta property=\"og:locale\" content=\"es_ES\" \/>\n<meta property=\"og:type\" content=\"article\" \/>\n<meta property=\"og:title\" content=\"Presidente de Hait\u00ed estima entre 30 mil y 50 mil v\u00edctimas por terremoto\" \/>\n<meta property=\"og:description\" content=\"Portal de noticias del Per\u00fa sobre el transporte a\u00e9reo, aviaci\u00f3n, turismo, hoteleria, actualidad.\" \/>\n<meta property=\"og:url\" content=\"https:\/\/aeronoticias.com.pe\/noticiero\/politica\/presidente-de-haiti-estima-entre-30-mil-y-50-mil-victimas-por-terremoto\/\" \/>\n<meta property=\"og:site_name\" content=\"Aeronoticias.com.pe\" \/>\n<meta property=\"article:publisher\" content=\"https:\/\/www.facebook.com\/Aeronoticias.com.pe\/\" \/>\n<meta property=\"article:published_time\" content=\"2010-01-14T16:07:38+00:00\" \/>\n<meta name=\"author\" content=\"Redacci\u00f3n Aeronoticias\" \/>\n<meta name=\"twitter:card\" content=\"summary_large_image\" \/>\n<meta name=\"twitter:creator\" content=\"@aeronoticias\" \/>\n<meta name=\"twitter:site\" content=\"@aeronoticias\" \/>\n<meta name=\"twitter:label1\" content=\"Escrito por\" \/>\n\t<meta name=\"twitter:data1\" content=\"Redacci\u00f3n Aeronoticias\" \/>\n\t<meta name=\"twitter:label2\" content=\"Tiempo de lectura\" \/>\n\t<meta name=\"twitter:data2\" content=\"1 minuto\" \/>\n<script type=\"application\/ld+json\" class=\"yoast-schema-graph\">{\"@context\":\"https:\/\/schema.org\",\"@graph\":[{\"@type\":\"WebPage\",\"@id\":\"https:\/\/aeronoticias.com.pe\/noticiero\/politica\/presidente-de-haiti-estima-entre-30-mil-y-50-mil-victimas-por-terremoto\/\",\"url\":\"https:\/\/aeronoticias.com.pe\/noticiero\/politica\/presidente-de-haiti-estima-entre-30-mil-y-50-mil-victimas-por-terremoto\/\",\"name\":\"Presidente de Hait\u00ed estima entre 30 mil y 50 mil v\u00edctimas por terremoto\",\"isPartOf\":{\"@id\":\"https:\/\/aeronoticias.com.pe\/noticiero\/#website\"},\"datePublished\":\"2010-01-14T16:07:38+00:00\",\"author\":{\"@id\":\"https:\/\/aeronoticias.com.pe\/noticiero\/#\/schema\/person\/fc1e5d578f4b62ba1cf7ac2bba1170a0\"},\"description\":\"Portal de noticias del Per\u00fa sobre el transporte a\u00e9reo, aviaci\u00f3n, turismo, hoteleria, actualidad.\",\"breadcrumb\":{\"@id\":\"https:\/\/aeronoticias.com.pe\/noticiero\/politica\/presidente-de-haiti-estima-entre-30-mil-y-50-mil-victimas-por-terremoto\/#breadcrumb\"},\"inLanguage\":\"es\",\"potentialAction\":[{\"@type\":\"ReadAction\",\"target\":[\"https:\/\/aeronoticias.com.pe\/noticiero\/politica\/presidente-de-haiti-estima-entre-30-mil-y-50-mil-victimas-por-terremoto\/\"]}]},{\"@type\":\"BreadcrumbList\",\"@id\":\"https:\/\/aeronoticias.com.pe\/noticiero\/politica\/presidente-de-haiti-estima-entre-30-mil-y-50-mil-victimas-por-terremoto\/#breadcrumb\",\"itemListElement\":[{\"@type\":\"ListItem\",\"position\":1,\"name\":\"Portada\",\"item\":\"https:\/\/aeronoticias.com.pe\/noticiero\/\"},{\"@type\":\"ListItem\",\"position\":2,\"name\":\"Presidente de Hait\u00ed estima entre 30 mil y 50 mil v\u00edctimas por terremoto\"}]},{\"@type\":\"WebSite\",\"@id\":\"https:\/\/aeronoticias.com.pe\/noticiero\/#website\",\"url\":\"https:\/\/aeronoticias.com.pe\/noticiero\/\",\"name\":\"Aeronoticias.com.pe\",\"description\":\"Noticias de tranporte aereo, turismo, hoteles, gastronomia, actualidad, internacional\",\"potentialAction\":[{\"@type\":\"SearchAction\",\"target\":{\"@type\":\"EntryPoint\",\"urlTemplate\":\"https:\/\/aeronoticias.com.pe\/noticiero\/?s={search_term_string}\"},\"query-input\":{\"@type\":\"PropertyValueSpecification\",\"valueRequired\":true,\"valueName\":\"search_term_string\"}}],\"inLanguage\":\"es\"},{\"@type\":\"Person\",\"@id\":\"https:\/\/aeronoticias.com.pe\/noticiero\/#\/schema\/person\/fc1e5d578f4b62ba1cf7ac2bba1170a0\",\"name\":\"Redacci\u00f3n Aeronoticias\",\"url\":\"https:\/\/aeronoticias.com.pe\/noticiero\/author\/piloto\/\"}]}<\/script>\n<!-- \/ Yoast SEO plugin. -->","yoast_head_json":{"title":"Presidente de Hait\u00ed estima entre 30 mil y 50 mil v\u00edctimas por terremoto","description":"Portal de noticias del Per\u00fa sobre el transporte a\u00e9reo, aviaci\u00f3n, turismo, hoteleria, actualidad.","robots":{"index":"index","follow":"follow","max-snippet":"max-snippet:-1","max-image-preview":"max-image-preview:large","max-video-preview":"max-video-preview:-1"},"canonical":"https:\/\/aeronoticias.com.pe\/noticiero\/politica\/presidente-de-haiti-estima-entre-30-mil-y-50-mil-victimas-por-terremoto\/","og_locale":"es_ES","og_type":"article","og_title":"Presidente de Hait\u00ed estima entre 30 mil y 50 mil v\u00edctimas por terremoto","og_description":"Portal de noticias del Per\u00fa sobre el transporte a\u00e9reo, aviaci\u00f3n, turismo, hoteleria, actualidad.","og_url":"https:\/\/aeronoticias.com.pe\/noticiero\/politica\/presidente-de-haiti-estima-entre-30-mil-y-50-mil-victimas-por-terremoto\/","og_site_name":"Aeronoticias.com.pe","article_publisher":"https:\/\/www.facebook.com\/Aeronoticias.com.pe\/","article_published_time":"2010-01-14T16:07:38+00:00","author":"Redacci\u00f3n Aeronoticias","twitter_card":"summary_large_image","twitter_creator":"@aeronoticias","twitter_site":"@aeronoticias","twitter_misc":{"Escrito por":"Redacci\u00f3n Aeronoticias","Tiempo de lectura":"1 minuto"},"schema":{"@context":"https:\/\/schema.org","@graph":[{"@type":"WebPage","@id":"https:\/\/aeronoticias.com.pe\/noticiero\/politica\/presidente-de-haiti-estima-entre-30-mil-y-50-mil-victimas-por-terremoto\/","url":"https:\/\/aeronoticias.com.pe\/noticiero\/politica\/presidente-de-haiti-estima-entre-30-mil-y-50-mil-victimas-por-terremoto\/","name":"Presidente de Hait\u00ed estima entre 30 mil y 50 mil v\u00edctimas por terremoto","isPartOf":{"@id":"https:\/\/aeronoticias.com.pe\/noticiero\/#website"},"datePublished":"2010-01-14T16:07:38+00:00","author":{"@id":"https:\/\/aeronoticias.com.pe\/noticiero\/#\/schema\/person\/fc1e5d578f4b62ba1cf7ac2bba1170a0"},"description":"Portal de noticias del Per\u00fa sobre el transporte a\u00e9reo, aviaci\u00f3n, turismo, hoteleria, actualidad.","breadcrumb":{"@id":"https:\/\/aeronoticias.com.pe\/noticiero\/politica\/presidente-de-haiti-estima-entre-30-mil-y-50-mil-victimas-por-terremoto\/#breadcrumb"},"inLanguage":"es","potentialAction":[{"@type":"ReadAction","target":["https:\/\/aeronoticias.com.pe\/noticiero\/politica\/presidente-de-haiti-estima-entre-30-mil-y-50-mil-victimas-por-terremoto\/"]}]},{"@type":"BreadcrumbList","@id":"https:\/\/aeronoticias.com.pe\/noticiero\/politica\/presidente-de-haiti-estima-entre-30-mil-y-50-mil-victimas-por-terremoto\/#breadcrumb","itemListElement":[{"@type":"ListItem","position":1,"name":"Portada","item":"https:\/\/aeronoticias.com.pe\/noticiero\/"},{"@type":"ListItem","position":2,"name":"Presidente de Hait\u00ed estima entre 30 mil y 50 mil v\u00edctimas por terremoto"}]},{"@type":"WebSite","@id":"https:\/\/aeronoticias.com.pe\/noticiero\/#website","url":"https:\/\/aeronoticias.com.pe\/noticiero\/","name":"Aeronoticias.com.pe","description":"Noticias de tranporte aereo, turismo, hoteles, gastronomia, actualidad, internacional","potentialAction":[{"@type":"SearchAction","target":{"@type":"EntryPoint","urlTemplate":"https:\/\/aeronoticias.com.pe\/noticiero\/?s={search_term_string}"},"query-input":{"@type":"PropertyValueSpecification","valueRequired":true,"valueName":"search_term_string"}}],"inLanguage":"es"},{"@type":"Person","@id":"https:\/\/aeronoticias.com.pe\/noticiero\/#\/schema\/person\/fc1e5d578f4b62ba1cf7ac2bba1170a0","name":"Redacci\u00f3n Aeronoticias","url":"https:\/\/aeronoticias.com.pe\/noticiero\/author\/piloto\/"}]}},"_links":{"self":[{"href":"https:\/\/aeronoticias.com.pe\/noticiero\/wp-json\/wp\/v2\/posts\/8157","targetHints":{"allow":["GET"]}}],"collection":[{"href":"https:\/\/aeronoticias.com.pe\/noticiero\/wp-json\/wp\/v2\/posts"}],"about":[{"href":"https:\/\/aeronoticias.com.pe\/noticiero\/wp-json\/wp\/v2\/types\/post"}],"author":[{"embeddable":true,"href":"https:\/\/aeronoticias.com.pe\/noticiero\/wp-json\/wp\/v2\/users\/1"}],"replies":[{"embeddable":true,"href":"https:\/\/aeronoticias.com.pe\/noticiero\/wp-json\/wp\/v2\/comments?post=8157"}],"version-history":[{"count":0,"href":"https:\/\/aeronoticias.com.pe\/noticiero\/wp-json\/wp\/v2\/posts\/8157\/revisions"}],"wp:attachment":[{"href":"https:\/\/aeronoticias.com.pe\/noticiero\/wp-json\/wp\/v2\/media?parent=8157"}],"wp:term":[{"taxonomy":"category","embeddable":true,"href":"https:\/\/aeronoticias.com.pe\/noticiero\/wp-json\/wp\/v2\/categories?post=8157"},{"taxonomy":"post_tag","embeddable":true,"href":"https:\/\/aeronoticias.com.pe\/noticiero\/wp-json\/wp\/v2\/tags?post=8157"}],"curies":[{"name":"wp","href":"https:\/\/api.w.org\/{rel}","templated":true}]}}