{"id":8159,"date":"2010-01-14T16:27:01","date_gmt":"2010-01-14T16:27:01","guid":{"rendered":"http:\/\/desarrollo.mcvicious.com\/aero2020\/2010\/01\/14\/mincetur-air-europa-presento-solicitud-para-iniciar-vuelos-madrid-lima-y-la-dgac-debera-pronunciarse-en-90-dias\/"},"modified":"2010-01-14T16:27:01","modified_gmt":"2010-01-14T16:27:01","slug":"mincetur-air-europa-presento-solicitud-para-iniciar-vuelos-madrid-lima-y-la-dgac-debera-pronunciarse-en-90-dias","status":"publish","type":"post","link":"https:\/\/aeronoticias.com.pe\/noticiero\/transporte-aereo\/internacional\/mincetur-air-europa-presento-solicitud-para-iniciar-vuelos-madrid-lima-y-la-dgac-debera-pronunciarse-en-90-dias\/","title":{"rendered":"Mincetur: Air Europa present\u00f3 solicitud para iniciar vuelos Madrid \u2013 Lima"},"content":{"rendered":"<div style=\"text-align: justify\">Seg\u00fan indico Mart\u00edn Perez, titular del Mincetur, Air Europa present\u00f3 recientemente la solicitud de autorizaci\u00f3n a la Direcci\u00f3n General de Aeron\u00e1utica Civil (DGAC) del Per\u00fa para cubrir la ruta recientemente abandonada por la quiebra de la aerol\u00ednea Air Comet, Madrid \u2013 Lima: \u00a0\u201cAyer (mi\u00e9rcoles) Air Europa present\u00f3 solicitud de operaci\u00f3n en Per\u00fa y planea tener tres frecuencias por semana en aviones Airbus A330 con capacidad para 294 pasajeros\u201d.<\/div>\n<div style=\"text-align: justify\"><\/div>\n<div style=\"text-align: justify\">Manifest\u00f3 que la DGAC ahora tendr\u00e1 un plazo de 90 d\u00edas para pronunciarse sobre la solicitud presentada por Air Europa y se espera que luego de eso pueda iniciar su ingreso al mercado peruano. \u201cEsperamos que la DGAC pueda pronunciarse antes de ese plazo y no esperar el plazo m\u00e1ximo, eso nos ayudar\u00eda enormemente en nuestra intenci\u00f3n de captar m\u00e1s turistas\u201d, asever\u00f3.<\/div>\n<div style=\"text-align: justify\">\n<div style=\"text-align: center\"><img decoding=\"async\" src=\"images\/stories\/10\/01\/140110\/Aireuropa.jpg\" border=\"0\" alt=\"Mincetur: Air Europa present\u00f3 solicitud para iniciar vuelos Madrid \u2013 Lima, y la DGAC deber\u00e1 pronunciarse en 90 dias\" title=\"Mincetur: Air Europa present\u00f3 solicitud para iniciar vuelos Madrid \u2013 Lima, y la DGAC deber\u00e1 pronunciarse en 90 dias\" \/><\/div>\n<\/div>\n<div style=\"text-align: justify\">El ministro mencion\u00f3 que si bien se tiene que abrir las puertas a las nuevas inversiones de aerol\u00edneas, la DGAC debe encargarse de asegurar que la empresa cumpla todos los niveles de seguridad requeridos para sus operaciones. En ese sentido, no espera que las operaciones de Air Europa en Per\u00fa tengan la misma suerte que corri\u00f3 Air Comet, tambi\u00e9n de Espa\u00f1a, que cerr\u00f3 sus operaciones en diciembre del a\u00f1o pasado.<\/div>\n<div style=\"text-align: justify\"><\/div>\n<div style=\"text-align: justify\">\u201cPero hay que reconocer que el gobierno de Espa\u00f1a se port\u00f3 estupendamente con Per\u00fa ya que fue el \u00fanico pa\u00eds hacia el cual se flet\u00f3 m\u00e1s vuelos para movilizar a los pasajeros peruanos varados\u201d, acot\u00f3. Indic\u00f3 que se espera seguir captando el inter\u00e9s de nuevas empresas a\u00e9reas por ingresar a Per\u00fa, ya que ello es el complemento ideal de las inversiones hoteleras que se est\u00e1n realizando en el pa\u00eds.<\/div>\n<div style=\"text-align: justify\"><\/div>\n<div style=\"text-align: justify\">\u201cNo podemos traer muchos turistas si es que no ampliamos nuestra infraestructura, en ese esfuerzo tambi\u00e9n hay que sensibilizar e involucrar a los gobiernos regionales\u201d, precis\u00f3.\u00a0<\/div>\n<div style=\"text-align: justify\"><\/div>\n<div style=\"text-align: justify\"><strong>Aeronoticias<\/strong> considera que es necesario que Mart\u00edn P\u00e9rez, as\u00ed como Mincetur eval\u00faen cuidadosamente la propuesta brindada por Air Europa, en relaci\u00f3n a que es necesario que se cubra esa ruta Madrid \u2013 Lima, que ha sido dejada al azahar recientemente debido a la quiebra de Air Comet.<\/div>\n<div style=\"text-align: justify\"><\/div>\n","protected":false},"excerpt":{"rendered":"<p>Seg\u00fan indico Mart\u00edn Perez, titular del Mincetur, Air Europa present\u00f3 recientemente la solicitud de autorizaci\u00f3n a la Direcci\u00f3n General de Aeron\u00e1utica Civil (DGAC) del Per\u00fa para cubrir la ruta recientemente abandonada por la quiebra de la aerol\u00ednea Air Comet, Madrid \u2013 Lima: \u00a0\u201cAyer (mi\u00e9rcoles) Air Europa present\u00f3 solicitud de operaci\u00f3n en Per\u00fa y planea tener [&hellip;]<\/p>\n","protected":false},"author":1,"featured_media":0,"comment_status":"open","ping_status":"open","sticky":false,"template":"","format":"standard","meta":{"tdm_status":"","tdm_grid_status":"","footnotes":""},"categories":[32],"tags":[],"class_list":{"0":"post-8159","1":"post","2":"type-post","3":"status-publish","4":"format-standard","6":"category-internacional"},"yoast_head":"<!-- This site is optimized with the Yoast SEO plugin v25.1 - https:\/\/yoast.com\/wordpress\/plugins\/seo\/ -->\n<title>Mincetur: Air Europa present\u00f3 solicitud para iniciar vuelos Madrid \u2013 Lima<\/title>\n<meta name=\"description\" content=\"Portal de noticias del Per\u00fa sobre el transporte a\u00e9reo, aviaci\u00f3n, turismo, hoteleria, actualidad.\" \/>\n<meta name=\"robots\" content=\"index, follow, max-snippet:-1, max-image-preview:large, max-video-preview:-1\" \/>\n<link rel=\"canonical\" href=\"https:\/\/aeronoticias.com.pe\/noticiero\/transporte-aereo\/internacional\/mincetur-air-europa-presento-solicitud-para-iniciar-vuelos-madrid-lima-y-la-dgac-debera-pronunciarse-en-90-dias\/\" \/>\n<meta property=\"og:locale\" content=\"es_ES\" \/>\n<meta property=\"og:type\" content=\"article\" \/>\n<meta property=\"og:title\" content=\"Mincetur: Air Europa present\u00f3 solicitud para iniciar vuelos Madrid \u2013 Lima\" \/>\n<meta property=\"og:description\" content=\"Portal de noticias del Per\u00fa sobre el transporte a\u00e9reo, aviaci\u00f3n, turismo, hoteleria, actualidad.\" \/>\n<meta property=\"og:url\" content=\"https:\/\/aeronoticias.com.pe\/noticiero\/transporte-aereo\/internacional\/mincetur-air-europa-presento-solicitud-para-iniciar-vuelos-madrid-lima-y-la-dgac-debera-pronunciarse-en-90-dias\/\" \/>\n<meta property=\"og:site_name\" content=\"Aeronoticias.com.pe\" \/>\n<meta property=\"article:publisher\" content=\"https:\/\/www.facebook.com\/Aeronoticias.com.pe\/\" \/>\n<meta property=\"article:published_time\" content=\"2010-01-14T16:27:01+00:00\" \/>\n<meta name=\"author\" content=\"Redacci\u00f3n Aeronoticias\" \/>\n<meta name=\"twitter:card\" content=\"summary_large_image\" \/>\n<meta name=\"twitter:creator\" content=\"@aeronoticias\" \/>\n<meta name=\"twitter:site\" content=\"@aeronoticias\" \/>\n<meta name=\"twitter:label1\" content=\"Escrito por\" \/>\n\t<meta name=\"twitter:data1\" content=\"Redacci\u00f3n Aeronoticias\" \/>\n\t<meta name=\"twitter:label2\" content=\"Tiempo de lectura\" \/>\n\t<meta name=\"twitter:data2\" content=\"2 minutos\" \/>\n<script type=\"application\/ld+json\" class=\"yoast-schema-graph\">{\"@context\":\"https:\/\/schema.org\",\"@graph\":[{\"@type\":\"WebPage\",\"@id\":\"https:\/\/aeronoticias.com.pe\/noticiero\/transporte-aereo\/internacional\/mincetur-air-europa-presento-solicitud-para-iniciar-vuelos-madrid-lima-y-la-dgac-debera-pronunciarse-en-90-dias\/\",\"url\":\"https:\/\/aeronoticias.com.pe\/noticiero\/transporte-aereo\/internacional\/mincetur-air-europa-presento-solicitud-para-iniciar-vuelos-madrid-lima-y-la-dgac-debera-pronunciarse-en-90-dias\/\",\"name\":\"Mincetur: Air Europa present\u00f3 solicitud para iniciar vuelos Madrid \u2013 Lima\",\"isPartOf\":{\"@id\":\"https:\/\/aeronoticias.com.pe\/noticiero\/#website\"},\"datePublished\":\"2010-01-14T16:27:01+00:00\",\"author\":{\"@id\":\"https:\/\/aeronoticias.com.pe\/noticiero\/#\/schema\/person\/fc1e5d578f4b62ba1cf7ac2bba1170a0\"},\"description\":\"Portal de noticias del Per\u00fa sobre el transporte a\u00e9reo, aviaci\u00f3n, turismo, hoteleria, actualidad.\",\"breadcrumb\":{\"@id\":\"https:\/\/aeronoticias.com.pe\/noticiero\/transporte-aereo\/internacional\/mincetur-air-europa-presento-solicitud-para-iniciar-vuelos-madrid-lima-y-la-dgac-debera-pronunciarse-en-90-dias\/#breadcrumb\"},\"inLanguage\":\"es\",\"potentialAction\":[{\"@type\":\"ReadAction\",\"target\":[\"https:\/\/aeronoticias.com.pe\/noticiero\/transporte-aereo\/internacional\/mincetur-air-europa-presento-solicitud-para-iniciar-vuelos-madrid-lima-y-la-dgac-debera-pronunciarse-en-90-dias\/\"]}]},{\"@type\":\"BreadcrumbList\",\"@id\":\"https:\/\/aeronoticias.com.pe\/noticiero\/transporte-aereo\/internacional\/mincetur-air-europa-presento-solicitud-para-iniciar-vuelos-madrid-lima-y-la-dgac-debera-pronunciarse-en-90-dias\/#breadcrumb\",\"itemListElement\":[{\"@type\":\"ListItem\",\"position\":1,\"name\":\"Portada\",\"item\":\"https:\/\/aeronoticias.com.pe\/noticiero\/\"},{\"@type\":\"ListItem\",\"position\":2,\"name\":\"Mincetur: Air Europa present\u00f3 solicitud para iniciar vuelos Madrid \u2013 Lima\"}]},{\"@type\":\"WebSite\",\"@id\":\"https:\/\/aeronoticias.com.pe\/noticiero\/#website\",\"url\":\"https:\/\/aeronoticias.com.pe\/noticiero\/\",\"name\":\"Aeronoticias.com.pe\",\"description\":\"Noticias de tranporte aereo, turismo, hoteles, gastronomia, actualidad, internacional\",\"potentialAction\":[{\"@type\":\"SearchAction\",\"target\":{\"@type\":\"EntryPoint\",\"urlTemplate\":\"https:\/\/aeronoticias.com.pe\/noticiero\/?s={search_term_string}\"},\"query-input\":{\"@type\":\"PropertyValueSpecification\",\"valueRequired\":true,\"valueName\":\"search_term_string\"}}],\"inLanguage\":\"es\"},{\"@type\":\"Person\",\"@id\":\"https:\/\/aeronoticias.com.pe\/noticiero\/#\/schema\/person\/fc1e5d578f4b62ba1cf7ac2bba1170a0\",\"name\":\"Redacci\u00f3n Aeronoticias\",\"url\":\"https:\/\/aeronoticias.com.pe\/noticiero\/author\/piloto\/\"}]}<\/script>\n<!-- \/ Yoast SEO plugin. -->","yoast_head_json":{"title":"Mincetur: Air Europa present\u00f3 solicitud para iniciar vuelos Madrid \u2013 Lima","description":"Portal de noticias del Per\u00fa sobre el transporte a\u00e9reo, aviaci\u00f3n, turismo, hoteleria, actualidad.","robots":{"index":"index","follow":"follow","max-snippet":"max-snippet:-1","max-image-preview":"max-image-preview:large","max-video-preview":"max-video-preview:-1"},"canonical":"https:\/\/aeronoticias.com.pe\/noticiero\/transporte-aereo\/internacional\/mincetur-air-europa-presento-solicitud-para-iniciar-vuelos-madrid-lima-y-la-dgac-debera-pronunciarse-en-90-dias\/","og_locale":"es_ES","og_type":"article","og_title":"Mincetur: Air Europa present\u00f3 solicitud para iniciar vuelos Madrid \u2013 Lima","og_description":"Portal de noticias del Per\u00fa sobre el transporte a\u00e9reo, aviaci\u00f3n, turismo, hoteleria, actualidad.","og_url":"https:\/\/aeronoticias.com.pe\/noticiero\/transporte-aereo\/internacional\/mincetur-air-europa-presento-solicitud-para-iniciar-vuelos-madrid-lima-y-la-dgac-debera-pronunciarse-en-90-dias\/","og_site_name":"Aeronoticias.com.pe","article_publisher":"https:\/\/www.facebook.com\/Aeronoticias.com.pe\/","article_published_time":"2010-01-14T16:27:01+00:00","author":"Redacci\u00f3n Aeronoticias","twitter_card":"summary_large_image","twitter_creator":"@aeronoticias","twitter_site":"@aeronoticias","twitter_misc":{"Escrito por":"Redacci\u00f3n Aeronoticias","Tiempo de lectura":"2 minutos"},"schema":{"@context":"https:\/\/schema.org","@graph":[{"@type":"WebPage","@id":"https:\/\/aeronoticias.com.pe\/noticiero\/transporte-aereo\/internacional\/mincetur-air-europa-presento-solicitud-para-iniciar-vuelos-madrid-lima-y-la-dgac-debera-pronunciarse-en-90-dias\/","url":"https:\/\/aeronoticias.com.pe\/noticiero\/transporte-aereo\/internacional\/mincetur-air-europa-presento-solicitud-para-iniciar-vuelos-madrid-lima-y-la-dgac-debera-pronunciarse-en-90-dias\/","name":"Mincetur: Air Europa present\u00f3 solicitud para iniciar vuelos Madrid \u2013 Lima","isPartOf":{"@id":"https:\/\/aeronoticias.com.pe\/noticiero\/#website"},"datePublished":"2010-01-14T16:27:01+00:00","author":{"@id":"https:\/\/aeronoticias.com.pe\/noticiero\/#\/schema\/person\/fc1e5d578f4b62ba1cf7ac2bba1170a0"},"description":"Portal de noticias del Per\u00fa sobre el transporte a\u00e9reo, aviaci\u00f3n, turismo, hoteleria, actualidad.","breadcrumb":{"@id":"https:\/\/aeronoticias.com.pe\/noticiero\/transporte-aereo\/internacional\/mincetur-air-europa-presento-solicitud-para-iniciar-vuelos-madrid-lima-y-la-dgac-debera-pronunciarse-en-90-dias\/#breadcrumb"},"inLanguage":"es","potentialAction":[{"@type":"ReadAction","target":["https:\/\/aeronoticias.com.pe\/noticiero\/transporte-aereo\/internacional\/mincetur-air-europa-presento-solicitud-para-iniciar-vuelos-madrid-lima-y-la-dgac-debera-pronunciarse-en-90-dias\/"]}]},{"@type":"BreadcrumbList","@id":"https:\/\/aeronoticias.com.pe\/noticiero\/transporte-aereo\/internacional\/mincetur-air-europa-presento-solicitud-para-iniciar-vuelos-madrid-lima-y-la-dgac-debera-pronunciarse-en-90-dias\/#breadcrumb","itemListElement":[{"@type":"ListItem","position":1,"name":"Portada","item":"https:\/\/aeronoticias.com.pe\/noticiero\/"},{"@type":"ListItem","position":2,"name":"Mincetur: Air Europa present\u00f3 solicitud para iniciar vuelos Madrid \u2013 Lima"}]},{"@type":"WebSite","@id":"https:\/\/aeronoticias.com.pe\/noticiero\/#website","url":"https:\/\/aeronoticias.com.pe\/noticiero\/","name":"Aeronoticias.com.pe","description":"Noticias de tranporte aereo, turismo, hoteles, gastronomia, actualidad, internacional","potentialAction":[{"@type":"SearchAction","target":{"@type":"EntryPoint","urlTemplate":"https:\/\/aeronoticias.com.pe\/noticiero\/?s={search_term_string}"},"query-input":{"@type":"PropertyValueSpecification","valueRequired":true,"valueName":"search_term_string"}}],"inLanguage":"es"},{"@type":"Person","@id":"https:\/\/aeronoticias.com.pe\/noticiero\/#\/schema\/person\/fc1e5d578f4b62ba1cf7ac2bba1170a0","name":"Redacci\u00f3n Aeronoticias","url":"https:\/\/aeronoticias.com.pe\/noticiero\/author\/piloto\/"}]}},"_links":{"self":[{"href":"https:\/\/aeronoticias.com.pe\/noticiero\/wp-json\/wp\/v2\/posts\/8159","targetHints":{"allow":["GET"]}}],"collection":[{"href":"https:\/\/aeronoticias.com.pe\/noticiero\/wp-json\/wp\/v2\/posts"}],"about":[{"href":"https:\/\/aeronoticias.com.pe\/noticiero\/wp-json\/wp\/v2\/types\/post"}],"author":[{"embeddable":true,"href":"https:\/\/aeronoticias.com.pe\/noticiero\/wp-json\/wp\/v2\/users\/1"}],"replies":[{"embeddable":true,"href":"https:\/\/aeronoticias.com.pe\/noticiero\/wp-json\/wp\/v2\/comments?post=8159"}],"version-history":[{"count":0,"href":"https:\/\/aeronoticias.com.pe\/noticiero\/wp-json\/wp\/v2\/posts\/8159\/revisions"}],"wp:attachment":[{"href":"https:\/\/aeronoticias.com.pe\/noticiero\/wp-json\/wp\/v2\/media?parent=8159"}],"wp:term":[{"taxonomy":"category","embeddable":true,"href":"https:\/\/aeronoticias.com.pe\/noticiero\/wp-json\/wp\/v2\/categories?post=8159"},{"taxonomy":"post_tag","embeddable":true,"href":"https:\/\/aeronoticias.com.pe\/noticiero\/wp-json\/wp\/v2\/tags?post=8159"}],"curies":[{"name":"wp","href":"https:\/\/api.w.org\/{rel}","templated":true}]}}