{"id":8160,"date":"2010-01-14T16:27:47","date_gmt":"2010-01-14T16:27:47","guid":{"rendered":"http:\/\/desarrollo.mcvicious.com\/aero2020\/2010\/01\/14\/mayoria-de-limenos-cree-que-su-situacion-economica-mejorara-en-el-2010\/"},"modified":"2010-01-14T16:27:47","modified_gmt":"2010-01-14T16:27:47","slug":"mayoria-de-limenos-cree-que-su-situacion-economica-mejorara-en-el-2010","status":"publish","type":"post","link":"https:\/\/aeronoticias.com.pe\/noticiero\/economia\/mayoria-de-limenos-cree-que-su-situacion-economica-mejorara-en-el-2010\/","title":{"rendered":"Mayor\u00eda de lime\u00f1os cree que su situaci\u00f3n econ\u00f3mica mejorar\u00e1 en el 2010"},"content":{"rendered":"<div style=\"text-align: justify\">El 44 ciento de los lime\u00f1os consider\u00f3 que su situaci\u00f3n econ\u00f3mica y la de su familia mejorar\u00e1 en el 2010, seg\u00fan la \u00faltima encuesta realizada por el Instituto de Opini\u00f3n P\u00fablica (IOP) de la Pontificia Universidad Cat\u00f3lica del Per\u00fa (PUCP).\u00a0<\/div>\n<div style=\"text-align: justify\"><\/div>\n<div style=\"text-align: justify\">El estudio de opini\u00f3n, realizado entre el 8 y 10 del presente mes, revela que la percepci\u00f3n de mejor\u00eda aument\u00f3 seis puntos con respecto a diciembre del a\u00f1o pasado, cuando cerr\u00f3 con 38 por ciento.<\/div>\n<div style=\"text-align: justify\">\u00a0<\/p>\n<div style=\"text-align: center\"><img decoding=\"async\" src=\"images\/stories\/10\/01\/140110\/lima.jpg\" border=\"0\" alt=\"Mayor\u00eda de lime\u00f1os cree que su situaci\u00f3n econ\u00f3mica mejorar\u00e1 en el 2010\" title=\"Mayor\u00eda de lime\u00f1os cree que su situaci\u00f3n econ\u00f3mica mejorar\u00e1 en el 2010\" \/><\/div>\n<\/div>\n<div style=\"text-align: justify\">El sondeo revela adem\u00e1s que el 37 por ciento de los encuestados considera que su situaci\u00f3n econ\u00f3mica y la de su familia seguir\u00e1 igual en los pr\u00f3ximos 12 meses, y solo un 9 por ciento que empeorar\u00e1.<\/div>\n<div style=\"text-align: justify\"><\/div>\n<div style=\"text-align: justify\">A nivel del pa\u00eds en su conjunto, el 35 por ciento de los lime\u00f1os piensan que este a\u00f1o la econom\u00eda peruana mejorar\u00e1 algo o mucho; un 40 por ciento que seguir\u00e1 igual; y un 13 por ciento que empeorar\u00e1.<\/div>\n<div style=\"text-align: justify\"><\/div>\n<div style=\"text-align: justify\">Aqu\u00ed tambi\u00e9n la sensaci\u00f3n de mejor\u00eda aument\u00f3 con respecto a diciembre del a\u00f1o pasado cuando se encontraba en 32 por ciento.<\/div>\n<div style=\"text-align: justify\"><\/div>\n<div style=\"text-align: justify\">Con respecto al a\u00f1o 2009, \u00a0el 35 por ciento de los capitalinos considera que, pese a la crisis, la econom\u00eda del pa\u00eds mejor\u00f3 algo o mucho; el 42 por ciento, que permaneci\u00f3 igual, y el 24 por ciento que empeor\u00f3.<\/div>\n<div style=\"text-align: justify\"><\/div>\n<div style=\"text-align: justify\">De otro lado, el 34 por ciento se mostr\u00f3 de acuerdo con la afirmaci\u00f3n de que hay que promover la econom\u00eda privada de mercado es la \u00fanica forma en que el pa\u00eds puede desarrollarse, en tanto que un 52 por ciento piensa que el desarrollo proviene de una mayor participaci\u00f3n del Estado en la econom\u00eda.<\/div>\n<div style=\"text-align: justify\"><\/div>\n<div style=\"text-align: justify\">En el plano pol\u00edtico, la encuesta de la PUCP se\u00f1ala que el 60 por ciento de los lime\u00f1os se declara insatisfecho con el sistema democr\u00e1tico, en comparaci\u00f3n con el 34 por ciento que dice estar satisfecho.<\/div>\n<div style=\"text-align: justify\"><\/div>\n<div style=\"text-align: justify\">Sin embargo, el 61 por ciento considera que la democracia es preferible a cualquier forma de gobierno.<\/div>\n<div style=\"text-align: justify\"><\/div>\n","protected":false},"excerpt":{"rendered":"<p>El 44 ciento de los lime\u00f1os consider\u00f3 que su situaci\u00f3n econ\u00f3mica y la de su familia mejorar\u00e1 en el 2010, seg\u00fan la \u00faltima encuesta realizada por el Instituto de Opini\u00f3n P\u00fablica (IOP) de la Pontificia Universidad Cat\u00f3lica del Per\u00fa (PUCP).\u00a0 El estudio de opini\u00f3n, realizado entre el 8 y 10 del presente mes, revela que [&hellip;]<\/p>\n","protected":false},"author":1,"featured_media":0,"comment_status":"open","ping_status":"open","sticky":false,"template":"","format":"standard","meta":{"tdm_status":"","tdm_grid_status":"","footnotes":""},"categories":[33],"tags":[],"class_list":{"0":"post-8160","1":"post","2":"type-post","3":"status-publish","4":"format-standard","6":"category-economia"},"yoast_head":"<!-- This site is optimized with the Yoast SEO plugin v25.1 - https:\/\/yoast.com\/wordpress\/plugins\/seo\/ -->\n<title>Mayor\u00eda de lime\u00f1os cree que su situaci\u00f3n econ\u00f3mica mejorar\u00e1 en el 2010<\/title>\n<meta name=\"description\" content=\"Portal de noticias del Per\u00fa sobre el transporte a\u00e9reo, aviaci\u00f3n, turismo, hoteleria, actualidad.\" \/>\n<meta name=\"robots\" content=\"index, follow, max-snippet:-1, max-image-preview:large, max-video-preview:-1\" \/>\n<link rel=\"canonical\" href=\"https:\/\/aeronoticias.com.pe\/noticiero\/economia\/mayoria-de-limenos-cree-que-su-situacion-economica-mejorara-en-el-2010\/\" \/>\n<meta property=\"og:locale\" content=\"es_ES\" \/>\n<meta property=\"og:type\" content=\"article\" \/>\n<meta property=\"og:title\" content=\"Mayor\u00eda de lime\u00f1os cree que su situaci\u00f3n econ\u00f3mica mejorar\u00e1 en el 2010\" \/>\n<meta property=\"og:description\" content=\"Portal de noticias del Per\u00fa sobre el transporte a\u00e9reo, aviaci\u00f3n, turismo, hoteleria, actualidad.\" \/>\n<meta property=\"og:url\" content=\"https:\/\/aeronoticias.com.pe\/noticiero\/economia\/mayoria-de-limenos-cree-que-su-situacion-economica-mejorara-en-el-2010\/\" \/>\n<meta property=\"og:site_name\" content=\"Aeronoticias.com.pe\" \/>\n<meta property=\"article:publisher\" content=\"https:\/\/www.facebook.com\/Aeronoticias.com.pe\/\" \/>\n<meta property=\"article:published_time\" content=\"2010-01-14T16:27:47+00:00\" \/>\n<meta name=\"author\" content=\"Redacci\u00f3n Aeronoticias\" \/>\n<meta name=\"twitter:card\" content=\"summary_large_image\" \/>\n<meta name=\"twitter:creator\" content=\"@aeronoticias\" \/>\n<meta name=\"twitter:site\" content=\"@aeronoticias\" \/>\n<meta name=\"twitter:label1\" content=\"Escrito por\" \/>\n\t<meta name=\"twitter:data1\" content=\"Redacci\u00f3n Aeronoticias\" \/>\n\t<meta name=\"twitter:label2\" content=\"Tiempo de lectura\" \/>\n\t<meta name=\"twitter:data2\" content=\"2 minutos\" \/>\n<script type=\"application\/ld+json\" class=\"yoast-schema-graph\">{\"@context\":\"https:\/\/schema.org\",\"@graph\":[{\"@type\":\"WebPage\",\"@id\":\"https:\/\/aeronoticias.com.pe\/noticiero\/economia\/mayoria-de-limenos-cree-que-su-situacion-economica-mejorara-en-el-2010\/\",\"url\":\"https:\/\/aeronoticias.com.pe\/noticiero\/economia\/mayoria-de-limenos-cree-que-su-situacion-economica-mejorara-en-el-2010\/\",\"name\":\"Mayor\u00eda de lime\u00f1os cree que su situaci\u00f3n econ\u00f3mica mejorar\u00e1 en el 2010\",\"isPartOf\":{\"@id\":\"https:\/\/aeronoticias.com.pe\/noticiero\/#website\"},\"datePublished\":\"2010-01-14T16:27:47+00:00\",\"author\":{\"@id\":\"https:\/\/aeronoticias.com.pe\/noticiero\/#\/schema\/person\/fc1e5d578f4b62ba1cf7ac2bba1170a0\"},\"description\":\"Portal de noticias del Per\u00fa sobre el transporte a\u00e9reo, aviaci\u00f3n, turismo, hoteleria, actualidad.\",\"breadcrumb\":{\"@id\":\"https:\/\/aeronoticias.com.pe\/noticiero\/economia\/mayoria-de-limenos-cree-que-su-situacion-economica-mejorara-en-el-2010\/#breadcrumb\"},\"inLanguage\":\"es\",\"potentialAction\":[{\"@type\":\"ReadAction\",\"target\":[\"https:\/\/aeronoticias.com.pe\/noticiero\/economia\/mayoria-de-limenos-cree-que-su-situacion-economica-mejorara-en-el-2010\/\"]}]},{\"@type\":\"BreadcrumbList\",\"@id\":\"https:\/\/aeronoticias.com.pe\/noticiero\/economia\/mayoria-de-limenos-cree-que-su-situacion-economica-mejorara-en-el-2010\/#breadcrumb\",\"itemListElement\":[{\"@type\":\"ListItem\",\"position\":1,\"name\":\"Portada\",\"item\":\"https:\/\/aeronoticias.com.pe\/noticiero\/\"},{\"@type\":\"ListItem\",\"position\":2,\"name\":\"Mayor\u00eda de lime\u00f1os cree que su situaci\u00f3n econ\u00f3mica mejorar\u00e1 en el 2010\"}]},{\"@type\":\"WebSite\",\"@id\":\"https:\/\/aeronoticias.com.pe\/noticiero\/#website\",\"url\":\"https:\/\/aeronoticias.com.pe\/noticiero\/\",\"name\":\"Aeronoticias.com.pe\",\"description\":\"Noticias de tranporte aereo, turismo, hoteles, gastronomia, actualidad, internacional\",\"potentialAction\":[{\"@type\":\"SearchAction\",\"target\":{\"@type\":\"EntryPoint\",\"urlTemplate\":\"https:\/\/aeronoticias.com.pe\/noticiero\/?s={search_term_string}\"},\"query-input\":{\"@type\":\"PropertyValueSpecification\",\"valueRequired\":true,\"valueName\":\"search_term_string\"}}],\"inLanguage\":\"es\"},{\"@type\":\"Person\",\"@id\":\"https:\/\/aeronoticias.com.pe\/noticiero\/#\/schema\/person\/fc1e5d578f4b62ba1cf7ac2bba1170a0\",\"name\":\"Redacci\u00f3n Aeronoticias\",\"url\":\"https:\/\/aeronoticias.com.pe\/noticiero\/author\/piloto\/\"}]}<\/script>\n<!-- \/ Yoast SEO plugin. -->","yoast_head_json":{"title":"Mayor\u00eda de lime\u00f1os cree que su situaci\u00f3n econ\u00f3mica mejorar\u00e1 en el 2010","description":"Portal de noticias del Per\u00fa sobre el transporte a\u00e9reo, aviaci\u00f3n, turismo, hoteleria, actualidad.","robots":{"index":"index","follow":"follow","max-snippet":"max-snippet:-1","max-image-preview":"max-image-preview:large","max-video-preview":"max-video-preview:-1"},"canonical":"https:\/\/aeronoticias.com.pe\/noticiero\/economia\/mayoria-de-limenos-cree-que-su-situacion-economica-mejorara-en-el-2010\/","og_locale":"es_ES","og_type":"article","og_title":"Mayor\u00eda de lime\u00f1os cree que su situaci\u00f3n econ\u00f3mica mejorar\u00e1 en el 2010","og_description":"Portal de noticias del Per\u00fa sobre el transporte a\u00e9reo, aviaci\u00f3n, turismo, hoteleria, actualidad.","og_url":"https:\/\/aeronoticias.com.pe\/noticiero\/economia\/mayoria-de-limenos-cree-que-su-situacion-economica-mejorara-en-el-2010\/","og_site_name":"Aeronoticias.com.pe","article_publisher":"https:\/\/www.facebook.com\/Aeronoticias.com.pe\/","article_published_time":"2010-01-14T16:27:47+00:00","author":"Redacci\u00f3n Aeronoticias","twitter_card":"summary_large_image","twitter_creator":"@aeronoticias","twitter_site":"@aeronoticias","twitter_misc":{"Escrito por":"Redacci\u00f3n Aeronoticias","Tiempo de lectura":"2 minutos"},"schema":{"@context":"https:\/\/schema.org","@graph":[{"@type":"WebPage","@id":"https:\/\/aeronoticias.com.pe\/noticiero\/economia\/mayoria-de-limenos-cree-que-su-situacion-economica-mejorara-en-el-2010\/","url":"https:\/\/aeronoticias.com.pe\/noticiero\/economia\/mayoria-de-limenos-cree-que-su-situacion-economica-mejorara-en-el-2010\/","name":"Mayor\u00eda de lime\u00f1os cree que su situaci\u00f3n econ\u00f3mica mejorar\u00e1 en el 2010","isPartOf":{"@id":"https:\/\/aeronoticias.com.pe\/noticiero\/#website"},"datePublished":"2010-01-14T16:27:47+00:00","author":{"@id":"https:\/\/aeronoticias.com.pe\/noticiero\/#\/schema\/person\/fc1e5d578f4b62ba1cf7ac2bba1170a0"},"description":"Portal de noticias del Per\u00fa sobre el transporte a\u00e9reo, aviaci\u00f3n, turismo, hoteleria, actualidad.","breadcrumb":{"@id":"https:\/\/aeronoticias.com.pe\/noticiero\/economia\/mayoria-de-limenos-cree-que-su-situacion-economica-mejorara-en-el-2010\/#breadcrumb"},"inLanguage":"es","potentialAction":[{"@type":"ReadAction","target":["https:\/\/aeronoticias.com.pe\/noticiero\/economia\/mayoria-de-limenos-cree-que-su-situacion-economica-mejorara-en-el-2010\/"]}]},{"@type":"BreadcrumbList","@id":"https:\/\/aeronoticias.com.pe\/noticiero\/economia\/mayoria-de-limenos-cree-que-su-situacion-economica-mejorara-en-el-2010\/#breadcrumb","itemListElement":[{"@type":"ListItem","position":1,"name":"Portada","item":"https:\/\/aeronoticias.com.pe\/noticiero\/"},{"@type":"ListItem","position":2,"name":"Mayor\u00eda de lime\u00f1os cree que su situaci\u00f3n econ\u00f3mica mejorar\u00e1 en el 2010"}]},{"@type":"WebSite","@id":"https:\/\/aeronoticias.com.pe\/noticiero\/#website","url":"https:\/\/aeronoticias.com.pe\/noticiero\/","name":"Aeronoticias.com.pe","description":"Noticias de tranporte aereo, turismo, hoteles, gastronomia, actualidad, internacional","potentialAction":[{"@type":"SearchAction","target":{"@type":"EntryPoint","urlTemplate":"https:\/\/aeronoticias.com.pe\/noticiero\/?s={search_term_string}"},"query-input":{"@type":"PropertyValueSpecification","valueRequired":true,"valueName":"search_term_string"}}],"inLanguage":"es"},{"@type":"Person","@id":"https:\/\/aeronoticias.com.pe\/noticiero\/#\/schema\/person\/fc1e5d578f4b62ba1cf7ac2bba1170a0","name":"Redacci\u00f3n Aeronoticias","url":"https:\/\/aeronoticias.com.pe\/noticiero\/author\/piloto\/"}]}},"_links":{"self":[{"href":"https:\/\/aeronoticias.com.pe\/noticiero\/wp-json\/wp\/v2\/posts\/8160","targetHints":{"allow":["GET"]}}],"collection":[{"href":"https:\/\/aeronoticias.com.pe\/noticiero\/wp-json\/wp\/v2\/posts"}],"about":[{"href":"https:\/\/aeronoticias.com.pe\/noticiero\/wp-json\/wp\/v2\/types\/post"}],"author":[{"embeddable":true,"href":"https:\/\/aeronoticias.com.pe\/noticiero\/wp-json\/wp\/v2\/users\/1"}],"replies":[{"embeddable":true,"href":"https:\/\/aeronoticias.com.pe\/noticiero\/wp-json\/wp\/v2\/comments?post=8160"}],"version-history":[{"count":0,"href":"https:\/\/aeronoticias.com.pe\/noticiero\/wp-json\/wp\/v2\/posts\/8160\/revisions"}],"wp:attachment":[{"href":"https:\/\/aeronoticias.com.pe\/noticiero\/wp-json\/wp\/v2\/media?parent=8160"}],"wp:term":[{"taxonomy":"category","embeddable":true,"href":"https:\/\/aeronoticias.com.pe\/noticiero\/wp-json\/wp\/v2\/categories?post=8160"},{"taxonomy":"post_tag","embeddable":true,"href":"https:\/\/aeronoticias.com.pe\/noticiero\/wp-json\/wp\/v2\/tags?post=8160"}],"curies":[{"name":"wp","href":"https:\/\/api.w.org\/{rel}","templated":true}]}}