{"id":8164,"date":"2010-01-14T20:46:50","date_gmt":"2010-01-14T20:46:50","guid":{"rendered":"http:\/\/desarrollo.mcvicious.com\/aero2020\/2010\/01\/14\/bolivia-establece-nuevas-bandas-en-tarifas-aereas\/"},"modified":"2010-01-14T20:46:50","modified_gmt":"2010-01-14T20:46:50","slug":"bolivia-establece-nuevas-bandas-en-tarifas-aereas","status":"publish","type":"post","link":"https:\/\/aeronoticias.com.pe\/noticiero\/internacionales\/bolivia-establece-nuevas-bandas-en-tarifas-aereas\/","title":{"rendered":"Bolivia establece nuevas bandas en tarifas a\u00e9reas"},"content":{"rendered":"<div align=\"justify\">La ATT aprob\u00f3 una nueva banda referencial de pasajes a\u00e9reos que entrar\u00e1 en vigor en febrero, lo que protege al usuario a diferencia de lo que ocurre con el r\u00e9gimen aeropol\u00edtico de otros pa\u00edses de la regi\u00f3n como en el caso del Per\u00fa, donde la libertad de tarifas y el cuasi monopolio siempre van en contra del usuario.<\/div>\n<div align=\"justify\">El Gobierno boliviano aprob\u00f3 una nueva banda referencial de precios de pasajes a\u00e9reos con tarifas m\u00e1s bajas que las actuales, que entrar\u00e1 en vigencia en febrero pr\u00f3ximo. El director de Transportes de la Autoridad de Fiscalizaci\u00f3n y Control de Social de Telecomunicaciones y Transportes (ATT), Fernando Llanos, explic\u00f3 que la nueva banda de pasajes tiene como objetivo facilitar el acceso a nuevos usuarios del transporte a\u00e9reo, pero de manera planificada o reserva anticipada.<\/p>\n<div style=\"text-align: center\"><img decoding=\"async\" src=\"images\/stories\/10\/01\/140110\/virus.jpg\" border=\"0\" \/><\/div>\n<p>En tanto que las personas que tienen alguna urgencia para trasladarse de una ciudad a otra, seg\u00fan Llanos, pagar\u00e1n las tarifas actuales o el nuevo l\u00edmite superior, pero las empresas deber\u00e1n compensar por ese cobro elevado a otros pasajeros con la banda del l\u00edmite inferior.<\/p>\n<p>Las familias que planifiquen sus viajes con un par de meses de anticipaci\u00f3n, podr\u00e1n comprar pasajes a precios bajos, por ejemplo; si desean viajar a Santa Cruz podr\u00e1n adquirirlos a 621 bolivianos, cada uno, del l\u00edmite inferior. El alto funcionario Boliviano Fernando Llanos explic\u00f3 que la empresa a\u00e9rea estar\u00e1 segura de tener pasajeros para la fecha indicada porque en el momento de la reserva el usuario pagar\u00e1 el costo de los pasajes. En cambio, los ejecutivos continuar\u00e1n pagando tarifas altas por sus viajes urgentes.<\/p>\n<p>La ATT hizo conocer ayer la Resoluci\u00f3n Administrativa N\u00b0 001\/2010 que fija la nueva banda referencial de pasajes a\u00e9reos y que entrar\u00e1 en vigencia en 30 d\u00edas h\u00e1biles a partir de la fecha.<\/p>\n<p>El director de Transportes de la ATT explic\u00f3 que durante ese tiempo las empresas a\u00e9reas deber\u00e1n hacer conocer una nueva estructura tarifaria, de acuerdo con la banda referencial. \u201cUna vez que presenten la misma entrar\u00e1 en vigencia el mecanismo y desde ese momento es obligatorio cumplir con la misma\u201d, dijo, y anunci\u00f3 que no se descartan sanciones a las infractoras.<\/p>\n<p>Dijo que el prop\u00f3sito es que los aviones viajen con los asientos completos, donde el 70% de los pasajeros pague pasajes a precios m\u00e1s bajos que hoy.<\/p>\n<p>Seg\u00fan Llanos, la ATT envi\u00f3 la mencionada resoluci\u00f3n a las empresas BoA y AeroSur para que elaboren sus nuevas estructuras tarifarias. Tambi\u00e9n a TAM. Aunque esta \u00faltima no est\u00e1 regulada, pero \u201ccon el tiempo har\u00e1 que sus pasajes sean m\u00e1s bajos\u201d.<\/p>\n<p><strong>Aeronoticias<\/strong> considera que es positivo que los pa\u00edses latinoamericanos que tienen el r\u00e9gimen de libertad de tarifas a\u00e9reas en aquellos supuestos en los que haya un mercado dominado por una o dos transportadoras estudien la posibilidad de modificar la legislaci\u00f3n aeron\u00e1utica para ingresar al r\u00e9gimen de bandas tarifarias que establecen topes m\u00e1ximos o m\u00ednimos que pueden aplicar los transportadores a\u00e9reos.<\/div>\n","protected":false},"excerpt":{"rendered":"<p>La ATT aprob\u00f3 una nueva banda referencial de pasajes a\u00e9reos que entrar\u00e1 en vigor en febrero, lo que protege al usuario a diferencia de lo que ocurre con el r\u00e9gimen aeropol\u00edtico de otros pa\u00edses de la regi\u00f3n como en el caso del Per\u00fa, donde la libertad de tarifas y el cuasi monopolio siempre van en [&hellip;]<\/p>\n","protected":false},"author":1,"featured_media":0,"comment_status":"open","ping_status":"open","sticky":false,"template":"","format":"standard","meta":{"tdm_status":"","tdm_grid_status":"","footnotes":""},"categories":[34],"tags":[],"class_list":{"0":"post-8164","1":"post","2":"type-post","3":"status-publish","4":"format-standard","6":"category-internacionales"},"yoast_head":"<!-- This site is optimized with the Yoast SEO plugin v25.1 - https:\/\/yoast.com\/wordpress\/plugins\/seo\/ -->\n<title>Bolivia establece nuevas bandas en tarifas a\u00e9reas<\/title>\n<meta name=\"description\" content=\"Portal de noticias del Per\u00fa sobre el transporte a\u00e9reo, aviaci\u00f3n, turismo, hoteleria, actualidad.\" \/>\n<meta name=\"robots\" content=\"index, follow, max-snippet:-1, max-image-preview:large, max-video-preview:-1\" \/>\n<link rel=\"canonical\" href=\"https:\/\/aeronoticias.com.pe\/noticiero\/internacionales\/bolivia-establece-nuevas-bandas-en-tarifas-aereas\/\" \/>\n<meta property=\"og:locale\" content=\"es_ES\" \/>\n<meta property=\"og:type\" content=\"article\" \/>\n<meta property=\"og:title\" content=\"Bolivia establece nuevas bandas en tarifas a\u00e9reas\" \/>\n<meta property=\"og:description\" content=\"Portal de noticias del Per\u00fa sobre el transporte a\u00e9reo, aviaci\u00f3n, turismo, hoteleria, actualidad.\" \/>\n<meta property=\"og:url\" content=\"https:\/\/aeronoticias.com.pe\/noticiero\/internacionales\/bolivia-establece-nuevas-bandas-en-tarifas-aereas\/\" \/>\n<meta property=\"og:site_name\" content=\"Aeronoticias.com.pe\" \/>\n<meta property=\"article:publisher\" content=\"https:\/\/www.facebook.com\/Aeronoticias.com.pe\/\" \/>\n<meta property=\"article:published_time\" content=\"2010-01-14T20:46:50+00:00\" \/>\n<meta name=\"author\" content=\"Redacci\u00f3n Aeronoticias\" \/>\n<meta name=\"twitter:card\" content=\"summary_large_image\" \/>\n<meta name=\"twitter:creator\" content=\"@aeronoticias\" \/>\n<meta name=\"twitter:site\" content=\"@aeronoticias\" \/>\n<meta name=\"twitter:label1\" content=\"Escrito por\" \/>\n\t<meta name=\"twitter:data1\" content=\"Redacci\u00f3n Aeronoticias\" \/>\n\t<meta name=\"twitter:label2\" content=\"Tiempo de lectura\" \/>\n\t<meta name=\"twitter:data2\" content=\"3 minutos\" \/>\n<script type=\"application\/ld+json\" class=\"yoast-schema-graph\">{\"@context\":\"https:\/\/schema.org\",\"@graph\":[{\"@type\":\"WebPage\",\"@id\":\"https:\/\/aeronoticias.com.pe\/noticiero\/internacionales\/bolivia-establece-nuevas-bandas-en-tarifas-aereas\/\",\"url\":\"https:\/\/aeronoticias.com.pe\/noticiero\/internacionales\/bolivia-establece-nuevas-bandas-en-tarifas-aereas\/\",\"name\":\"Bolivia establece nuevas bandas en tarifas a\u00e9reas\",\"isPartOf\":{\"@id\":\"https:\/\/aeronoticias.com.pe\/noticiero\/#website\"},\"datePublished\":\"2010-01-14T20:46:50+00:00\",\"author\":{\"@id\":\"https:\/\/aeronoticias.com.pe\/noticiero\/#\/schema\/person\/fc1e5d578f4b62ba1cf7ac2bba1170a0\"},\"description\":\"Portal de noticias del Per\u00fa sobre el transporte a\u00e9reo, aviaci\u00f3n, turismo, hoteleria, actualidad.\",\"breadcrumb\":{\"@id\":\"https:\/\/aeronoticias.com.pe\/noticiero\/internacionales\/bolivia-establece-nuevas-bandas-en-tarifas-aereas\/#breadcrumb\"},\"inLanguage\":\"es\",\"potentialAction\":[{\"@type\":\"ReadAction\",\"target\":[\"https:\/\/aeronoticias.com.pe\/noticiero\/internacionales\/bolivia-establece-nuevas-bandas-en-tarifas-aereas\/\"]}]},{\"@type\":\"BreadcrumbList\",\"@id\":\"https:\/\/aeronoticias.com.pe\/noticiero\/internacionales\/bolivia-establece-nuevas-bandas-en-tarifas-aereas\/#breadcrumb\",\"itemListElement\":[{\"@type\":\"ListItem\",\"position\":1,\"name\":\"Portada\",\"item\":\"https:\/\/aeronoticias.com.pe\/noticiero\/\"},{\"@type\":\"ListItem\",\"position\":2,\"name\":\"Bolivia establece nuevas bandas en tarifas a\u00e9reas\"}]},{\"@type\":\"WebSite\",\"@id\":\"https:\/\/aeronoticias.com.pe\/noticiero\/#website\",\"url\":\"https:\/\/aeronoticias.com.pe\/noticiero\/\",\"name\":\"Aeronoticias.com.pe\",\"description\":\"Noticias de tranporte aereo, turismo, hoteles, gastronomia, actualidad, internacional\",\"potentialAction\":[{\"@type\":\"SearchAction\",\"target\":{\"@type\":\"EntryPoint\",\"urlTemplate\":\"https:\/\/aeronoticias.com.pe\/noticiero\/?s={search_term_string}\"},\"query-input\":{\"@type\":\"PropertyValueSpecification\",\"valueRequired\":true,\"valueName\":\"search_term_string\"}}],\"inLanguage\":\"es\"},{\"@type\":\"Person\",\"@id\":\"https:\/\/aeronoticias.com.pe\/noticiero\/#\/schema\/person\/fc1e5d578f4b62ba1cf7ac2bba1170a0\",\"name\":\"Redacci\u00f3n Aeronoticias\",\"url\":\"https:\/\/aeronoticias.com.pe\/noticiero\/author\/piloto\/\"}]}<\/script>\n<!-- \/ Yoast SEO plugin. -->","yoast_head_json":{"title":"Bolivia establece nuevas bandas en tarifas a\u00e9reas","description":"Portal de noticias del Per\u00fa sobre el transporte a\u00e9reo, aviaci\u00f3n, turismo, hoteleria, actualidad.","robots":{"index":"index","follow":"follow","max-snippet":"max-snippet:-1","max-image-preview":"max-image-preview:large","max-video-preview":"max-video-preview:-1"},"canonical":"https:\/\/aeronoticias.com.pe\/noticiero\/internacionales\/bolivia-establece-nuevas-bandas-en-tarifas-aereas\/","og_locale":"es_ES","og_type":"article","og_title":"Bolivia establece nuevas bandas en tarifas a\u00e9reas","og_description":"Portal de noticias del Per\u00fa sobre el transporte a\u00e9reo, aviaci\u00f3n, turismo, hoteleria, actualidad.","og_url":"https:\/\/aeronoticias.com.pe\/noticiero\/internacionales\/bolivia-establece-nuevas-bandas-en-tarifas-aereas\/","og_site_name":"Aeronoticias.com.pe","article_publisher":"https:\/\/www.facebook.com\/Aeronoticias.com.pe\/","article_published_time":"2010-01-14T20:46:50+00:00","author":"Redacci\u00f3n Aeronoticias","twitter_card":"summary_large_image","twitter_creator":"@aeronoticias","twitter_site":"@aeronoticias","twitter_misc":{"Escrito por":"Redacci\u00f3n Aeronoticias","Tiempo de lectura":"3 minutos"},"schema":{"@context":"https:\/\/schema.org","@graph":[{"@type":"WebPage","@id":"https:\/\/aeronoticias.com.pe\/noticiero\/internacionales\/bolivia-establece-nuevas-bandas-en-tarifas-aereas\/","url":"https:\/\/aeronoticias.com.pe\/noticiero\/internacionales\/bolivia-establece-nuevas-bandas-en-tarifas-aereas\/","name":"Bolivia establece nuevas bandas en tarifas a\u00e9reas","isPartOf":{"@id":"https:\/\/aeronoticias.com.pe\/noticiero\/#website"},"datePublished":"2010-01-14T20:46:50+00:00","author":{"@id":"https:\/\/aeronoticias.com.pe\/noticiero\/#\/schema\/person\/fc1e5d578f4b62ba1cf7ac2bba1170a0"},"description":"Portal de noticias del Per\u00fa sobre el transporte a\u00e9reo, aviaci\u00f3n, turismo, hoteleria, actualidad.","breadcrumb":{"@id":"https:\/\/aeronoticias.com.pe\/noticiero\/internacionales\/bolivia-establece-nuevas-bandas-en-tarifas-aereas\/#breadcrumb"},"inLanguage":"es","potentialAction":[{"@type":"ReadAction","target":["https:\/\/aeronoticias.com.pe\/noticiero\/internacionales\/bolivia-establece-nuevas-bandas-en-tarifas-aereas\/"]}]},{"@type":"BreadcrumbList","@id":"https:\/\/aeronoticias.com.pe\/noticiero\/internacionales\/bolivia-establece-nuevas-bandas-en-tarifas-aereas\/#breadcrumb","itemListElement":[{"@type":"ListItem","position":1,"name":"Portada","item":"https:\/\/aeronoticias.com.pe\/noticiero\/"},{"@type":"ListItem","position":2,"name":"Bolivia establece nuevas bandas en tarifas a\u00e9reas"}]},{"@type":"WebSite","@id":"https:\/\/aeronoticias.com.pe\/noticiero\/#website","url":"https:\/\/aeronoticias.com.pe\/noticiero\/","name":"Aeronoticias.com.pe","description":"Noticias de tranporte aereo, turismo, hoteles, gastronomia, actualidad, internacional","potentialAction":[{"@type":"SearchAction","target":{"@type":"EntryPoint","urlTemplate":"https:\/\/aeronoticias.com.pe\/noticiero\/?s={search_term_string}"},"query-input":{"@type":"PropertyValueSpecification","valueRequired":true,"valueName":"search_term_string"}}],"inLanguage":"es"},{"@type":"Person","@id":"https:\/\/aeronoticias.com.pe\/noticiero\/#\/schema\/person\/fc1e5d578f4b62ba1cf7ac2bba1170a0","name":"Redacci\u00f3n Aeronoticias","url":"https:\/\/aeronoticias.com.pe\/noticiero\/author\/piloto\/"}]}},"_links":{"self":[{"href":"https:\/\/aeronoticias.com.pe\/noticiero\/wp-json\/wp\/v2\/posts\/8164","targetHints":{"allow":["GET"]}}],"collection":[{"href":"https:\/\/aeronoticias.com.pe\/noticiero\/wp-json\/wp\/v2\/posts"}],"about":[{"href":"https:\/\/aeronoticias.com.pe\/noticiero\/wp-json\/wp\/v2\/types\/post"}],"author":[{"embeddable":true,"href":"https:\/\/aeronoticias.com.pe\/noticiero\/wp-json\/wp\/v2\/users\/1"}],"replies":[{"embeddable":true,"href":"https:\/\/aeronoticias.com.pe\/noticiero\/wp-json\/wp\/v2\/comments?post=8164"}],"version-history":[{"count":0,"href":"https:\/\/aeronoticias.com.pe\/noticiero\/wp-json\/wp\/v2\/posts\/8164\/revisions"}],"wp:attachment":[{"href":"https:\/\/aeronoticias.com.pe\/noticiero\/wp-json\/wp\/v2\/media?parent=8164"}],"wp:term":[{"taxonomy":"category","embeddable":true,"href":"https:\/\/aeronoticias.com.pe\/noticiero\/wp-json\/wp\/v2\/categories?post=8164"},{"taxonomy":"post_tag","embeddable":true,"href":"https:\/\/aeronoticias.com.pe\/noticiero\/wp-json\/wp\/v2\/tags?post=8164"}],"curies":[{"name":"wp","href":"https:\/\/api.w.org\/{rel}","templated":true}]}}