{"id":8165,"date":"2010-01-14T21:21:20","date_gmt":"2010-01-14T21:21:20","guid":{"rendered":"http:\/\/desarrollo.mcvicious.com\/aero2020\/2010\/01\/14\/son-36-fallecidos-en-el-personal-de-la-onu-hasta-el-momento-en-haiti\/"},"modified":"2010-01-14T21:21:20","modified_gmt":"2010-01-14T21:21:20","slug":"son-36-fallecidos-en-el-personal-de-la-onu-hasta-el-momento-en-haiti","status":"publish","type":"post","link":"https:\/\/aeronoticias.com.pe\/noticiero\/internacionales\/son-36-fallecidos-en-el-personal-de-la-onu-hasta-el-momento-en-haiti\/","title":{"rendered":"Son 36 fallecidos en el personal de la ONU hasta el momento en Hait\u00ed"},"content":{"rendered":"<div style=\"text-align: justify\">Uno de los responsables de la ONU en Hait\u00ed, David Wimhurst, inform\u00f3, durante una videoconferencia entre Nueva York y Puerto Pr\u00edncipe, de que entre los fallecidos hay cuatro polic\u00edas, 19 militares y 13 civiles.\u00a0Esas v\u00edctimas se cuentan entre el personal que estaba en el edificio que ocupaba Minustah en la capital haitiana, conocido como Hotel Christopher, y en donde trabajaba un centenar de personas cuando se produjo el desastre.<\/div>\n<div style=\"text-align: justify\">\u00a0<\/div>\n<div style=\"text-align: justify\">Wimhurst se\u00f1al\u00f3 que esperan encontrar m\u00e1s cad\u00e1veres durante las pr\u00f3ximas horas.\u00a0Con anterioridad el secretario general de la ONU, Ban Ki-moon hab\u00eda se\u00f1alado en una conferencia de prensa que hasta ese momento se pod\u00eda confirmar la muerte de 22 efectivos de las fuerzas internacionales de paz.<\/div>\n<div style=\"text-align: justify\">\u00a0<\/p>\n<div style=\"text-align: center\"><img decoding=\"async\" src=\"images\/stories\/10\/01\/140110\/onuun.jpg\" border=\"0\" alt=\"onu\" title=\"onu\" \/><\/div>\n<\/div>\n<div style=\"text-align: justify\">Posteriormente la oficina el portavoz de la ONU divulg\u00f3 las nacionalidades de los cuatro polic\u00edas, que son un ciudadano de Argentina, uno de Burkina Faso y dos de la Rep\u00fablica del N\u00edger.\u00a0Ban se\u00f1al\u00f3 tambi\u00e9n que entre las personas todav\u00eda no localizadas est\u00e1n el responsable de Minustah, el tunecino H\u00e9di Annabi, y su adjunto, Luiz da Costa.<\/div>\n<div style=\"text-align: justify\">\u00a0<\/div>\n<div style=\"text-align: justify\">Por su parte, el subsecretario general de la ONU para Asuntos Humanitarios, John Holmes, se\u00f1al\u00f3 hoy que \u00abla situaci\u00f3n sobre el terreno es extremadamente preocupante\u00bb, al tiempo que alert\u00f3 de la gran escala del desastre y de las posibles cifras finales de fallecidos, as\u00ed como de los problemas m\u00e9dicos que se plantean en el pa\u00eds. Holmes insisti\u00f3 en que la prioridad de la ONU en Hait\u00ed es \u00abla b\u00fasqueda y el rescate de supervivientes bajo los escombros y salvar a todo el que se pueda salvar\u00bb.<\/div>\n<div style=\"text-align: justify\">\u00a0<\/div>\n<div style=\"text-align: justify\">Inform\u00f3 de que ya han llegado al pa\u00eds varios equipos de salvamento, aunque reconoci\u00f3 que hay serios problemas en el aeropuerto de Puerto Pr\u00edncipe, que dificultan la llegada de ayuda. \u00abEstamos haciendo todo lo que podemos en ese frente para que la situaci\u00f3n mejore lo antes posible\u00bb, a\u00f1adi\u00f3 Holmes, quien volvi\u00f3 a recordar que el mayor desaf\u00edo de la ayuda internacional reside \u00aben el frente sanitario\u00bb, ya que las infraestructuras m\u00e9dicas del pa\u00eds han quedado \u00abgravemente da\u00f1adas\u00bb.<\/div>\n<div style=\"text-align: justify\">\u00a0<\/div>\n<div style=\"text-align: justify\">Holmes defendi\u00f3 as\u00ed la necesidad de hacer llegar al pa\u00eds caribe\u00f1o el mayor n\u00famero posible de personal sanitario, as\u00ed como agua, alimentos y tiendas de campa\u00f1a para albergar a las v\u00edctimas.<\/div>\n<div style=\"text-align: justify\">\u00a0<\/div>\n<div style=\"text-align: justify\"><strong>Aeronoticias <\/strong>considera que es necesario seguir las investigaciones en raz\u00f3n a que se tiene que dilucidar cuantos son en total no solo las v\u00edctimas del cuerpo de la ONU, hecho muy lamentable, sino empezar a contabilizar cuantas victimas en total se est\u00e1n por contabilizar en las pr\u00f3ximas horas en un contexto en el que el terremoto en Hait\u00ed es uno de los peores desastres de los \u00faltimos 250 a\u00f1os.<\/div>\n<div style=\"text-align: justify\"><\/div>\n","protected":false},"excerpt":{"rendered":"<p>Uno de los responsables de la ONU en Hait\u00ed, David Wimhurst, inform\u00f3, durante una videoconferencia entre Nueva York y Puerto Pr\u00edncipe, de que entre los fallecidos hay cuatro polic\u00edas, 19 militares y 13 civiles.\u00a0Esas v\u00edctimas se cuentan entre el personal que estaba en el edificio que ocupaba Minustah en la capital haitiana, conocido como Hotel [&hellip;]<\/p>\n","protected":false},"author":1,"featured_media":0,"comment_status":"open","ping_status":"open","sticky":false,"template":"","format":"standard","meta":{"tdm_status":"","tdm_grid_status":"","footnotes":""},"categories":[34],"tags":[],"class_list":{"0":"post-8165","1":"post","2":"type-post","3":"status-publish","4":"format-standard","6":"category-internacionales"},"yoast_head":"<!-- This site is optimized with the Yoast SEO plugin v25.1 - https:\/\/yoast.com\/wordpress\/plugins\/seo\/ -->\n<title>Son 36 fallecidos en el personal de la ONU hasta el momento en Hait\u00ed<\/title>\n<meta name=\"description\" content=\"Portal de noticias del Per\u00fa sobre el transporte a\u00e9reo, aviaci\u00f3n, turismo, hoteleria, actualidad.\" \/>\n<meta name=\"robots\" content=\"index, follow, max-snippet:-1, max-image-preview:large, max-video-preview:-1\" \/>\n<link rel=\"canonical\" href=\"https:\/\/aeronoticias.com.pe\/noticiero\/internacionales\/son-36-fallecidos-en-el-personal-de-la-onu-hasta-el-momento-en-haiti\/\" \/>\n<meta property=\"og:locale\" content=\"es_ES\" \/>\n<meta property=\"og:type\" content=\"article\" \/>\n<meta property=\"og:title\" content=\"Son 36 fallecidos en el personal de la ONU hasta el momento en Hait\u00ed\" \/>\n<meta property=\"og:description\" content=\"Portal de noticias del Per\u00fa sobre el transporte a\u00e9reo, aviaci\u00f3n, turismo, hoteleria, actualidad.\" \/>\n<meta property=\"og:url\" content=\"https:\/\/aeronoticias.com.pe\/noticiero\/internacionales\/son-36-fallecidos-en-el-personal-de-la-onu-hasta-el-momento-en-haiti\/\" \/>\n<meta property=\"og:site_name\" content=\"Aeronoticias.com.pe\" \/>\n<meta property=\"article:publisher\" content=\"https:\/\/www.facebook.com\/Aeronoticias.com.pe\/\" \/>\n<meta property=\"article:published_time\" content=\"2010-01-14T21:21:20+00:00\" \/>\n<meta name=\"author\" content=\"Redacci\u00f3n Aeronoticias\" \/>\n<meta name=\"twitter:card\" content=\"summary_large_image\" \/>\n<meta name=\"twitter:creator\" content=\"@aeronoticias\" \/>\n<meta name=\"twitter:site\" content=\"@aeronoticias\" \/>\n<meta name=\"twitter:label1\" content=\"Escrito por\" \/>\n\t<meta name=\"twitter:data1\" content=\"Redacci\u00f3n Aeronoticias\" \/>\n\t<meta name=\"twitter:label2\" content=\"Tiempo de lectura\" \/>\n\t<meta name=\"twitter:data2\" content=\"2 minutos\" \/>\n<script type=\"application\/ld+json\" class=\"yoast-schema-graph\">{\"@context\":\"https:\/\/schema.org\",\"@graph\":[{\"@type\":\"WebPage\",\"@id\":\"https:\/\/aeronoticias.com.pe\/noticiero\/internacionales\/son-36-fallecidos-en-el-personal-de-la-onu-hasta-el-momento-en-haiti\/\",\"url\":\"https:\/\/aeronoticias.com.pe\/noticiero\/internacionales\/son-36-fallecidos-en-el-personal-de-la-onu-hasta-el-momento-en-haiti\/\",\"name\":\"Son 36 fallecidos en el personal de la ONU hasta el momento en Hait\u00ed\",\"isPartOf\":{\"@id\":\"https:\/\/aeronoticias.com.pe\/noticiero\/#website\"},\"datePublished\":\"2010-01-14T21:21:20+00:00\",\"author\":{\"@id\":\"https:\/\/aeronoticias.com.pe\/noticiero\/#\/schema\/person\/fc1e5d578f4b62ba1cf7ac2bba1170a0\"},\"description\":\"Portal de noticias del Per\u00fa sobre el transporte a\u00e9reo, aviaci\u00f3n, turismo, hoteleria, actualidad.\",\"breadcrumb\":{\"@id\":\"https:\/\/aeronoticias.com.pe\/noticiero\/internacionales\/son-36-fallecidos-en-el-personal-de-la-onu-hasta-el-momento-en-haiti\/#breadcrumb\"},\"inLanguage\":\"es\",\"potentialAction\":[{\"@type\":\"ReadAction\",\"target\":[\"https:\/\/aeronoticias.com.pe\/noticiero\/internacionales\/son-36-fallecidos-en-el-personal-de-la-onu-hasta-el-momento-en-haiti\/\"]}]},{\"@type\":\"BreadcrumbList\",\"@id\":\"https:\/\/aeronoticias.com.pe\/noticiero\/internacionales\/son-36-fallecidos-en-el-personal-de-la-onu-hasta-el-momento-en-haiti\/#breadcrumb\",\"itemListElement\":[{\"@type\":\"ListItem\",\"position\":1,\"name\":\"Portada\",\"item\":\"https:\/\/aeronoticias.com.pe\/noticiero\/\"},{\"@type\":\"ListItem\",\"position\":2,\"name\":\"Son 36 fallecidos en el personal de la ONU hasta el momento en Hait\u00ed\"}]},{\"@type\":\"WebSite\",\"@id\":\"https:\/\/aeronoticias.com.pe\/noticiero\/#website\",\"url\":\"https:\/\/aeronoticias.com.pe\/noticiero\/\",\"name\":\"Aeronoticias.com.pe\",\"description\":\"Noticias de tranporte aereo, turismo, hoteles, gastronomia, actualidad, internacional\",\"potentialAction\":[{\"@type\":\"SearchAction\",\"target\":{\"@type\":\"EntryPoint\",\"urlTemplate\":\"https:\/\/aeronoticias.com.pe\/noticiero\/?s={search_term_string}\"},\"query-input\":{\"@type\":\"PropertyValueSpecification\",\"valueRequired\":true,\"valueName\":\"search_term_string\"}}],\"inLanguage\":\"es\"},{\"@type\":\"Person\",\"@id\":\"https:\/\/aeronoticias.com.pe\/noticiero\/#\/schema\/person\/fc1e5d578f4b62ba1cf7ac2bba1170a0\",\"name\":\"Redacci\u00f3n Aeronoticias\",\"url\":\"https:\/\/aeronoticias.com.pe\/noticiero\/author\/piloto\/\"}]}<\/script>\n<!-- \/ Yoast SEO plugin. -->","yoast_head_json":{"title":"Son 36 fallecidos en el personal de la ONU hasta el momento en Hait\u00ed","description":"Portal de noticias del Per\u00fa sobre el transporte a\u00e9reo, aviaci\u00f3n, turismo, hoteleria, actualidad.","robots":{"index":"index","follow":"follow","max-snippet":"max-snippet:-1","max-image-preview":"max-image-preview:large","max-video-preview":"max-video-preview:-1"},"canonical":"https:\/\/aeronoticias.com.pe\/noticiero\/internacionales\/son-36-fallecidos-en-el-personal-de-la-onu-hasta-el-momento-en-haiti\/","og_locale":"es_ES","og_type":"article","og_title":"Son 36 fallecidos en el personal de la ONU hasta el momento en Hait\u00ed","og_description":"Portal de noticias del Per\u00fa sobre el transporte a\u00e9reo, aviaci\u00f3n, turismo, hoteleria, actualidad.","og_url":"https:\/\/aeronoticias.com.pe\/noticiero\/internacionales\/son-36-fallecidos-en-el-personal-de-la-onu-hasta-el-momento-en-haiti\/","og_site_name":"Aeronoticias.com.pe","article_publisher":"https:\/\/www.facebook.com\/Aeronoticias.com.pe\/","article_published_time":"2010-01-14T21:21:20+00:00","author":"Redacci\u00f3n Aeronoticias","twitter_card":"summary_large_image","twitter_creator":"@aeronoticias","twitter_site":"@aeronoticias","twitter_misc":{"Escrito por":"Redacci\u00f3n Aeronoticias","Tiempo de lectura":"2 minutos"},"schema":{"@context":"https:\/\/schema.org","@graph":[{"@type":"WebPage","@id":"https:\/\/aeronoticias.com.pe\/noticiero\/internacionales\/son-36-fallecidos-en-el-personal-de-la-onu-hasta-el-momento-en-haiti\/","url":"https:\/\/aeronoticias.com.pe\/noticiero\/internacionales\/son-36-fallecidos-en-el-personal-de-la-onu-hasta-el-momento-en-haiti\/","name":"Son 36 fallecidos en el personal de la ONU hasta el momento en Hait\u00ed","isPartOf":{"@id":"https:\/\/aeronoticias.com.pe\/noticiero\/#website"},"datePublished":"2010-01-14T21:21:20+00:00","author":{"@id":"https:\/\/aeronoticias.com.pe\/noticiero\/#\/schema\/person\/fc1e5d578f4b62ba1cf7ac2bba1170a0"},"description":"Portal de noticias del Per\u00fa sobre el transporte a\u00e9reo, aviaci\u00f3n, turismo, hoteleria, actualidad.","breadcrumb":{"@id":"https:\/\/aeronoticias.com.pe\/noticiero\/internacionales\/son-36-fallecidos-en-el-personal-de-la-onu-hasta-el-momento-en-haiti\/#breadcrumb"},"inLanguage":"es","potentialAction":[{"@type":"ReadAction","target":["https:\/\/aeronoticias.com.pe\/noticiero\/internacionales\/son-36-fallecidos-en-el-personal-de-la-onu-hasta-el-momento-en-haiti\/"]}]},{"@type":"BreadcrumbList","@id":"https:\/\/aeronoticias.com.pe\/noticiero\/internacionales\/son-36-fallecidos-en-el-personal-de-la-onu-hasta-el-momento-en-haiti\/#breadcrumb","itemListElement":[{"@type":"ListItem","position":1,"name":"Portada","item":"https:\/\/aeronoticias.com.pe\/noticiero\/"},{"@type":"ListItem","position":2,"name":"Son 36 fallecidos en el personal de la ONU hasta el momento en Hait\u00ed"}]},{"@type":"WebSite","@id":"https:\/\/aeronoticias.com.pe\/noticiero\/#website","url":"https:\/\/aeronoticias.com.pe\/noticiero\/","name":"Aeronoticias.com.pe","description":"Noticias de tranporte aereo, turismo, hoteles, gastronomia, actualidad, internacional","potentialAction":[{"@type":"SearchAction","target":{"@type":"EntryPoint","urlTemplate":"https:\/\/aeronoticias.com.pe\/noticiero\/?s={search_term_string}"},"query-input":{"@type":"PropertyValueSpecification","valueRequired":true,"valueName":"search_term_string"}}],"inLanguage":"es"},{"@type":"Person","@id":"https:\/\/aeronoticias.com.pe\/noticiero\/#\/schema\/person\/fc1e5d578f4b62ba1cf7ac2bba1170a0","name":"Redacci\u00f3n Aeronoticias","url":"https:\/\/aeronoticias.com.pe\/noticiero\/author\/piloto\/"}]}},"_links":{"self":[{"href":"https:\/\/aeronoticias.com.pe\/noticiero\/wp-json\/wp\/v2\/posts\/8165","targetHints":{"allow":["GET"]}}],"collection":[{"href":"https:\/\/aeronoticias.com.pe\/noticiero\/wp-json\/wp\/v2\/posts"}],"about":[{"href":"https:\/\/aeronoticias.com.pe\/noticiero\/wp-json\/wp\/v2\/types\/post"}],"author":[{"embeddable":true,"href":"https:\/\/aeronoticias.com.pe\/noticiero\/wp-json\/wp\/v2\/users\/1"}],"replies":[{"embeddable":true,"href":"https:\/\/aeronoticias.com.pe\/noticiero\/wp-json\/wp\/v2\/comments?post=8165"}],"version-history":[{"count":0,"href":"https:\/\/aeronoticias.com.pe\/noticiero\/wp-json\/wp\/v2\/posts\/8165\/revisions"}],"wp:attachment":[{"href":"https:\/\/aeronoticias.com.pe\/noticiero\/wp-json\/wp\/v2\/media?parent=8165"}],"wp:term":[{"taxonomy":"category","embeddable":true,"href":"https:\/\/aeronoticias.com.pe\/noticiero\/wp-json\/wp\/v2\/categories?post=8165"},{"taxonomy":"post_tag","embeddable":true,"href":"https:\/\/aeronoticias.com.pe\/noticiero\/wp-json\/wp\/v2\/tags?post=8165"}],"curies":[{"name":"wp","href":"https:\/\/api.w.org\/{rel}","templated":true}]}}