{"id":8168,"date":"2010-01-14T21:22:20","date_gmt":"2010-01-14T21:22:20","guid":{"rendered":"http:\/\/desarrollo.mcvicious.com\/aero2020\/2010\/01\/14\/especialistas-alertan-al-peru-para-afrontar-terremotos\/"},"modified":"2010-01-14T21:22:20","modified_gmt":"2010-01-14T21:22:20","slug":"especialistas-alertan-al-peru-para-afrontar-terremotos","status":"publish","type":"post","link":"https:\/\/aeronoticias.com.pe\/noticiero\/espectaculos\/especialistas-alertan-al-peru-para-afrontar-terremotos\/","title":{"rendered":"Especialistas alertan al Per\u00fa para afrontar terremotos"},"content":{"rendered":"<div align=\"justify\">El reconocido sism\u00f3grafo peruano Julio Kuroiba y el coronel del Cuerpo de Bomberos\u00a0 del Per\u00fa, Larry Linch Sol\u00eds, director de unidades especializadas, a trav\u00e9s de Radio Programas del Per\u00fa, transmitieron su preocupaci\u00f3n para que las poblaciones del Per\u00fa tomen nota de las terribles consecuencias que ha producido el terremoto en Hait\u00ed por falta de una pol\u00edtica de prevenci\u00f3n oportuna.<\/p>\n<p>Kuroiba propuso que se lleve a cabo una concientizaci\u00f3n ciudadana, instruyendo desde las escuela primaria hasta el post grado sobre este fen\u00f3meno de la naturaleza que no avisa cuando se va a presentar, teniendo en\u00a0 cuenta as\u00ed mismo que el Per\u00fa es vulnerable a los sismos, sobre todo en la costa central por la llamada Placa de Nazca que suscit\u00f3 el reciente terremoto de Pisco que fue 31 veces m\u00e1s fuerte que el de Hait\u00ed.<\/p>\n<div style=\"text-align: center\"><img decoding=\"async\" src=\"images\/stories\/10\/01\/140110\/simolima.jpg\" border=\"0\" alt=\" Especialistas alertan al Per\u00fa para afrontar terremotos\" title=\" Especialistas alertan al Per\u00fa para afrontar terremotos\" \/><\/div>\n<p>Dijo tambi\u00e9n que ya se han incluido nuevos cursos a niveles profesionales para preparar a los especialistas peruanos, poniendo a disposici\u00f3n de todos un libro de su autor\u00eda que ha lanzado 60 mil vol\u00famenes para que sean distribuidos en los municipios , cuarteles, colegios, universidades y bibliotecas.\u201dEs preciso y urgente que nuestra poblaci\u00f3n est\u00e9 preparada\u201d, acot\u00f3-<\/p>\n<p>Por su parte, el coronel CBP, Larry LInch, revel\u00f3 que los bomberos del Per\u00fa cuentan con cien profesionales voluntarios, como ingenieros, arquitectos y constructores de vivienda, con experiencia para conjurar las violencias de la naturaleza en cualquier ambiente.\u201dDebemos estar siempre listos. El caso terrible de Hait\u00ed es un timbrazo de alarma para nosotros\u201d, sentenci\u00f3.<\/div>\n","protected":false},"excerpt":{"rendered":"<p>El reconocido sism\u00f3grafo peruano Julio Kuroiba y el coronel del Cuerpo de Bomberos\u00a0 del Per\u00fa, Larry Linch Sol\u00eds, director de unidades especializadas, a trav\u00e9s de Radio Programas del Per\u00fa, transmitieron su preocupaci\u00f3n para que las poblaciones del Per\u00fa tomen nota de las terribles consecuencias que ha producido el terremoto en Hait\u00ed por falta de una [&hellip;]<\/p>\n","protected":false},"author":1,"featured_media":0,"comment_status":"open","ping_status":"open","sticky":false,"template":"","format":"standard","meta":{"tdm_status":"","tdm_grid_status":"","footnotes":""},"categories":[41],"tags":[],"class_list":{"0":"post-8168","1":"post","2":"type-post","3":"status-publish","4":"format-standard","6":"category-espectaculos"},"yoast_head":"<!-- This site is optimized with the Yoast SEO plugin v25.1 - https:\/\/yoast.com\/wordpress\/plugins\/seo\/ -->\n<title>Especialistas alertan al Per\u00fa para afrontar terremotos<\/title>\n<meta name=\"description\" content=\"Portal de noticias del Per\u00fa sobre el transporte a\u00e9reo, aviaci\u00f3n, turismo, hoteleria, actualidad.\" \/>\n<meta name=\"robots\" content=\"index, follow, max-snippet:-1, max-image-preview:large, max-video-preview:-1\" \/>\n<link rel=\"canonical\" href=\"https:\/\/aeronoticias.com.pe\/noticiero\/espectaculos\/especialistas-alertan-al-peru-para-afrontar-terremotos\/\" \/>\n<meta property=\"og:locale\" content=\"es_ES\" \/>\n<meta property=\"og:type\" content=\"article\" \/>\n<meta property=\"og:title\" content=\"Especialistas alertan al Per\u00fa para afrontar terremotos\" \/>\n<meta property=\"og:description\" content=\"Portal de noticias del Per\u00fa sobre el transporte a\u00e9reo, aviaci\u00f3n, turismo, hoteleria, actualidad.\" \/>\n<meta property=\"og:url\" content=\"https:\/\/aeronoticias.com.pe\/noticiero\/espectaculos\/especialistas-alertan-al-peru-para-afrontar-terremotos\/\" \/>\n<meta property=\"og:site_name\" content=\"Aeronoticias.com.pe\" \/>\n<meta property=\"article:publisher\" content=\"https:\/\/www.facebook.com\/Aeronoticias.com.pe\/\" \/>\n<meta property=\"article:published_time\" content=\"2010-01-14T21:22:20+00:00\" \/>\n<meta name=\"author\" content=\"Redacci\u00f3n Aeronoticias\" \/>\n<meta name=\"twitter:card\" content=\"summary_large_image\" \/>\n<meta name=\"twitter:creator\" content=\"@aeronoticias\" \/>\n<meta name=\"twitter:site\" content=\"@aeronoticias\" \/>\n<meta name=\"twitter:label1\" content=\"Escrito por\" \/>\n\t<meta name=\"twitter:data1\" content=\"Redacci\u00f3n Aeronoticias\" \/>\n\t<meta name=\"twitter:label2\" content=\"Tiempo de lectura\" \/>\n\t<meta name=\"twitter:data2\" content=\"1 minuto\" \/>\n<script type=\"application\/ld+json\" class=\"yoast-schema-graph\">{\"@context\":\"https:\/\/schema.org\",\"@graph\":[{\"@type\":\"WebPage\",\"@id\":\"https:\/\/aeronoticias.com.pe\/noticiero\/espectaculos\/especialistas-alertan-al-peru-para-afrontar-terremotos\/\",\"url\":\"https:\/\/aeronoticias.com.pe\/noticiero\/espectaculos\/especialistas-alertan-al-peru-para-afrontar-terremotos\/\",\"name\":\"Especialistas alertan al Per\u00fa para afrontar terremotos\",\"isPartOf\":{\"@id\":\"https:\/\/aeronoticias.com.pe\/noticiero\/#website\"},\"datePublished\":\"2010-01-14T21:22:20+00:00\",\"author\":{\"@id\":\"https:\/\/aeronoticias.com.pe\/noticiero\/#\/schema\/person\/fc1e5d578f4b62ba1cf7ac2bba1170a0\"},\"description\":\"Portal de noticias del Per\u00fa sobre el transporte a\u00e9reo, aviaci\u00f3n, turismo, hoteleria, actualidad.\",\"breadcrumb\":{\"@id\":\"https:\/\/aeronoticias.com.pe\/noticiero\/espectaculos\/especialistas-alertan-al-peru-para-afrontar-terremotos\/#breadcrumb\"},\"inLanguage\":\"es\",\"potentialAction\":[{\"@type\":\"ReadAction\",\"target\":[\"https:\/\/aeronoticias.com.pe\/noticiero\/espectaculos\/especialistas-alertan-al-peru-para-afrontar-terremotos\/\"]}]},{\"@type\":\"BreadcrumbList\",\"@id\":\"https:\/\/aeronoticias.com.pe\/noticiero\/espectaculos\/especialistas-alertan-al-peru-para-afrontar-terremotos\/#breadcrumb\",\"itemListElement\":[{\"@type\":\"ListItem\",\"position\":1,\"name\":\"Portada\",\"item\":\"https:\/\/aeronoticias.com.pe\/noticiero\/\"},{\"@type\":\"ListItem\",\"position\":2,\"name\":\"Especialistas alertan al Per\u00fa para afrontar terremotos\"}]},{\"@type\":\"WebSite\",\"@id\":\"https:\/\/aeronoticias.com.pe\/noticiero\/#website\",\"url\":\"https:\/\/aeronoticias.com.pe\/noticiero\/\",\"name\":\"Aeronoticias.com.pe\",\"description\":\"Noticias de tranporte aereo, turismo, hoteles, gastronomia, actualidad, internacional\",\"potentialAction\":[{\"@type\":\"SearchAction\",\"target\":{\"@type\":\"EntryPoint\",\"urlTemplate\":\"https:\/\/aeronoticias.com.pe\/noticiero\/?s={search_term_string}\"},\"query-input\":{\"@type\":\"PropertyValueSpecification\",\"valueRequired\":true,\"valueName\":\"search_term_string\"}}],\"inLanguage\":\"es\"},{\"@type\":\"Person\",\"@id\":\"https:\/\/aeronoticias.com.pe\/noticiero\/#\/schema\/person\/fc1e5d578f4b62ba1cf7ac2bba1170a0\",\"name\":\"Redacci\u00f3n Aeronoticias\",\"url\":\"https:\/\/aeronoticias.com.pe\/noticiero\/author\/piloto\/\"}]}<\/script>\n<!-- \/ Yoast SEO plugin. -->","yoast_head_json":{"title":"Especialistas alertan al Per\u00fa para afrontar terremotos","description":"Portal de noticias del Per\u00fa sobre el transporte a\u00e9reo, aviaci\u00f3n, turismo, hoteleria, actualidad.","robots":{"index":"index","follow":"follow","max-snippet":"max-snippet:-1","max-image-preview":"max-image-preview:large","max-video-preview":"max-video-preview:-1"},"canonical":"https:\/\/aeronoticias.com.pe\/noticiero\/espectaculos\/especialistas-alertan-al-peru-para-afrontar-terremotos\/","og_locale":"es_ES","og_type":"article","og_title":"Especialistas alertan al Per\u00fa para afrontar terremotos","og_description":"Portal de noticias del Per\u00fa sobre el transporte a\u00e9reo, aviaci\u00f3n, turismo, hoteleria, actualidad.","og_url":"https:\/\/aeronoticias.com.pe\/noticiero\/espectaculos\/especialistas-alertan-al-peru-para-afrontar-terremotos\/","og_site_name":"Aeronoticias.com.pe","article_publisher":"https:\/\/www.facebook.com\/Aeronoticias.com.pe\/","article_published_time":"2010-01-14T21:22:20+00:00","author":"Redacci\u00f3n Aeronoticias","twitter_card":"summary_large_image","twitter_creator":"@aeronoticias","twitter_site":"@aeronoticias","twitter_misc":{"Escrito por":"Redacci\u00f3n Aeronoticias","Tiempo de lectura":"1 minuto"},"schema":{"@context":"https:\/\/schema.org","@graph":[{"@type":"WebPage","@id":"https:\/\/aeronoticias.com.pe\/noticiero\/espectaculos\/especialistas-alertan-al-peru-para-afrontar-terremotos\/","url":"https:\/\/aeronoticias.com.pe\/noticiero\/espectaculos\/especialistas-alertan-al-peru-para-afrontar-terremotos\/","name":"Especialistas alertan al Per\u00fa para afrontar terremotos","isPartOf":{"@id":"https:\/\/aeronoticias.com.pe\/noticiero\/#website"},"datePublished":"2010-01-14T21:22:20+00:00","author":{"@id":"https:\/\/aeronoticias.com.pe\/noticiero\/#\/schema\/person\/fc1e5d578f4b62ba1cf7ac2bba1170a0"},"description":"Portal de noticias del Per\u00fa sobre el transporte a\u00e9reo, aviaci\u00f3n, turismo, hoteleria, actualidad.","breadcrumb":{"@id":"https:\/\/aeronoticias.com.pe\/noticiero\/espectaculos\/especialistas-alertan-al-peru-para-afrontar-terremotos\/#breadcrumb"},"inLanguage":"es","potentialAction":[{"@type":"ReadAction","target":["https:\/\/aeronoticias.com.pe\/noticiero\/espectaculos\/especialistas-alertan-al-peru-para-afrontar-terremotos\/"]}]},{"@type":"BreadcrumbList","@id":"https:\/\/aeronoticias.com.pe\/noticiero\/espectaculos\/especialistas-alertan-al-peru-para-afrontar-terremotos\/#breadcrumb","itemListElement":[{"@type":"ListItem","position":1,"name":"Portada","item":"https:\/\/aeronoticias.com.pe\/noticiero\/"},{"@type":"ListItem","position":2,"name":"Especialistas alertan al Per\u00fa para afrontar terremotos"}]},{"@type":"WebSite","@id":"https:\/\/aeronoticias.com.pe\/noticiero\/#website","url":"https:\/\/aeronoticias.com.pe\/noticiero\/","name":"Aeronoticias.com.pe","description":"Noticias de tranporte aereo, turismo, hoteles, gastronomia, actualidad, internacional","potentialAction":[{"@type":"SearchAction","target":{"@type":"EntryPoint","urlTemplate":"https:\/\/aeronoticias.com.pe\/noticiero\/?s={search_term_string}"},"query-input":{"@type":"PropertyValueSpecification","valueRequired":true,"valueName":"search_term_string"}}],"inLanguage":"es"},{"@type":"Person","@id":"https:\/\/aeronoticias.com.pe\/noticiero\/#\/schema\/person\/fc1e5d578f4b62ba1cf7ac2bba1170a0","name":"Redacci\u00f3n Aeronoticias","url":"https:\/\/aeronoticias.com.pe\/noticiero\/author\/piloto\/"}]}},"_links":{"self":[{"href":"https:\/\/aeronoticias.com.pe\/noticiero\/wp-json\/wp\/v2\/posts\/8168","targetHints":{"allow":["GET"]}}],"collection":[{"href":"https:\/\/aeronoticias.com.pe\/noticiero\/wp-json\/wp\/v2\/posts"}],"about":[{"href":"https:\/\/aeronoticias.com.pe\/noticiero\/wp-json\/wp\/v2\/types\/post"}],"author":[{"embeddable":true,"href":"https:\/\/aeronoticias.com.pe\/noticiero\/wp-json\/wp\/v2\/users\/1"}],"replies":[{"embeddable":true,"href":"https:\/\/aeronoticias.com.pe\/noticiero\/wp-json\/wp\/v2\/comments?post=8168"}],"version-history":[{"count":0,"href":"https:\/\/aeronoticias.com.pe\/noticiero\/wp-json\/wp\/v2\/posts\/8168\/revisions"}],"wp:attachment":[{"href":"https:\/\/aeronoticias.com.pe\/noticiero\/wp-json\/wp\/v2\/media?parent=8168"}],"wp:term":[{"taxonomy":"category","embeddable":true,"href":"https:\/\/aeronoticias.com.pe\/noticiero\/wp-json\/wp\/v2\/categories?post=8168"},{"taxonomy":"post_tag","embeddable":true,"href":"https:\/\/aeronoticias.com.pe\/noticiero\/wp-json\/wp\/v2\/tags?post=8168"}],"curies":[{"name":"wp","href":"https:\/\/api.w.org\/{rel}","templated":true}]}}