{"id":8169,"date":"2010-01-14T21:51:53","date_gmt":"2010-01-14T21:51:53","guid":{"rendered":"http:\/\/desarrollo.mcvicious.com\/aero2020\/2010\/01\/14\/proximo-presidente-recibira-pais-en-recuperacion-pero-con-desigualdad\/"},"modified":"2010-01-14T21:51:53","modified_gmt":"2010-01-14T21:51:53","slug":"proximo-presidente-recibira-pais-en-recuperacion-pero-con-desigualdad","status":"publish","type":"post","link":"https:\/\/aeronoticias.com.pe\/noticiero\/politica\/proximo-presidente-recibira-pais-en-recuperacion-pero-con-desigualdad\/","title":{"rendered":"Pr\u00f3ximo presidente de Chile recibir\u00e1 pa\u00eds en recuperaci\u00f3n pero con desigualdad"},"content":{"rendered":"<div style=\"text-align: justify\">El pr\u00f3ximo presidente de Chile, que ser\u00e1 elegido el domingo entre el social dem\u00f3crata Eduardo Frei y el derechista Sebasti\u00e1n Pi\u00f1era, recibir\u00e1 un pa\u00eds en franca recuperaci\u00f3n econ\u00f3mica pero que seguir\u00e1 arrastrando una hist\u00f3rica desigualdad social.\u00a0Despu\u00e9s de un 2009 en que la econom\u00eda chilena se contrajo por primera vez en una d\u00e9cada, anotando una ca\u00edda de cerca de un 2% en el marco de la crisis global, las perspectivas para 2010 son m\u00e1s que alentadoras.<\/div>\n<div style=\"text-align: justify\">\u00a0<\/div>\n<div style=\"text-align: justify\">El Banco Central y expertos estiman que el pa\u00eds crecer\u00e1 entre un 4,5 y un 5,5%, en medio de un ambiente de optimismo en el que se reactivar\u00e1n millonarios proyectos de inversi\u00f3n dentro de una \u00f3ptima situaci\u00f3n fiscal, con recursos ahorrados de m\u00e1s de 20.000 millones de d\u00f3lares.\u00a0El mayor impulso lo dar\u00e1 el cobre, del cual Chile es el principal productor mundial, con cerca de un tercio de la oferta global.<\/div>\n<div style=\"text-align: justify\">\u00a0<\/p>\n<div style=\"text-align: center\"><img decoding=\"async\" src=\"images\/stories\/10\/01\/140110\/ele3ccioeschile.jpg\" border=\"0\" alt=\"Pr\u00f3ximo presidente de Chile recibir\u00e1 pa\u00eds en recuperaci\u00f3n pero con desigualdad\" title=\"Pr\u00f3ximo presidente de Chile recibir\u00e1 pa\u00eds en recuperaci\u00f3n pero con desigualdad\" \/><\/div>\n<\/div>\n<div style=\"text-align: justify\">El metal sufri\u00f3 un breve per\u00edodo a la baja tras la agudizaci\u00f3n de la crisis mundial, pero se recuper\u00f3 r\u00e1pido y se espera que alcance este a\u00f1o un valor promedio de 3,10 d\u00f3lares por libra, uno de los m\u00e1s altos de la historia.\u00a0Su buen precio har\u00e1 que las exportaciones chilenas de cobre retornen en 2010 a sus niveles pre-crisis, creciendo en torno al 40%, para totalizar los 36.500 millones de d\u00f3lares, reactivando a toda la industria, de acuerdo a proyecciones oficiales.<\/div>\n<div style=\"text-align: justify\">\u00a0<\/div>\n<div style=\"text-align: justify\">La minera estatal Codelco, la mayor productora mundial del metal, anunci\u00f3 ya para 2010 inversiones por 2.300 millones de d\u00f3lares, mientras que se espera que los privados realicen otras por 7.000 millones de d\u00f3lares, en proyectos que tambi\u00e9n incluyen la explotaci\u00f3n del oro.\u00a0El aumento de la inversi\u00f3n se dar\u00e1 tambi\u00e9n en otros sectores, llegando a cifras hist\u00f3ricas antes de la crisis, dijo el ministro de Hacienda Andr\u00e9s Velasco.<\/div>\n<div style=\"text-align: justify\">\u00a0<\/div>\n<div style=\"text-align: justify\">\u00abEl dato duro es que antes de la crisis financiera Chile registraba una tasa de inversi\u00f3n hist\u00f3rica a niveles del 30% del PIB. Me atrever\u00eda a decir que Chile volver\u00eda acercarse este a\u00f1o a las cifras pre crisis\u00bb, explic\u00f3.\u00a0Pero en materia empleo existe cierta preocupaci\u00f3n, al registrarse una tasa sobre el 9%, que hace prever que \u00e9ste ser\u00e1 el principal desaf\u00edo econ\u00f3mico del pr\u00f3ximo presidente.<\/div>\n<div style=\"text-align: justify\">\u00a0<\/div>\n<div style=\"text-align: justify\">Pi\u00f1era, que lidera estrechamente la carrera presidencial, ha prometido crear un mill\u00f3n de empleos en cuatro a\u00f1os, mientras Frei dijo que crear\u00e1 cerca de 700.000 puestos de trabajo.\u00a0El desempleo golpea especialmente a los m\u00e1s pobres e incrementa la aguda desigualdad social que arrastra Chile, donde seg\u00fan estudios internacionales, la brecha entre ricos y pobres es la segunda m\u00e1s alta en Am\u00e9rica Latina detr\u00e1s de Brasil.<\/div>\n<div style=\"text-align: justify\">\u00a0<\/div>\n<div style=\"text-align: justify\">La desigualdad determina que en Chile el 10% m\u00e1s rico de la poblaci\u00f3n se lleve el 47% de los ingresos, mientras que el 10% m\u00e1s pobre s\u00f3lo obtiene el 1,2%, seg\u00fan el Programa de Naciones Unidas para el Desarrollo (PNUD).<\/div>\n<div style=\"text-align: justify\">\u00a0<\/div>\n<div style=\"text-align: justify\">La distancia persiste pese a que en las \u00faltimas dos d\u00e9cadas el pa\u00eds redujo dr\u00e1sticamente sus indicadores de pobreza, pasando de cerca de un 30% a inicios de 1990 a un 13,5%.\u00a0La desigualdad queda en evidencia en Santiago, la pujante capital chilena, con sectores en expansi\u00f3n que dejan boquiabiertos a los visitantes y una periferia m\u00e1s escondida y menos visitada, donde se asientan cordones de pobreza.<\/div>\n<div style=\"text-align: justify\"><\/div>\n","protected":false},"excerpt":{"rendered":"<p>El pr\u00f3ximo presidente de Chile, que ser\u00e1 elegido el domingo entre el social dem\u00f3crata Eduardo Frei y el derechista Sebasti\u00e1n Pi\u00f1era, recibir\u00e1 un pa\u00eds en franca recuperaci\u00f3n econ\u00f3mica pero que seguir\u00e1 arrastrando una hist\u00f3rica desigualdad social.\u00a0Despu\u00e9s de un 2009 en que la econom\u00eda chilena se contrajo por primera vez en una d\u00e9cada, anotando una ca\u00edda [&hellip;]<\/p>\n","protected":false},"author":1,"featured_media":0,"comment_status":"open","ping_status":"open","sticky":false,"template":"","format":"standard","meta":{"tdm_status":"","tdm_grid_status":"","footnotes":""},"categories":[36],"tags":[],"class_list":{"0":"post-8169","1":"post","2":"type-post","3":"status-publish","4":"format-standard","6":"category-politica"},"yoast_head":"<!-- This site is optimized with the Yoast SEO plugin v25.1 - https:\/\/yoast.com\/wordpress\/plugins\/seo\/ -->\n<title>Pr\u00f3ximo presidente de Chile recibir\u00e1 pa\u00eds en recuperaci\u00f3n pero con desigualdad<\/title>\n<meta name=\"description\" content=\"Portal de noticias del Per\u00fa sobre el transporte a\u00e9reo, aviaci\u00f3n, turismo, hoteleria, actualidad.\" \/>\n<meta name=\"robots\" content=\"index, follow, max-snippet:-1, max-image-preview:large, max-video-preview:-1\" \/>\n<link rel=\"canonical\" href=\"https:\/\/aeronoticias.com.pe\/noticiero\/politica\/proximo-presidente-recibira-pais-en-recuperacion-pero-con-desigualdad\/\" \/>\n<meta property=\"og:locale\" content=\"es_ES\" \/>\n<meta property=\"og:type\" content=\"article\" \/>\n<meta property=\"og:title\" content=\"Pr\u00f3ximo presidente de Chile recibir\u00e1 pa\u00eds en recuperaci\u00f3n pero con desigualdad\" \/>\n<meta property=\"og:description\" content=\"Portal de noticias del Per\u00fa sobre el transporte a\u00e9reo, aviaci\u00f3n, turismo, hoteleria, actualidad.\" \/>\n<meta property=\"og:url\" content=\"https:\/\/aeronoticias.com.pe\/noticiero\/politica\/proximo-presidente-recibira-pais-en-recuperacion-pero-con-desigualdad\/\" \/>\n<meta property=\"og:site_name\" content=\"Aeronoticias.com.pe\" \/>\n<meta property=\"article:publisher\" content=\"https:\/\/www.facebook.com\/Aeronoticias.com.pe\/\" \/>\n<meta property=\"article:published_time\" content=\"2010-01-14T21:51:53+00:00\" \/>\n<meta name=\"author\" content=\"Redacci\u00f3n Aeronoticias\" \/>\n<meta name=\"twitter:card\" content=\"summary_large_image\" \/>\n<meta name=\"twitter:creator\" content=\"@aeronoticias\" \/>\n<meta name=\"twitter:site\" content=\"@aeronoticias\" \/>\n<meta name=\"twitter:label1\" content=\"Escrito por\" \/>\n\t<meta name=\"twitter:data1\" content=\"Redacci\u00f3n Aeronoticias\" \/>\n\t<meta name=\"twitter:label2\" content=\"Tiempo de lectura\" \/>\n\t<meta name=\"twitter:data2\" content=\"3 minutos\" \/>\n<script type=\"application\/ld+json\" class=\"yoast-schema-graph\">{\"@context\":\"https:\/\/schema.org\",\"@graph\":[{\"@type\":\"WebPage\",\"@id\":\"https:\/\/aeronoticias.com.pe\/noticiero\/politica\/proximo-presidente-recibira-pais-en-recuperacion-pero-con-desigualdad\/\",\"url\":\"https:\/\/aeronoticias.com.pe\/noticiero\/politica\/proximo-presidente-recibira-pais-en-recuperacion-pero-con-desigualdad\/\",\"name\":\"Pr\u00f3ximo presidente de Chile recibir\u00e1 pa\u00eds en recuperaci\u00f3n pero con desigualdad\",\"isPartOf\":{\"@id\":\"https:\/\/aeronoticias.com.pe\/noticiero\/#website\"},\"datePublished\":\"2010-01-14T21:51:53+00:00\",\"author\":{\"@id\":\"https:\/\/aeronoticias.com.pe\/noticiero\/#\/schema\/person\/fc1e5d578f4b62ba1cf7ac2bba1170a0\"},\"description\":\"Portal de noticias del Per\u00fa sobre el transporte a\u00e9reo, aviaci\u00f3n, turismo, hoteleria, actualidad.\",\"breadcrumb\":{\"@id\":\"https:\/\/aeronoticias.com.pe\/noticiero\/politica\/proximo-presidente-recibira-pais-en-recuperacion-pero-con-desigualdad\/#breadcrumb\"},\"inLanguage\":\"es\",\"potentialAction\":[{\"@type\":\"ReadAction\",\"target\":[\"https:\/\/aeronoticias.com.pe\/noticiero\/politica\/proximo-presidente-recibira-pais-en-recuperacion-pero-con-desigualdad\/\"]}]},{\"@type\":\"BreadcrumbList\",\"@id\":\"https:\/\/aeronoticias.com.pe\/noticiero\/politica\/proximo-presidente-recibira-pais-en-recuperacion-pero-con-desigualdad\/#breadcrumb\",\"itemListElement\":[{\"@type\":\"ListItem\",\"position\":1,\"name\":\"Portada\",\"item\":\"https:\/\/aeronoticias.com.pe\/noticiero\/\"},{\"@type\":\"ListItem\",\"position\":2,\"name\":\"Pr\u00f3ximo presidente de Chile recibir\u00e1 pa\u00eds en recuperaci\u00f3n pero con desigualdad\"}]},{\"@type\":\"WebSite\",\"@id\":\"https:\/\/aeronoticias.com.pe\/noticiero\/#website\",\"url\":\"https:\/\/aeronoticias.com.pe\/noticiero\/\",\"name\":\"Aeronoticias.com.pe\",\"description\":\"Noticias de tranporte aereo, turismo, hoteles, gastronomia, actualidad, internacional\",\"potentialAction\":[{\"@type\":\"SearchAction\",\"target\":{\"@type\":\"EntryPoint\",\"urlTemplate\":\"https:\/\/aeronoticias.com.pe\/noticiero\/?s={search_term_string}\"},\"query-input\":{\"@type\":\"PropertyValueSpecification\",\"valueRequired\":true,\"valueName\":\"search_term_string\"}}],\"inLanguage\":\"es\"},{\"@type\":\"Person\",\"@id\":\"https:\/\/aeronoticias.com.pe\/noticiero\/#\/schema\/person\/fc1e5d578f4b62ba1cf7ac2bba1170a0\",\"name\":\"Redacci\u00f3n Aeronoticias\",\"url\":\"https:\/\/aeronoticias.com.pe\/noticiero\/author\/piloto\/\"}]}<\/script>\n<!-- \/ Yoast SEO plugin. -->","yoast_head_json":{"title":"Pr\u00f3ximo presidente de Chile recibir\u00e1 pa\u00eds en recuperaci\u00f3n pero con desigualdad","description":"Portal de noticias del Per\u00fa sobre el transporte a\u00e9reo, aviaci\u00f3n, turismo, hoteleria, actualidad.","robots":{"index":"index","follow":"follow","max-snippet":"max-snippet:-1","max-image-preview":"max-image-preview:large","max-video-preview":"max-video-preview:-1"},"canonical":"https:\/\/aeronoticias.com.pe\/noticiero\/politica\/proximo-presidente-recibira-pais-en-recuperacion-pero-con-desigualdad\/","og_locale":"es_ES","og_type":"article","og_title":"Pr\u00f3ximo presidente de Chile recibir\u00e1 pa\u00eds en recuperaci\u00f3n pero con desigualdad","og_description":"Portal de noticias del Per\u00fa sobre el transporte a\u00e9reo, aviaci\u00f3n, turismo, hoteleria, actualidad.","og_url":"https:\/\/aeronoticias.com.pe\/noticiero\/politica\/proximo-presidente-recibira-pais-en-recuperacion-pero-con-desigualdad\/","og_site_name":"Aeronoticias.com.pe","article_publisher":"https:\/\/www.facebook.com\/Aeronoticias.com.pe\/","article_published_time":"2010-01-14T21:51:53+00:00","author":"Redacci\u00f3n Aeronoticias","twitter_card":"summary_large_image","twitter_creator":"@aeronoticias","twitter_site":"@aeronoticias","twitter_misc":{"Escrito por":"Redacci\u00f3n Aeronoticias","Tiempo de lectura":"3 minutos"},"schema":{"@context":"https:\/\/schema.org","@graph":[{"@type":"WebPage","@id":"https:\/\/aeronoticias.com.pe\/noticiero\/politica\/proximo-presidente-recibira-pais-en-recuperacion-pero-con-desigualdad\/","url":"https:\/\/aeronoticias.com.pe\/noticiero\/politica\/proximo-presidente-recibira-pais-en-recuperacion-pero-con-desigualdad\/","name":"Pr\u00f3ximo presidente de Chile recibir\u00e1 pa\u00eds en recuperaci\u00f3n pero con desigualdad","isPartOf":{"@id":"https:\/\/aeronoticias.com.pe\/noticiero\/#website"},"datePublished":"2010-01-14T21:51:53+00:00","author":{"@id":"https:\/\/aeronoticias.com.pe\/noticiero\/#\/schema\/person\/fc1e5d578f4b62ba1cf7ac2bba1170a0"},"description":"Portal de noticias del Per\u00fa sobre el transporte a\u00e9reo, aviaci\u00f3n, turismo, hoteleria, actualidad.","breadcrumb":{"@id":"https:\/\/aeronoticias.com.pe\/noticiero\/politica\/proximo-presidente-recibira-pais-en-recuperacion-pero-con-desigualdad\/#breadcrumb"},"inLanguage":"es","potentialAction":[{"@type":"ReadAction","target":["https:\/\/aeronoticias.com.pe\/noticiero\/politica\/proximo-presidente-recibira-pais-en-recuperacion-pero-con-desigualdad\/"]}]},{"@type":"BreadcrumbList","@id":"https:\/\/aeronoticias.com.pe\/noticiero\/politica\/proximo-presidente-recibira-pais-en-recuperacion-pero-con-desigualdad\/#breadcrumb","itemListElement":[{"@type":"ListItem","position":1,"name":"Portada","item":"https:\/\/aeronoticias.com.pe\/noticiero\/"},{"@type":"ListItem","position":2,"name":"Pr\u00f3ximo presidente de Chile recibir\u00e1 pa\u00eds en recuperaci\u00f3n pero con desigualdad"}]},{"@type":"WebSite","@id":"https:\/\/aeronoticias.com.pe\/noticiero\/#website","url":"https:\/\/aeronoticias.com.pe\/noticiero\/","name":"Aeronoticias.com.pe","description":"Noticias de tranporte aereo, turismo, hoteles, gastronomia, actualidad, internacional","potentialAction":[{"@type":"SearchAction","target":{"@type":"EntryPoint","urlTemplate":"https:\/\/aeronoticias.com.pe\/noticiero\/?s={search_term_string}"},"query-input":{"@type":"PropertyValueSpecification","valueRequired":true,"valueName":"search_term_string"}}],"inLanguage":"es"},{"@type":"Person","@id":"https:\/\/aeronoticias.com.pe\/noticiero\/#\/schema\/person\/fc1e5d578f4b62ba1cf7ac2bba1170a0","name":"Redacci\u00f3n Aeronoticias","url":"https:\/\/aeronoticias.com.pe\/noticiero\/author\/piloto\/"}]}},"_links":{"self":[{"href":"https:\/\/aeronoticias.com.pe\/noticiero\/wp-json\/wp\/v2\/posts\/8169","targetHints":{"allow":["GET"]}}],"collection":[{"href":"https:\/\/aeronoticias.com.pe\/noticiero\/wp-json\/wp\/v2\/posts"}],"about":[{"href":"https:\/\/aeronoticias.com.pe\/noticiero\/wp-json\/wp\/v2\/types\/post"}],"author":[{"embeddable":true,"href":"https:\/\/aeronoticias.com.pe\/noticiero\/wp-json\/wp\/v2\/users\/1"}],"replies":[{"embeddable":true,"href":"https:\/\/aeronoticias.com.pe\/noticiero\/wp-json\/wp\/v2\/comments?post=8169"}],"version-history":[{"count":0,"href":"https:\/\/aeronoticias.com.pe\/noticiero\/wp-json\/wp\/v2\/posts\/8169\/revisions"}],"wp:attachment":[{"href":"https:\/\/aeronoticias.com.pe\/noticiero\/wp-json\/wp\/v2\/media?parent=8169"}],"wp:term":[{"taxonomy":"category","embeddable":true,"href":"https:\/\/aeronoticias.com.pe\/noticiero\/wp-json\/wp\/v2\/categories?post=8169"},{"taxonomy":"post_tag","embeddable":true,"href":"https:\/\/aeronoticias.com.pe\/noticiero\/wp-json\/wp\/v2\/tags?post=8169"}],"curies":[{"name":"wp","href":"https:\/\/api.w.org\/{rel}","templated":true}]}}