{"id":8170,"date":"2010-01-14T22:06:16","date_gmt":"2010-01-14T22:06:16","guid":{"rendered":"http:\/\/desarrollo.mcvicious.com\/aero2020\/2010\/01\/14\/republica-dominicana-puente-de-ayuda-a-haiti\/"},"modified":"2010-01-14T22:06:16","modified_gmt":"2010-01-14T22:06:16","slug":"republica-dominicana-puente-de-ayuda-a-haiti","status":"publish","type":"post","link":"https:\/\/aeronoticias.com.pe\/noticiero\/internacionales\/republica-dominicana-puente-de-ayuda-a-haiti\/","title":{"rendered":"Rep\u00fablica Dominicana: puente de ayuda a Hait\u00ed"},"content":{"rendered":"<div style=\"text-align: justify\">Muchos heridos han sido evacuados por helic\u00f3ptero desde Hait\u00ed a hospitales dominicanos. Rep\u00fablica Dominicana se ha convertido en centro de acopio y base de operaciones de buena parte de las organizaciones internacionales que trabajan en las labores de rescate y asistencia a Hait\u00ed.<\/div>\n<div style=\"text-align: justify\"><\/div>\n<div style=\"text-align: justify\">Equipos de organismos internacionales y organizaciones de ayuda de todo el mundo han estado llegando a Santo Domingo, la capital, desde el mi\u00e9rcoles y traslad\u00e1ndose a ciudades y pueblos de la frontera para operar desde all\u00ed. \u00abEn muchos casos, esta gente simplemente entra y sale de Hait\u00ed\u00bb, dijo a BBC Mundo Miguel Volquez, periodista dominicano residente en la fronteriza ciudad de Jiman\u00ed.<\/div>\n<div style=\"text-align: justify\">\n<div style=\"text-align: center\"><img decoding=\"async\" src=\"images\/stories\/10\/01\/140110\/dominicana.jpg\" border=\"0\" alt=\"Rep\u00fablica Dominicana: puente de ayuda a Hait\u00ed\" title=\"Rep\u00fablica Dominicana: puente de ayuda a Hait\u00ed\" \/><\/div>\n<\/div>\n<div style=\"text-align: justify\">Al mismo tiempo, contin\u00faa el flujo de heridos a distintos pueblos del lado dominicano de la frontera, seg\u00fan dijo a BBC Mundo Rafael N\u00fa\u00f1ez, portavoz del presidente Leonel Fern\u00e1ndez.<\/div>\n<div style=\"text-align: justify\"><\/div>\n<div style=\"text-align: justify\">El funcionario no precis\u00f3 datos espec\u00edficos, pero seg\u00fan consultas realizadas por BBC Mundo, miles de heridos han sido atendidos, algunos, como el presidente del Senado haitiano, fueron trasladados por helic\u00f3ptero a Santiago, la segunda ciudad de la Rep\u00fablica Dominicana.<\/div>\n<div style=\"text-align: justify\"><\/div>\n<div style=\"text-align: justify\">Pero el pa\u00eds, que comparte la isla Hispaniola con Hait\u00ed, tambi\u00e9n se prepara ante la posible propagaci\u00f3n de enfermedades por la descomposici\u00f3n de los cad\u00e1veres tras el terremoto que azot\u00f3 al territorio haitiano este martes y que ha dejado decenas de miles de muertos.<\/div>\n<div style=\"text-align: justify\"><\/div>\n<div style=\"text-align: justify\">\u00abVamos a tomar previsiones, a partir de este viernes, porque entra una situaci\u00f3n de posibilidad de epidemias con la descomposici\u00f3n de los cad\u00e1veres y estamos instruyendo a las autoridades sanitarias a que tomen las medidas de lugar\u00bb, se\u00f1al\u00f3 a BBC Mundo Rafael N\u00fa\u00f1ez, portavoz del presidente Leonel Fern\u00e1ndez.<\/div>\n<div style=\"text-align: justify\"><\/div>\n<div style=\"text-align: justify\">En la fronteriza ciudad de Jiman\u00ed, cientos de personas han llegado desde el martes al hospital regional, dijo a BBC Mundo el periodista Miguel Volquez.<\/div>\n<div style=\"text-align: justify\"><\/div>\n<div style=\"text-align: justify\">Sin embargo, una de las preocupaciones es que la regi\u00f3n fronteriza carece de una red de centros de salud y de infraestructura adecuados para recibir un flujo masivo de heridos.<\/div>\n<div style=\"text-align: justify\"><\/div>\n<div style=\"text-align: justify\">\u00abEl servicio que se est\u00e1 ofreciendo parece que ya est\u00e1 sobrepasando su capacidad. El hospital Melenciano de Jiman\u00ed est\u00e1 preparado para atender a una poblaci\u00f3n de alrededor de 9 mil habitantes y por eso hasta los pasillos est\u00e1n abarrotados y se ha tenido que improvisar centros en otros lugares\u00bb, se\u00f1al\u00f3 Miguel Volquez a BBC Mundo.<\/div>\n<div style=\"text-align: justify\"><\/div>\n<div style=\"text-align: justify\">Ayuda dominicana<\/div>\n<div style=\"text-align: justify\"><\/div>\n<div style=\"text-align: justify\"><\/div>\n<div style=\"text-align: justify\">El mandatario dominicano ha dispuesto el despliegue de m\u00e9dicos y socorristas hacia la frontera, as\u00ed como el env\u00edo de comida.<\/div>\n<div style=\"text-align: justify\"><\/div>\n<div style=\"text-align: justify\">El presidente dominicano Leonel Fern\u00e1ndez dispuso el env\u00edo de un convoy de 12 camiones con ayuda humanitaria, adem\u00e1s del traslado a la frontera de un equipo de m\u00e9dicos, t\u00e9cnicos y brigadas de socorro para facilitar la asistencia m\u00e9dica a los afectados.<\/div>\n<div style=\"text-align: justify\"><\/div>\n<div style=\"text-align: justify\">Rafael N\u00fa\u00f1ez, portavoz de Fern\u00e1ndez, se\u00f1al\u00f3 a BBC Mundo que su pa\u00eds fue el primero en llegar con ayuda internacional cuando nadie estaba distribuyendo nada en Hait\u00ed. \u00abEstablecimos un centro de operaci\u00f3n de emergencia en Jiman\u00ed, en la frontera, y estamos llevando comida, colchones, frazadas, agua entre otros\u00bb.<\/div>\n<div style=\"text-align: justify\"><\/div>\n<div style=\"text-align: justify\">\u00abEllos se han preparado para distribuir un mill\u00f3n de raciones de comidas, as\u00ed que se trata de una operaci\u00f3n bastante impresionante\u00bb, dijo a BBC Mundo Jazmin Huggins, de la organizaci\u00f3n de ayuda brit\u00e1nica Christian Aid.<\/div>\n<div style=\"text-align: justify\"><\/div>\n<div style=\"text-align: justify\">Esta movilizaci\u00f3n de ayuda se produce pese a las dif\u00edciles relaciones que han existido tradicionalmente entre Rep\u00fablica Dominicana y Hait\u00ed. Uno de los puntos contenciosos entre los dos pa\u00edses es la presencia de cientos de miles de indocumentados haitianos en suelo dominicano.<\/div>\n<div style=\"text-align: justify\"><\/div>\n<div style=\"text-align: justify\">Situaci\u00f3n en la frontera<\/div>\n<div style=\"text-align: justify\"><\/div>\n<div style=\"text-align: justify\">Vamos a tomar previsiones, a partir de este viernes, porque entra una situaci\u00f3n de posibilidad de epidemias con la descomposici\u00f3n de los cad\u00e1veres y estamos instruyendo a las autoridades sanitarias a que tomen las medidas de lugar.<\/div>\n<div style=\"text-align: justify\">Rafael N\u00fa\u00f1ez, portavoz del presidente dominicano<\/div>\n<div style=\"text-align: justify\">Sin embargo, Jazmin Huggins destaca que al mismo tiempo hay preocupaci\u00f3n por parte de las autoridades dominicanas ante la posibilidad de un flujo migratorio ilegal de largo alcance.<\/div>\n<div style=\"text-align: justify\"><\/div>\n<div style=\"text-align: justify\">Por lo tanto, se\u00f1ala, no se puede descartar que los militares refuercen la vigilancia en la frontera.<\/div>\n<div style=\"text-align: justify\"><\/div>\n<div style=\"text-align: justify\">No obstante, Rafael N\u00fa\u00f1ez se\u00f1al\u00f3 que no hay intenci\u00f3n de reforzar la seguridad en la zona fronteriza.<\/div>\n<div style=\"text-align: justify\"><\/div>\n<div style=\"text-align: justify\">\u00abAl contrario, hemos flexibilizado los controles migratorios para facilitar la asistencia a los damnificados y la ayuda humanitaria\u00bb, destac\u00f3 N\u00fa\u00f1ez.<\/div>\n<div style=\"text-align: justify\"><\/div>\n<div style=\"text-align: justify\">Algunos organismos dominicanos estiman que hasta un mill\u00f3n de haitianos residen en Rep\u00fablica Dominicana, aunque otras organizaciones hablan de cientos de miles.<\/div>\n<div style=\"text-align: justify\"><\/div>\n<div style=\"text-align: justify\">Muchos de ellos son indocumentados que trabajan en labores agr\u00edcolas y de construcci\u00f3n. El gobierno realiza frecuentes redadas y repatriaciones de haitianos y en el pasado esto ha sido fuente de roces diplom\u00e1ticos entre los dos pa\u00edses.<\/div>\n<div style=\"text-align: justify\"><\/div>\n","protected":false},"excerpt":{"rendered":"<p>Muchos heridos han sido evacuados por helic\u00f3ptero desde Hait\u00ed a hospitales dominicanos. Rep\u00fablica Dominicana se ha convertido en centro de acopio y base de operaciones de buena parte de las organizaciones internacionales que trabajan en las labores de rescate y asistencia a Hait\u00ed. Equipos de organismos internacionales y organizaciones de ayuda de todo el mundo [&hellip;]<\/p>\n","protected":false},"author":1,"featured_media":0,"comment_status":"open","ping_status":"open","sticky":false,"template":"","format":"standard","meta":{"tdm_status":"","tdm_grid_status":"","footnotes":""},"categories":[34],"tags":[],"class_list":{"0":"post-8170","1":"post","2":"type-post","3":"status-publish","4":"format-standard","6":"category-internacionales"},"yoast_head":"<!-- This site is optimized with the Yoast SEO plugin v25.1 - https:\/\/yoast.com\/wordpress\/plugins\/seo\/ -->\n<title>Rep\u00fablica Dominicana: puente de ayuda a Hait\u00ed<\/title>\n<meta name=\"description\" content=\"Portal de noticias del Per\u00fa sobre el transporte a\u00e9reo, aviaci\u00f3n, turismo, hoteleria, actualidad.\" \/>\n<meta name=\"robots\" content=\"index, follow, max-snippet:-1, max-image-preview:large, max-video-preview:-1\" \/>\n<link rel=\"canonical\" href=\"https:\/\/aeronoticias.com.pe\/noticiero\/internacionales\/republica-dominicana-puente-de-ayuda-a-haiti\/\" \/>\n<meta property=\"og:locale\" content=\"es_ES\" \/>\n<meta property=\"og:type\" content=\"article\" \/>\n<meta property=\"og:title\" content=\"Rep\u00fablica Dominicana: puente de ayuda a Hait\u00ed\" \/>\n<meta property=\"og:description\" content=\"Portal de noticias del Per\u00fa sobre el transporte a\u00e9reo, aviaci\u00f3n, turismo, hoteleria, actualidad.\" \/>\n<meta property=\"og:url\" content=\"https:\/\/aeronoticias.com.pe\/noticiero\/internacionales\/republica-dominicana-puente-de-ayuda-a-haiti\/\" \/>\n<meta property=\"og:site_name\" content=\"Aeronoticias.com.pe\" \/>\n<meta property=\"article:publisher\" content=\"https:\/\/www.facebook.com\/Aeronoticias.com.pe\/\" \/>\n<meta property=\"article:published_time\" content=\"2010-01-14T22:06:16+00:00\" \/>\n<meta name=\"author\" content=\"Redacci\u00f3n Aeronoticias\" \/>\n<meta name=\"twitter:card\" content=\"summary_large_image\" \/>\n<meta name=\"twitter:creator\" content=\"@aeronoticias\" \/>\n<meta name=\"twitter:site\" content=\"@aeronoticias\" \/>\n<meta name=\"twitter:label1\" content=\"Escrito por\" \/>\n\t<meta name=\"twitter:data1\" content=\"Redacci\u00f3n Aeronoticias\" \/>\n\t<meta name=\"twitter:label2\" content=\"Tiempo de lectura\" \/>\n\t<meta name=\"twitter:data2\" content=\"4 minutos\" \/>\n<script type=\"application\/ld+json\" class=\"yoast-schema-graph\">{\"@context\":\"https:\/\/schema.org\",\"@graph\":[{\"@type\":\"WebPage\",\"@id\":\"https:\/\/aeronoticias.com.pe\/noticiero\/internacionales\/republica-dominicana-puente-de-ayuda-a-haiti\/\",\"url\":\"https:\/\/aeronoticias.com.pe\/noticiero\/internacionales\/republica-dominicana-puente-de-ayuda-a-haiti\/\",\"name\":\"Rep\u00fablica Dominicana: puente de ayuda a Hait\u00ed\",\"isPartOf\":{\"@id\":\"https:\/\/aeronoticias.com.pe\/noticiero\/#website\"},\"datePublished\":\"2010-01-14T22:06:16+00:00\",\"author\":{\"@id\":\"https:\/\/aeronoticias.com.pe\/noticiero\/#\/schema\/person\/fc1e5d578f4b62ba1cf7ac2bba1170a0\"},\"description\":\"Portal de noticias del Per\u00fa sobre el transporte a\u00e9reo, aviaci\u00f3n, turismo, hoteleria, actualidad.\",\"breadcrumb\":{\"@id\":\"https:\/\/aeronoticias.com.pe\/noticiero\/internacionales\/republica-dominicana-puente-de-ayuda-a-haiti\/#breadcrumb\"},\"inLanguage\":\"es\",\"potentialAction\":[{\"@type\":\"ReadAction\",\"target\":[\"https:\/\/aeronoticias.com.pe\/noticiero\/internacionales\/republica-dominicana-puente-de-ayuda-a-haiti\/\"]}]},{\"@type\":\"BreadcrumbList\",\"@id\":\"https:\/\/aeronoticias.com.pe\/noticiero\/internacionales\/republica-dominicana-puente-de-ayuda-a-haiti\/#breadcrumb\",\"itemListElement\":[{\"@type\":\"ListItem\",\"position\":1,\"name\":\"Portada\",\"item\":\"https:\/\/aeronoticias.com.pe\/noticiero\/\"},{\"@type\":\"ListItem\",\"position\":2,\"name\":\"Rep\u00fablica Dominicana: puente de ayuda a Hait\u00ed\"}]},{\"@type\":\"WebSite\",\"@id\":\"https:\/\/aeronoticias.com.pe\/noticiero\/#website\",\"url\":\"https:\/\/aeronoticias.com.pe\/noticiero\/\",\"name\":\"Aeronoticias.com.pe\",\"description\":\"Noticias de tranporte aereo, turismo, hoteles, gastronomia, actualidad, internacional\",\"potentialAction\":[{\"@type\":\"SearchAction\",\"target\":{\"@type\":\"EntryPoint\",\"urlTemplate\":\"https:\/\/aeronoticias.com.pe\/noticiero\/?s={search_term_string}\"},\"query-input\":{\"@type\":\"PropertyValueSpecification\",\"valueRequired\":true,\"valueName\":\"search_term_string\"}}],\"inLanguage\":\"es\"},{\"@type\":\"Person\",\"@id\":\"https:\/\/aeronoticias.com.pe\/noticiero\/#\/schema\/person\/fc1e5d578f4b62ba1cf7ac2bba1170a0\",\"name\":\"Redacci\u00f3n Aeronoticias\",\"url\":\"https:\/\/aeronoticias.com.pe\/noticiero\/author\/piloto\/\"}]}<\/script>\n<!-- \/ Yoast SEO plugin. -->","yoast_head_json":{"title":"Rep\u00fablica Dominicana: puente de ayuda a Hait\u00ed","description":"Portal de noticias del Per\u00fa sobre el transporte a\u00e9reo, aviaci\u00f3n, turismo, hoteleria, actualidad.","robots":{"index":"index","follow":"follow","max-snippet":"max-snippet:-1","max-image-preview":"max-image-preview:large","max-video-preview":"max-video-preview:-1"},"canonical":"https:\/\/aeronoticias.com.pe\/noticiero\/internacionales\/republica-dominicana-puente-de-ayuda-a-haiti\/","og_locale":"es_ES","og_type":"article","og_title":"Rep\u00fablica Dominicana: puente de ayuda a Hait\u00ed","og_description":"Portal de noticias del Per\u00fa sobre el transporte a\u00e9reo, aviaci\u00f3n, turismo, hoteleria, actualidad.","og_url":"https:\/\/aeronoticias.com.pe\/noticiero\/internacionales\/republica-dominicana-puente-de-ayuda-a-haiti\/","og_site_name":"Aeronoticias.com.pe","article_publisher":"https:\/\/www.facebook.com\/Aeronoticias.com.pe\/","article_published_time":"2010-01-14T22:06:16+00:00","author":"Redacci\u00f3n Aeronoticias","twitter_card":"summary_large_image","twitter_creator":"@aeronoticias","twitter_site":"@aeronoticias","twitter_misc":{"Escrito por":"Redacci\u00f3n Aeronoticias","Tiempo de lectura":"4 minutos"},"schema":{"@context":"https:\/\/schema.org","@graph":[{"@type":"WebPage","@id":"https:\/\/aeronoticias.com.pe\/noticiero\/internacionales\/republica-dominicana-puente-de-ayuda-a-haiti\/","url":"https:\/\/aeronoticias.com.pe\/noticiero\/internacionales\/republica-dominicana-puente-de-ayuda-a-haiti\/","name":"Rep\u00fablica Dominicana: puente de ayuda a Hait\u00ed","isPartOf":{"@id":"https:\/\/aeronoticias.com.pe\/noticiero\/#website"},"datePublished":"2010-01-14T22:06:16+00:00","author":{"@id":"https:\/\/aeronoticias.com.pe\/noticiero\/#\/schema\/person\/fc1e5d578f4b62ba1cf7ac2bba1170a0"},"description":"Portal de noticias del Per\u00fa sobre el transporte a\u00e9reo, aviaci\u00f3n, turismo, hoteleria, actualidad.","breadcrumb":{"@id":"https:\/\/aeronoticias.com.pe\/noticiero\/internacionales\/republica-dominicana-puente-de-ayuda-a-haiti\/#breadcrumb"},"inLanguage":"es","potentialAction":[{"@type":"ReadAction","target":["https:\/\/aeronoticias.com.pe\/noticiero\/internacionales\/republica-dominicana-puente-de-ayuda-a-haiti\/"]}]},{"@type":"BreadcrumbList","@id":"https:\/\/aeronoticias.com.pe\/noticiero\/internacionales\/republica-dominicana-puente-de-ayuda-a-haiti\/#breadcrumb","itemListElement":[{"@type":"ListItem","position":1,"name":"Portada","item":"https:\/\/aeronoticias.com.pe\/noticiero\/"},{"@type":"ListItem","position":2,"name":"Rep\u00fablica Dominicana: puente de ayuda a Hait\u00ed"}]},{"@type":"WebSite","@id":"https:\/\/aeronoticias.com.pe\/noticiero\/#website","url":"https:\/\/aeronoticias.com.pe\/noticiero\/","name":"Aeronoticias.com.pe","description":"Noticias de tranporte aereo, turismo, hoteles, gastronomia, actualidad, internacional","potentialAction":[{"@type":"SearchAction","target":{"@type":"EntryPoint","urlTemplate":"https:\/\/aeronoticias.com.pe\/noticiero\/?s={search_term_string}"},"query-input":{"@type":"PropertyValueSpecification","valueRequired":true,"valueName":"search_term_string"}}],"inLanguage":"es"},{"@type":"Person","@id":"https:\/\/aeronoticias.com.pe\/noticiero\/#\/schema\/person\/fc1e5d578f4b62ba1cf7ac2bba1170a0","name":"Redacci\u00f3n Aeronoticias","url":"https:\/\/aeronoticias.com.pe\/noticiero\/author\/piloto\/"}]}},"_links":{"self":[{"href":"https:\/\/aeronoticias.com.pe\/noticiero\/wp-json\/wp\/v2\/posts\/8170","targetHints":{"allow":["GET"]}}],"collection":[{"href":"https:\/\/aeronoticias.com.pe\/noticiero\/wp-json\/wp\/v2\/posts"}],"about":[{"href":"https:\/\/aeronoticias.com.pe\/noticiero\/wp-json\/wp\/v2\/types\/post"}],"author":[{"embeddable":true,"href":"https:\/\/aeronoticias.com.pe\/noticiero\/wp-json\/wp\/v2\/users\/1"}],"replies":[{"embeddable":true,"href":"https:\/\/aeronoticias.com.pe\/noticiero\/wp-json\/wp\/v2\/comments?post=8170"}],"version-history":[{"count":0,"href":"https:\/\/aeronoticias.com.pe\/noticiero\/wp-json\/wp\/v2\/posts\/8170\/revisions"}],"wp:attachment":[{"href":"https:\/\/aeronoticias.com.pe\/noticiero\/wp-json\/wp\/v2\/media?parent=8170"}],"wp:term":[{"taxonomy":"category","embeddable":true,"href":"https:\/\/aeronoticias.com.pe\/noticiero\/wp-json\/wp\/v2\/categories?post=8170"},{"taxonomy":"post_tag","embeddable":true,"href":"https:\/\/aeronoticias.com.pe\/noticiero\/wp-json\/wp\/v2\/tags?post=8170"}],"curies":[{"name":"wp","href":"https:\/\/api.w.org\/{rel}","templated":true}]}}