{"id":81708,"date":"2022-12-15T12:31:16","date_gmt":"2022-12-15T17:31:16","guid":{"rendered":"https:\/\/aeronoticias.com.pe\/noticiero\/?p=81708"},"modified":"2022-12-15T12:31:20","modified_gmt":"2022-12-15T17:31:20","slug":"lap-estas-son-las-restricciones-que-regiran-desde-hoy-en-el-aeropuerto-jorge-chavez","status":"publish","type":"post","link":"https:\/\/aeronoticias.com.pe\/noticiero\/ultimas\/1\/lap-estas-son-las-restricciones-que-regiran-desde-hoy-en-el-aeropuerto-jorge-chavez\/","title":{"rendered":"LAP: Estas son las restricciones que regir\u00e1n desde hoy en el aeropuerto Jorge Ch\u00e1vez"},"content":{"rendered":"\n<p><strong>(Aeronoticias)<\/strong>: Ocho d\u00edas han pasado desde el inicio de las protestas en diversas regiones del pa\u00eds ante el cambio de gobierno y la crisis pol\u00edtica que azota al pa\u00eds desde hace ya varios a\u00f1os. En favor de salvaguardar la integridad de los viajeros,\u00a0<a href=\"https:\/\/lima-airport.com\/\">Lima Airport Partners<\/a>\u00a0(LAP) anunci\u00f3 nuevas medidas de seguridad a la principal terminal a\u00e9rea del Per\u00fa.<\/p>\n\n\n\n<p>Cabe mencionar que al momento de publicaci\u00f3n de esta nota, se encuentran suspendidos ya cinco terminales del interior del pa\u00eds. Cerraron operaciones desde y hacia los aeropuertos de Andahuaylas (Apur\u00edmac), Alfredo Rodr\u00edguez Ball\u00f3n (Arequipa), Alejandro Velasco Astete (Cusco), Inca Manco C\u00e1pac (Puno) y el m\u00e1s reciente en ser declarado el Aeropuerto Coronel FAP Alfredo Mend\u00edvil Duarte de Ayacucho.<\/p>\n\n\n\n<p>Sin embargo, las manifestaciones que se llevan a cabo est\u00e1n escalando a varias otras ubicaciones privadas y p\u00fablicas, y muy probablemente en los siguientes d\u00edas invadan otras terminales. Ante ello, las concesionarias a\u00e9reas en coordinaci\u00f3n con la Direcci\u00f3n General de Aeron\u00e1utica Civil \u2013 DGAC acordaron que s<a href=\"https:\/\/www.peru-retail.com\/lap-solo-pasajeros-con-vuelos-programados-ingresaran-a-aeropuertos-de-todo-el-pais\/\">olo los pasajeros programados<\/a>\u00a0podr\u00e1n ingresar a las terminales a nivel nacional.<\/p>\n\n\n\n<p>En ese sentido, LAP anunci\u00f3 nuevas medidas de seguridad para el Aeropuerto Internacional Jorge Ch\u00e1vez. Esto tras las coordinaciones realizadas con las Fuerzas Armadas y Fuerzas Policiales para garantizar la seguridad de todos los pasajeros y usuarios.<\/p>\n\n\n\n<p>En principio, solo podr\u00e1n ingresar al aeropuerto los pasajeros mostrando el ticket de su viaje. Esto incluye ingreso peatonal y vehicular. Para dejar pasajeros por acceso vehicular, solo se permitir\u00e1 el ingreso a los pasajeros acreditados y el conductor del veh\u00edculo. Asimismo, para recoger pasajeros, solo se permitir\u00e1 el ingreso en auto del conductor del veh\u00edculo. No se permitir\u00e1n acompa\u00f1antes para el recojo.<\/p>\n\n\n\n<p><strong>Estas medidas de seguridad regir\u00e1n desde las 14:00 hrs. del 15 de diciembre de 2022 y de manera indefinida<\/strong>.\u00a0<em>\u201cAnte la coyuntura actual, exhortamos a nuestros pasajeros y a la comunidad aeroportuaria a colaborar con el cumplimiento de esta medida de seguridad para garantizar que las operaciones se desarrollen ordenadamente\u201d<\/em>, emplaza LAP.<\/p>\n\n\n\n<p><strong>Fuente: Peru-retail.com<\/strong><\/p>\n","protected":false},"excerpt":{"rendered":"<p>(Aeronoticias): Ocho d\u00edas han pasado desde el inicio de las protestas en diversas regiones del pa\u00eds ante el cambio de gobierno y la crisis pol\u00edtica que azota al pa\u00eds desde hace ya varios a\u00f1os. En favor de salvaguardar la integridad de los viajeros,\u00a0Lima Airport Partners\u00a0(LAP) anunci\u00f3 nuevas medidas de seguridad a la principal terminal a\u00e9rea [&hellip;]<\/p>\n","protected":false},"author":3,"featured_media":81710,"comment_status":"open","ping_status":"open","sticky":false,"template":"","format":"standard","meta":{"tdm_status":"","tdm_grid_status":"","footnotes":""},"categories":[8,30],"tags":[394],"class_list":{"0":"post-81708","1":"post","2":"type-post","3":"status-publish","4":"format-standard","5":"has-post-thumbnail","7":"category-ultimas","8":"category-30","9":"tag-aeropuerto-jorge-chavez-2"},"yoast_head":"<!-- This site is optimized with the Yoast SEO plugin v25.1 - https:\/\/yoast.com\/wordpress\/plugins\/seo\/ -->\n<title>LAP: Estas son las restricciones que regir\u00e1n desde hoy en el aeropuerto Jorge Ch\u00e1vez<\/title>\n<meta name=\"description\" content=\"Lima Airport Partners informa las siguientes medidas de seguridad para los pasajeros y usuarios de la terminal.\" \/>\n<meta name=\"robots\" content=\"index, follow, max-snippet:-1, max-image-preview:large, max-video-preview:-1\" \/>\n<link rel=\"canonical\" href=\"https:\/\/aeronoticias.com.pe\/noticiero\/ultimas\/1\/lap-estas-son-las-restricciones-que-regiran-desde-hoy-en-el-aeropuerto-jorge-chavez\/\" \/>\n<meta property=\"og:locale\" content=\"es_ES\" \/>\n<meta property=\"og:type\" content=\"article\" \/>\n<meta property=\"og:title\" content=\"LAP: Estas son las restricciones que regir\u00e1n desde hoy en el aeropuerto Jorge Ch\u00e1vez\" \/>\n<meta property=\"og:description\" content=\"Lima Airport Partners informa las siguientes medidas de seguridad para los pasajeros y usuarios de la terminal.\" \/>\n<meta property=\"og:url\" content=\"https:\/\/aeronoticias.com.pe\/noticiero\/ultimas\/1\/lap-estas-son-las-restricciones-que-regiran-desde-hoy-en-el-aeropuerto-jorge-chavez\/\" \/>\n<meta property=\"og:site_name\" content=\"Aeronoticias.com.pe\" \/>\n<meta property=\"article:publisher\" content=\"https:\/\/www.facebook.com\/Aeronoticias.com.pe\/\" \/>\n<meta property=\"article:published_time\" content=\"2022-12-15T17:31:16+00:00\" \/>\n<meta property=\"article:modified_time\" content=\"2022-12-15T17:31:20+00:00\" \/>\n<meta property=\"og:image\" content=\"https:\/\/aeronoticias.com.pe\/noticiero\/wp-content\/uploads\/2022\/12\/lap22.jpg\" \/>\n\t<meta property=\"og:image:width\" content=\"738\" \/>\n\t<meta property=\"og:image:height\" content=\"372\" \/>\n\t<meta property=\"og:image:type\" content=\"image\/jpeg\" \/>\n<meta name=\"author\" content=\"Redacci\u00f3n\" \/>\n<meta name=\"twitter:card\" content=\"summary_large_image\" \/>\n<meta name=\"twitter:creator\" content=\"@aeronoticias\" \/>\n<meta name=\"twitter:site\" content=\"@aeronoticias\" \/>\n<meta name=\"twitter:label1\" content=\"Escrito por\" \/>\n\t<meta name=\"twitter:data1\" content=\"Redacci\u00f3n\" \/>\n\t<meta name=\"twitter:label2\" content=\"Tiempo de lectura\" \/>\n\t<meta name=\"twitter:data2\" content=\"2 minutos\" \/>\n<script type=\"application\/ld+json\" class=\"yoast-schema-graph\">{\"@context\":\"https:\/\/schema.org\",\"@graph\":[{\"@type\":\"WebPage\",\"@id\":\"https:\/\/aeronoticias.com.pe\/noticiero\/ultimas\/1\/lap-estas-son-las-restricciones-que-regiran-desde-hoy-en-el-aeropuerto-jorge-chavez\/\",\"url\":\"https:\/\/aeronoticias.com.pe\/noticiero\/ultimas\/1\/lap-estas-son-las-restricciones-que-regiran-desde-hoy-en-el-aeropuerto-jorge-chavez\/\",\"name\":\"LAP: Estas son las restricciones que regir\u00e1n desde hoy en el aeropuerto Jorge Ch\u00e1vez\",\"isPartOf\":{\"@id\":\"https:\/\/aeronoticias.com.pe\/noticiero\/#website\"},\"primaryImageOfPage\":{\"@id\":\"https:\/\/aeronoticias.com.pe\/noticiero\/ultimas\/1\/lap-estas-son-las-restricciones-que-regiran-desde-hoy-en-el-aeropuerto-jorge-chavez\/#primaryimage\"},\"image\":{\"@id\":\"https:\/\/aeronoticias.com.pe\/noticiero\/ultimas\/1\/lap-estas-son-las-restricciones-que-regiran-desde-hoy-en-el-aeropuerto-jorge-chavez\/#primaryimage\"},\"thumbnailUrl\":\"https:\/\/aeronoticias.com.pe\/noticiero\/wp-content\/uploads\/2022\/12\/lap22.jpg\",\"datePublished\":\"2022-12-15T17:31:16+00:00\",\"dateModified\":\"2022-12-15T17:31:20+00:00\",\"author\":{\"@id\":\"https:\/\/aeronoticias.com.pe\/noticiero\/#\/schema\/person\/16212a617c73f78916b13194154243bd\"},\"description\":\"Lima Airport Partners informa las siguientes medidas de seguridad para los pasajeros y usuarios de la terminal.\",\"breadcrumb\":{\"@id\":\"https:\/\/aeronoticias.com.pe\/noticiero\/ultimas\/1\/lap-estas-son-las-restricciones-que-regiran-desde-hoy-en-el-aeropuerto-jorge-chavez\/#breadcrumb\"},\"inLanguage\":\"es\",\"potentialAction\":[{\"@type\":\"ReadAction\",\"target\":[\"https:\/\/aeronoticias.com.pe\/noticiero\/ultimas\/1\/lap-estas-son-las-restricciones-que-regiran-desde-hoy-en-el-aeropuerto-jorge-chavez\/\"]}]},{\"@type\":\"ImageObject\",\"inLanguage\":\"es\",\"@id\":\"https:\/\/aeronoticias.com.pe\/noticiero\/ultimas\/1\/lap-estas-son-las-restricciones-que-regiran-desde-hoy-en-el-aeropuerto-jorge-chavez\/#primaryimage\",\"url\":\"https:\/\/aeronoticias.com.pe\/noticiero\/wp-content\/uploads\/2022\/12\/lap22.jpg\",\"contentUrl\":\"https:\/\/aeronoticias.com.pe\/noticiero\/wp-content\/uploads\/2022\/12\/lap22.jpg\",\"width\":738,\"height\":372},{\"@type\":\"BreadcrumbList\",\"@id\":\"https:\/\/aeronoticias.com.pe\/noticiero\/ultimas\/1\/lap-estas-son-las-restricciones-que-regiran-desde-hoy-en-el-aeropuerto-jorge-chavez\/#breadcrumb\",\"itemListElement\":[{\"@type\":\"ListItem\",\"position\":1,\"name\":\"Portada\",\"item\":\"https:\/\/aeronoticias.com.pe\/noticiero\/\"},{\"@type\":\"ListItem\",\"position\":2,\"name\":\"LAP: Estas son las restricciones que regir\u00e1n desde hoy en el aeropuerto Jorge Ch\u00e1vez\"}]},{\"@type\":\"WebSite\",\"@id\":\"https:\/\/aeronoticias.com.pe\/noticiero\/#website\",\"url\":\"https:\/\/aeronoticias.com.pe\/noticiero\/\",\"name\":\"Aeronoticias.com.pe\",\"description\":\"Noticias de tranporte aereo, turismo, hoteles, gastronomia, actualidad, internacional\",\"potentialAction\":[{\"@type\":\"SearchAction\",\"target\":{\"@type\":\"EntryPoint\",\"urlTemplate\":\"https:\/\/aeronoticias.com.pe\/noticiero\/?s={search_term_string}\"},\"query-input\":{\"@type\":\"PropertyValueSpecification\",\"valueRequired\":true,\"valueName\":\"search_term_string\"}}],\"inLanguage\":\"es\"},{\"@type\":\"Person\",\"@id\":\"https:\/\/aeronoticias.com.pe\/noticiero\/#\/schema\/person\/16212a617c73f78916b13194154243bd\",\"name\":\"Redacci\u00f3n\",\"sameAs\":[\"http:\/\/Redacci\u00f3n\"],\"url\":\"https:\/\/aeronoticias.com.pe\/noticiero\/author\/celeste\/\"}]}<\/script>\n<!-- \/ Yoast SEO plugin. -->","yoast_head_json":{"title":"LAP: Estas son las restricciones que regir\u00e1n desde hoy en el aeropuerto Jorge Ch\u00e1vez","description":"Lima Airport Partners informa las siguientes medidas de seguridad para los pasajeros y usuarios de la terminal.","robots":{"index":"index","follow":"follow","max-snippet":"max-snippet:-1","max-image-preview":"max-image-preview:large","max-video-preview":"max-video-preview:-1"},"canonical":"https:\/\/aeronoticias.com.pe\/noticiero\/ultimas\/1\/lap-estas-son-las-restricciones-que-regiran-desde-hoy-en-el-aeropuerto-jorge-chavez\/","og_locale":"es_ES","og_type":"article","og_title":"LAP: Estas son las restricciones que regir\u00e1n desde hoy en el aeropuerto Jorge Ch\u00e1vez","og_description":"Lima Airport Partners informa las siguientes medidas de seguridad para los pasajeros y usuarios de la terminal.","og_url":"https:\/\/aeronoticias.com.pe\/noticiero\/ultimas\/1\/lap-estas-son-las-restricciones-que-regiran-desde-hoy-en-el-aeropuerto-jorge-chavez\/","og_site_name":"Aeronoticias.com.pe","article_publisher":"https:\/\/www.facebook.com\/Aeronoticias.com.pe\/","article_published_time":"2022-12-15T17:31:16+00:00","article_modified_time":"2022-12-15T17:31:20+00:00","og_image":[{"width":738,"height":372,"url":"https:\/\/aeronoticias.com.pe\/noticiero\/wp-content\/uploads\/2022\/12\/lap22.jpg","type":"image\/jpeg"}],"author":"Redacci\u00f3n","twitter_card":"summary_large_image","twitter_creator":"@aeronoticias","twitter_site":"@aeronoticias","twitter_misc":{"Escrito por":"Redacci\u00f3n","Tiempo de lectura":"2 minutos"},"schema":{"@context":"https:\/\/schema.org","@graph":[{"@type":"WebPage","@id":"https:\/\/aeronoticias.com.pe\/noticiero\/ultimas\/1\/lap-estas-son-las-restricciones-que-regiran-desde-hoy-en-el-aeropuerto-jorge-chavez\/","url":"https:\/\/aeronoticias.com.pe\/noticiero\/ultimas\/1\/lap-estas-son-las-restricciones-que-regiran-desde-hoy-en-el-aeropuerto-jorge-chavez\/","name":"LAP: Estas son las restricciones que regir\u00e1n desde hoy en el aeropuerto Jorge Ch\u00e1vez","isPartOf":{"@id":"https:\/\/aeronoticias.com.pe\/noticiero\/#website"},"primaryImageOfPage":{"@id":"https:\/\/aeronoticias.com.pe\/noticiero\/ultimas\/1\/lap-estas-son-las-restricciones-que-regiran-desde-hoy-en-el-aeropuerto-jorge-chavez\/#primaryimage"},"image":{"@id":"https:\/\/aeronoticias.com.pe\/noticiero\/ultimas\/1\/lap-estas-son-las-restricciones-que-regiran-desde-hoy-en-el-aeropuerto-jorge-chavez\/#primaryimage"},"thumbnailUrl":"https:\/\/aeronoticias.com.pe\/noticiero\/wp-content\/uploads\/2022\/12\/lap22.jpg","datePublished":"2022-12-15T17:31:16+00:00","dateModified":"2022-12-15T17:31:20+00:00","author":{"@id":"https:\/\/aeronoticias.com.pe\/noticiero\/#\/schema\/person\/16212a617c73f78916b13194154243bd"},"description":"Lima Airport Partners informa las siguientes medidas de seguridad para los pasajeros y usuarios de la terminal.","breadcrumb":{"@id":"https:\/\/aeronoticias.com.pe\/noticiero\/ultimas\/1\/lap-estas-son-las-restricciones-que-regiran-desde-hoy-en-el-aeropuerto-jorge-chavez\/#breadcrumb"},"inLanguage":"es","potentialAction":[{"@type":"ReadAction","target":["https:\/\/aeronoticias.com.pe\/noticiero\/ultimas\/1\/lap-estas-son-las-restricciones-que-regiran-desde-hoy-en-el-aeropuerto-jorge-chavez\/"]}]},{"@type":"ImageObject","inLanguage":"es","@id":"https:\/\/aeronoticias.com.pe\/noticiero\/ultimas\/1\/lap-estas-son-las-restricciones-que-regiran-desde-hoy-en-el-aeropuerto-jorge-chavez\/#primaryimage","url":"https:\/\/aeronoticias.com.pe\/noticiero\/wp-content\/uploads\/2022\/12\/lap22.jpg","contentUrl":"https:\/\/aeronoticias.com.pe\/noticiero\/wp-content\/uploads\/2022\/12\/lap22.jpg","width":738,"height":372},{"@type":"BreadcrumbList","@id":"https:\/\/aeronoticias.com.pe\/noticiero\/ultimas\/1\/lap-estas-son-las-restricciones-que-regiran-desde-hoy-en-el-aeropuerto-jorge-chavez\/#breadcrumb","itemListElement":[{"@type":"ListItem","position":1,"name":"Portada","item":"https:\/\/aeronoticias.com.pe\/noticiero\/"},{"@type":"ListItem","position":2,"name":"LAP: Estas son las restricciones que regir\u00e1n desde hoy en el aeropuerto Jorge Ch\u00e1vez"}]},{"@type":"WebSite","@id":"https:\/\/aeronoticias.com.pe\/noticiero\/#website","url":"https:\/\/aeronoticias.com.pe\/noticiero\/","name":"Aeronoticias.com.pe","description":"Noticias de tranporte aereo, turismo, hoteles, gastronomia, actualidad, internacional","potentialAction":[{"@type":"SearchAction","target":{"@type":"EntryPoint","urlTemplate":"https:\/\/aeronoticias.com.pe\/noticiero\/?s={search_term_string}"},"query-input":{"@type":"PropertyValueSpecification","valueRequired":true,"valueName":"search_term_string"}}],"inLanguage":"es"},{"@type":"Person","@id":"https:\/\/aeronoticias.com.pe\/noticiero\/#\/schema\/person\/16212a617c73f78916b13194154243bd","name":"Redacci\u00f3n","sameAs":["http:\/\/Redacci\u00f3n"],"url":"https:\/\/aeronoticias.com.pe\/noticiero\/author\/celeste\/"}]}},"_links":{"self":[{"href":"https:\/\/aeronoticias.com.pe\/noticiero\/wp-json\/wp\/v2\/posts\/81708","targetHints":{"allow":["GET"]}}],"collection":[{"href":"https:\/\/aeronoticias.com.pe\/noticiero\/wp-json\/wp\/v2\/posts"}],"about":[{"href":"https:\/\/aeronoticias.com.pe\/noticiero\/wp-json\/wp\/v2\/types\/post"}],"author":[{"embeddable":true,"href":"https:\/\/aeronoticias.com.pe\/noticiero\/wp-json\/wp\/v2\/users\/3"}],"replies":[{"embeddable":true,"href":"https:\/\/aeronoticias.com.pe\/noticiero\/wp-json\/wp\/v2\/comments?post=81708"}],"version-history":[{"count":0,"href":"https:\/\/aeronoticias.com.pe\/noticiero\/wp-json\/wp\/v2\/posts\/81708\/revisions"}],"wp:featuredmedia":[{"embeddable":true,"href":"https:\/\/aeronoticias.com.pe\/noticiero\/wp-json\/wp\/v2\/media\/81710"}],"wp:attachment":[{"href":"https:\/\/aeronoticias.com.pe\/noticiero\/wp-json\/wp\/v2\/media?parent=81708"}],"wp:term":[{"taxonomy":"category","embeddable":true,"href":"https:\/\/aeronoticias.com.pe\/noticiero\/wp-json\/wp\/v2\/categories?post=81708"},{"taxonomy":"post_tag","embeddable":true,"href":"https:\/\/aeronoticias.com.pe\/noticiero\/wp-json\/wp\/v2\/tags?post=81708"}],"curies":[{"name":"wp","href":"https:\/\/api.w.org\/{rel}","templated":true}]}}