{"id":81718,"date":"2022-12-19T09:36:43","date_gmt":"2022-12-19T14:36:43","guid":{"rendered":"https:\/\/aeronoticias.com.pe\/noticiero\/?p=81718"},"modified":"2022-12-19T09:36:47","modified_gmt":"2022-12-19T14:36:47","slug":"estado-de-emergencia-indecopi-brinda-pautas-ante-la-postergacion-o-cancelacion-de-servicios","status":"publish","type":"post","link":"https:\/\/aeronoticias.com.pe\/noticiero\/ultimas\/1\/estado-de-emergencia-indecopi-brinda-pautas-ante-la-postergacion-o-cancelacion-de-servicios\/","title":{"rendered":"Estado de Emergencia: Indecopi brinda pautas ante la postergaci\u00f3n o cancelaci\u00f3n de servicios"},"content":{"rendered":"\n<p><strong>(Aeronoticias)<\/strong>: Ante el Estado de Emergencia declarado a nivel nacional por el Gobierno, a consecuencia de los diversos conflictos sociales registrados en el pa\u00eds, las condiciones en las que se brindan los servicios de transporte, educativo, tur\u00edstico y eventos de entretenimiento podr\u00edan variar en resguardo de la seguridad de los usuarios. <\/p>\n\n\n\n<div class=\"wp-block-image\"><figure class=\"aligncenter is-resized\"><img loading=\"lazy\" decoding=\"async\" src=\"https:\/\/cdn.www.gob.pe\/uploads\/document\/file\/3944781\/standard_Estado%20de%20Emergencia%3A%20Indecopi%20brinda%20pautas%20ante%20la%20postergaci%C3%B3n%20%20o%20cancelaci%C3%B3n%20de%20servicios.jpeg\" alt=\"Estado de Emergencia: Indecopi brinda pautas ante la postergaci\u00f3n o cancelaci\u00f3n de servicios\n\" width=\"533\" height=\"300\"\/><\/figure><\/div>\n\n\n\n<p>En ese sentido, el Indecopi brinda pautas para prevenir situaciones que afecten los derechos de los consumidores.\u00a0\u00a0Como recomendaci\u00f3n principal, la instituci\u00f3n hace un llamado a la calma e insta a los ciudadanos a consultar fuentes oficiales de informaci\u00f3n y evitar rumores o noticias falsas.<\/p>\n\n\n\n<div class=\"wp-block-image\"><figure class=\"aligncenter is-resized\"><img loading=\"lazy\" decoding=\"async\" src=\"https:\/\/cdn.www.gob.pe\/uploads\/document\/file\/3944783\/standard_Estado%20de%20Emergencia%3A%20Indecopi%20brinda%20pautas%20ante%20la%20postergaci%C3%B3n%20%20o%20cancelaci%C3%B3n%20de%20servicios.jpeg\" alt=\"Estado de Emergencia: Indecopi brinda pautas ante la postergaci\u00f3n o cancelaci\u00f3n de servicios\n\" width=\"556\" height=\"313\"\/><\/figure><\/div>\n\n\n\n<p><strong>Servicio de transporte<\/strong>\u00b7\u00a0 \u00a0 \u00a0 \u00a0 <\/p>\n\n\n\n<p>\u00a0Si decide viajar, mant\u00e9ngase atento a la informaci\u00f3n brindada por las autoridades competentes sobre el estado de las v\u00edas de transporte y los aeropuertos a nivel nacional; y revise la informaci\u00f3n de los canales oficiales de las empresas de transporte terrestre y aerol\u00edneas sobre el acceso a sus servicios.<\/p>\n\n\n\n<div class=\"wp-block-image\"><figure class=\"aligncenter is-resized\"><img loading=\"lazy\" decoding=\"async\" src=\"https:\/\/cdn.www.gob.pe\/uploads\/document\/file\/3944782\/standard_Estado%20de%20Emergencia%3A%20Indecopi%20brinda%20pautas%20ante%20la%20postergaci%C3%B3n%20%20o%20cancelaci%C3%B3n%20de%20servicios.jpeg\" alt=\"Estado de Emergencia: Indecopi brinda pautas ante la postergaci\u00f3n o cancelaci\u00f3n de servicios\n\" width=\"535\" height=\"301\"\/><\/figure><\/div>\n\n\n\n<p>\u00b7\u00a0 \u00a0 \u00a0 \u00a0 \u00a0Si ya tiene un servicio contratado, mantenga una comunicaci\u00f3n fluida con el proveedor a fin de evitar contratiempos. Si se suspende el servicio consulte las alternativas de reprogramaci\u00f3n.<\/p>\n\n\n\n<p><strong>Servicios tur\u00edsticos<\/strong>\u00b7\u00a0 \u00a0 \u00a0 \u00a0 \u00a0<\/p>\n\n\n\n<p>Si va a contratar servicios tur\u00edsticos, mant\u00e9ngase atento a la informaci\u00f3n de las autoridades sobre el estado de las v\u00edas de transporte, acceso a sitios arqueol\u00f3gicos, etc.<\/p>\n\n\n\n<p>\u00b7\u00a0 \u00a0 \u00a0 \u00a0 \u00a0En caso haya contratado estos servicios, consulte con su agencia de viajes o proveedor tur\u00edstico qu\u00e9 medidas se han adoptado ante el Estado de Emergencia nacional.\u00a0<\/p>\n\n\n\n<p><strong>Servicio educativo<\/strong>\u00b7\u00a0 \u00a0 \u00a0 \u00a0 \u00a0<\/p>\n\n\n\n<p>Permanezca atento a las medidas que dicta el Ministerio de Educaci\u00f3n sobre la asistencia a clases u otras actividades presenciales.<\/p>\n\n\n\n<p>\u00b7\u00a0 \u00a0 \u00a0 \u00a0 \u00a0En caso se hayan programado viajes de promoci\u00f3n o con fines educativos, comun\u00edquese con los proveedores contratados para confirmar si se brindar\u00e1n estos servicios y consulte las alternativas que brindar\u00e1n ante una eventual reprogramaci\u00f3n.\u00a0<\/p>\n\n\n\n<p><strong>Eventos de entretenimiento<\/strong>\u00b7\u00a0 \u00a0 \u00a0 \u00a0 \u00a0<\/p>\n\n\n\n<p>Si tienes pensado asistir a un evento verifique las restricciones emitidas por el gobierno ante el actual Estado de Emergencia.<\/p>\n\n\n\n<p>\u00b7\u00a0 \u00a0 \u00a0 \u00a0 \u00a0Si el evento al que asistir\u00e1 fue suspendido o cancelado mant\u00e9ngase atento a la informaci\u00f3n que brinde el organizador sobre la nueva fecha en que se realizar\u00e1 o las alternativas que ofrezca.\u00a0Recuerde que todos los proveedores de servicios tienen el deber de brindar informaci\u00f3n oportuna sobre el cambio de condiciones, la reprogramaci\u00f3n y la cancelaci\u00f3n de sus servicios. En caso de reprogramaci\u00f3n de servicios, las empresas tambi\u00e9n deben poner a disposici\u00f3n de los consumidores la opci\u00f3n de reembolso.<\/p>\n\n\n\n<p><strong>Canales de atenci\u00f3n al consumidor<\/strong><\/p>\n\n\n\n<p>Si tiene un problema con alg\u00fan proveedor puede presentar su reclamo ante el Indecopi a trav\u00e9s de los siguientes canales de atenci\u00f3n:\u00a0<\/p>\n\n\n\n<p>\u25cf\u00a0 \u00a0 \u00a0 \u00a0 WhatsApp Aeropuerto: 985 197 624 (operativo las 24 horas, todos los d\u00edas de la semana).\u00a0\u25cf\u00a0 \u00a0 \u00a0 Reclama Virtual:\u00a0<a href=\"https:\/\/bit.ly\/3cYZYlj\" target=\"_blank\" rel=\"noreferrer noopener\">https:\/\/bit.ly\/3cYZYlj<\/a><\/p>\n\n\n\n<p>\u25cf\u00a0 \u00a0 \u00a0 Correo electr\u00f3nico:\u00a0<a href=\"mailto:sacreclamo@indecopi.gob.pe\" target=\"_blank\" rel=\"noreferrer noopener\">sacreclamo@indecopi.gob.pe<\/a>\u00a0<\/p>\n\n\n\n<p>\u25cf\u00a0 \u00a0 \u00a0 Tel\u00e9fonos: 224-7777 (Lima) y 0800-4-4040 (regiones).\u00a0\u00a0Asimismo, si es testigo de un hecho irregular, puede reportarlo a trav\u00e9s del Formulario de \u2018Vigilancia Ciudadana\u2019:\u00a0<a href=\"https:\/\/bit.ly\/3BANSye\" target=\"_blank\" rel=\"noreferrer noopener\">https:\/\/bit.ly\/3BANSye<\/a>. \u00a0<\/p>\n\n\n\n<p><strong>Fuente: Indecopi<\/strong><\/p>\n","protected":false},"excerpt":{"rendered":"<p>(Aeronoticias): Ante el Estado de Emergencia declarado a nivel nacional por el Gobierno, a consecuencia de los diversos conflictos sociales registrados en el pa\u00eds, las condiciones en las que se brindan los servicios de transporte, educativo, tur\u00edstico y eventos de entretenimiento podr\u00edan variar en resguardo de la seguridad de los usuarios. En ese sentido, el [&hellip;]<\/p>\n","protected":false},"author":3,"featured_media":81719,"comment_status":"open","ping_status":"open","sticky":false,"template":"","format":"standard","meta":{"tdm_status":"","tdm_grid_status":"","footnotes":""},"categories":[30,8],"tags":[2553,1367],"class_list":{"0":"post-81718","1":"post","2":"type-post","3":"status-publish","4":"format-standard","5":"has-post-thumbnail","7":"category-30","8":"category-ultimas","9":"tag-estado-de-emergencia","10":"tag-indecopi"},"yoast_head":"<!-- This site is optimized with the Yoast SEO plugin v25.1 - https:\/\/yoast.com\/wordpress\/plugins\/seo\/ -->\n<title>Estado de Emergencia: Indecopi brinda pautas ante la postergaci\u00f3n o cancelaci\u00f3n de servicios<\/title>\n<meta name=\"description\" content=\"La instituci\u00f3n hace un llamado a la calma e insta a los ciudadanos a consultar fuentes de informaci\u00f3n oficiales y evitar rumores o noticias falsas.\" \/>\n<meta name=\"robots\" content=\"index, follow, max-snippet:-1, max-image-preview:large, max-video-preview:-1\" \/>\n<link rel=\"canonical\" href=\"https:\/\/aeronoticias.com.pe\/noticiero\/ultimas\/1\/estado-de-emergencia-indecopi-brinda-pautas-ante-la-postergacion-o-cancelacion-de-servicios\/\" \/>\n<meta property=\"og:locale\" content=\"es_ES\" \/>\n<meta property=\"og:type\" content=\"article\" \/>\n<meta property=\"og:title\" content=\"Estado de Emergencia: Indecopi brinda pautas ante la postergaci\u00f3n o cancelaci\u00f3n de servicios\" \/>\n<meta property=\"og:description\" content=\"La instituci\u00f3n hace un llamado a la calma e insta a los ciudadanos a consultar fuentes de informaci\u00f3n oficiales y evitar rumores o noticias falsas.\" \/>\n<meta property=\"og:url\" content=\"https:\/\/aeronoticias.com.pe\/noticiero\/ultimas\/1\/estado-de-emergencia-indecopi-brinda-pautas-ante-la-postergacion-o-cancelacion-de-servicios\/\" \/>\n<meta property=\"og:site_name\" content=\"Aeronoticias.com.pe\" \/>\n<meta property=\"article:publisher\" content=\"https:\/\/www.facebook.com\/Aeronoticias.com.pe\/\" \/>\n<meta property=\"article:published_time\" content=\"2022-12-19T14:36:43+00:00\" \/>\n<meta property=\"article:modified_time\" content=\"2022-12-19T14:36:47+00:00\" \/>\n<meta property=\"og:image\" content=\"https:\/\/aeronoticias.com.pe\/noticiero\/wp-content\/uploads\/2022\/12\/aero.jpeg\" \/>\n\t<meta property=\"og:image:width\" content=\"645\" \/>\n\t<meta property=\"og:image:height\" content=\"363\" \/>\n\t<meta property=\"og:image:type\" content=\"image\/jpeg\" \/>\n<meta name=\"author\" content=\"Redacci\u00f3n\" \/>\n<meta name=\"twitter:card\" content=\"summary_large_image\" \/>\n<meta name=\"twitter:creator\" content=\"@aeronoticias\" \/>\n<meta name=\"twitter:site\" content=\"@aeronoticias\" \/>\n<meta name=\"twitter:label1\" content=\"Escrito por\" \/>\n\t<meta name=\"twitter:data1\" content=\"Redacci\u00f3n\" \/>\n\t<meta name=\"twitter:label2\" content=\"Tiempo de lectura\" \/>\n\t<meta name=\"twitter:data2\" content=\"3 minutos\" \/>\n<script type=\"application\/ld+json\" class=\"yoast-schema-graph\">{\"@context\":\"https:\/\/schema.org\",\"@graph\":[{\"@type\":\"WebPage\",\"@id\":\"https:\/\/aeronoticias.com.pe\/noticiero\/ultimas\/1\/estado-de-emergencia-indecopi-brinda-pautas-ante-la-postergacion-o-cancelacion-de-servicios\/\",\"url\":\"https:\/\/aeronoticias.com.pe\/noticiero\/ultimas\/1\/estado-de-emergencia-indecopi-brinda-pautas-ante-la-postergacion-o-cancelacion-de-servicios\/\",\"name\":\"Estado de Emergencia: Indecopi brinda pautas ante la postergaci\u00f3n o cancelaci\u00f3n de servicios\",\"isPartOf\":{\"@id\":\"https:\/\/aeronoticias.com.pe\/noticiero\/#website\"},\"primaryImageOfPage\":{\"@id\":\"https:\/\/aeronoticias.com.pe\/noticiero\/ultimas\/1\/estado-de-emergencia-indecopi-brinda-pautas-ante-la-postergacion-o-cancelacion-de-servicios\/#primaryimage\"},\"image\":{\"@id\":\"https:\/\/aeronoticias.com.pe\/noticiero\/ultimas\/1\/estado-de-emergencia-indecopi-brinda-pautas-ante-la-postergacion-o-cancelacion-de-servicios\/#primaryimage\"},\"thumbnailUrl\":\"https:\/\/aeronoticias.com.pe\/noticiero\/wp-content\/uploads\/2022\/12\/aero.jpeg\",\"datePublished\":\"2022-12-19T14:36:43+00:00\",\"dateModified\":\"2022-12-19T14:36:47+00:00\",\"author\":{\"@id\":\"https:\/\/aeronoticias.com.pe\/noticiero\/#\/schema\/person\/16212a617c73f78916b13194154243bd\"},\"description\":\"La instituci\u00f3n hace un llamado a la calma e insta a los ciudadanos a consultar fuentes de informaci\u00f3n oficiales y evitar rumores o noticias falsas.\",\"breadcrumb\":{\"@id\":\"https:\/\/aeronoticias.com.pe\/noticiero\/ultimas\/1\/estado-de-emergencia-indecopi-brinda-pautas-ante-la-postergacion-o-cancelacion-de-servicios\/#breadcrumb\"},\"inLanguage\":\"es\",\"potentialAction\":[{\"@type\":\"ReadAction\",\"target\":[\"https:\/\/aeronoticias.com.pe\/noticiero\/ultimas\/1\/estado-de-emergencia-indecopi-brinda-pautas-ante-la-postergacion-o-cancelacion-de-servicios\/\"]}]},{\"@type\":\"ImageObject\",\"inLanguage\":\"es\",\"@id\":\"https:\/\/aeronoticias.com.pe\/noticiero\/ultimas\/1\/estado-de-emergencia-indecopi-brinda-pautas-ante-la-postergacion-o-cancelacion-de-servicios\/#primaryimage\",\"url\":\"https:\/\/aeronoticias.com.pe\/noticiero\/wp-content\/uploads\/2022\/12\/aero.jpeg\",\"contentUrl\":\"https:\/\/aeronoticias.com.pe\/noticiero\/wp-content\/uploads\/2022\/12\/aero.jpeg\",\"width\":645,\"height\":363},{\"@type\":\"BreadcrumbList\",\"@id\":\"https:\/\/aeronoticias.com.pe\/noticiero\/ultimas\/1\/estado-de-emergencia-indecopi-brinda-pautas-ante-la-postergacion-o-cancelacion-de-servicios\/#breadcrumb\",\"itemListElement\":[{\"@type\":\"ListItem\",\"position\":1,\"name\":\"Portada\",\"item\":\"https:\/\/aeronoticias.com.pe\/noticiero\/\"},{\"@type\":\"ListItem\",\"position\":2,\"name\":\"Estado de Emergencia: Indecopi brinda pautas ante la postergaci\u00f3n o cancelaci\u00f3n de servicios\"}]},{\"@type\":\"WebSite\",\"@id\":\"https:\/\/aeronoticias.com.pe\/noticiero\/#website\",\"url\":\"https:\/\/aeronoticias.com.pe\/noticiero\/\",\"name\":\"Aeronoticias.com.pe\",\"description\":\"Noticias de tranporte aereo, turismo, hoteles, gastronomia, actualidad, internacional\",\"potentialAction\":[{\"@type\":\"SearchAction\",\"target\":{\"@type\":\"EntryPoint\",\"urlTemplate\":\"https:\/\/aeronoticias.com.pe\/noticiero\/?s={search_term_string}\"},\"query-input\":{\"@type\":\"PropertyValueSpecification\",\"valueRequired\":true,\"valueName\":\"search_term_string\"}}],\"inLanguage\":\"es\"},{\"@type\":\"Person\",\"@id\":\"https:\/\/aeronoticias.com.pe\/noticiero\/#\/schema\/person\/16212a617c73f78916b13194154243bd\",\"name\":\"Redacci\u00f3n\",\"sameAs\":[\"http:\/\/Redacci\u00f3n\"],\"url\":\"https:\/\/aeronoticias.com.pe\/noticiero\/author\/celeste\/\"}]}<\/script>\n<!-- \/ Yoast SEO plugin. -->","yoast_head_json":{"title":"Estado de Emergencia: Indecopi brinda pautas ante la postergaci\u00f3n o cancelaci\u00f3n de servicios","description":"La instituci\u00f3n hace un llamado a la calma e insta a los ciudadanos a consultar fuentes de informaci\u00f3n oficiales y evitar rumores o noticias falsas.","robots":{"index":"index","follow":"follow","max-snippet":"max-snippet:-1","max-image-preview":"max-image-preview:large","max-video-preview":"max-video-preview:-1"},"canonical":"https:\/\/aeronoticias.com.pe\/noticiero\/ultimas\/1\/estado-de-emergencia-indecopi-brinda-pautas-ante-la-postergacion-o-cancelacion-de-servicios\/","og_locale":"es_ES","og_type":"article","og_title":"Estado de Emergencia: Indecopi brinda pautas ante la postergaci\u00f3n o cancelaci\u00f3n de servicios","og_description":"La instituci\u00f3n hace un llamado a la calma e insta a los ciudadanos a consultar fuentes de informaci\u00f3n oficiales y evitar rumores o noticias falsas.","og_url":"https:\/\/aeronoticias.com.pe\/noticiero\/ultimas\/1\/estado-de-emergencia-indecopi-brinda-pautas-ante-la-postergacion-o-cancelacion-de-servicios\/","og_site_name":"Aeronoticias.com.pe","article_publisher":"https:\/\/www.facebook.com\/Aeronoticias.com.pe\/","article_published_time":"2022-12-19T14:36:43+00:00","article_modified_time":"2022-12-19T14:36:47+00:00","og_image":[{"width":645,"height":363,"url":"https:\/\/aeronoticias.com.pe\/noticiero\/wp-content\/uploads\/2022\/12\/aero.jpeg","type":"image\/jpeg"}],"author":"Redacci\u00f3n","twitter_card":"summary_large_image","twitter_creator":"@aeronoticias","twitter_site":"@aeronoticias","twitter_misc":{"Escrito por":"Redacci\u00f3n","Tiempo de lectura":"3 minutos"},"schema":{"@context":"https:\/\/schema.org","@graph":[{"@type":"WebPage","@id":"https:\/\/aeronoticias.com.pe\/noticiero\/ultimas\/1\/estado-de-emergencia-indecopi-brinda-pautas-ante-la-postergacion-o-cancelacion-de-servicios\/","url":"https:\/\/aeronoticias.com.pe\/noticiero\/ultimas\/1\/estado-de-emergencia-indecopi-brinda-pautas-ante-la-postergacion-o-cancelacion-de-servicios\/","name":"Estado de Emergencia: Indecopi brinda pautas ante la postergaci\u00f3n o cancelaci\u00f3n de servicios","isPartOf":{"@id":"https:\/\/aeronoticias.com.pe\/noticiero\/#website"},"primaryImageOfPage":{"@id":"https:\/\/aeronoticias.com.pe\/noticiero\/ultimas\/1\/estado-de-emergencia-indecopi-brinda-pautas-ante-la-postergacion-o-cancelacion-de-servicios\/#primaryimage"},"image":{"@id":"https:\/\/aeronoticias.com.pe\/noticiero\/ultimas\/1\/estado-de-emergencia-indecopi-brinda-pautas-ante-la-postergacion-o-cancelacion-de-servicios\/#primaryimage"},"thumbnailUrl":"https:\/\/aeronoticias.com.pe\/noticiero\/wp-content\/uploads\/2022\/12\/aero.jpeg","datePublished":"2022-12-19T14:36:43+00:00","dateModified":"2022-12-19T14:36:47+00:00","author":{"@id":"https:\/\/aeronoticias.com.pe\/noticiero\/#\/schema\/person\/16212a617c73f78916b13194154243bd"},"description":"La instituci\u00f3n hace un llamado a la calma e insta a los ciudadanos a consultar fuentes de informaci\u00f3n oficiales y evitar rumores o noticias falsas.","breadcrumb":{"@id":"https:\/\/aeronoticias.com.pe\/noticiero\/ultimas\/1\/estado-de-emergencia-indecopi-brinda-pautas-ante-la-postergacion-o-cancelacion-de-servicios\/#breadcrumb"},"inLanguage":"es","potentialAction":[{"@type":"ReadAction","target":["https:\/\/aeronoticias.com.pe\/noticiero\/ultimas\/1\/estado-de-emergencia-indecopi-brinda-pautas-ante-la-postergacion-o-cancelacion-de-servicios\/"]}]},{"@type":"ImageObject","inLanguage":"es","@id":"https:\/\/aeronoticias.com.pe\/noticiero\/ultimas\/1\/estado-de-emergencia-indecopi-brinda-pautas-ante-la-postergacion-o-cancelacion-de-servicios\/#primaryimage","url":"https:\/\/aeronoticias.com.pe\/noticiero\/wp-content\/uploads\/2022\/12\/aero.jpeg","contentUrl":"https:\/\/aeronoticias.com.pe\/noticiero\/wp-content\/uploads\/2022\/12\/aero.jpeg","width":645,"height":363},{"@type":"BreadcrumbList","@id":"https:\/\/aeronoticias.com.pe\/noticiero\/ultimas\/1\/estado-de-emergencia-indecopi-brinda-pautas-ante-la-postergacion-o-cancelacion-de-servicios\/#breadcrumb","itemListElement":[{"@type":"ListItem","position":1,"name":"Portada","item":"https:\/\/aeronoticias.com.pe\/noticiero\/"},{"@type":"ListItem","position":2,"name":"Estado de Emergencia: Indecopi brinda pautas ante la postergaci\u00f3n o cancelaci\u00f3n de servicios"}]},{"@type":"WebSite","@id":"https:\/\/aeronoticias.com.pe\/noticiero\/#website","url":"https:\/\/aeronoticias.com.pe\/noticiero\/","name":"Aeronoticias.com.pe","description":"Noticias de tranporte aereo, turismo, hoteles, gastronomia, actualidad, internacional","potentialAction":[{"@type":"SearchAction","target":{"@type":"EntryPoint","urlTemplate":"https:\/\/aeronoticias.com.pe\/noticiero\/?s={search_term_string}"},"query-input":{"@type":"PropertyValueSpecification","valueRequired":true,"valueName":"search_term_string"}}],"inLanguage":"es"},{"@type":"Person","@id":"https:\/\/aeronoticias.com.pe\/noticiero\/#\/schema\/person\/16212a617c73f78916b13194154243bd","name":"Redacci\u00f3n","sameAs":["http:\/\/Redacci\u00f3n"],"url":"https:\/\/aeronoticias.com.pe\/noticiero\/author\/celeste\/"}]}},"_links":{"self":[{"href":"https:\/\/aeronoticias.com.pe\/noticiero\/wp-json\/wp\/v2\/posts\/81718","targetHints":{"allow":["GET"]}}],"collection":[{"href":"https:\/\/aeronoticias.com.pe\/noticiero\/wp-json\/wp\/v2\/posts"}],"about":[{"href":"https:\/\/aeronoticias.com.pe\/noticiero\/wp-json\/wp\/v2\/types\/post"}],"author":[{"embeddable":true,"href":"https:\/\/aeronoticias.com.pe\/noticiero\/wp-json\/wp\/v2\/users\/3"}],"replies":[{"embeddable":true,"href":"https:\/\/aeronoticias.com.pe\/noticiero\/wp-json\/wp\/v2\/comments?post=81718"}],"version-history":[{"count":0,"href":"https:\/\/aeronoticias.com.pe\/noticiero\/wp-json\/wp\/v2\/posts\/81718\/revisions"}],"wp:featuredmedia":[{"embeddable":true,"href":"https:\/\/aeronoticias.com.pe\/noticiero\/wp-json\/wp\/v2\/media\/81719"}],"wp:attachment":[{"href":"https:\/\/aeronoticias.com.pe\/noticiero\/wp-json\/wp\/v2\/media?parent=81718"}],"wp:term":[{"taxonomy":"category","embeddable":true,"href":"https:\/\/aeronoticias.com.pe\/noticiero\/wp-json\/wp\/v2\/categories?post=81718"},{"taxonomy":"post_tag","embeddable":true,"href":"https:\/\/aeronoticias.com.pe\/noticiero\/wp-json\/wp\/v2\/tags?post=81718"}],"curies":[{"name":"wp","href":"https:\/\/api.w.org\/{rel}","templated":true}]}}