{"id":8198,"date":"2010-01-16T11:37:05","date_gmt":"2010-01-16T11:37:05","guid":{"rendered":"http:\/\/desarrollo.mcvicious.com\/aero2020\/2010\/01\/16\/maradona-cumplio-con-su-sancion-y-puede-volver-a-dirigir-a-la-seleccion\/"},"modified":"2010-01-16T11:37:05","modified_gmt":"2010-01-16T11:37:05","slug":"maradona-cumplio-con-su-sancion-y-puede-volver-a-dirigir-a-la-seleccion","status":"publish","type":"post","link":"https:\/\/aeronoticias.com.pe\/noticiero\/deportes\/maradona-cumplio-con-su-sancion-y-puede-volver-a-dirigir-a-la-seleccion\/","title":{"rendered":"Maradona cumpli\u00f3 con su sanci\u00f3n y puede volver a dirigir a la Selecci\u00f3n"},"content":{"rendered":"<div style=\"text-align: justify\">El entrenador de la Selecci\u00f3n argentina hab\u00eda sido penado por sus pol\u00e9micas declaraciones en Montevideo, tras la victoria ante Uruguay y la consiguiente clasificaci\u00f3n para el Mundial de Sud\u00e1frica. M\u00e1s de sesenta d\u00edas despu\u00e9s, la veda impuesta por la FIFA quedar\u00e1 sin efecto.<\/div>\n<div style=\"text-align: justify\"><\/div>\n<div style=\"text-align: justify\">La FIFA levant\u00f3 ayer la sanci\u00f3n impuesta a Diego Maradona por sus pol\u00e9micas declaraciones en la conferencia de prensa post-partido ante Uruguay, tras haber conseguido la clasificaci\u00f3n al Mundial de Sud\u00e1frica 2010.<\/div>\n<div style=\"text-align: justify\">\n<div style=\"text-align: center\"><img decoding=\"async\" src=\"images\/stories\/10\/01\/150110\/maradona.jpg\" border=\"0\" alt=\"Maradonacumpli\u00f3consusanci\u00f3nypuedevolveradirigiralaSelecci\u00f3n \" title=\"Maradonacumpli\u00f3consusanci\u00f3nypuedevolveradirigiralaSelecci\u00f3n \" \/><\/div>\n<\/div>\n<div style=\"text-align: justify\">El director t\u00e9cnico argentino no pod\u00eda entrenar a la Selecci\u00f3n, ni realizar declaraciones p\u00fablicas, ni aparecer en partidos oficiales desde mediados de noviembre de 2009, cuando su exabrupto en el estadio Centenario de Montevideo caus\u00f3 la sanci\u00f3n de parte del m\u00e1ximo organismo rector del f\u00fatbol.\u00a0<\/div>\n<div style=\"text-align: justify\"><\/div>\n<div style=\"text-align: justify\">Aeronoticias considera resaltar que seg\u00fan fuentes del seleccionado argentino dieron por confirmado este jueves a T\u00e9lam que los pr\u00f3ximos rivales del equipo nacional ser\u00e1n Costa Rica y Jamaica. En estos partidos, Maradona s\u00f3lo utilizar\u00e1 futbolistas del \u00e1mbito local.\u00a0<\/div>\n<div style=\"text-align: justify\"><\/div>\n<div style=\"text-align: justify\">El amistoso siguiente del equipo del Diez ser\u00e1 el 3 de marzo, ante Alemania, en la ciudad de Munich.\u00a0<\/div>\n<div style=\"text-align: justify\"><\/div>\n<div style=\"text-align: justify\">Por otra parte, el entrenador del seleccionado argentino y sus colaboradores viajar\u00e1n este domingo a Pretoria, para observar el predio donde se concentrar\u00e1n durante el mundial de Sud\u00e1frica de este a\u00f1o<\/div>\n<div style=\"text-align: justify\"><\/div>\n","protected":false},"excerpt":{"rendered":"<p>El entrenador de la Selecci\u00f3n argentina hab\u00eda sido penado por sus pol\u00e9micas declaraciones en Montevideo, tras la victoria ante Uruguay y la consiguiente clasificaci\u00f3n para el Mundial de Sud\u00e1frica. M\u00e1s de sesenta d\u00edas despu\u00e9s, la veda impuesta por la FIFA quedar\u00e1 sin efecto. La FIFA levant\u00f3 ayer la sanci\u00f3n impuesta a Diego Maradona por sus [&hellip;]<\/p>\n","protected":false},"author":1,"featured_media":0,"comment_status":"open","ping_status":"open","sticky":false,"template":"","format":"standard","meta":{"tdm_status":"","tdm_grid_status":"","footnotes":""},"categories":[40],"tags":[],"class_list":{"0":"post-8198","1":"post","2":"type-post","3":"status-publish","4":"format-standard","6":"category-deportes"},"yoast_head":"<!-- This site is optimized with the Yoast SEO plugin v25.1 - https:\/\/yoast.com\/wordpress\/plugins\/seo\/ -->\n<title>Maradona cumpli\u00f3 con su sanci\u00f3n y puede volver a dirigir a la Selecci\u00f3n<\/title>\n<meta name=\"description\" content=\"Portal de noticias del Per\u00fa sobre el transporte a\u00e9reo, aviaci\u00f3n, turismo, hoteleria, actualidad.\" \/>\n<meta name=\"robots\" content=\"index, follow, max-snippet:-1, max-image-preview:large, max-video-preview:-1\" \/>\n<link rel=\"canonical\" href=\"https:\/\/aeronoticias.com.pe\/noticiero\/deportes\/maradona-cumplio-con-su-sancion-y-puede-volver-a-dirigir-a-la-seleccion\/\" \/>\n<meta property=\"og:locale\" content=\"es_ES\" \/>\n<meta property=\"og:type\" content=\"article\" \/>\n<meta property=\"og:title\" content=\"Maradona cumpli\u00f3 con su sanci\u00f3n y puede volver a dirigir a la Selecci\u00f3n\" \/>\n<meta property=\"og:description\" content=\"Portal de noticias del Per\u00fa sobre el transporte a\u00e9reo, aviaci\u00f3n, turismo, hoteleria, actualidad.\" \/>\n<meta property=\"og:url\" content=\"https:\/\/aeronoticias.com.pe\/noticiero\/deportes\/maradona-cumplio-con-su-sancion-y-puede-volver-a-dirigir-a-la-seleccion\/\" \/>\n<meta property=\"og:site_name\" content=\"Aeronoticias.com.pe\" \/>\n<meta property=\"article:publisher\" content=\"https:\/\/www.facebook.com\/Aeronoticias.com.pe\/\" \/>\n<meta property=\"article:published_time\" content=\"2010-01-16T11:37:05+00:00\" \/>\n<meta name=\"author\" content=\"Redacci\u00f3n Aeronoticias\" \/>\n<meta name=\"twitter:card\" content=\"summary_large_image\" \/>\n<meta name=\"twitter:creator\" content=\"@aeronoticias\" \/>\n<meta name=\"twitter:site\" content=\"@aeronoticias\" \/>\n<meta name=\"twitter:label1\" content=\"Escrito por\" \/>\n\t<meta name=\"twitter:data1\" content=\"Redacci\u00f3n Aeronoticias\" \/>\n\t<meta name=\"twitter:label2\" content=\"Tiempo de lectura\" \/>\n\t<meta name=\"twitter:data2\" content=\"1 minuto\" \/>\n<script type=\"application\/ld+json\" class=\"yoast-schema-graph\">{\"@context\":\"https:\/\/schema.org\",\"@graph\":[{\"@type\":\"WebPage\",\"@id\":\"https:\/\/aeronoticias.com.pe\/noticiero\/deportes\/maradona-cumplio-con-su-sancion-y-puede-volver-a-dirigir-a-la-seleccion\/\",\"url\":\"https:\/\/aeronoticias.com.pe\/noticiero\/deportes\/maradona-cumplio-con-su-sancion-y-puede-volver-a-dirigir-a-la-seleccion\/\",\"name\":\"Maradona cumpli\u00f3 con su sanci\u00f3n y puede volver a dirigir a la Selecci\u00f3n\",\"isPartOf\":{\"@id\":\"https:\/\/aeronoticias.com.pe\/noticiero\/#website\"},\"datePublished\":\"2010-01-16T11:37:05+00:00\",\"author\":{\"@id\":\"https:\/\/aeronoticias.com.pe\/noticiero\/#\/schema\/person\/fc1e5d578f4b62ba1cf7ac2bba1170a0\"},\"description\":\"Portal de noticias del Per\u00fa sobre el transporte a\u00e9reo, aviaci\u00f3n, turismo, hoteleria, actualidad.\",\"breadcrumb\":{\"@id\":\"https:\/\/aeronoticias.com.pe\/noticiero\/deportes\/maradona-cumplio-con-su-sancion-y-puede-volver-a-dirigir-a-la-seleccion\/#breadcrumb\"},\"inLanguage\":\"es\",\"potentialAction\":[{\"@type\":\"ReadAction\",\"target\":[\"https:\/\/aeronoticias.com.pe\/noticiero\/deportes\/maradona-cumplio-con-su-sancion-y-puede-volver-a-dirigir-a-la-seleccion\/\"]}]},{\"@type\":\"BreadcrumbList\",\"@id\":\"https:\/\/aeronoticias.com.pe\/noticiero\/deportes\/maradona-cumplio-con-su-sancion-y-puede-volver-a-dirigir-a-la-seleccion\/#breadcrumb\",\"itemListElement\":[{\"@type\":\"ListItem\",\"position\":1,\"name\":\"Portada\",\"item\":\"https:\/\/aeronoticias.com.pe\/noticiero\/\"},{\"@type\":\"ListItem\",\"position\":2,\"name\":\"Maradona cumpli\u00f3 con su sanci\u00f3n y puede volver a dirigir a la Selecci\u00f3n\"}]},{\"@type\":\"WebSite\",\"@id\":\"https:\/\/aeronoticias.com.pe\/noticiero\/#website\",\"url\":\"https:\/\/aeronoticias.com.pe\/noticiero\/\",\"name\":\"Aeronoticias.com.pe\",\"description\":\"Noticias de tranporte aereo, turismo, hoteles, gastronomia, actualidad, internacional\",\"potentialAction\":[{\"@type\":\"SearchAction\",\"target\":{\"@type\":\"EntryPoint\",\"urlTemplate\":\"https:\/\/aeronoticias.com.pe\/noticiero\/?s={search_term_string}\"},\"query-input\":{\"@type\":\"PropertyValueSpecification\",\"valueRequired\":true,\"valueName\":\"search_term_string\"}}],\"inLanguage\":\"es\"},{\"@type\":\"Person\",\"@id\":\"https:\/\/aeronoticias.com.pe\/noticiero\/#\/schema\/person\/fc1e5d578f4b62ba1cf7ac2bba1170a0\",\"name\":\"Redacci\u00f3n Aeronoticias\",\"url\":\"https:\/\/aeronoticias.com.pe\/noticiero\/author\/piloto\/\"}]}<\/script>\n<!-- \/ Yoast SEO plugin. -->","yoast_head_json":{"title":"Maradona cumpli\u00f3 con su sanci\u00f3n y puede volver a dirigir a la Selecci\u00f3n","description":"Portal de noticias del Per\u00fa sobre el transporte a\u00e9reo, aviaci\u00f3n, turismo, hoteleria, actualidad.","robots":{"index":"index","follow":"follow","max-snippet":"max-snippet:-1","max-image-preview":"max-image-preview:large","max-video-preview":"max-video-preview:-1"},"canonical":"https:\/\/aeronoticias.com.pe\/noticiero\/deportes\/maradona-cumplio-con-su-sancion-y-puede-volver-a-dirigir-a-la-seleccion\/","og_locale":"es_ES","og_type":"article","og_title":"Maradona cumpli\u00f3 con su sanci\u00f3n y puede volver a dirigir a la Selecci\u00f3n","og_description":"Portal de noticias del Per\u00fa sobre el transporte a\u00e9reo, aviaci\u00f3n, turismo, hoteleria, actualidad.","og_url":"https:\/\/aeronoticias.com.pe\/noticiero\/deportes\/maradona-cumplio-con-su-sancion-y-puede-volver-a-dirigir-a-la-seleccion\/","og_site_name":"Aeronoticias.com.pe","article_publisher":"https:\/\/www.facebook.com\/Aeronoticias.com.pe\/","article_published_time":"2010-01-16T11:37:05+00:00","author":"Redacci\u00f3n Aeronoticias","twitter_card":"summary_large_image","twitter_creator":"@aeronoticias","twitter_site":"@aeronoticias","twitter_misc":{"Escrito por":"Redacci\u00f3n Aeronoticias","Tiempo de lectura":"1 minuto"},"schema":{"@context":"https:\/\/schema.org","@graph":[{"@type":"WebPage","@id":"https:\/\/aeronoticias.com.pe\/noticiero\/deportes\/maradona-cumplio-con-su-sancion-y-puede-volver-a-dirigir-a-la-seleccion\/","url":"https:\/\/aeronoticias.com.pe\/noticiero\/deportes\/maradona-cumplio-con-su-sancion-y-puede-volver-a-dirigir-a-la-seleccion\/","name":"Maradona cumpli\u00f3 con su sanci\u00f3n y puede volver a dirigir a la Selecci\u00f3n","isPartOf":{"@id":"https:\/\/aeronoticias.com.pe\/noticiero\/#website"},"datePublished":"2010-01-16T11:37:05+00:00","author":{"@id":"https:\/\/aeronoticias.com.pe\/noticiero\/#\/schema\/person\/fc1e5d578f4b62ba1cf7ac2bba1170a0"},"description":"Portal de noticias del Per\u00fa sobre el transporte a\u00e9reo, aviaci\u00f3n, turismo, hoteleria, actualidad.","breadcrumb":{"@id":"https:\/\/aeronoticias.com.pe\/noticiero\/deportes\/maradona-cumplio-con-su-sancion-y-puede-volver-a-dirigir-a-la-seleccion\/#breadcrumb"},"inLanguage":"es","potentialAction":[{"@type":"ReadAction","target":["https:\/\/aeronoticias.com.pe\/noticiero\/deportes\/maradona-cumplio-con-su-sancion-y-puede-volver-a-dirigir-a-la-seleccion\/"]}]},{"@type":"BreadcrumbList","@id":"https:\/\/aeronoticias.com.pe\/noticiero\/deportes\/maradona-cumplio-con-su-sancion-y-puede-volver-a-dirigir-a-la-seleccion\/#breadcrumb","itemListElement":[{"@type":"ListItem","position":1,"name":"Portada","item":"https:\/\/aeronoticias.com.pe\/noticiero\/"},{"@type":"ListItem","position":2,"name":"Maradona cumpli\u00f3 con su sanci\u00f3n y puede volver a dirigir a la Selecci\u00f3n"}]},{"@type":"WebSite","@id":"https:\/\/aeronoticias.com.pe\/noticiero\/#website","url":"https:\/\/aeronoticias.com.pe\/noticiero\/","name":"Aeronoticias.com.pe","description":"Noticias de tranporte aereo, turismo, hoteles, gastronomia, actualidad, internacional","potentialAction":[{"@type":"SearchAction","target":{"@type":"EntryPoint","urlTemplate":"https:\/\/aeronoticias.com.pe\/noticiero\/?s={search_term_string}"},"query-input":{"@type":"PropertyValueSpecification","valueRequired":true,"valueName":"search_term_string"}}],"inLanguage":"es"},{"@type":"Person","@id":"https:\/\/aeronoticias.com.pe\/noticiero\/#\/schema\/person\/fc1e5d578f4b62ba1cf7ac2bba1170a0","name":"Redacci\u00f3n Aeronoticias","url":"https:\/\/aeronoticias.com.pe\/noticiero\/author\/piloto\/"}]}},"_links":{"self":[{"href":"https:\/\/aeronoticias.com.pe\/noticiero\/wp-json\/wp\/v2\/posts\/8198","targetHints":{"allow":["GET"]}}],"collection":[{"href":"https:\/\/aeronoticias.com.pe\/noticiero\/wp-json\/wp\/v2\/posts"}],"about":[{"href":"https:\/\/aeronoticias.com.pe\/noticiero\/wp-json\/wp\/v2\/types\/post"}],"author":[{"embeddable":true,"href":"https:\/\/aeronoticias.com.pe\/noticiero\/wp-json\/wp\/v2\/users\/1"}],"replies":[{"embeddable":true,"href":"https:\/\/aeronoticias.com.pe\/noticiero\/wp-json\/wp\/v2\/comments?post=8198"}],"version-history":[{"count":0,"href":"https:\/\/aeronoticias.com.pe\/noticiero\/wp-json\/wp\/v2\/posts\/8198\/revisions"}],"wp:attachment":[{"href":"https:\/\/aeronoticias.com.pe\/noticiero\/wp-json\/wp\/v2\/media?parent=8198"}],"wp:term":[{"taxonomy":"category","embeddable":true,"href":"https:\/\/aeronoticias.com.pe\/noticiero\/wp-json\/wp\/v2\/categories?post=8198"},{"taxonomy":"post_tag","embeddable":true,"href":"https:\/\/aeronoticias.com.pe\/noticiero\/wp-json\/wp\/v2\/tags?post=8198"}],"curies":[{"name":"wp","href":"https:\/\/api.w.org\/{rel}","templated":true}]}}