{"id":8200,"date":"2010-01-16T11:42:09","date_gmt":"2010-01-16T11:42:09","guid":{"rendered":"http:\/\/desarrollo.mcvicious.com\/aero2020\/2010\/01\/16\/steven-spielberg-producira-un-documental-en-3d-sobre-las-nuevas-torres-gemelas\/"},"modified":"2010-01-16T11:42:09","modified_gmt":"2010-01-16T11:42:09","slug":"steven-spielberg-producira-un-documental-en-3d-sobre-las-nuevas-torres-gemelas","status":"publish","type":"post","link":"https:\/\/aeronoticias.com.pe\/noticiero\/espectaculos\/steven-spielberg-producira-un-documental-en-3d-sobre-las-nuevas-torres-gemelas\/","title":{"rendered":"Steven Spielberg producir\u00e1 un documental en 3D sobre las nuevas Torres Gemelas"},"content":{"rendered":"<div style=\"text-align: justify\">Steven Spielberg producir\u00e1 y dirigir\u00e1 un documental en 3D sobre la construcci\u00f3n en el lugar que ocupaban las Torres Gemelas de Nueva York. Rebuilding ground zero se estrenar\u00eda el pr\u00f3ximo a\u00f1o.<\/div>\n<div style=\"text-align: justify\">\u00a0<\/div>\n<div style=\"text-align: justify\">Spielberg, creador de taquilleros \u00e9xitos como ET, La lista de Schindler y Jurassic Park, entre otros, firm\u00f3 un contrato multimillonario con Science Channel de Estados Unidos, que le ha encargado el filme.<\/div>\n<div style=\"text-align: justify\">\u00a0<\/div>\n<div align=\"center\" style=\"text-align: justify\">\n<div style=\"text-align: center\"><img decoding=\"async\" src=\"images\/stories\/10\/01\/150110\/stevens.jpg\" border=\"0\" alt=\"STEVENSPILBERG\" title=\"STEVENSPILBERG\" \/><\/div>\n<\/div>\n<div style=\"text-align: justify\">Rebuilding ground zero tendr\u00e1 seis cap\u00edtulos y ser\u00e1 filmada en 3-D.<\/div>\n<div style=\"text-align: justify\"><\/div>\n<div style=\"text-align: justify\">De acuerdo con informaci\u00f3n publicada en BBC, el arquitecto Danny Foster ser\u00e1 quien protagonice el proyecto, que dirigir\u00e1 Jonathan Hock.<\/div>\n<div style=\"text-align: justify\"><\/div>\n<div style=\"text-align: justify\">La pel\u00edcula \u00abexaminar\u00e1 la relaci\u00f3n entre la autoridad portuaria de Nueva York y Nueva Jersey con pol\u00edticos, compa\u00f1\u00edas de construcci\u00f3n e ingenieros a la hora de realizar el proyecto de gran escala\u00bb , inform\u00f3 la BBC.<\/div>\n<div style=\"text-align: justify\"><\/div>\n<div style=\"text-align: justify\">Las Torres Gemelas fueron destruidas en el atentado terrorista del 11 de setiembre de 2001.\u00a0<\/div>\n<div style=\"text-align: justify\"><\/div>\n","protected":false},"excerpt":{"rendered":"<p>Steven Spielberg producir\u00e1 y dirigir\u00e1 un documental en 3D sobre la construcci\u00f3n en el lugar que ocupaban las Torres Gemelas de Nueva York. Rebuilding ground zero se estrenar\u00eda el pr\u00f3ximo a\u00f1o. \u00a0 Spielberg, creador de taquilleros \u00e9xitos como ET, La lista de Schindler y Jurassic Park, entre otros, firm\u00f3 un contrato multimillonario con Science Channel [&hellip;]<\/p>\n","protected":false},"author":1,"featured_media":0,"comment_status":"open","ping_status":"open","sticky":false,"template":"","format":"standard","meta":{"tdm_status":"","tdm_grid_status":"","footnotes":""},"categories":[41],"tags":[],"class_list":{"0":"post-8200","1":"post","2":"type-post","3":"status-publish","4":"format-standard","6":"category-espectaculos"},"yoast_head":"<!-- This site is optimized with the Yoast SEO plugin v25.1 - https:\/\/yoast.com\/wordpress\/plugins\/seo\/ -->\n<title>Steven Spielberg producir\u00e1 un documental en 3D sobre las nuevas Torres Gemelas<\/title>\n<meta name=\"description\" content=\"Portal de noticias del Per\u00fa sobre el transporte a\u00e9reo, aviaci\u00f3n, turismo, hoteleria, actualidad.\" \/>\n<meta name=\"robots\" content=\"index, follow, max-snippet:-1, max-image-preview:large, max-video-preview:-1\" \/>\n<link rel=\"canonical\" href=\"https:\/\/aeronoticias.com.pe\/noticiero\/espectaculos\/steven-spielberg-producira-un-documental-en-3d-sobre-las-nuevas-torres-gemelas\/\" \/>\n<meta property=\"og:locale\" content=\"es_ES\" \/>\n<meta property=\"og:type\" content=\"article\" \/>\n<meta property=\"og:title\" content=\"Steven Spielberg producir\u00e1 un documental en 3D sobre las nuevas Torres Gemelas\" \/>\n<meta property=\"og:description\" content=\"Portal de noticias del Per\u00fa sobre el transporte a\u00e9reo, aviaci\u00f3n, turismo, hoteleria, actualidad.\" \/>\n<meta property=\"og:url\" content=\"https:\/\/aeronoticias.com.pe\/noticiero\/espectaculos\/steven-spielberg-producira-un-documental-en-3d-sobre-las-nuevas-torres-gemelas\/\" \/>\n<meta property=\"og:site_name\" content=\"Aeronoticias.com.pe\" \/>\n<meta property=\"article:publisher\" content=\"https:\/\/www.facebook.com\/Aeronoticias.com.pe\/\" \/>\n<meta property=\"article:published_time\" content=\"2010-01-16T11:42:09+00:00\" \/>\n<meta name=\"author\" content=\"Redacci\u00f3n Aeronoticias\" \/>\n<meta name=\"twitter:card\" content=\"summary_large_image\" \/>\n<meta name=\"twitter:creator\" content=\"@aeronoticias\" \/>\n<meta name=\"twitter:site\" content=\"@aeronoticias\" \/>\n<meta name=\"twitter:label1\" content=\"Escrito por\" \/>\n\t<meta name=\"twitter:data1\" content=\"Redacci\u00f3n Aeronoticias\" \/>\n\t<meta name=\"twitter:label2\" content=\"Tiempo de lectura\" \/>\n\t<meta name=\"twitter:data2\" content=\"1 minuto\" \/>\n<script type=\"application\/ld+json\" class=\"yoast-schema-graph\">{\"@context\":\"https:\/\/schema.org\",\"@graph\":[{\"@type\":\"WebPage\",\"@id\":\"https:\/\/aeronoticias.com.pe\/noticiero\/espectaculos\/steven-spielberg-producira-un-documental-en-3d-sobre-las-nuevas-torres-gemelas\/\",\"url\":\"https:\/\/aeronoticias.com.pe\/noticiero\/espectaculos\/steven-spielberg-producira-un-documental-en-3d-sobre-las-nuevas-torres-gemelas\/\",\"name\":\"Steven Spielberg producir\u00e1 un documental en 3D sobre las nuevas Torres Gemelas\",\"isPartOf\":{\"@id\":\"https:\/\/aeronoticias.com.pe\/noticiero\/#website\"},\"datePublished\":\"2010-01-16T11:42:09+00:00\",\"author\":{\"@id\":\"https:\/\/aeronoticias.com.pe\/noticiero\/#\/schema\/person\/fc1e5d578f4b62ba1cf7ac2bba1170a0\"},\"description\":\"Portal de noticias del Per\u00fa sobre el transporte a\u00e9reo, aviaci\u00f3n, turismo, hoteleria, actualidad.\",\"breadcrumb\":{\"@id\":\"https:\/\/aeronoticias.com.pe\/noticiero\/espectaculos\/steven-spielberg-producira-un-documental-en-3d-sobre-las-nuevas-torres-gemelas\/#breadcrumb\"},\"inLanguage\":\"es\",\"potentialAction\":[{\"@type\":\"ReadAction\",\"target\":[\"https:\/\/aeronoticias.com.pe\/noticiero\/espectaculos\/steven-spielberg-producira-un-documental-en-3d-sobre-las-nuevas-torres-gemelas\/\"]}]},{\"@type\":\"BreadcrumbList\",\"@id\":\"https:\/\/aeronoticias.com.pe\/noticiero\/espectaculos\/steven-spielberg-producira-un-documental-en-3d-sobre-las-nuevas-torres-gemelas\/#breadcrumb\",\"itemListElement\":[{\"@type\":\"ListItem\",\"position\":1,\"name\":\"Portada\",\"item\":\"https:\/\/aeronoticias.com.pe\/noticiero\/\"},{\"@type\":\"ListItem\",\"position\":2,\"name\":\"Steven Spielberg producir\u00e1 un documental en 3D sobre las nuevas Torres Gemelas\"}]},{\"@type\":\"WebSite\",\"@id\":\"https:\/\/aeronoticias.com.pe\/noticiero\/#website\",\"url\":\"https:\/\/aeronoticias.com.pe\/noticiero\/\",\"name\":\"Aeronoticias.com.pe\",\"description\":\"Noticias de tranporte aereo, turismo, hoteles, gastronomia, actualidad, internacional\",\"potentialAction\":[{\"@type\":\"SearchAction\",\"target\":{\"@type\":\"EntryPoint\",\"urlTemplate\":\"https:\/\/aeronoticias.com.pe\/noticiero\/?s={search_term_string}\"},\"query-input\":{\"@type\":\"PropertyValueSpecification\",\"valueRequired\":true,\"valueName\":\"search_term_string\"}}],\"inLanguage\":\"es\"},{\"@type\":\"Person\",\"@id\":\"https:\/\/aeronoticias.com.pe\/noticiero\/#\/schema\/person\/fc1e5d578f4b62ba1cf7ac2bba1170a0\",\"name\":\"Redacci\u00f3n Aeronoticias\",\"url\":\"https:\/\/aeronoticias.com.pe\/noticiero\/author\/piloto\/\"}]}<\/script>\n<!-- \/ Yoast SEO plugin. -->","yoast_head_json":{"title":"Steven Spielberg producir\u00e1 un documental en 3D sobre las nuevas Torres Gemelas","description":"Portal de noticias del Per\u00fa sobre el transporte a\u00e9reo, aviaci\u00f3n, turismo, hoteleria, actualidad.","robots":{"index":"index","follow":"follow","max-snippet":"max-snippet:-1","max-image-preview":"max-image-preview:large","max-video-preview":"max-video-preview:-1"},"canonical":"https:\/\/aeronoticias.com.pe\/noticiero\/espectaculos\/steven-spielberg-producira-un-documental-en-3d-sobre-las-nuevas-torres-gemelas\/","og_locale":"es_ES","og_type":"article","og_title":"Steven Spielberg producir\u00e1 un documental en 3D sobre las nuevas Torres Gemelas","og_description":"Portal de noticias del Per\u00fa sobre el transporte a\u00e9reo, aviaci\u00f3n, turismo, hoteleria, actualidad.","og_url":"https:\/\/aeronoticias.com.pe\/noticiero\/espectaculos\/steven-spielberg-producira-un-documental-en-3d-sobre-las-nuevas-torres-gemelas\/","og_site_name":"Aeronoticias.com.pe","article_publisher":"https:\/\/www.facebook.com\/Aeronoticias.com.pe\/","article_published_time":"2010-01-16T11:42:09+00:00","author":"Redacci\u00f3n Aeronoticias","twitter_card":"summary_large_image","twitter_creator":"@aeronoticias","twitter_site":"@aeronoticias","twitter_misc":{"Escrito por":"Redacci\u00f3n Aeronoticias","Tiempo de lectura":"1 minuto"},"schema":{"@context":"https:\/\/schema.org","@graph":[{"@type":"WebPage","@id":"https:\/\/aeronoticias.com.pe\/noticiero\/espectaculos\/steven-spielberg-producira-un-documental-en-3d-sobre-las-nuevas-torres-gemelas\/","url":"https:\/\/aeronoticias.com.pe\/noticiero\/espectaculos\/steven-spielberg-producira-un-documental-en-3d-sobre-las-nuevas-torres-gemelas\/","name":"Steven Spielberg producir\u00e1 un documental en 3D sobre las nuevas Torres Gemelas","isPartOf":{"@id":"https:\/\/aeronoticias.com.pe\/noticiero\/#website"},"datePublished":"2010-01-16T11:42:09+00:00","author":{"@id":"https:\/\/aeronoticias.com.pe\/noticiero\/#\/schema\/person\/fc1e5d578f4b62ba1cf7ac2bba1170a0"},"description":"Portal de noticias del Per\u00fa sobre el transporte a\u00e9reo, aviaci\u00f3n, turismo, hoteleria, actualidad.","breadcrumb":{"@id":"https:\/\/aeronoticias.com.pe\/noticiero\/espectaculos\/steven-spielberg-producira-un-documental-en-3d-sobre-las-nuevas-torres-gemelas\/#breadcrumb"},"inLanguage":"es","potentialAction":[{"@type":"ReadAction","target":["https:\/\/aeronoticias.com.pe\/noticiero\/espectaculos\/steven-spielberg-producira-un-documental-en-3d-sobre-las-nuevas-torres-gemelas\/"]}]},{"@type":"BreadcrumbList","@id":"https:\/\/aeronoticias.com.pe\/noticiero\/espectaculos\/steven-spielberg-producira-un-documental-en-3d-sobre-las-nuevas-torres-gemelas\/#breadcrumb","itemListElement":[{"@type":"ListItem","position":1,"name":"Portada","item":"https:\/\/aeronoticias.com.pe\/noticiero\/"},{"@type":"ListItem","position":2,"name":"Steven Spielberg producir\u00e1 un documental en 3D sobre las nuevas Torres Gemelas"}]},{"@type":"WebSite","@id":"https:\/\/aeronoticias.com.pe\/noticiero\/#website","url":"https:\/\/aeronoticias.com.pe\/noticiero\/","name":"Aeronoticias.com.pe","description":"Noticias de tranporte aereo, turismo, hoteles, gastronomia, actualidad, internacional","potentialAction":[{"@type":"SearchAction","target":{"@type":"EntryPoint","urlTemplate":"https:\/\/aeronoticias.com.pe\/noticiero\/?s={search_term_string}"},"query-input":{"@type":"PropertyValueSpecification","valueRequired":true,"valueName":"search_term_string"}}],"inLanguage":"es"},{"@type":"Person","@id":"https:\/\/aeronoticias.com.pe\/noticiero\/#\/schema\/person\/fc1e5d578f4b62ba1cf7ac2bba1170a0","name":"Redacci\u00f3n Aeronoticias","url":"https:\/\/aeronoticias.com.pe\/noticiero\/author\/piloto\/"}]}},"_links":{"self":[{"href":"https:\/\/aeronoticias.com.pe\/noticiero\/wp-json\/wp\/v2\/posts\/8200","targetHints":{"allow":["GET"]}}],"collection":[{"href":"https:\/\/aeronoticias.com.pe\/noticiero\/wp-json\/wp\/v2\/posts"}],"about":[{"href":"https:\/\/aeronoticias.com.pe\/noticiero\/wp-json\/wp\/v2\/types\/post"}],"author":[{"embeddable":true,"href":"https:\/\/aeronoticias.com.pe\/noticiero\/wp-json\/wp\/v2\/users\/1"}],"replies":[{"embeddable":true,"href":"https:\/\/aeronoticias.com.pe\/noticiero\/wp-json\/wp\/v2\/comments?post=8200"}],"version-history":[{"count":0,"href":"https:\/\/aeronoticias.com.pe\/noticiero\/wp-json\/wp\/v2\/posts\/8200\/revisions"}],"wp:attachment":[{"href":"https:\/\/aeronoticias.com.pe\/noticiero\/wp-json\/wp\/v2\/media?parent=8200"}],"wp:term":[{"taxonomy":"category","embeddable":true,"href":"https:\/\/aeronoticias.com.pe\/noticiero\/wp-json\/wp\/v2\/categories?post=8200"},{"taxonomy":"post_tag","embeddable":true,"href":"https:\/\/aeronoticias.com.pe\/noticiero\/wp-json\/wp\/v2\/tags?post=8200"}],"curies":[{"name":"wp","href":"https:\/\/api.w.org\/{rel}","templated":true}]}}