{"id":8201,"date":"2010-01-16T11:45:00","date_gmt":"2010-01-16T11:45:00","guid":{"rendered":"http:\/\/desarrollo.mcvicious.com\/aero2020\/2010\/01\/16\/integracion-energetica-entre-peru-y-brasil-permitira-mantener-precios-competitivos\/"},"modified":"2010-01-16T11:45:00","modified_gmt":"2010-01-16T11:45:00","slug":"integracion-energetica-entre-peru-y-brasil-permitira-mantener-precios-competitivos","status":"publish","type":"post","link":"https:\/\/aeronoticias.com.pe\/noticiero\/economia\/integracion-energetica-entre-peru-y-brasil-permitira-mantener-precios-competitivos\/","title":{"rendered":"Integraci\u00f3n energ\u00e9tica entre Per\u00fa y Brasil permitir\u00e1 mantener precios competitivos"},"content":{"rendered":"<div style=\"text-align: justify\">El viceministro de Energ\u00eda, Daniel C\u00e1mac, afirm\u00f3 hoy que la integraci\u00f3n energ\u00e9tica entre Per\u00fa y Brasil permitir\u00e1 mantener precios competitivos para el mercado en los sectores el\u00e9ctricos de ambos pa\u00edses.\u00a0Indic\u00f3 que parte de esta pol\u00edtica energ\u00e9tica es el desarrollo de la infraestructura \u00a0basada en centrales hidroel\u00e9ctricas.<\/div>\n<div style=\"text-align: justify\"><\/div>\n<div style=\"text-align: justify\">Detall\u00f3 que el 60 por ciento de la energ\u00eda, que actualmente se consume en el Per\u00fa, proviene de centrales hidroel\u00e9ctricas; por tanto, esta integraci\u00f3n permitir\u00e1 desarrollar la infraestructura de centrales con la finalidad de mantener ese o mayores niveles de generaci\u00f3n.<\/div>\n<div style=\"text-align: justify\">\u00a0<\/div>\n<div style=\"text-align: justify\">\n<div style=\"text-align: center\"><img decoding=\"async\" src=\"images\/stories\/10\/01\/160110\/viceenergia.jpg\" border=\"0\" alt=\"VICEMINISTROENERGIA\" title=\"VICEMINISTROENERGIA\" \/><\/div>\n<p><\/div>\n<div style=\"text-align: justify\">\u201cEste proceso de integraci\u00f3n energ\u00e9tica con Brasil es parte de los objetivos para conseguir esta estrategia, que consiste en el desarrollo de infraestructura de generaci\u00f3n hidroel\u00e9ctrica, el cual permite en, primer lugar, abastecer lo que necesita el mercado peruano y complementariamente lo que no pueda ser cubierto en el Per\u00fa sea exportado a Brasil\u201d, dijo.<\/div>\n<div style=\"text-align: justify\"><\/div>\n<div style=\"text-align: justify\">El viceministro detall\u00f3 que el mercado peruano actual tiene un tama\u00f1o de 5000 megavatios (MW), y en los pr\u00f3ximos 30 a\u00f1os con un crecimiento anual del orden de cinco o seis por ciento, podr\u00edamos llegar a necesitar 25 000 MW, esto configura la necesidad de desarrollar y hacer viable las centrales hidroel\u00e9ctricas.<\/div>\n","protected":false},"excerpt":{"rendered":"<p>El viceministro de Energ\u00eda, Daniel C\u00e1mac, afirm\u00f3 hoy que la integraci\u00f3n energ\u00e9tica entre Per\u00fa y Brasil permitir\u00e1 mantener precios competitivos para el mercado en los sectores el\u00e9ctricos de ambos pa\u00edses.\u00a0Indic\u00f3 que parte de esta pol\u00edtica energ\u00e9tica es el desarrollo de la infraestructura \u00a0basada en centrales hidroel\u00e9ctricas. Detall\u00f3 que el 60 por ciento de la energ\u00eda, [&hellip;]<\/p>\n","protected":false},"author":1,"featured_media":0,"comment_status":"open","ping_status":"open","sticky":false,"template":"","format":"standard","meta":{"tdm_status":"","tdm_grid_status":"","footnotes":""},"categories":[33],"tags":[],"class_list":{"0":"post-8201","1":"post","2":"type-post","3":"status-publish","4":"format-standard","6":"category-economia"},"yoast_head":"<!-- This site is optimized with the Yoast SEO plugin v25.1 - https:\/\/yoast.com\/wordpress\/plugins\/seo\/ -->\n<title>Integraci\u00f3n energ\u00e9tica entre Per\u00fa y Brasil permitir\u00e1 mantener precios competitivos<\/title>\n<meta name=\"description\" content=\"Portal de noticias del Per\u00fa sobre el transporte a\u00e9reo, aviaci\u00f3n, turismo, hoteleria, actualidad.\" \/>\n<meta name=\"robots\" content=\"index, follow, max-snippet:-1, max-image-preview:large, max-video-preview:-1\" \/>\n<link rel=\"canonical\" href=\"https:\/\/aeronoticias.com.pe\/noticiero\/economia\/integracion-energetica-entre-peru-y-brasil-permitira-mantener-precios-competitivos\/\" \/>\n<meta property=\"og:locale\" content=\"es_ES\" \/>\n<meta property=\"og:type\" content=\"article\" \/>\n<meta property=\"og:title\" content=\"Integraci\u00f3n energ\u00e9tica entre Per\u00fa y Brasil permitir\u00e1 mantener precios competitivos\" \/>\n<meta property=\"og:description\" content=\"Portal de noticias del Per\u00fa sobre el transporte a\u00e9reo, aviaci\u00f3n, turismo, hoteleria, actualidad.\" \/>\n<meta property=\"og:url\" content=\"https:\/\/aeronoticias.com.pe\/noticiero\/economia\/integracion-energetica-entre-peru-y-brasil-permitira-mantener-precios-competitivos\/\" \/>\n<meta property=\"og:site_name\" content=\"Aeronoticias.com.pe\" \/>\n<meta property=\"article:publisher\" content=\"https:\/\/www.facebook.com\/Aeronoticias.com.pe\/\" \/>\n<meta property=\"article:published_time\" content=\"2010-01-16T11:45:00+00:00\" \/>\n<meta name=\"author\" content=\"Redacci\u00f3n Aeronoticias\" \/>\n<meta name=\"twitter:card\" content=\"summary_large_image\" \/>\n<meta name=\"twitter:creator\" content=\"@aeronoticias\" \/>\n<meta name=\"twitter:site\" content=\"@aeronoticias\" \/>\n<meta name=\"twitter:label1\" content=\"Escrito por\" \/>\n\t<meta name=\"twitter:data1\" content=\"Redacci\u00f3n Aeronoticias\" \/>\n\t<meta name=\"twitter:label2\" content=\"Tiempo de lectura\" \/>\n\t<meta name=\"twitter:data2\" content=\"1 minuto\" \/>\n<script type=\"application\/ld+json\" class=\"yoast-schema-graph\">{\"@context\":\"https:\/\/schema.org\",\"@graph\":[{\"@type\":\"WebPage\",\"@id\":\"https:\/\/aeronoticias.com.pe\/noticiero\/economia\/integracion-energetica-entre-peru-y-brasil-permitira-mantener-precios-competitivos\/\",\"url\":\"https:\/\/aeronoticias.com.pe\/noticiero\/economia\/integracion-energetica-entre-peru-y-brasil-permitira-mantener-precios-competitivos\/\",\"name\":\"Integraci\u00f3n energ\u00e9tica entre Per\u00fa y Brasil permitir\u00e1 mantener precios competitivos\",\"isPartOf\":{\"@id\":\"https:\/\/aeronoticias.com.pe\/noticiero\/#website\"},\"datePublished\":\"2010-01-16T11:45:00+00:00\",\"author\":{\"@id\":\"https:\/\/aeronoticias.com.pe\/noticiero\/#\/schema\/person\/fc1e5d578f4b62ba1cf7ac2bba1170a0\"},\"description\":\"Portal de noticias del Per\u00fa sobre el transporte a\u00e9reo, aviaci\u00f3n, turismo, hoteleria, actualidad.\",\"breadcrumb\":{\"@id\":\"https:\/\/aeronoticias.com.pe\/noticiero\/economia\/integracion-energetica-entre-peru-y-brasil-permitira-mantener-precios-competitivos\/#breadcrumb\"},\"inLanguage\":\"es\",\"potentialAction\":[{\"@type\":\"ReadAction\",\"target\":[\"https:\/\/aeronoticias.com.pe\/noticiero\/economia\/integracion-energetica-entre-peru-y-brasil-permitira-mantener-precios-competitivos\/\"]}]},{\"@type\":\"BreadcrumbList\",\"@id\":\"https:\/\/aeronoticias.com.pe\/noticiero\/economia\/integracion-energetica-entre-peru-y-brasil-permitira-mantener-precios-competitivos\/#breadcrumb\",\"itemListElement\":[{\"@type\":\"ListItem\",\"position\":1,\"name\":\"Portada\",\"item\":\"https:\/\/aeronoticias.com.pe\/noticiero\/\"},{\"@type\":\"ListItem\",\"position\":2,\"name\":\"Integraci\u00f3n energ\u00e9tica entre Per\u00fa y Brasil permitir\u00e1 mantener precios competitivos\"}]},{\"@type\":\"WebSite\",\"@id\":\"https:\/\/aeronoticias.com.pe\/noticiero\/#website\",\"url\":\"https:\/\/aeronoticias.com.pe\/noticiero\/\",\"name\":\"Aeronoticias.com.pe\",\"description\":\"Noticias de tranporte aereo, turismo, hoteles, gastronomia, actualidad, internacional\",\"potentialAction\":[{\"@type\":\"SearchAction\",\"target\":{\"@type\":\"EntryPoint\",\"urlTemplate\":\"https:\/\/aeronoticias.com.pe\/noticiero\/?s={search_term_string}\"},\"query-input\":{\"@type\":\"PropertyValueSpecification\",\"valueRequired\":true,\"valueName\":\"search_term_string\"}}],\"inLanguage\":\"es\"},{\"@type\":\"Person\",\"@id\":\"https:\/\/aeronoticias.com.pe\/noticiero\/#\/schema\/person\/fc1e5d578f4b62ba1cf7ac2bba1170a0\",\"name\":\"Redacci\u00f3n Aeronoticias\",\"url\":\"https:\/\/aeronoticias.com.pe\/noticiero\/author\/piloto\/\"}]}<\/script>\n<!-- \/ Yoast SEO plugin. -->","yoast_head_json":{"title":"Integraci\u00f3n energ\u00e9tica entre Per\u00fa y Brasil permitir\u00e1 mantener precios competitivos","description":"Portal de noticias del Per\u00fa sobre el transporte a\u00e9reo, aviaci\u00f3n, turismo, hoteleria, actualidad.","robots":{"index":"index","follow":"follow","max-snippet":"max-snippet:-1","max-image-preview":"max-image-preview:large","max-video-preview":"max-video-preview:-1"},"canonical":"https:\/\/aeronoticias.com.pe\/noticiero\/economia\/integracion-energetica-entre-peru-y-brasil-permitira-mantener-precios-competitivos\/","og_locale":"es_ES","og_type":"article","og_title":"Integraci\u00f3n energ\u00e9tica entre Per\u00fa y Brasil permitir\u00e1 mantener precios competitivos","og_description":"Portal de noticias del Per\u00fa sobre el transporte a\u00e9reo, aviaci\u00f3n, turismo, hoteleria, actualidad.","og_url":"https:\/\/aeronoticias.com.pe\/noticiero\/economia\/integracion-energetica-entre-peru-y-brasil-permitira-mantener-precios-competitivos\/","og_site_name":"Aeronoticias.com.pe","article_publisher":"https:\/\/www.facebook.com\/Aeronoticias.com.pe\/","article_published_time":"2010-01-16T11:45:00+00:00","author":"Redacci\u00f3n Aeronoticias","twitter_card":"summary_large_image","twitter_creator":"@aeronoticias","twitter_site":"@aeronoticias","twitter_misc":{"Escrito por":"Redacci\u00f3n Aeronoticias","Tiempo de lectura":"1 minuto"},"schema":{"@context":"https:\/\/schema.org","@graph":[{"@type":"WebPage","@id":"https:\/\/aeronoticias.com.pe\/noticiero\/economia\/integracion-energetica-entre-peru-y-brasil-permitira-mantener-precios-competitivos\/","url":"https:\/\/aeronoticias.com.pe\/noticiero\/economia\/integracion-energetica-entre-peru-y-brasil-permitira-mantener-precios-competitivos\/","name":"Integraci\u00f3n energ\u00e9tica entre Per\u00fa y Brasil permitir\u00e1 mantener precios competitivos","isPartOf":{"@id":"https:\/\/aeronoticias.com.pe\/noticiero\/#website"},"datePublished":"2010-01-16T11:45:00+00:00","author":{"@id":"https:\/\/aeronoticias.com.pe\/noticiero\/#\/schema\/person\/fc1e5d578f4b62ba1cf7ac2bba1170a0"},"description":"Portal de noticias del Per\u00fa sobre el transporte a\u00e9reo, aviaci\u00f3n, turismo, hoteleria, actualidad.","breadcrumb":{"@id":"https:\/\/aeronoticias.com.pe\/noticiero\/economia\/integracion-energetica-entre-peru-y-brasil-permitira-mantener-precios-competitivos\/#breadcrumb"},"inLanguage":"es","potentialAction":[{"@type":"ReadAction","target":["https:\/\/aeronoticias.com.pe\/noticiero\/economia\/integracion-energetica-entre-peru-y-brasil-permitira-mantener-precios-competitivos\/"]}]},{"@type":"BreadcrumbList","@id":"https:\/\/aeronoticias.com.pe\/noticiero\/economia\/integracion-energetica-entre-peru-y-brasil-permitira-mantener-precios-competitivos\/#breadcrumb","itemListElement":[{"@type":"ListItem","position":1,"name":"Portada","item":"https:\/\/aeronoticias.com.pe\/noticiero\/"},{"@type":"ListItem","position":2,"name":"Integraci\u00f3n energ\u00e9tica entre Per\u00fa y Brasil permitir\u00e1 mantener precios competitivos"}]},{"@type":"WebSite","@id":"https:\/\/aeronoticias.com.pe\/noticiero\/#website","url":"https:\/\/aeronoticias.com.pe\/noticiero\/","name":"Aeronoticias.com.pe","description":"Noticias de tranporte aereo, turismo, hoteles, gastronomia, actualidad, internacional","potentialAction":[{"@type":"SearchAction","target":{"@type":"EntryPoint","urlTemplate":"https:\/\/aeronoticias.com.pe\/noticiero\/?s={search_term_string}"},"query-input":{"@type":"PropertyValueSpecification","valueRequired":true,"valueName":"search_term_string"}}],"inLanguage":"es"},{"@type":"Person","@id":"https:\/\/aeronoticias.com.pe\/noticiero\/#\/schema\/person\/fc1e5d578f4b62ba1cf7ac2bba1170a0","name":"Redacci\u00f3n Aeronoticias","url":"https:\/\/aeronoticias.com.pe\/noticiero\/author\/piloto\/"}]}},"_links":{"self":[{"href":"https:\/\/aeronoticias.com.pe\/noticiero\/wp-json\/wp\/v2\/posts\/8201","targetHints":{"allow":["GET"]}}],"collection":[{"href":"https:\/\/aeronoticias.com.pe\/noticiero\/wp-json\/wp\/v2\/posts"}],"about":[{"href":"https:\/\/aeronoticias.com.pe\/noticiero\/wp-json\/wp\/v2\/types\/post"}],"author":[{"embeddable":true,"href":"https:\/\/aeronoticias.com.pe\/noticiero\/wp-json\/wp\/v2\/users\/1"}],"replies":[{"embeddable":true,"href":"https:\/\/aeronoticias.com.pe\/noticiero\/wp-json\/wp\/v2\/comments?post=8201"}],"version-history":[{"count":0,"href":"https:\/\/aeronoticias.com.pe\/noticiero\/wp-json\/wp\/v2\/posts\/8201\/revisions"}],"wp:attachment":[{"href":"https:\/\/aeronoticias.com.pe\/noticiero\/wp-json\/wp\/v2\/media?parent=8201"}],"wp:term":[{"taxonomy":"category","embeddable":true,"href":"https:\/\/aeronoticias.com.pe\/noticiero\/wp-json\/wp\/v2\/categories?post=8201"},{"taxonomy":"post_tag","embeddable":true,"href":"https:\/\/aeronoticias.com.pe\/noticiero\/wp-json\/wp\/v2\/tags?post=8201"}],"curies":[{"name":"wp","href":"https:\/\/api.w.org\/{rel}","templated":true}]}}