{"id":82105,"date":"2023-01-31T14:04:04","date_gmt":"2023-01-31T19:04:04","guid":{"rendered":"https:\/\/aeronoticias.com.pe\/noticiero\/?p=82105"},"modified":"2023-01-31T14:04:10","modified_gmt":"2023-01-31T19:04:10","slug":"indecopi-universidad-nacional-de-frontera-se-une-a-la-red-cati-a-fin-de-promover-la-cultura-de-la-propiedad-intelectual","status":"publish","type":"post","link":"https:\/\/aeronoticias.com.pe\/noticiero\/ultimas\/1\/indecopi-universidad-nacional-de-frontera-se-une-a-la-red-cati-a-fin-de-promover-la-cultura-de-la-propiedad-intelectual\/","title":{"rendered":"Indecopi: Universidad Nacional de Frontera se une a la Red CATI a fin de promover la cultura de la propiedad intelectual"},"content":{"rendered":"\n<p><strong>(Aeronoticias)<\/strong>: El Indecopi suscribi\u00f3 un convenio con la Universidad Nacional de Frontera (UNF) de Sullana, en la regi\u00f3n Piura, para implementar un Centro de Apoyo a la Tecnolog\u00eda y la Innovaci\u00f3n (CATI) en las instalaciones de este centro de estudios, a fin de ofrecer servicios relacionados con patentes y otros instrumentos de la propiedad intelectual, tales como marcas y derecho de autor.<\/p>\n\n\n\n<div class=\"wp-block-image\"><figure class=\"aligncenter\"><img decoding=\"async\" src=\"https:\/\/cdn.www.gob.pe\/uploads\/document\/file\/4081414\/standard_Indecopi%3A%20Universidad%20Nacional%20de%20Frontera%20se%20une%20a%20la%20Red%20CATI%20a%20fin%20de%20promover%20la%20cultura%20de%20la%20propiedad%20intelectual%20.jpeg\" alt=\"Indecopi: Universidad Nacional de Frontera se une a la Red CATI a fin de promover la cultura de la propiedad intelectual \"\/><\/figure><\/div>\n\n\n\n<p>\u201cEsta alianza nos permitir\u00e1 promover la cultura de protecci\u00f3n de la propiedad intelectual, as\u00ed como facilitar a los investigadores, innovadores y emprendedores de la Universidad Nacional de Frontera informaci\u00f3n tecnol\u00f3gica de bases de datos de patentes y otros servicios conexos de alta calidad, en particular con el sistema de patentes\u201d, destac\u00f3 el presidente ejecutivo del Indecopi, Juli\u00e1n Palac\u00edn Guti\u00e9rrez.<\/p>\n\n\n\n<div class=\"wp-block-image\"><figure class=\"aligncenter\"><img decoding=\"async\" src=\"https:\/\/cdn.www.gob.pe\/uploads\/document\/file\/4081415\/standard_Indecopi%3A%20Universidad%20Nacional%20de%20Frontera%20se%20une%20a%20la%20Red%20CATI%20a%20fin%20de%20promover%20la%20cultura%20de%20la%20propiedad%20intelectual%20.jpeg\" alt=\"Indecopi: Universidad Nacional de Frontera se une a la Red CATI a fin de promover la cultura de la propiedad intelectual \"\/><\/figure><\/div>\n\n\n\n<p>Por su parte, el presidente de la Comisi\u00f3n Organizadora de la Universidad Nacional de Frontera, Ra\u00fal Natividad Ferrer, afirm\u00f3 que con la suscripci\u00f3n de este convenio \u201cse lograr\u00e1 el desarrollo de capacidades locales e institucionales a favor de las iniciativas de investigaci\u00f3n, invenci\u00f3n, innovaci\u00f3n y emprendimiento tecnol\u00f3gico empresarial para el desarrollo sostenible de la regi\u00f3n y del pa\u00eds\u201d.<\/p>\n\n\n\n<p>Palac\u00edn Guti\u00e9rrez record\u00f3 que el subdirector general del Sector de Propiedad Intelectual y Ecosistemas de Innovaci\u00f3n de la Organizaci\u00f3n Mundial de la Propiedad Intelectual (OMPI), Marco Alem\u00e1n, destac\u00f3 recientemente el trabajo que viene realizando el Per\u00fa, a trav\u00e9s del Indecopi, en materia de innovaci\u00f3n, encontr\u00e1ndose entre los 26 pa\u00edses que crecieron por encima de su nivel de desarrollo en esta materia. Adem\u00e1s, se\u00f1al\u00f3 que el Per\u00fa se encuentra en el puesto 65 del ranking del \u00cdndice Global de Innovaci\u00f3n del a\u00f1o 2022.<\/p>\n\n\n\n<p>Seg\u00fan el acuerdo, ambas partes se comprometen a fomentar el desarrollo de conocimientos de los investigadores o innovadores de la Universidad Nacional de Frontera en materia de patentes. Adem\u00e1s, se realizar\u00e1n capacitaciones y actividades de sensibilizaci\u00f3n sobre los beneficios de los instrumentos de propiedad intelectual.<\/p>\n\n\n\n<p><strong>Sobre la Red CATI Per\u00fa<br><\/strong><br>Los Centro de Apoyo a la Tecnolog\u00eda y la Innovaci\u00f3n (CATI) forman parte de una iniciativa internacional impulsada por la Organizaci\u00f3n Mundial de la Propiedad Intelectual (OMPI) y est\u00e1n destinados a facilitar el acceso a informaci\u00f3n tecnol\u00f3gica de patentes y otros servicios vinculados con la protecci\u00f3n de propiedad intelectual.\u00a0<\/p>\n\n\n\n<p>Desde su implementaci\u00f3n, en enero de 2018 a enero de 2023, suman 40 las instituciones que integran la Red CATI Per\u00fa en 15 regiones del pa\u00eds, siendo la Universidad Nacional de Frontera la segunda instituci\u00f3n de la regi\u00f3n Piura que contar\u00e1 con un CATI.<\/p>\n\n\n\n<p><strong>Fuente: Indecopi<\/strong><\/p>\n\n\n\n<p><\/p>\n","protected":false},"excerpt":{"rendered":"<p>(Aeronoticias): El Indecopi suscribi\u00f3 un convenio con la Universidad Nacional de Frontera (UNF) de Sullana, en la regi\u00f3n Piura, para implementar un Centro de Apoyo a la Tecnolog\u00eda y la Innovaci\u00f3n (CATI) en las instalaciones de este centro de estudios, a fin de ofrecer servicios relacionados con patentes y otros instrumentos de la propiedad intelectual, [&hellip;]<\/p>\n","protected":false},"author":3,"featured_media":82106,"comment_status":"open","ping_status":"open","sticky":false,"template":"","format":"standard","meta":{"tdm_status":"","tdm_grid_status":"","footnotes":""},"categories":[8,30],"tags":[1608,1367,1586],"class_list":{"0":"post-82105","1":"post","2":"type-post","3":"status-publish","4":"format-standard","5":"has-post-thumbnail","7":"category-ultimas","8":"category-30","9":"tag-cati","10":"tag-indecopi","11":"tag-ompi"},"yoast_head":"<!-- This site is optimized with the Yoast SEO plugin v25.1 - https:\/\/yoast.com\/wordpress\/plugins\/seo\/ -->\n<title>Indecopi: Universidad Nacional de Frontera se une a la Red CATI a fin de promover la cultura de la propiedad intelectual<\/title>\n<meta name=\"description\" content=\"Desde su implementaci\u00f3n, en enero de 2018 a enero de 2023, suman 40 las instituciones que integran la Red CATI Per\u00fa en 15 regiones del pa\u00eds. Investigadores e innovadores de Sullana y la regi\u00f3n Piura podr\u00e1n acceder a servicios relativos a la protecci\u00f3n de patentes, marcas y derecho de autor.\" \/>\n<meta name=\"robots\" content=\"index, follow, max-snippet:-1, max-image-preview:large, max-video-preview:-1\" \/>\n<link rel=\"canonical\" href=\"https:\/\/aeronoticias.com.pe\/noticiero\/ultimas\/1\/indecopi-universidad-nacional-de-frontera-se-une-a-la-red-cati-a-fin-de-promover-la-cultura-de-la-propiedad-intelectual\/\" \/>\n<meta property=\"og:locale\" content=\"es_ES\" \/>\n<meta property=\"og:type\" content=\"article\" \/>\n<meta property=\"og:title\" content=\"Indecopi: Universidad Nacional de Frontera se une a la Red CATI a fin de promover la cultura de la propiedad intelectual\" \/>\n<meta property=\"og:description\" content=\"Desde su implementaci\u00f3n, en enero de 2018 a enero de 2023, suman 40 las instituciones que integran la Red CATI Per\u00fa en 15 regiones del pa\u00eds. Investigadores e innovadores de Sullana y la regi\u00f3n Piura podr\u00e1n acceder a servicios relativos a la protecci\u00f3n de patentes, marcas y derecho de autor.\" \/>\n<meta property=\"og:url\" content=\"https:\/\/aeronoticias.com.pe\/noticiero\/ultimas\/1\/indecopi-universidad-nacional-de-frontera-se-une-a-la-red-cati-a-fin-de-promover-la-cultura-de-la-propiedad-intelectual\/\" \/>\n<meta property=\"og:site_name\" content=\"Aeronoticias.com.pe\" \/>\n<meta property=\"article:publisher\" content=\"https:\/\/www.facebook.com\/Aeronoticias.com.pe\/\" \/>\n<meta property=\"article:published_time\" content=\"2023-01-31T19:04:04+00:00\" \/>\n<meta property=\"article:modified_time\" content=\"2023-01-31T19:04:10+00:00\" \/>\n<meta property=\"og:image\" content=\"https:\/\/aeronoticias.com.pe\/noticiero\/wp-content\/uploads\/2023\/01\/JULY.jpeg\" \/>\n\t<meta property=\"og:image:width\" content=\"645\" \/>\n\t<meta property=\"og:image:height\" content=\"363\" \/>\n\t<meta property=\"og:image:type\" content=\"image\/jpeg\" \/>\n<meta name=\"author\" content=\"Redacci\u00f3n\" \/>\n<meta name=\"twitter:card\" content=\"summary_large_image\" \/>\n<meta name=\"twitter:creator\" content=\"@aeronoticias\" \/>\n<meta name=\"twitter:site\" content=\"@aeronoticias\" \/>\n<meta name=\"twitter:label1\" content=\"Escrito por\" \/>\n\t<meta name=\"twitter:data1\" content=\"Redacci\u00f3n\" \/>\n\t<meta name=\"twitter:label2\" content=\"Tiempo de lectura\" \/>\n\t<meta name=\"twitter:data2\" content=\"2 minutos\" \/>\n<script type=\"application\/ld+json\" class=\"yoast-schema-graph\">{\"@context\":\"https:\/\/schema.org\",\"@graph\":[{\"@type\":\"WebPage\",\"@id\":\"https:\/\/aeronoticias.com.pe\/noticiero\/ultimas\/1\/indecopi-universidad-nacional-de-frontera-se-une-a-la-red-cati-a-fin-de-promover-la-cultura-de-la-propiedad-intelectual\/\",\"url\":\"https:\/\/aeronoticias.com.pe\/noticiero\/ultimas\/1\/indecopi-universidad-nacional-de-frontera-se-une-a-la-red-cati-a-fin-de-promover-la-cultura-de-la-propiedad-intelectual\/\",\"name\":\"Indecopi: Universidad Nacional de Frontera se une a la Red CATI a fin de promover la cultura de la propiedad intelectual\",\"isPartOf\":{\"@id\":\"https:\/\/aeronoticias.com.pe\/noticiero\/#website\"},\"primaryImageOfPage\":{\"@id\":\"https:\/\/aeronoticias.com.pe\/noticiero\/ultimas\/1\/indecopi-universidad-nacional-de-frontera-se-une-a-la-red-cati-a-fin-de-promover-la-cultura-de-la-propiedad-intelectual\/#primaryimage\"},\"image\":{\"@id\":\"https:\/\/aeronoticias.com.pe\/noticiero\/ultimas\/1\/indecopi-universidad-nacional-de-frontera-se-une-a-la-red-cati-a-fin-de-promover-la-cultura-de-la-propiedad-intelectual\/#primaryimage\"},\"thumbnailUrl\":\"https:\/\/aeronoticias.com.pe\/noticiero\/wp-content\/uploads\/2023\/01\/JULY.jpeg\",\"datePublished\":\"2023-01-31T19:04:04+00:00\",\"dateModified\":\"2023-01-31T19:04:10+00:00\",\"author\":{\"@id\":\"https:\/\/aeronoticias.com.pe\/noticiero\/#\/schema\/person\/16212a617c73f78916b13194154243bd\"},\"description\":\"Desde su implementaci\u00f3n, en enero de 2018 a enero de 2023, suman 40 las instituciones que integran la Red CATI Per\u00fa en 15 regiones del pa\u00eds. Investigadores e innovadores de Sullana y la regi\u00f3n Piura podr\u00e1n acceder a servicios relativos a la protecci\u00f3n de patentes, marcas y derecho de autor.\",\"breadcrumb\":{\"@id\":\"https:\/\/aeronoticias.com.pe\/noticiero\/ultimas\/1\/indecopi-universidad-nacional-de-frontera-se-une-a-la-red-cati-a-fin-de-promover-la-cultura-de-la-propiedad-intelectual\/#breadcrumb\"},\"inLanguage\":\"es\",\"potentialAction\":[{\"@type\":\"ReadAction\",\"target\":[\"https:\/\/aeronoticias.com.pe\/noticiero\/ultimas\/1\/indecopi-universidad-nacional-de-frontera-se-une-a-la-red-cati-a-fin-de-promover-la-cultura-de-la-propiedad-intelectual\/\"]}]},{\"@type\":\"ImageObject\",\"inLanguage\":\"es\",\"@id\":\"https:\/\/aeronoticias.com.pe\/noticiero\/ultimas\/1\/indecopi-universidad-nacional-de-frontera-se-une-a-la-red-cati-a-fin-de-promover-la-cultura-de-la-propiedad-intelectual\/#primaryimage\",\"url\":\"https:\/\/aeronoticias.com.pe\/noticiero\/wp-content\/uploads\/2023\/01\/JULY.jpeg\",\"contentUrl\":\"https:\/\/aeronoticias.com.pe\/noticiero\/wp-content\/uploads\/2023\/01\/JULY.jpeg\",\"width\":645,\"height\":363},{\"@type\":\"BreadcrumbList\",\"@id\":\"https:\/\/aeronoticias.com.pe\/noticiero\/ultimas\/1\/indecopi-universidad-nacional-de-frontera-se-une-a-la-red-cati-a-fin-de-promover-la-cultura-de-la-propiedad-intelectual\/#breadcrumb\",\"itemListElement\":[{\"@type\":\"ListItem\",\"position\":1,\"name\":\"Portada\",\"item\":\"https:\/\/aeronoticias.com.pe\/noticiero\/\"},{\"@type\":\"ListItem\",\"position\":2,\"name\":\"Indecopi: Universidad Nacional de Frontera se une a la Red CATI a fin de promover la cultura de la propiedad intelectual\"}]},{\"@type\":\"WebSite\",\"@id\":\"https:\/\/aeronoticias.com.pe\/noticiero\/#website\",\"url\":\"https:\/\/aeronoticias.com.pe\/noticiero\/\",\"name\":\"Aeronoticias.com.pe\",\"description\":\"Noticias de tranporte aereo, turismo, hoteles, gastronomia, actualidad, internacional\",\"potentialAction\":[{\"@type\":\"SearchAction\",\"target\":{\"@type\":\"EntryPoint\",\"urlTemplate\":\"https:\/\/aeronoticias.com.pe\/noticiero\/?s={search_term_string}\"},\"query-input\":{\"@type\":\"PropertyValueSpecification\",\"valueRequired\":true,\"valueName\":\"search_term_string\"}}],\"inLanguage\":\"es\"},{\"@type\":\"Person\",\"@id\":\"https:\/\/aeronoticias.com.pe\/noticiero\/#\/schema\/person\/16212a617c73f78916b13194154243bd\",\"name\":\"Redacci\u00f3n\",\"sameAs\":[\"http:\/\/Redacci\u00f3n\"],\"url\":\"https:\/\/aeronoticias.com.pe\/noticiero\/author\/celeste\/\"}]}<\/script>\n<!-- \/ Yoast SEO plugin. -->","yoast_head_json":{"title":"Indecopi: Universidad Nacional de Frontera se une a la Red CATI a fin de promover la cultura de la propiedad intelectual","description":"Desde su implementaci\u00f3n, en enero de 2018 a enero de 2023, suman 40 las instituciones que integran la Red CATI Per\u00fa en 15 regiones del pa\u00eds. Investigadores e innovadores de Sullana y la regi\u00f3n Piura podr\u00e1n acceder a servicios relativos a la protecci\u00f3n de patentes, marcas y derecho de autor.","robots":{"index":"index","follow":"follow","max-snippet":"max-snippet:-1","max-image-preview":"max-image-preview:large","max-video-preview":"max-video-preview:-1"},"canonical":"https:\/\/aeronoticias.com.pe\/noticiero\/ultimas\/1\/indecopi-universidad-nacional-de-frontera-se-une-a-la-red-cati-a-fin-de-promover-la-cultura-de-la-propiedad-intelectual\/","og_locale":"es_ES","og_type":"article","og_title":"Indecopi: Universidad Nacional de Frontera se une a la Red CATI a fin de promover la cultura de la propiedad intelectual","og_description":"Desde su implementaci\u00f3n, en enero de 2018 a enero de 2023, suman 40 las instituciones que integran la Red CATI Per\u00fa en 15 regiones del pa\u00eds. Investigadores e innovadores de Sullana y la regi\u00f3n Piura podr\u00e1n acceder a servicios relativos a la protecci\u00f3n de patentes, marcas y derecho de autor.","og_url":"https:\/\/aeronoticias.com.pe\/noticiero\/ultimas\/1\/indecopi-universidad-nacional-de-frontera-se-une-a-la-red-cati-a-fin-de-promover-la-cultura-de-la-propiedad-intelectual\/","og_site_name":"Aeronoticias.com.pe","article_publisher":"https:\/\/www.facebook.com\/Aeronoticias.com.pe\/","article_published_time":"2023-01-31T19:04:04+00:00","article_modified_time":"2023-01-31T19:04:10+00:00","og_image":[{"width":645,"height":363,"url":"https:\/\/aeronoticias.com.pe\/noticiero\/wp-content\/uploads\/2023\/01\/JULY.jpeg","type":"image\/jpeg"}],"author":"Redacci\u00f3n","twitter_card":"summary_large_image","twitter_creator":"@aeronoticias","twitter_site":"@aeronoticias","twitter_misc":{"Escrito por":"Redacci\u00f3n","Tiempo de lectura":"2 minutos"},"schema":{"@context":"https:\/\/schema.org","@graph":[{"@type":"WebPage","@id":"https:\/\/aeronoticias.com.pe\/noticiero\/ultimas\/1\/indecopi-universidad-nacional-de-frontera-se-une-a-la-red-cati-a-fin-de-promover-la-cultura-de-la-propiedad-intelectual\/","url":"https:\/\/aeronoticias.com.pe\/noticiero\/ultimas\/1\/indecopi-universidad-nacional-de-frontera-se-une-a-la-red-cati-a-fin-de-promover-la-cultura-de-la-propiedad-intelectual\/","name":"Indecopi: Universidad Nacional de Frontera se une a la Red CATI a fin de promover la cultura de la propiedad intelectual","isPartOf":{"@id":"https:\/\/aeronoticias.com.pe\/noticiero\/#website"},"primaryImageOfPage":{"@id":"https:\/\/aeronoticias.com.pe\/noticiero\/ultimas\/1\/indecopi-universidad-nacional-de-frontera-se-une-a-la-red-cati-a-fin-de-promover-la-cultura-de-la-propiedad-intelectual\/#primaryimage"},"image":{"@id":"https:\/\/aeronoticias.com.pe\/noticiero\/ultimas\/1\/indecopi-universidad-nacional-de-frontera-se-une-a-la-red-cati-a-fin-de-promover-la-cultura-de-la-propiedad-intelectual\/#primaryimage"},"thumbnailUrl":"https:\/\/aeronoticias.com.pe\/noticiero\/wp-content\/uploads\/2023\/01\/JULY.jpeg","datePublished":"2023-01-31T19:04:04+00:00","dateModified":"2023-01-31T19:04:10+00:00","author":{"@id":"https:\/\/aeronoticias.com.pe\/noticiero\/#\/schema\/person\/16212a617c73f78916b13194154243bd"},"description":"Desde su implementaci\u00f3n, en enero de 2018 a enero de 2023, suman 40 las instituciones que integran la Red CATI Per\u00fa en 15 regiones del pa\u00eds. Investigadores e innovadores de Sullana y la regi\u00f3n Piura podr\u00e1n acceder a servicios relativos a la protecci\u00f3n de patentes, marcas y derecho de autor.","breadcrumb":{"@id":"https:\/\/aeronoticias.com.pe\/noticiero\/ultimas\/1\/indecopi-universidad-nacional-de-frontera-se-une-a-la-red-cati-a-fin-de-promover-la-cultura-de-la-propiedad-intelectual\/#breadcrumb"},"inLanguage":"es","potentialAction":[{"@type":"ReadAction","target":["https:\/\/aeronoticias.com.pe\/noticiero\/ultimas\/1\/indecopi-universidad-nacional-de-frontera-se-une-a-la-red-cati-a-fin-de-promover-la-cultura-de-la-propiedad-intelectual\/"]}]},{"@type":"ImageObject","inLanguage":"es","@id":"https:\/\/aeronoticias.com.pe\/noticiero\/ultimas\/1\/indecopi-universidad-nacional-de-frontera-se-une-a-la-red-cati-a-fin-de-promover-la-cultura-de-la-propiedad-intelectual\/#primaryimage","url":"https:\/\/aeronoticias.com.pe\/noticiero\/wp-content\/uploads\/2023\/01\/JULY.jpeg","contentUrl":"https:\/\/aeronoticias.com.pe\/noticiero\/wp-content\/uploads\/2023\/01\/JULY.jpeg","width":645,"height":363},{"@type":"BreadcrumbList","@id":"https:\/\/aeronoticias.com.pe\/noticiero\/ultimas\/1\/indecopi-universidad-nacional-de-frontera-se-une-a-la-red-cati-a-fin-de-promover-la-cultura-de-la-propiedad-intelectual\/#breadcrumb","itemListElement":[{"@type":"ListItem","position":1,"name":"Portada","item":"https:\/\/aeronoticias.com.pe\/noticiero\/"},{"@type":"ListItem","position":2,"name":"Indecopi: Universidad Nacional de Frontera se une a la Red CATI a fin de promover la cultura de la propiedad intelectual"}]},{"@type":"WebSite","@id":"https:\/\/aeronoticias.com.pe\/noticiero\/#website","url":"https:\/\/aeronoticias.com.pe\/noticiero\/","name":"Aeronoticias.com.pe","description":"Noticias de tranporte aereo, turismo, hoteles, gastronomia, actualidad, internacional","potentialAction":[{"@type":"SearchAction","target":{"@type":"EntryPoint","urlTemplate":"https:\/\/aeronoticias.com.pe\/noticiero\/?s={search_term_string}"},"query-input":{"@type":"PropertyValueSpecification","valueRequired":true,"valueName":"search_term_string"}}],"inLanguage":"es"},{"@type":"Person","@id":"https:\/\/aeronoticias.com.pe\/noticiero\/#\/schema\/person\/16212a617c73f78916b13194154243bd","name":"Redacci\u00f3n","sameAs":["http:\/\/Redacci\u00f3n"],"url":"https:\/\/aeronoticias.com.pe\/noticiero\/author\/celeste\/"}]}},"_links":{"self":[{"href":"https:\/\/aeronoticias.com.pe\/noticiero\/wp-json\/wp\/v2\/posts\/82105","targetHints":{"allow":["GET"]}}],"collection":[{"href":"https:\/\/aeronoticias.com.pe\/noticiero\/wp-json\/wp\/v2\/posts"}],"about":[{"href":"https:\/\/aeronoticias.com.pe\/noticiero\/wp-json\/wp\/v2\/types\/post"}],"author":[{"embeddable":true,"href":"https:\/\/aeronoticias.com.pe\/noticiero\/wp-json\/wp\/v2\/users\/3"}],"replies":[{"embeddable":true,"href":"https:\/\/aeronoticias.com.pe\/noticiero\/wp-json\/wp\/v2\/comments?post=82105"}],"version-history":[{"count":0,"href":"https:\/\/aeronoticias.com.pe\/noticiero\/wp-json\/wp\/v2\/posts\/82105\/revisions"}],"wp:featuredmedia":[{"embeddable":true,"href":"https:\/\/aeronoticias.com.pe\/noticiero\/wp-json\/wp\/v2\/media\/82106"}],"wp:attachment":[{"href":"https:\/\/aeronoticias.com.pe\/noticiero\/wp-json\/wp\/v2\/media?parent=82105"}],"wp:term":[{"taxonomy":"category","embeddable":true,"href":"https:\/\/aeronoticias.com.pe\/noticiero\/wp-json\/wp\/v2\/categories?post=82105"},{"taxonomy":"post_tag","embeddable":true,"href":"https:\/\/aeronoticias.com.pe\/noticiero\/wp-json\/wp\/v2\/tags?post=82105"}],"curies":[{"name":"wp","href":"https:\/\/api.w.org\/{rel}","templated":true}]}}