{"id":8248,"date":"2010-01-19T14:11:24","date_gmt":"2010-01-19T14:11:24","guid":{"rendered":"http:\/\/desarrollo.mcvicious.com\/aero2020\/2010\/01\/19\/escaneres-en-aeropuertos-pisan-terreno-minado-el-mal-uso-de-la-informacion-obtenida\/"},"modified":"2010-01-19T14:11:24","modified_gmt":"2010-01-19T14:11:24","slug":"escaneres-en-aeropuertos-pisan-terreno-minado-el-mal-uso-de-la-informacion-obtenida","status":"publish","type":"post","link":"https:\/\/aeronoticias.com.pe\/noticiero\/transporte-aereo\/internacional\/escaneres-en-aeropuertos-pisan-terreno-minado-el-mal-uso-de-la-informacion-obtenida\/","title":{"rendered":"Esc\u00e1neres en aeropuertos pisan terreno minado: el mal uso de la informaci\u00f3n obtenida"},"content":{"rendered":"<div style=\"text-align: justify\">La secretaria estadounidense de Seguridad Interior, Janet Napolitano, intentar\u00e1 convencer a sus colegas europeos el jueves en una reuni\u00f3n en Toledo (centro de Espa\u00f1a), para la instalaci\u00f3n de estos scaners, que se encuentran en medio de la pol\u00e9mica: \u00a0Ataque a la dignidad humana o instrumento de lucha contra el terrorismo?<\/div>\n<div style=\"text-align: justify\"><\/div>\n<div style=\"text-align: justify\">Los esc\u00e1neres corporales dividen a Europa y Washington, y pese a que Napolitano ha afirmado que va a hacer todo lo posible para convencer a los gobiernos de la UE de que implanten este tipo de controles en sus aeropuertos, la pol\u00e9mica y m\u00e1s precisamente los scaners pisan un terreno minado en un mal momento. Las autoridades estadounidenses tuvieron, en efecto, que disculparse ante un diputado ecolo-comunista espa\u00f1ol, Gaspar Llamazares, cuya fotograf\u00eda fue utilizada por el FBI para elaborar un retrato robot de Osama bin Laden envejecido.<\/div>\n<div style=\"text-align: justify\">\n<div style=\"text-align: center\"><img decoding=\"async\" src=\"images\/stories\/10\/01\/190110\/escanner.jpg\" border=\"0\" alt=\"Esc\u00e1neres en aeropuertos pisan terreno minado: el mal uso de la informaci\u00f3n obtenida\" title=\"Esc\u00e1neres en aeropuertos pisan terreno minado: el mal uso de la informaci\u00f3n obtenida\" \/><\/div>\n<\/div>\n<div style=\"text-align: justify\">Este caso ha dado argumentos de peso a los detractores de Washington, convencidos de que las autoridades estadounidenses hacen un mal uso de los datos personales que obtienen. \u00abEsta reuni\u00f3n debe permitir encontrar un consenso\u00bb, asegur\u00f3 una responsable estadounidense. \u00abNapolitano no quiere imponer nada. Viene a escuchar a sus colegas y a hablar de los medios para trabajar juntos frente a desaf\u00edo que nos afecta a todos\u00bb, precis\u00f3.\u00a0<\/div>\n<div style=\"text-align: justify\">Los europeos no dicen que no a los esc\u00e1neres corporales, pero ponen condiciones, especialmente la obligaci\u00f3n de destruir las im\u00e1genes. Temen que un \u00abfrenes\u00ed de seguridad\u00bb lleve a cada pa\u00eds de la UE a equipar sus aeropuertos con estos aparatos sin concertarse. Dos Estados han tomado ya la delantera: el Reino Unido y Holanda, \u00ablos dos pa\u00edses m\u00e1s sensibles a las presiones estadounidenses\u00bb, coment\u00f3, ir\u00f3nico, un diplom\u00e1tico europeo.<\/div>\n<div style=\"text-align: justify\"><\/div>\n<div style=\"text-align: justify\">\u00abPero, por ahora, buscamos una posici\u00f3n com\u00fan\u00bb, subray\u00f3. El jefe del gobierno espa\u00f1ol, Jos\u00e9 Luis Rodr\u00edguez Zapatero, cuyo pa\u00eds ocupa la presidencia semestral de la UE, insiste en lograr esa posici\u00f3n. \u00abEs probable que esa posici\u00f3n com\u00fan camine en la direcci\u00f3n de reforzar la seguridad del control de los pasajeros en los aeropuertos\u00bb, dijo en una entrevista publicada el domingo por el rotativo El Pa\u00eds.<\/div>\n<div style=\"text-align: justify\"><\/div>\n<div style=\"text-align: justify\">El intento de atentado contra un vuelo Amsterdam-Detroit en Navidad \u00abha obligado a una reconsideraci\u00f3n de fortalecer el sistema de seguridad en el transporte a\u00e9reo\u00bb, explic\u00f3. El autor del intento de atentado, un joven nigeriano, hab\u00eda tomado este vuelo en Amsterdam y llevaba con \u00e9l explosivos que no fueron detectados en los controles.<\/div>\n<div style=\"text-align: justify\"><\/div>\n<div style=\"text-align: justify\">Sin embargo, Espa\u00f1a asegur\u00f3 que no tomar\u00e1 ninguna decisi\u00f3n hasta que los 27 no adopten una posici\u00f3n com\u00fan, aunque las opiniones sobre el asunto son divergentes: mientras Holanda y Reino Unido, se han adelantado y la Rep\u00fablica Checa se ha mostrado favorable, otros pa\u00edses se muestran m\u00e1s prudentes.<\/div>\n<div style=\"text-align: justify\"><\/div>\n<div style=\"text-align: justify\">Francia e Italia quieren utilizar los esc\u00e1neres de forma experimental, pero otros pa\u00edses, especialmente Alemania, se muestran mucho m\u00e1s reservados.<\/div>\n<div style=\"text-align: justify\"><\/div>\n<div style=\"text-align: justify\">Las instituciones europeas no le van a facilitar el trabajo a Washington. Los diputados europeos votaron una resoluci\u00f3n en 2008 contra el uso de los esc\u00e1neres corporales y tendr\u00e1n que hacerles cambiar de opini\u00f3n para que modifiquen su posici\u00f3n.<\/div>\n<div style=\"text-align: justify\"><\/div>\n<div style=\"text-align: justify\">Muchos de los eurodiputados son firmes adversarios de esta tecnolog\u00eda que consideran intrusiva y degradante. Algunos incluso denuncian cierta forma de voyeurismo, ya que los aparatos desnudan a las personas controladas.<\/div>\n<div style=\"text-align: justify\"><\/div>\n<div style=\"text-align: justify\">La nueva comisar\u00eda de Justicia, la luxemburguesa Viviane Reding, se decant\u00f3 en el mismo sentido para lograr su apoyo durante su comparecencia en la euroc\u00e1mara, arremetiendo contra el miedo, como el peor de los consejeros.<\/div>\n<div style=\"text-align: justify\"><\/div>\n<div style=\"text-align: justify\">Su colega encargado de los Transportes, el estonio Siim Kallas, tambi\u00e9n consider\u00f3 que los esc\u00e1neres corporales \u00abno son la panacea\u00bb.<\/div>\n<div style=\"text-align: justify\"><\/div>\n<div style=\"text-align: justify\"><strong>Aeronoticias <\/strong>considera que si bien, con hechos como el mencionado al principio se demuestra el uso err\u00f3neo que se le podr\u00eda a dar a los datos obtenidos a ra\u00edz del scaner, hecho que levanta m\u00e1s pol\u00e9mica a\u00fan, ser\u00eda positivo por una parte por la adhesi\u00f3n de tecnolog\u00eda para la seguridad pero a la vez se tiene que dilucidar la instauraci\u00f3n de pol\u00edticas reguladoras para controlar que se hace y que \u00a0no con los contenidos obtenidos a ra\u00edz del scaneo, que es el t\u00f3pico pol\u00e9mico en este momento, exhortamos a que sigan las conversaciones para que se llegue a \u00a0una conservaci\u00f3n sana y a crear acuerdos que permitan mejorar los niveles de seguridad sin invadir la privacidad de nadie.<\/div>\n<div><\/div>\n","protected":false},"excerpt":{"rendered":"<p>La secretaria estadounidense de Seguridad Interior, Janet Napolitano, intentar\u00e1 convencer a sus colegas europeos el jueves en una reuni\u00f3n en Toledo (centro de Espa\u00f1a), para la instalaci\u00f3n de estos scaners, que se encuentran en medio de la pol\u00e9mica: \u00a0Ataque a la dignidad humana o instrumento de lucha contra el terrorismo? Los esc\u00e1neres corporales dividen a [&hellip;]<\/p>\n","protected":false},"author":1,"featured_media":0,"comment_status":"open","ping_status":"open","sticky":false,"template":"","format":"standard","meta":{"tdm_status":"","tdm_grid_status":"","footnotes":""},"categories":[32],"tags":[],"class_list":{"0":"post-8248","1":"post","2":"type-post","3":"status-publish","4":"format-standard","6":"category-internacional"},"yoast_head":"<!-- This site is optimized with the Yoast SEO plugin v25.1 - https:\/\/yoast.com\/wordpress\/plugins\/seo\/ -->\n<title>Esc\u00e1neres en aeropuertos pisan terreno minado: el mal uso de la informaci\u00f3n obtenida<\/title>\n<meta name=\"description\" content=\"Portal de noticias del Per\u00fa sobre el transporte a\u00e9reo, aviaci\u00f3n, turismo, hoteleria, actualidad.\" \/>\n<meta name=\"robots\" content=\"index, follow, max-snippet:-1, max-image-preview:large, max-video-preview:-1\" \/>\n<link rel=\"canonical\" href=\"https:\/\/aeronoticias.com.pe\/noticiero\/transporte-aereo\/internacional\/escaneres-en-aeropuertos-pisan-terreno-minado-el-mal-uso-de-la-informacion-obtenida\/\" \/>\n<meta property=\"og:locale\" content=\"es_ES\" \/>\n<meta property=\"og:type\" content=\"article\" \/>\n<meta property=\"og:title\" content=\"Esc\u00e1neres en aeropuertos pisan terreno minado: el mal uso de la informaci\u00f3n obtenida\" \/>\n<meta property=\"og:description\" content=\"Portal de noticias del Per\u00fa sobre el transporte a\u00e9reo, aviaci\u00f3n, turismo, hoteleria, actualidad.\" \/>\n<meta property=\"og:url\" content=\"https:\/\/aeronoticias.com.pe\/noticiero\/transporte-aereo\/internacional\/escaneres-en-aeropuertos-pisan-terreno-minado-el-mal-uso-de-la-informacion-obtenida\/\" \/>\n<meta property=\"og:site_name\" content=\"Aeronoticias.com.pe\" \/>\n<meta property=\"article:publisher\" content=\"https:\/\/www.facebook.com\/Aeronoticias.com.pe\/\" \/>\n<meta property=\"article:published_time\" content=\"2010-01-19T14:11:24+00:00\" \/>\n<meta name=\"author\" content=\"Redacci\u00f3n Aeronoticias\" \/>\n<meta name=\"twitter:card\" content=\"summary_large_image\" \/>\n<meta name=\"twitter:creator\" content=\"@aeronoticias\" \/>\n<meta name=\"twitter:site\" content=\"@aeronoticias\" \/>\n<meta name=\"twitter:label1\" content=\"Escrito por\" \/>\n\t<meta name=\"twitter:data1\" content=\"Redacci\u00f3n Aeronoticias\" \/>\n\t<meta name=\"twitter:label2\" content=\"Tiempo de lectura\" \/>\n\t<meta name=\"twitter:data2\" content=\"4 minutos\" \/>\n<script type=\"application\/ld+json\" class=\"yoast-schema-graph\">{\"@context\":\"https:\/\/schema.org\",\"@graph\":[{\"@type\":\"WebPage\",\"@id\":\"https:\/\/aeronoticias.com.pe\/noticiero\/transporte-aereo\/internacional\/escaneres-en-aeropuertos-pisan-terreno-minado-el-mal-uso-de-la-informacion-obtenida\/\",\"url\":\"https:\/\/aeronoticias.com.pe\/noticiero\/transporte-aereo\/internacional\/escaneres-en-aeropuertos-pisan-terreno-minado-el-mal-uso-de-la-informacion-obtenida\/\",\"name\":\"Esc\u00e1neres en aeropuertos pisan terreno minado: el mal uso de la informaci\u00f3n obtenida\",\"isPartOf\":{\"@id\":\"https:\/\/aeronoticias.com.pe\/noticiero\/#website\"},\"datePublished\":\"2010-01-19T14:11:24+00:00\",\"author\":{\"@id\":\"https:\/\/aeronoticias.com.pe\/noticiero\/#\/schema\/person\/fc1e5d578f4b62ba1cf7ac2bba1170a0\"},\"description\":\"Portal de noticias del Per\u00fa sobre el transporte a\u00e9reo, aviaci\u00f3n, turismo, hoteleria, actualidad.\",\"breadcrumb\":{\"@id\":\"https:\/\/aeronoticias.com.pe\/noticiero\/transporte-aereo\/internacional\/escaneres-en-aeropuertos-pisan-terreno-minado-el-mal-uso-de-la-informacion-obtenida\/#breadcrumb\"},\"inLanguage\":\"es\",\"potentialAction\":[{\"@type\":\"ReadAction\",\"target\":[\"https:\/\/aeronoticias.com.pe\/noticiero\/transporte-aereo\/internacional\/escaneres-en-aeropuertos-pisan-terreno-minado-el-mal-uso-de-la-informacion-obtenida\/\"]}]},{\"@type\":\"BreadcrumbList\",\"@id\":\"https:\/\/aeronoticias.com.pe\/noticiero\/transporte-aereo\/internacional\/escaneres-en-aeropuertos-pisan-terreno-minado-el-mal-uso-de-la-informacion-obtenida\/#breadcrumb\",\"itemListElement\":[{\"@type\":\"ListItem\",\"position\":1,\"name\":\"Portada\",\"item\":\"https:\/\/aeronoticias.com.pe\/noticiero\/\"},{\"@type\":\"ListItem\",\"position\":2,\"name\":\"Esc\u00e1neres en aeropuertos pisan terreno minado: el mal uso de la informaci\u00f3n obtenida\"}]},{\"@type\":\"WebSite\",\"@id\":\"https:\/\/aeronoticias.com.pe\/noticiero\/#website\",\"url\":\"https:\/\/aeronoticias.com.pe\/noticiero\/\",\"name\":\"Aeronoticias.com.pe\",\"description\":\"Noticias de tranporte aereo, turismo, hoteles, gastronomia, actualidad, internacional\",\"potentialAction\":[{\"@type\":\"SearchAction\",\"target\":{\"@type\":\"EntryPoint\",\"urlTemplate\":\"https:\/\/aeronoticias.com.pe\/noticiero\/?s={search_term_string}\"},\"query-input\":{\"@type\":\"PropertyValueSpecification\",\"valueRequired\":true,\"valueName\":\"search_term_string\"}}],\"inLanguage\":\"es\"},{\"@type\":\"Person\",\"@id\":\"https:\/\/aeronoticias.com.pe\/noticiero\/#\/schema\/person\/fc1e5d578f4b62ba1cf7ac2bba1170a0\",\"name\":\"Redacci\u00f3n Aeronoticias\",\"url\":\"https:\/\/aeronoticias.com.pe\/noticiero\/author\/piloto\/\"}]}<\/script>\n<!-- \/ Yoast SEO plugin. -->","yoast_head_json":{"title":"Esc\u00e1neres en aeropuertos pisan terreno minado: el mal uso de la informaci\u00f3n obtenida","description":"Portal de noticias del Per\u00fa sobre el transporte a\u00e9reo, aviaci\u00f3n, turismo, hoteleria, actualidad.","robots":{"index":"index","follow":"follow","max-snippet":"max-snippet:-1","max-image-preview":"max-image-preview:large","max-video-preview":"max-video-preview:-1"},"canonical":"https:\/\/aeronoticias.com.pe\/noticiero\/transporte-aereo\/internacional\/escaneres-en-aeropuertos-pisan-terreno-minado-el-mal-uso-de-la-informacion-obtenida\/","og_locale":"es_ES","og_type":"article","og_title":"Esc\u00e1neres en aeropuertos pisan terreno minado: el mal uso de la informaci\u00f3n obtenida","og_description":"Portal de noticias del Per\u00fa sobre el transporte a\u00e9reo, aviaci\u00f3n, turismo, hoteleria, actualidad.","og_url":"https:\/\/aeronoticias.com.pe\/noticiero\/transporte-aereo\/internacional\/escaneres-en-aeropuertos-pisan-terreno-minado-el-mal-uso-de-la-informacion-obtenida\/","og_site_name":"Aeronoticias.com.pe","article_publisher":"https:\/\/www.facebook.com\/Aeronoticias.com.pe\/","article_published_time":"2010-01-19T14:11:24+00:00","author":"Redacci\u00f3n Aeronoticias","twitter_card":"summary_large_image","twitter_creator":"@aeronoticias","twitter_site":"@aeronoticias","twitter_misc":{"Escrito por":"Redacci\u00f3n Aeronoticias","Tiempo de lectura":"4 minutos"},"schema":{"@context":"https:\/\/schema.org","@graph":[{"@type":"WebPage","@id":"https:\/\/aeronoticias.com.pe\/noticiero\/transporte-aereo\/internacional\/escaneres-en-aeropuertos-pisan-terreno-minado-el-mal-uso-de-la-informacion-obtenida\/","url":"https:\/\/aeronoticias.com.pe\/noticiero\/transporte-aereo\/internacional\/escaneres-en-aeropuertos-pisan-terreno-minado-el-mal-uso-de-la-informacion-obtenida\/","name":"Esc\u00e1neres en aeropuertos pisan terreno minado: el mal uso de la informaci\u00f3n obtenida","isPartOf":{"@id":"https:\/\/aeronoticias.com.pe\/noticiero\/#website"},"datePublished":"2010-01-19T14:11:24+00:00","author":{"@id":"https:\/\/aeronoticias.com.pe\/noticiero\/#\/schema\/person\/fc1e5d578f4b62ba1cf7ac2bba1170a0"},"description":"Portal de noticias del Per\u00fa sobre el transporte a\u00e9reo, aviaci\u00f3n, turismo, hoteleria, actualidad.","breadcrumb":{"@id":"https:\/\/aeronoticias.com.pe\/noticiero\/transporte-aereo\/internacional\/escaneres-en-aeropuertos-pisan-terreno-minado-el-mal-uso-de-la-informacion-obtenida\/#breadcrumb"},"inLanguage":"es","potentialAction":[{"@type":"ReadAction","target":["https:\/\/aeronoticias.com.pe\/noticiero\/transporte-aereo\/internacional\/escaneres-en-aeropuertos-pisan-terreno-minado-el-mal-uso-de-la-informacion-obtenida\/"]}]},{"@type":"BreadcrumbList","@id":"https:\/\/aeronoticias.com.pe\/noticiero\/transporte-aereo\/internacional\/escaneres-en-aeropuertos-pisan-terreno-minado-el-mal-uso-de-la-informacion-obtenida\/#breadcrumb","itemListElement":[{"@type":"ListItem","position":1,"name":"Portada","item":"https:\/\/aeronoticias.com.pe\/noticiero\/"},{"@type":"ListItem","position":2,"name":"Esc\u00e1neres en aeropuertos pisan terreno minado: el mal uso de la informaci\u00f3n obtenida"}]},{"@type":"WebSite","@id":"https:\/\/aeronoticias.com.pe\/noticiero\/#website","url":"https:\/\/aeronoticias.com.pe\/noticiero\/","name":"Aeronoticias.com.pe","description":"Noticias de tranporte aereo, turismo, hoteles, gastronomia, actualidad, internacional","potentialAction":[{"@type":"SearchAction","target":{"@type":"EntryPoint","urlTemplate":"https:\/\/aeronoticias.com.pe\/noticiero\/?s={search_term_string}"},"query-input":{"@type":"PropertyValueSpecification","valueRequired":true,"valueName":"search_term_string"}}],"inLanguage":"es"},{"@type":"Person","@id":"https:\/\/aeronoticias.com.pe\/noticiero\/#\/schema\/person\/fc1e5d578f4b62ba1cf7ac2bba1170a0","name":"Redacci\u00f3n Aeronoticias","url":"https:\/\/aeronoticias.com.pe\/noticiero\/author\/piloto\/"}]}},"_links":{"self":[{"href":"https:\/\/aeronoticias.com.pe\/noticiero\/wp-json\/wp\/v2\/posts\/8248","targetHints":{"allow":["GET"]}}],"collection":[{"href":"https:\/\/aeronoticias.com.pe\/noticiero\/wp-json\/wp\/v2\/posts"}],"about":[{"href":"https:\/\/aeronoticias.com.pe\/noticiero\/wp-json\/wp\/v2\/types\/post"}],"author":[{"embeddable":true,"href":"https:\/\/aeronoticias.com.pe\/noticiero\/wp-json\/wp\/v2\/users\/1"}],"replies":[{"embeddable":true,"href":"https:\/\/aeronoticias.com.pe\/noticiero\/wp-json\/wp\/v2\/comments?post=8248"}],"version-history":[{"count":0,"href":"https:\/\/aeronoticias.com.pe\/noticiero\/wp-json\/wp\/v2\/posts\/8248\/revisions"}],"wp:attachment":[{"href":"https:\/\/aeronoticias.com.pe\/noticiero\/wp-json\/wp\/v2\/media?parent=8248"}],"wp:term":[{"taxonomy":"category","embeddable":true,"href":"https:\/\/aeronoticias.com.pe\/noticiero\/wp-json\/wp\/v2\/categories?post=8248"},{"taxonomy":"post_tag","embeddable":true,"href":"https:\/\/aeronoticias.com.pe\/noticiero\/wp-json\/wp\/v2\/tags?post=8248"}],"curies":[{"name":"wp","href":"https:\/\/api.w.org\/{rel}","templated":true}]}}