{"id":8249,"date":"2010-01-19T14:17:17","date_gmt":"2010-01-19T14:17:17","guid":{"rendered":"http:\/\/desarrollo.mcvicious.com\/aero2020\/2010\/01\/19\/la-linea-de-bandera-japonesa-japan-airlines-se-declara-en-bancarrota\/"},"modified":"2010-01-19T14:17:17","modified_gmt":"2010-01-19T14:17:17","slug":"la-linea-de-bandera-japonesa-japan-airlines-se-declara-en-bancarrota","status":"publish","type":"post","link":"https:\/\/aeronoticias.com.pe\/noticiero\/transporte-aereo\/internacional\/la-linea-de-bandera-japonesa-japan-airlines-se-declara-en-bancarrota\/","title":{"rendered":"La l\u00ednea de bandera japonesa, Japan Airlines se declara en bancarrota"},"content":{"rendered":"<div style=\"text-align: justify\">De esta manera, el gobierno del primer ministro Yukio Hayoyama, quien asumi\u00f3 hace apenas cuatro meses, permite que por primera vez se declare en bancarrota, fuera del sector financiero, una de las grandes compa\u00f1\u00edas con una larga historia en Jap\u00f3n, la l\u00ednea de bandera del pa\u00eds oriental Japan Airlines se declar\u00f3 \u00a0en banca rota.<\/div>\n<div style=\"text-align: justify\"><\/div>\n<div style=\"text-align: justify\">El consejo de administraci\u00f3n de la compa\u00f1\u00eda a\u00e9rea Japan Airlines (JAL), altamente endeudada, decidi\u00f3 solicitar este martes la suspensi\u00f3n de pagos, tal como se preve\u00eda desde hace varios d\u00edas, seg\u00fan informaron medios nipones, adem\u00e1s se afirm\u00f3 que est\u00e1 previsto que la antigua aerol\u00ednea estatal japonesa sea reestructurada radicalmente con fondos de una sociedad de saneamiento, a imagen y semejanza del gigante automotor estadounidense General Motors.<\/div>\n<div style=\"text-align: justify\">\n<div style=\"text-align: center\"><img decoding=\"async\" src=\"images\/stories\/10\/01\/190110\/jukio.jpg\" border=\"0\" alt=\"La l\u00ednea de bandera japonesa, Japan Airlines se declara en bancarrota\" title=\"La l\u00ednea de bandera japonesa, Japan Airlines se declara en bancarrota\" \/><\/div>\n<\/div>\n<div style=\"text-align: justify\">JAL, que fue privatizada en 1987, s\u00f3lo puede seguir operando con cr\u00e9ditos de emergencia por varios miles de millones de d\u00f3lares.\u00a0<\/div>\n<div style=\"text-align: justify\"><\/div>\n<div style=\"text-align: justify\">El Estado japon\u00e9s pretende asegurar la operatividad de la compa\u00f1\u00eda durante el proceso de saneamiento. Seg\u00fan los medios nipones, 15.700 puestos de trabajo ser\u00e1n eliminados de aqu\u00ed a finales de marzo de 2013, lo que supone alrededor de un tercio de la plantilla total de JAL.\u00a0<\/div>\n<div style=\"text-align: justify\"><\/div>\n<div style=\"text-align: justify\">Adem\u00e1s, el n\u00famero de subsidiarias ser\u00e1 reducido a la mitad, de 110 a 57, mediante su venta o cierre, de aqu\u00ed hasta marzo de 2011. Sin embargo, el tribunal acept\u00f3 que JAL contin\u00fae pagando las facturas a sus proveedores, gracias a las financiaciones de emergencia obtenidas recientemente de los poderes p\u00fablicos nipones. \u00abPor lo tanto, las operaciones de vuelo de nuestro grupo no ser\u00e1n interrumpidas\u00bb, asegur\u00f3 la empresa.<\/div>\n<div style=\"text-align: justify\"><\/div>\n<div style=\"text-align: justify\">JAL suprimir\u00e1 unos 15.600 empleos en el marco de su plan de recuperaci\u00f3n y recibir\u00e1 una inyecci\u00f3n de capitales p\u00fablicos de 300.000 millones de yenes (2.300 millones de euros), anunci\u00f3 por su parte el Gobierno.<\/div>\n<div style=\"text-align: justify\"><\/div>\n<div style=\"text-align: justify\"><strong>Aeronoticias<\/strong> considera que la crisis aeron\u00e1utica y econ\u00f3mica mundial ha hecho estragos en muchas de las empresas m\u00e1s importantes del transporte a\u00e9reo, hace poco tuvimos que anunciar la quiebra de Air Comet, ahora es el turno de Japan Airlines, quienes presa de pol\u00edticas econ\u00f3micas complicadas se han visto obligadas a declararse en banca rota.<\/div>\n<div style=\"text-align: justify\"><\/div>\n","protected":false},"excerpt":{"rendered":"<p>De esta manera, el gobierno del primer ministro Yukio Hayoyama, quien asumi\u00f3 hace apenas cuatro meses, permite que por primera vez se declare en bancarrota, fuera del sector financiero, una de las grandes compa\u00f1\u00edas con una larga historia en Jap\u00f3n, la l\u00ednea de bandera del pa\u00eds oriental Japan Airlines se declar\u00f3 \u00a0en banca rota. El [&hellip;]<\/p>\n","protected":false},"author":1,"featured_media":0,"comment_status":"open","ping_status":"open","sticky":false,"template":"","format":"standard","meta":{"tdm_status":"","tdm_grid_status":"","footnotes":""},"categories":[32],"tags":[],"class_list":{"0":"post-8249","1":"post","2":"type-post","3":"status-publish","4":"format-standard","6":"category-internacional"},"yoast_head":"<!-- This site is optimized with the Yoast SEO plugin v25.1 - https:\/\/yoast.com\/wordpress\/plugins\/seo\/ -->\n<title>La l\u00ednea de bandera japonesa, Japan Airlines se declara en bancarrota<\/title>\n<meta name=\"description\" content=\"Portal de noticias del Per\u00fa sobre el transporte a\u00e9reo, aviaci\u00f3n, turismo, hoteleria, actualidad.\" \/>\n<meta name=\"robots\" content=\"index, follow, max-snippet:-1, max-image-preview:large, max-video-preview:-1\" \/>\n<link rel=\"canonical\" href=\"https:\/\/aeronoticias.com.pe\/noticiero\/transporte-aereo\/internacional\/la-linea-de-bandera-japonesa-japan-airlines-se-declara-en-bancarrota\/\" \/>\n<meta property=\"og:locale\" content=\"es_ES\" \/>\n<meta property=\"og:type\" content=\"article\" \/>\n<meta property=\"og:title\" content=\"La l\u00ednea de bandera japonesa, Japan Airlines se declara en bancarrota\" \/>\n<meta property=\"og:description\" content=\"Portal de noticias del Per\u00fa sobre el transporte a\u00e9reo, aviaci\u00f3n, turismo, hoteleria, actualidad.\" \/>\n<meta property=\"og:url\" content=\"https:\/\/aeronoticias.com.pe\/noticiero\/transporte-aereo\/internacional\/la-linea-de-bandera-japonesa-japan-airlines-se-declara-en-bancarrota\/\" \/>\n<meta property=\"og:site_name\" content=\"Aeronoticias.com.pe\" \/>\n<meta property=\"article:publisher\" content=\"https:\/\/www.facebook.com\/Aeronoticias.com.pe\/\" \/>\n<meta property=\"article:published_time\" content=\"2010-01-19T14:17:17+00:00\" \/>\n<meta name=\"author\" content=\"Redacci\u00f3n Aeronoticias\" \/>\n<meta name=\"twitter:card\" content=\"summary_large_image\" \/>\n<meta name=\"twitter:creator\" content=\"@aeronoticias\" \/>\n<meta name=\"twitter:site\" content=\"@aeronoticias\" \/>\n<meta name=\"twitter:label1\" content=\"Escrito por\" \/>\n\t<meta name=\"twitter:data1\" content=\"Redacci\u00f3n Aeronoticias\" \/>\n\t<meta name=\"twitter:label2\" content=\"Tiempo de lectura\" \/>\n\t<meta name=\"twitter:data2\" content=\"2 minutos\" \/>\n<script type=\"application\/ld+json\" class=\"yoast-schema-graph\">{\"@context\":\"https:\/\/schema.org\",\"@graph\":[{\"@type\":\"WebPage\",\"@id\":\"https:\/\/aeronoticias.com.pe\/noticiero\/transporte-aereo\/internacional\/la-linea-de-bandera-japonesa-japan-airlines-se-declara-en-bancarrota\/\",\"url\":\"https:\/\/aeronoticias.com.pe\/noticiero\/transporte-aereo\/internacional\/la-linea-de-bandera-japonesa-japan-airlines-se-declara-en-bancarrota\/\",\"name\":\"La l\u00ednea de bandera japonesa, Japan Airlines se declara en bancarrota\",\"isPartOf\":{\"@id\":\"https:\/\/aeronoticias.com.pe\/noticiero\/#website\"},\"datePublished\":\"2010-01-19T14:17:17+00:00\",\"author\":{\"@id\":\"https:\/\/aeronoticias.com.pe\/noticiero\/#\/schema\/person\/fc1e5d578f4b62ba1cf7ac2bba1170a0\"},\"description\":\"Portal de noticias del Per\u00fa sobre el transporte a\u00e9reo, aviaci\u00f3n, turismo, hoteleria, actualidad.\",\"breadcrumb\":{\"@id\":\"https:\/\/aeronoticias.com.pe\/noticiero\/transporte-aereo\/internacional\/la-linea-de-bandera-japonesa-japan-airlines-se-declara-en-bancarrota\/#breadcrumb\"},\"inLanguage\":\"es\",\"potentialAction\":[{\"@type\":\"ReadAction\",\"target\":[\"https:\/\/aeronoticias.com.pe\/noticiero\/transporte-aereo\/internacional\/la-linea-de-bandera-japonesa-japan-airlines-se-declara-en-bancarrota\/\"]}]},{\"@type\":\"BreadcrumbList\",\"@id\":\"https:\/\/aeronoticias.com.pe\/noticiero\/transporte-aereo\/internacional\/la-linea-de-bandera-japonesa-japan-airlines-se-declara-en-bancarrota\/#breadcrumb\",\"itemListElement\":[{\"@type\":\"ListItem\",\"position\":1,\"name\":\"Portada\",\"item\":\"https:\/\/aeronoticias.com.pe\/noticiero\/\"},{\"@type\":\"ListItem\",\"position\":2,\"name\":\"La l\u00ednea de bandera japonesa, Japan Airlines se declara en bancarrota\"}]},{\"@type\":\"WebSite\",\"@id\":\"https:\/\/aeronoticias.com.pe\/noticiero\/#website\",\"url\":\"https:\/\/aeronoticias.com.pe\/noticiero\/\",\"name\":\"Aeronoticias.com.pe\",\"description\":\"Noticias de tranporte aereo, turismo, hoteles, gastronomia, actualidad, internacional\",\"potentialAction\":[{\"@type\":\"SearchAction\",\"target\":{\"@type\":\"EntryPoint\",\"urlTemplate\":\"https:\/\/aeronoticias.com.pe\/noticiero\/?s={search_term_string}\"},\"query-input\":{\"@type\":\"PropertyValueSpecification\",\"valueRequired\":true,\"valueName\":\"search_term_string\"}}],\"inLanguage\":\"es\"},{\"@type\":\"Person\",\"@id\":\"https:\/\/aeronoticias.com.pe\/noticiero\/#\/schema\/person\/fc1e5d578f4b62ba1cf7ac2bba1170a0\",\"name\":\"Redacci\u00f3n Aeronoticias\",\"url\":\"https:\/\/aeronoticias.com.pe\/noticiero\/author\/piloto\/\"}]}<\/script>\n<!-- \/ Yoast SEO plugin. -->","yoast_head_json":{"title":"La l\u00ednea de bandera japonesa, Japan Airlines se declara en bancarrota","description":"Portal de noticias del Per\u00fa sobre el transporte a\u00e9reo, aviaci\u00f3n, turismo, hoteleria, actualidad.","robots":{"index":"index","follow":"follow","max-snippet":"max-snippet:-1","max-image-preview":"max-image-preview:large","max-video-preview":"max-video-preview:-1"},"canonical":"https:\/\/aeronoticias.com.pe\/noticiero\/transporte-aereo\/internacional\/la-linea-de-bandera-japonesa-japan-airlines-se-declara-en-bancarrota\/","og_locale":"es_ES","og_type":"article","og_title":"La l\u00ednea de bandera japonesa, Japan Airlines se declara en bancarrota","og_description":"Portal de noticias del Per\u00fa sobre el transporte a\u00e9reo, aviaci\u00f3n, turismo, hoteleria, actualidad.","og_url":"https:\/\/aeronoticias.com.pe\/noticiero\/transporte-aereo\/internacional\/la-linea-de-bandera-japonesa-japan-airlines-se-declara-en-bancarrota\/","og_site_name":"Aeronoticias.com.pe","article_publisher":"https:\/\/www.facebook.com\/Aeronoticias.com.pe\/","article_published_time":"2010-01-19T14:17:17+00:00","author":"Redacci\u00f3n Aeronoticias","twitter_card":"summary_large_image","twitter_creator":"@aeronoticias","twitter_site":"@aeronoticias","twitter_misc":{"Escrito por":"Redacci\u00f3n Aeronoticias","Tiempo de lectura":"2 minutos"},"schema":{"@context":"https:\/\/schema.org","@graph":[{"@type":"WebPage","@id":"https:\/\/aeronoticias.com.pe\/noticiero\/transporte-aereo\/internacional\/la-linea-de-bandera-japonesa-japan-airlines-se-declara-en-bancarrota\/","url":"https:\/\/aeronoticias.com.pe\/noticiero\/transporte-aereo\/internacional\/la-linea-de-bandera-japonesa-japan-airlines-se-declara-en-bancarrota\/","name":"La l\u00ednea de bandera japonesa, Japan Airlines se declara en bancarrota","isPartOf":{"@id":"https:\/\/aeronoticias.com.pe\/noticiero\/#website"},"datePublished":"2010-01-19T14:17:17+00:00","author":{"@id":"https:\/\/aeronoticias.com.pe\/noticiero\/#\/schema\/person\/fc1e5d578f4b62ba1cf7ac2bba1170a0"},"description":"Portal de noticias del Per\u00fa sobre el transporte a\u00e9reo, aviaci\u00f3n, turismo, hoteleria, actualidad.","breadcrumb":{"@id":"https:\/\/aeronoticias.com.pe\/noticiero\/transporte-aereo\/internacional\/la-linea-de-bandera-japonesa-japan-airlines-se-declara-en-bancarrota\/#breadcrumb"},"inLanguage":"es","potentialAction":[{"@type":"ReadAction","target":["https:\/\/aeronoticias.com.pe\/noticiero\/transporte-aereo\/internacional\/la-linea-de-bandera-japonesa-japan-airlines-se-declara-en-bancarrota\/"]}]},{"@type":"BreadcrumbList","@id":"https:\/\/aeronoticias.com.pe\/noticiero\/transporte-aereo\/internacional\/la-linea-de-bandera-japonesa-japan-airlines-se-declara-en-bancarrota\/#breadcrumb","itemListElement":[{"@type":"ListItem","position":1,"name":"Portada","item":"https:\/\/aeronoticias.com.pe\/noticiero\/"},{"@type":"ListItem","position":2,"name":"La l\u00ednea de bandera japonesa, Japan Airlines se declara en bancarrota"}]},{"@type":"WebSite","@id":"https:\/\/aeronoticias.com.pe\/noticiero\/#website","url":"https:\/\/aeronoticias.com.pe\/noticiero\/","name":"Aeronoticias.com.pe","description":"Noticias de tranporte aereo, turismo, hoteles, gastronomia, actualidad, internacional","potentialAction":[{"@type":"SearchAction","target":{"@type":"EntryPoint","urlTemplate":"https:\/\/aeronoticias.com.pe\/noticiero\/?s={search_term_string}"},"query-input":{"@type":"PropertyValueSpecification","valueRequired":true,"valueName":"search_term_string"}}],"inLanguage":"es"},{"@type":"Person","@id":"https:\/\/aeronoticias.com.pe\/noticiero\/#\/schema\/person\/fc1e5d578f4b62ba1cf7ac2bba1170a0","name":"Redacci\u00f3n Aeronoticias","url":"https:\/\/aeronoticias.com.pe\/noticiero\/author\/piloto\/"}]}},"_links":{"self":[{"href":"https:\/\/aeronoticias.com.pe\/noticiero\/wp-json\/wp\/v2\/posts\/8249","targetHints":{"allow":["GET"]}}],"collection":[{"href":"https:\/\/aeronoticias.com.pe\/noticiero\/wp-json\/wp\/v2\/posts"}],"about":[{"href":"https:\/\/aeronoticias.com.pe\/noticiero\/wp-json\/wp\/v2\/types\/post"}],"author":[{"embeddable":true,"href":"https:\/\/aeronoticias.com.pe\/noticiero\/wp-json\/wp\/v2\/users\/1"}],"replies":[{"embeddable":true,"href":"https:\/\/aeronoticias.com.pe\/noticiero\/wp-json\/wp\/v2\/comments?post=8249"}],"version-history":[{"count":0,"href":"https:\/\/aeronoticias.com.pe\/noticiero\/wp-json\/wp\/v2\/posts\/8249\/revisions"}],"wp:attachment":[{"href":"https:\/\/aeronoticias.com.pe\/noticiero\/wp-json\/wp\/v2\/media?parent=8249"}],"wp:term":[{"taxonomy":"category","embeddable":true,"href":"https:\/\/aeronoticias.com.pe\/noticiero\/wp-json\/wp\/v2\/categories?post=8249"},{"taxonomy":"post_tag","embeddable":true,"href":"https:\/\/aeronoticias.com.pe\/noticiero\/wp-json\/wp\/v2\/tags?post=8249"}],"curies":[{"name":"wp","href":"https:\/\/api.w.org\/{rel}","templated":true}]}}