{"id":8250,"date":"2010-01-19T14:22:10","date_gmt":"2010-01-19T14:22:10","guid":{"rendered":"http:\/\/desarrollo.mcvicious.com\/aero2020\/2010\/01\/19\/mincetur-participara-en-reunion-mundial-del-cluster-de-servicios-de-la-omc-en-febrero\/"},"modified":"2010-01-19T14:22:10","modified_gmt":"2010-01-19T14:22:10","slug":"mincetur-participara-en-reunion-mundial-del-cluster-de-servicios-de-la-omc-en-febrero","status":"publish","type":"post","link":"https:\/\/aeronoticias.com.pe\/noticiero\/economia\/mincetur-participara-en-reunion-mundial-del-cluster-de-servicios-de-la-omc-en-febrero\/","title":{"rendered":"Mincetur participar\u00e1 en reuni\u00f3n mundial del Cluster de Servicios de la OMC en febrero"},"content":{"rendered":"<div style=\"text-align: justify\">El Ministerio de Comercio Exterior y Turismo (Mincetur) inform\u00f3 hoy que enviar\u00e1 un representante a la ciudad de Ginebra en Suiza para que participe en la reuni\u00f3n de la Organizaci\u00f3n Mundial del Comercio (OMC) sobre el Cluster de Servicios, la cual se realizar\u00e1 del 1 al 5 de febrero.\u00a0Seg\u00fan una resoluci\u00f3n suprema del Mincetur, publicada hoy, se autoriz\u00f3 el viaje a Suiza del representante del Viceministerio de Comercio Exterior del Mincetur, Jos\u00e9 Luis Castillo Mezarina, a Ginebra del 30 de enero al 6 de febrero para que participe en las reuniones de la OMC.<\/div>\n<div style=\"text-align: justify\"><\/div>\n<div style=\"text-align: justify\">Durante las reuniones del Cluster de Servicios de la OMC se llevar\u00e1n a cabo reuniones bilaterales y plurilaterales de negociaci\u00f3n y los pa\u00edses participantes buscar\u00e1n los mayores niveles de compromisos posibles con respecto a los sectores de inter\u00e9s de los pa\u00edses miembro.\u00a0La Misi\u00f3n Peruana en Ginebra solicit\u00f3 la participaci\u00f3n de un funcionario del Mincetur en estas reuniones para cumplir satisfactoriamente con la agenda de negociaciones comerciales de la OMC.<\/div>\n<div style=\"text-align: justify\">\n<div style=\"text-align: center\"><img decoding=\"async\" src=\"images\/stories\/10\/01\/190110\/trader.jpg\" border=\"0\" alt=\"Mincetur participar\u00e1 en reuni\u00f3n mundial del Cluster de Servicios de la OMC en febrero\" title=\"Mincetur participar\u00e1 en reuni\u00f3n mundial del Cluster de Servicios de la OMC en febrero\" \/><\/div>\n<\/div>\n<div style=\"text-align: justify\">La participaci\u00f3n del Mincetur en las reuniones de la OMC resulta de inter\u00e9s para este sector, teniendo en cuenta que el Per\u00fa ha presentado peticiones colectivas o plurilaterales a un considerable n\u00famero de pa\u00edses en materia de modo 4, software y servicios profesionales.\u00a0Tambi\u00e9n hizo peticiones bilaterales a m\u00e1s de 42 pa\u00edses entre los a\u00f1os 2003 y 2005, lo que le permite tener un amplio margen de negociaci\u00f3n.<\/div>\n<div style=\"text-align: justify\"><\/div>\n<div style=\"text-align: justify\">Cabe se\u00f1alar que el Mincetur es el organismo p\u00fablico responsable de velar por el cumplimiento de los acuerdos o convenios internacionales, en materia de comercio exterior e integraci\u00f3n, en coordinaci\u00f3n con los distintos sectores del gobierno, en el \u00e1mbito de sus respectivas competencias.<\/div>\n<div style=\"text-align: justify\"><\/div>\n","protected":false},"excerpt":{"rendered":"<p>El Ministerio de Comercio Exterior y Turismo (Mincetur) inform\u00f3 hoy que enviar\u00e1 un representante a la ciudad de Ginebra en Suiza para que participe en la reuni\u00f3n de la Organizaci\u00f3n Mundial del Comercio (OMC) sobre el Cluster de Servicios, la cual se realizar\u00e1 del 1 al 5 de febrero.\u00a0Seg\u00fan una resoluci\u00f3n suprema del Mincetur, publicada [&hellip;]<\/p>\n","protected":false},"author":1,"featured_media":0,"comment_status":"open","ping_status":"open","sticky":false,"template":"","format":"standard","meta":{"tdm_status":"","tdm_grid_status":"","footnotes":""},"categories":[33],"tags":[],"class_list":{"0":"post-8250","1":"post","2":"type-post","3":"status-publish","4":"format-standard","6":"category-economia"},"yoast_head":"<!-- This site is optimized with the Yoast SEO plugin v25.1 - https:\/\/yoast.com\/wordpress\/plugins\/seo\/ -->\n<title>Mincetur participar\u00e1 en reuni\u00f3n mundial del Cluster de Servicios de la OMC en febrero<\/title>\n<meta name=\"description\" content=\"Portal de noticias del Per\u00fa sobre el transporte a\u00e9reo, aviaci\u00f3n, turismo, hoteleria, actualidad.\" \/>\n<meta name=\"robots\" content=\"index, follow, max-snippet:-1, max-image-preview:large, max-video-preview:-1\" \/>\n<link rel=\"canonical\" href=\"https:\/\/aeronoticias.com.pe\/noticiero\/economia\/mincetur-participara-en-reunion-mundial-del-cluster-de-servicios-de-la-omc-en-febrero\/\" \/>\n<meta property=\"og:locale\" content=\"es_ES\" \/>\n<meta property=\"og:type\" content=\"article\" \/>\n<meta property=\"og:title\" content=\"Mincetur participar\u00e1 en reuni\u00f3n mundial del Cluster de Servicios de la OMC en febrero\" \/>\n<meta property=\"og:description\" content=\"Portal de noticias del Per\u00fa sobre el transporte a\u00e9reo, aviaci\u00f3n, turismo, hoteleria, actualidad.\" \/>\n<meta property=\"og:url\" content=\"https:\/\/aeronoticias.com.pe\/noticiero\/economia\/mincetur-participara-en-reunion-mundial-del-cluster-de-servicios-de-la-omc-en-febrero\/\" \/>\n<meta property=\"og:site_name\" content=\"Aeronoticias.com.pe\" \/>\n<meta property=\"article:publisher\" content=\"https:\/\/www.facebook.com\/Aeronoticias.com.pe\/\" \/>\n<meta property=\"article:published_time\" content=\"2010-01-19T14:22:10+00:00\" \/>\n<meta name=\"author\" content=\"Redacci\u00f3n Aeronoticias\" \/>\n<meta name=\"twitter:card\" content=\"summary_large_image\" \/>\n<meta name=\"twitter:creator\" content=\"@aeronoticias\" \/>\n<meta name=\"twitter:site\" content=\"@aeronoticias\" \/>\n<meta name=\"twitter:label1\" content=\"Escrito por\" \/>\n\t<meta name=\"twitter:data1\" content=\"Redacci\u00f3n Aeronoticias\" \/>\n\t<meta name=\"twitter:label2\" content=\"Tiempo de lectura\" \/>\n\t<meta name=\"twitter:data2\" content=\"1 minuto\" \/>\n<script type=\"application\/ld+json\" class=\"yoast-schema-graph\">{\"@context\":\"https:\/\/schema.org\",\"@graph\":[{\"@type\":\"WebPage\",\"@id\":\"https:\/\/aeronoticias.com.pe\/noticiero\/economia\/mincetur-participara-en-reunion-mundial-del-cluster-de-servicios-de-la-omc-en-febrero\/\",\"url\":\"https:\/\/aeronoticias.com.pe\/noticiero\/economia\/mincetur-participara-en-reunion-mundial-del-cluster-de-servicios-de-la-omc-en-febrero\/\",\"name\":\"Mincetur participar\u00e1 en reuni\u00f3n mundial del Cluster de Servicios de la OMC en febrero\",\"isPartOf\":{\"@id\":\"https:\/\/aeronoticias.com.pe\/noticiero\/#website\"},\"datePublished\":\"2010-01-19T14:22:10+00:00\",\"author\":{\"@id\":\"https:\/\/aeronoticias.com.pe\/noticiero\/#\/schema\/person\/fc1e5d578f4b62ba1cf7ac2bba1170a0\"},\"description\":\"Portal de noticias del Per\u00fa sobre el transporte a\u00e9reo, aviaci\u00f3n, turismo, hoteleria, actualidad.\",\"breadcrumb\":{\"@id\":\"https:\/\/aeronoticias.com.pe\/noticiero\/economia\/mincetur-participara-en-reunion-mundial-del-cluster-de-servicios-de-la-omc-en-febrero\/#breadcrumb\"},\"inLanguage\":\"es\",\"potentialAction\":[{\"@type\":\"ReadAction\",\"target\":[\"https:\/\/aeronoticias.com.pe\/noticiero\/economia\/mincetur-participara-en-reunion-mundial-del-cluster-de-servicios-de-la-omc-en-febrero\/\"]}]},{\"@type\":\"BreadcrumbList\",\"@id\":\"https:\/\/aeronoticias.com.pe\/noticiero\/economia\/mincetur-participara-en-reunion-mundial-del-cluster-de-servicios-de-la-omc-en-febrero\/#breadcrumb\",\"itemListElement\":[{\"@type\":\"ListItem\",\"position\":1,\"name\":\"Portada\",\"item\":\"https:\/\/aeronoticias.com.pe\/noticiero\/\"},{\"@type\":\"ListItem\",\"position\":2,\"name\":\"Mincetur participar\u00e1 en reuni\u00f3n mundial del Cluster de Servicios de la OMC en febrero\"}]},{\"@type\":\"WebSite\",\"@id\":\"https:\/\/aeronoticias.com.pe\/noticiero\/#website\",\"url\":\"https:\/\/aeronoticias.com.pe\/noticiero\/\",\"name\":\"Aeronoticias.com.pe\",\"description\":\"Noticias de tranporte aereo, turismo, hoteles, gastronomia, actualidad, internacional\",\"potentialAction\":[{\"@type\":\"SearchAction\",\"target\":{\"@type\":\"EntryPoint\",\"urlTemplate\":\"https:\/\/aeronoticias.com.pe\/noticiero\/?s={search_term_string}\"},\"query-input\":{\"@type\":\"PropertyValueSpecification\",\"valueRequired\":true,\"valueName\":\"search_term_string\"}}],\"inLanguage\":\"es\"},{\"@type\":\"Person\",\"@id\":\"https:\/\/aeronoticias.com.pe\/noticiero\/#\/schema\/person\/fc1e5d578f4b62ba1cf7ac2bba1170a0\",\"name\":\"Redacci\u00f3n Aeronoticias\",\"url\":\"https:\/\/aeronoticias.com.pe\/noticiero\/author\/piloto\/\"}]}<\/script>\n<!-- \/ Yoast SEO plugin. -->","yoast_head_json":{"title":"Mincetur participar\u00e1 en reuni\u00f3n mundial del Cluster de Servicios de la OMC en febrero","description":"Portal de noticias del Per\u00fa sobre el transporte a\u00e9reo, aviaci\u00f3n, turismo, hoteleria, actualidad.","robots":{"index":"index","follow":"follow","max-snippet":"max-snippet:-1","max-image-preview":"max-image-preview:large","max-video-preview":"max-video-preview:-1"},"canonical":"https:\/\/aeronoticias.com.pe\/noticiero\/economia\/mincetur-participara-en-reunion-mundial-del-cluster-de-servicios-de-la-omc-en-febrero\/","og_locale":"es_ES","og_type":"article","og_title":"Mincetur participar\u00e1 en reuni\u00f3n mundial del Cluster de Servicios de la OMC en febrero","og_description":"Portal de noticias del Per\u00fa sobre el transporte a\u00e9reo, aviaci\u00f3n, turismo, hoteleria, actualidad.","og_url":"https:\/\/aeronoticias.com.pe\/noticiero\/economia\/mincetur-participara-en-reunion-mundial-del-cluster-de-servicios-de-la-omc-en-febrero\/","og_site_name":"Aeronoticias.com.pe","article_publisher":"https:\/\/www.facebook.com\/Aeronoticias.com.pe\/","article_published_time":"2010-01-19T14:22:10+00:00","author":"Redacci\u00f3n Aeronoticias","twitter_card":"summary_large_image","twitter_creator":"@aeronoticias","twitter_site":"@aeronoticias","twitter_misc":{"Escrito por":"Redacci\u00f3n Aeronoticias","Tiempo de lectura":"1 minuto"},"schema":{"@context":"https:\/\/schema.org","@graph":[{"@type":"WebPage","@id":"https:\/\/aeronoticias.com.pe\/noticiero\/economia\/mincetur-participara-en-reunion-mundial-del-cluster-de-servicios-de-la-omc-en-febrero\/","url":"https:\/\/aeronoticias.com.pe\/noticiero\/economia\/mincetur-participara-en-reunion-mundial-del-cluster-de-servicios-de-la-omc-en-febrero\/","name":"Mincetur participar\u00e1 en reuni\u00f3n mundial del Cluster de Servicios de la OMC en febrero","isPartOf":{"@id":"https:\/\/aeronoticias.com.pe\/noticiero\/#website"},"datePublished":"2010-01-19T14:22:10+00:00","author":{"@id":"https:\/\/aeronoticias.com.pe\/noticiero\/#\/schema\/person\/fc1e5d578f4b62ba1cf7ac2bba1170a0"},"description":"Portal de noticias del Per\u00fa sobre el transporte a\u00e9reo, aviaci\u00f3n, turismo, hoteleria, actualidad.","breadcrumb":{"@id":"https:\/\/aeronoticias.com.pe\/noticiero\/economia\/mincetur-participara-en-reunion-mundial-del-cluster-de-servicios-de-la-omc-en-febrero\/#breadcrumb"},"inLanguage":"es","potentialAction":[{"@type":"ReadAction","target":["https:\/\/aeronoticias.com.pe\/noticiero\/economia\/mincetur-participara-en-reunion-mundial-del-cluster-de-servicios-de-la-omc-en-febrero\/"]}]},{"@type":"BreadcrumbList","@id":"https:\/\/aeronoticias.com.pe\/noticiero\/economia\/mincetur-participara-en-reunion-mundial-del-cluster-de-servicios-de-la-omc-en-febrero\/#breadcrumb","itemListElement":[{"@type":"ListItem","position":1,"name":"Portada","item":"https:\/\/aeronoticias.com.pe\/noticiero\/"},{"@type":"ListItem","position":2,"name":"Mincetur participar\u00e1 en reuni\u00f3n mundial del Cluster de Servicios de la OMC en febrero"}]},{"@type":"WebSite","@id":"https:\/\/aeronoticias.com.pe\/noticiero\/#website","url":"https:\/\/aeronoticias.com.pe\/noticiero\/","name":"Aeronoticias.com.pe","description":"Noticias de tranporte aereo, turismo, hoteles, gastronomia, actualidad, internacional","potentialAction":[{"@type":"SearchAction","target":{"@type":"EntryPoint","urlTemplate":"https:\/\/aeronoticias.com.pe\/noticiero\/?s={search_term_string}"},"query-input":{"@type":"PropertyValueSpecification","valueRequired":true,"valueName":"search_term_string"}}],"inLanguage":"es"},{"@type":"Person","@id":"https:\/\/aeronoticias.com.pe\/noticiero\/#\/schema\/person\/fc1e5d578f4b62ba1cf7ac2bba1170a0","name":"Redacci\u00f3n Aeronoticias","url":"https:\/\/aeronoticias.com.pe\/noticiero\/author\/piloto\/"}]}},"_links":{"self":[{"href":"https:\/\/aeronoticias.com.pe\/noticiero\/wp-json\/wp\/v2\/posts\/8250","targetHints":{"allow":["GET"]}}],"collection":[{"href":"https:\/\/aeronoticias.com.pe\/noticiero\/wp-json\/wp\/v2\/posts"}],"about":[{"href":"https:\/\/aeronoticias.com.pe\/noticiero\/wp-json\/wp\/v2\/types\/post"}],"author":[{"embeddable":true,"href":"https:\/\/aeronoticias.com.pe\/noticiero\/wp-json\/wp\/v2\/users\/1"}],"replies":[{"embeddable":true,"href":"https:\/\/aeronoticias.com.pe\/noticiero\/wp-json\/wp\/v2\/comments?post=8250"}],"version-history":[{"count":0,"href":"https:\/\/aeronoticias.com.pe\/noticiero\/wp-json\/wp\/v2\/posts\/8250\/revisions"}],"wp:attachment":[{"href":"https:\/\/aeronoticias.com.pe\/noticiero\/wp-json\/wp\/v2\/media?parent=8250"}],"wp:term":[{"taxonomy":"category","embeddable":true,"href":"https:\/\/aeronoticias.com.pe\/noticiero\/wp-json\/wp\/v2\/categories?post=8250"},{"taxonomy":"post_tag","embeddable":true,"href":"https:\/\/aeronoticias.com.pe\/noticiero\/wp-json\/wp\/v2\/tags?post=8250"}],"curies":[{"name":"wp","href":"https:\/\/api.w.org\/{rel}","templated":true}]}}