{"id":8251,"date":"2010-01-19T14:23:37","date_gmt":"2010-01-19T14:23:37","guid":{"rendered":"http:\/\/desarrollo.mcvicious.com\/aero2020\/2010\/01\/19\/jovenes-artistas-peruanos-expondran-en-galeria-de-stuttgart\/"},"modified":"2010-01-19T14:23:37","modified_gmt":"2010-01-19T14:23:37","slug":"jovenes-artistas-peruanos-expondran-en-galeria-de-stuttgart","status":"publish","type":"post","link":"https:\/\/aeronoticias.com.pe\/noticiero\/turismo\/13\/jovenes-artistas-peruanos-expondran-en-galeria-de-stuttgart\/","title":{"rendered":"J\u00f3venes artistas peruanos expondr\u00e1n en galer\u00eda de Stuttgart, Alemania"},"content":{"rendered":"<p style=\"text-align: justify; margin-bottom: 0.0001pt\" class=\"MsoNormal\">Esta semana se est\u00e1 inaugurando en la galer\u00eda El Pac\u00edfico de Stuttgart, Alemania, la muestra Pintura peruana actual. En ella, un heterog\u00e9neo grupo de j\u00f3venes creadores nacionales dar\u00e1 a conocer las actuales tendencias del arte en el pa\u00eds. Esta variopinta selecci\u00f3n, en la que se incluye nombres de habituales ganadores de concursos como John Chauca o Jos\u00e9 Luis Carranza, ya viene participando en proyectos conjuntos desde hace un tiempo.<\/p>\n<p style=\"text-align: justify; margin-bottom: 0.0001pt\" class=\"MsoNormal\"><span>Iv\u00e1n Fern\u00e1ndez-D\u00e1vila, uno de los expositores y curador de la exposici\u00f3n, recuerda que ya antes han colaborado juntos como en el caso del libro de arte er\u00f3tico 69, publicado el a\u00f1o pasado, y en varias colectivas. Es justamente en uno de \u00e9stas, realizada el a\u00f1o pasado en la embajada peruana en Inglaterra, en que surgi\u00f3 la posibilidad de llevar su trabajo a Alemania.<br \/><\/span><\/p>\n<div style=\"text-align: center\"><img decoding=\"async\" src=\"images\/stories\/10\/01\/190110\/galerie.jpg\" border=\"0\" alt=\"J\u00f3venes artistas peruanos expondr\u00e1n en galer\u00eda de Stuttgart, Alemania\" title=\"J\u00f3venes artistas peruanos expondr\u00e1n en galer\u00eda de Stuttgart, Alemania\" \/><\/div>\n<p><\/p>\n<p>&nbsp;<\/p>\n<p style=\"text-align: justify; margin-bottom: 0.0001pt\" class=\"MsoNormal\">Seg\u00fan se\u00f1ala Fern\u00e1ndez-D\u00e1vila, la due\u00f1a de la galer\u00eda El Pac\u00edfico, especializada en el arte actual de Am\u00e9rica Latina, despu\u00e9s de apreciar dicha muestra se mostr\u00f3 interesada en inaugurar la temporada de 2010 con una similar, en la que diera al p\u00fablico germano una idea del arte peruano de hoy. Los habituales compa\u00f1eros de ruta, que evitan ponerse alg\u00fan nombre de grupo, ya han enviado a Europa las obras que deber\u00e1n cumplir este cometido.<\/p>\n<p style=\"text-align: justify; margin-bottom: 0.0001pt\" class=\"MsoNormal\">Sobre la selecci\u00f3n, Fern\u00e1ndez-D\u00e1vila declara que \u201clas presentes obras, son un peque\u00f1o muestrario de las diversas tendencias entre los artistas actuales en el Per\u00fa. Hay una inclinaci\u00f3n mayoritaria hacia la figuraci\u00f3n, como en la mayor parte del mundo. Los artistas aqu\u00ed presentados se orientan tambi\u00e9n en buena parte hacia el expresionismo, escuela netamente germ\u00e1nica\u201d.<\/p>\n<p style=\"text-align: justify; margin-bottom: 0.0001pt\" class=\"MsoNormal\">Otro dato que proporciona es que no ser\u00e1 la \u00faltima vez que este conjunto de artistas se presentar\u00e1 unido. Por lo pronto, ya hay el compromiso de efectuar algunas presentaciones m\u00e1s en el Viejo Continente.<\/p>\n<p style=\"text-align: justify; margin-bottom: 0.0001pt\" class=\"MsoNormal\"><strong>Datos<\/strong><\/p>\n<p style=\"text-align: justify; margin-bottom: 0.0001pt\" class=\"MsoNormal\"><span>Participan en esta muestra Renzo N\u00fa\u00f1ez-Melgar, John Chauca,<\/span><\/p>\n<p style=\"text-align: justify; margin-bottom: 0.0001pt\" class=\"MsoNormal\"><span>Elizabeth L\u00f3pez Avil\u00e9s, Shila Acosta, Jack Caballero, Jos\u00e9 Luis Carranza, Marcos Palacios, Valia Llanos, Iv\u00e1n Fern\u00e1ndez-D\u00e1vila, Giancarlo Le\u00f3n Waller, Jorge Miyagui y Jairo Robinson.<\/span><\/p>\n<p style=\"text-align: justify; margin-bottom: 0.0001pt\" class=\"MsoNormal\"><span>El mismo grupo presentar\u00e1 el 15 de febrero una colectiva en la galer\u00eda Ara\u00f1a de Valencia.<\/span><\/p>\n<p style=\"text-align: justify; margin-bottom: 0.0001pt\" class=\"MsoNormal\"><span>La edad de los artistas fluct\u00faa entre los 23 y 35 a\u00f1os.<\/span><\/p>\n","protected":false},"excerpt":{"rendered":"<p>Esta semana se est\u00e1 inaugurando en la galer\u00eda El Pac\u00edfico de Stuttgart, Alemania, la muestra Pintura peruana actual. En ella, un heterog\u00e9neo grupo de j\u00f3venes creadores nacionales dar\u00e1 a conocer las actuales tendencias del arte en el pa\u00eds. Esta variopinta selecci\u00f3n, en la que se incluye nombres de habituales ganadores de concursos como John Chauca [&hellip;]<\/p>\n","protected":false},"author":1,"featured_media":0,"comment_status":"open","ping_status":"open","sticky":false,"template":"","format":"standard","meta":{"tdm_status":"","tdm_grid_status":"","footnotes":""},"categories":[31],"tags":[],"class_list":{"0":"post-8251","1":"post","2":"type-post","3":"status-publish","4":"format-standard","6":"category-31"},"yoast_head":"<!-- This site is optimized with the Yoast SEO plugin v25.1 - https:\/\/yoast.com\/wordpress\/plugins\/seo\/ -->\n<title>J\u00f3venes artistas peruanos expondr\u00e1n en galer\u00eda de Stuttgart, Alemania<\/title>\n<meta name=\"description\" content=\"Portal de noticias del Per\u00fa sobre el transporte a\u00e9reo, aviaci\u00f3n, turismo, hoteleria, actualidad.\" \/>\n<meta name=\"robots\" content=\"index, follow, max-snippet:-1, max-image-preview:large, max-video-preview:-1\" \/>\n<link rel=\"canonical\" href=\"https:\/\/aeronoticias.com.pe\/noticiero\/turismo\/13\/jovenes-artistas-peruanos-expondran-en-galeria-de-stuttgart\/\" \/>\n<meta property=\"og:locale\" content=\"es_ES\" \/>\n<meta property=\"og:type\" content=\"article\" \/>\n<meta property=\"og:title\" content=\"J\u00f3venes artistas peruanos expondr\u00e1n en galer\u00eda de Stuttgart, Alemania\" \/>\n<meta property=\"og:description\" content=\"Portal de noticias del Per\u00fa sobre el transporte a\u00e9reo, aviaci\u00f3n, turismo, hoteleria, actualidad.\" \/>\n<meta property=\"og:url\" content=\"https:\/\/aeronoticias.com.pe\/noticiero\/turismo\/13\/jovenes-artistas-peruanos-expondran-en-galeria-de-stuttgart\/\" \/>\n<meta property=\"og:site_name\" content=\"Aeronoticias.com.pe\" \/>\n<meta property=\"article:publisher\" content=\"https:\/\/www.facebook.com\/Aeronoticias.com.pe\/\" \/>\n<meta property=\"article:published_time\" content=\"2010-01-19T14:23:37+00:00\" \/>\n<meta name=\"author\" content=\"Redacci\u00f3n Aeronoticias\" \/>\n<meta name=\"twitter:card\" content=\"summary_large_image\" \/>\n<meta name=\"twitter:creator\" content=\"@aeronoticias\" \/>\n<meta name=\"twitter:site\" content=\"@aeronoticias\" \/>\n<meta name=\"twitter:label1\" content=\"Escrito por\" \/>\n\t<meta name=\"twitter:data1\" content=\"Redacci\u00f3n Aeronoticias\" \/>\n\t<meta name=\"twitter:label2\" content=\"Tiempo de lectura\" \/>\n\t<meta name=\"twitter:data2\" content=\"2 minutos\" \/>\n<script type=\"application\/ld+json\" class=\"yoast-schema-graph\">{\"@context\":\"https:\/\/schema.org\",\"@graph\":[{\"@type\":\"WebPage\",\"@id\":\"https:\/\/aeronoticias.com.pe\/noticiero\/turismo\/13\/jovenes-artistas-peruanos-expondran-en-galeria-de-stuttgart\/\",\"url\":\"https:\/\/aeronoticias.com.pe\/noticiero\/turismo\/13\/jovenes-artistas-peruanos-expondran-en-galeria-de-stuttgart\/\",\"name\":\"J\u00f3venes artistas peruanos expondr\u00e1n en galer\u00eda de Stuttgart, Alemania\",\"isPartOf\":{\"@id\":\"https:\/\/aeronoticias.com.pe\/noticiero\/#website\"},\"datePublished\":\"2010-01-19T14:23:37+00:00\",\"author\":{\"@id\":\"https:\/\/aeronoticias.com.pe\/noticiero\/#\/schema\/person\/fc1e5d578f4b62ba1cf7ac2bba1170a0\"},\"description\":\"Portal de noticias del Per\u00fa sobre el transporte a\u00e9reo, aviaci\u00f3n, turismo, hoteleria, actualidad.\",\"breadcrumb\":{\"@id\":\"https:\/\/aeronoticias.com.pe\/noticiero\/turismo\/13\/jovenes-artistas-peruanos-expondran-en-galeria-de-stuttgart\/#breadcrumb\"},\"inLanguage\":\"es\",\"potentialAction\":[{\"@type\":\"ReadAction\",\"target\":[\"https:\/\/aeronoticias.com.pe\/noticiero\/turismo\/13\/jovenes-artistas-peruanos-expondran-en-galeria-de-stuttgart\/\"]}]},{\"@type\":\"BreadcrumbList\",\"@id\":\"https:\/\/aeronoticias.com.pe\/noticiero\/turismo\/13\/jovenes-artistas-peruanos-expondran-en-galeria-de-stuttgart\/#breadcrumb\",\"itemListElement\":[{\"@type\":\"ListItem\",\"position\":1,\"name\":\"Portada\",\"item\":\"https:\/\/aeronoticias.com.pe\/noticiero\/\"},{\"@type\":\"ListItem\",\"position\":2,\"name\":\"J\u00f3venes artistas peruanos expondr\u00e1n en galer\u00eda de Stuttgart, Alemania\"}]},{\"@type\":\"WebSite\",\"@id\":\"https:\/\/aeronoticias.com.pe\/noticiero\/#website\",\"url\":\"https:\/\/aeronoticias.com.pe\/noticiero\/\",\"name\":\"Aeronoticias.com.pe\",\"description\":\"Noticias de tranporte aereo, turismo, hoteles, gastronomia, actualidad, internacional\",\"potentialAction\":[{\"@type\":\"SearchAction\",\"target\":{\"@type\":\"EntryPoint\",\"urlTemplate\":\"https:\/\/aeronoticias.com.pe\/noticiero\/?s={search_term_string}\"},\"query-input\":{\"@type\":\"PropertyValueSpecification\",\"valueRequired\":true,\"valueName\":\"search_term_string\"}}],\"inLanguage\":\"es\"},{\"@type\":\"Person\",\"@id\":\"https:\/\/aeronoticias.com.pe\/noticiero\/#\/schema\/person\/fc1e5d578f4b62ba1cf7ac2bba1170a0\",\"name\":\"Redacci\u00f3n Aeronoticias\",\"url\":\"https:\/\/aeronoticias.com.pe\/noticiero\/author\/piloto\/\"}]}<\/script>\n<!-- \/ Yoast SEO plugin. -->","yoast_head_json":{"title":"J\u00f3venes artistas peruanos expondr\u00e1n en galer\u00eda de Stuttgart, Alemania","description":"Portal de noticias del Per\u00fa sobre el transporte a\u00e9reo, aviaci\u00f3n, turismo, hoteleria, actualidad.","robots":{"index":"index","follow":"follow","max-snippet":"max-snippet:-1","max-image-preview":"max-image-preview:large","max-video-preview":"max-video-preview:-1"},"canonical":"https:\/\/aeronoticias.com.pe\/noticiero\/turismo\/13\/jovenes-artistas-peruanos-expondran-en-galeria-de-stuttgart\/","og_locale":"es_ES","og_type":"article","og_title":"J\u00f3venes artistas peruanos expondr\u00e1n en galer\u00eda de Stuttgart, Alemania","og_description":"Portal de noticias del Per\u00fa sobre el transporte a\u00e9reo, aviaci\u00f3n, turismo, hoteleria, actualidad.","og_url":"https:\/\/aeronoticias.com.pe\/noticiero\/turismo\/13\/jovenes-artistas-peruanos-expondran-en-galeria-de-stuttgart\/","og_site_name":"Aeronoticias.com.pe","article_publisher":"https:\/\/www.facebook.com\/Aeronoticias.com.pe\/","article_published_time":"2010-01-19T14:23:37+00:00","author":"Redacci\u00f3n Aeronoticias","twitter_card":"summary_large_image","twitter_creator":"@aeronoticias","twitter_site":"@aeronoticias","twitter_misc":{"Escrito por":"Redacci\u00f3n Aeronoticias","Tiempo de lectura":"2 minutos"},"schema":{"@context":"https:\/\/schema.org","@graph":[{"@type":"WebPage","@id":"https:\/\/aeronoticias.com.pe\/noticiero\/turismo\/13\/jovenes-artistas-peruanos-expondran-en-galeria-de-stuttgart\/","url":"https:\/\/aeronoticias.com.pe\/noticiero\/turismo\/13\/jovenes-artistas-peruanos-expondran-en-galeria-de-stuttgart\/","name":"J\u00f3venes artistas peruanos expondr\u00e1n en galer\u00eda de Stuttgart, Alemania","isPartOf":{"@id":"https:\/\/aeronoticias.com.pe\/noticiero\/#website"},"datePublished":"2010-01-19T14:23:37+00:00","author":{"@id":"https:\/\/aeronoticias.com.pe\/noticiero\/#\/schema\/person\/fc1e5d578f4b62ba1cf7ac2bba1170a0"},"description":"Portal de noticias del Per\u00fa sobre el transporte a\u00e9reo, aviaci\u00f3n, turismo, hoteleria, actualidad.","breadcrumb":{"@id":"https:\/\/aeronoticias.com.pe\/noticiero\/turismo\/13\/jovenes-artistas-peruanos-expondran-en-galeria-de-stuttgart\/#breadcrumb"},"inLanguage":"es","potentialAction":[{"@type":"ReadAction","target":["https:\/\/aeronoticias.com.pe\/noticiero\/turismo\/13\/jovenes-artistas-peruanos-expondran-en-galeria-de-stuttgart\/"]}]},{"@type":"BreadcrumbList","@id":"https:\/\/aeronoticias.com.pe\/noticiero\/turismo\/13\/jovenes-artistas-peruanos-expondran-en-galeria-de-stuttgart\/#breadcrumb","itemListElement":[{"@type":"ListItem","position":1,"name":"Portada","item":"https:\/\/aeronoticias.com.pe\/noticiero\/"},{"@type":"ListItem","position":2,"name":"J\u00f3venes artistas peruanos expondr\u00e1n en galer\u00eda de Stuttgart, Alemania"}]},{"@type":"WebSite","@id":"https:\/\/aeronoticias.com.pe\/noticiero\/#website","url":"https:\/\/aeronoticias.com.pe\/noticiero\/","name":"Aeronoticias.com.pe","description":"Noticias de tranporte aereo, turismo, hoteles, gastronomia, actualidad, internacional","potentialAction":[{"@type":"SearchAction","target":{"@type":"EntryPoint","urlTemplate":"https:\/\/aeronoticias.com.pe\/noticiero\/?s={search_term_string}"},"query-input":{"@type":"PropertyValueSpecification","valueRequired":true,"valueName":"search_term_string"}}],"inLanguage":"es"},{"@type":"Person","@id":"https:\/\/aeronoticias.com.pe\/noticiero\/#\/schema\/person\/fc1e5d578f4b62ba1cf7ac2bba1170a0","name":"Redacci\u00f3n Aeronoticias","url":"https:\/\/aeronoticias.com.pe\/noticiero\/author\/piloto\/"}]}},"_links":{"self":[{"href":"https:\/\/aeronoticias.com.pe\/noticiero\/wp-json\/wp\/v2\/posts\/8251","targetHints":{"allow":["GET"]}}],"collection":[{"href":"https:\/\/aeronoticias.com.pe\/noticiero\/wp-json\/wp\/v2\/posts"}],"about":[{"href":"https:\/\/aeronoticias.com.pe\/noticiero\/wp-json\/wp\/v2\/types\/post"}],"author":[{"embeddable":true,"href":"https:\/\/aeronoticias.com.pe\/noticiero\/wp-json\/wp\/v2\/users\/1"}],"replies":[{"embeddable":true,"href":"https:\/\/aeronoticias.com.pe\/noticiero\/wp-json\/wp\/v2\/comments?post=8251"}],"version-history":[{"count":0,"href":"https:\/\/aeronoticias.com.pe\/noticiero\/wp-json\/wp\/v2\/posts\/8251\/revisions"}],"wp:attachment":[{"href":"https:\/\/aeronoticias.com.pe\/noticiero\/wp-json\/wp\/v2\/media?parent=8251"}],"wp:term":[{"taxonomy":"category","embeddable":true,"href":"https:\/\/aeronoticias.com.pe\/noticiero\/wp-json\/wp\/v2\/categories?post=8251"},{"taxonomy":"post_tag","embeddable":true,"href":"https:\/\/aeronoticias.com.pe\/noticiero\/wp-json\/wp\/v2\/tags?post=8251"}],"curies":[{"name":"wp","href":"https:\/\/api.w.org\/{rel}","templated":true}]}}