{"id":82519,"date":"2023-03-07T11:57:36","date_gmt":"2023-03-07T16:57:36","guid":{"rendered":"https:\/\/aeronoticias.com.pe\/noticiero\/?p=82519"},"modified":"2023-03-07T11:57:40","modified_gmt":"2023-03-07T16:57:40","slug":"alerta-iata-riesgos-en-cadenas-de-suministro","status":"publish","type":"post","link":"https:\/\/aeronoticias.com.pe\/noticiero\/internacionales\/alerta-iata-riesgos-en-cadenas-de-suministro\/","title":{"rendered":"Alerta IATA riesgos en cadenas de suministro"},"content":{"rendered":"\n<p><strong>(Aeronoticias)<\/strong>: La\u00a0<strong>Asociaci\u00f3n de Transporte A\u00e9reo Internacional\u00a0<\/strong>(IATA) hizo un llamado para que se tomen medidas urgentes a fin de solucionar el desarticulado despliegue del nuevo\u00a0<strong>Sistema de Informaci\u00f3n Previa a la Carga\u00a0<\/strong>(PLACI) de la Union Europea (UE).<\/p>\n\n\n\n<p>PLACI entr\u00f3 en funcionamiento el 1 de marzo de 2023 a pesar de que 12&nbsp;<strong>Estados europeos<\/strong>&nbsp;no est\u00e1n preparados y no han facilitado informaci\u00f3n definitiva sobre sus plazos de preparaci\u00f3n. Como consecuencia, se corre el riesgo de agravar las dificultades de la c<strong>adena de suministro<\/strong>&nbsp;con retrasos en los tr\u00e1mites aduaneros.<\/p>\n\n\n\n<p>Algunos de los principales\u00a0<strong>aeropuertos<\/strong>\u00a0europeos de carga a\u00e9rea se encuentran en los 12 Estados que no est\u00e1n preparados para PLACI: Austria,<strong>\u00a0B\u00e9lgica<\/strong>, Croacia, Dinamarca, Estonia,\u00a0<strong>Francia<\/strong>, Grecia, Luxemburgo, Pa\u00edses Bajos, Polonia, Ruman\u00eda y Suecia.<\/p>\n\n\n\n<p><strong>Brendan Sullivan<\/strong>, Director Global de Carga de la IATA, indic\u00f3 que, \u00abel retraso en la implantaci\u00f3n de la PLACI en 12 Estados europeos debe abordarse urgentemente. Con las dificultades de la cadena de suministro que ya afectan a personas y empresas, debe evitarse el riesgo de que aumenten los retrasos en el\u00a0<strong>despacho de aduanas<\/strong>\u00ab.<\/p>\n\n\n\n<p>El sistema PLACI de la UE es una nueva capa de informaci\u00f3n de&nbsp;<strong>seguridad avanzada<\/strong>&nbsp;para los env\u00edos de carga a\u00e9rea que llegan a la UE.<\/p>\n\n\n\n<p>En 2019, se adopt\u00f3 el\u00a0<strong>calendario\u00a0<\/strong>para la implementaci\u00f3n a partir del 1 de marzo de 2023. Con los<strong>\u00a0preparativos incompletos<\/strong>\u00a0en 12 estados europeos, las compa\u00f1\u00edas a\u00e9reas deben reorganizar su propia planificaci\u00f3n de acuerdo con el nivel de preparaci\u00f3n a\u00fan por anunciar de estos pa\u00edses.<\/p>\n\n\n\n<p>La presentaci\u00f3n de\u00a0<strong>informaci\u00f3n anticipada<\/strong>\u00a0sobre la carga permite a los pa\u00edses detectar y evaluar los riesgos relacionados con los env\u00edos de carga antes de su llegada al pa\u00eds de destino. Este nuevo\u00a0<strong>nivel de seguridad<\/strong>\u00a0se aplicar\u00e1 antes de cargar los env\u00edos con destino a la UE y cumple los principios establecidos por la Organizaci\u00f3n de Aviaci\u00f3n Civil Internacional (OACI) y la Organizaci\u00f3n Mundial de Aduanas.<\/p>\n\n\n\n<p><strong>Fuente: A21MX<\/strong><\/p>\n","protected":false},"excerpt":{"rendered":"<p>(Aeronoticias): La\u00a0Asociaci\u00f3n de Transporte A\u00e9reo Internacional\u00a0(IATA) hizo un llamado para que se tomen medidas urgentes a fin de solucionar el desarticulado despliegue del nuevo\u00a0Sistema de Informaci\u00f3n Previa a la Carga\u00a0(PLACI) de la Union Europea (UE). PLACI entr\u00f3 en funcionamiento el 1 de marzo de 2023 a pesar de que 12&nbsp;Estados europeos&nbsp;no est\u00e1n preparados y no [&hellip;]<\/p>\n","protected":false},"author":3,"featured_media":82520,"comment_status":"open","ping_status":"open","sticky":false,"template":"","format":"standard","meta":{"tdm_status":"","tdm_grid_status":"","footnotes":""},"categories":[32,34],"tags":[230,2824],"class_list":{"0":"post-82519","1":"post","2":"type-post","3":"status-publish","4":"format-standard","5":"has-post-thumbnail","7":"category-internacional","8":"category-internacionales","9":"tag-oaci","10":"tag-placi"},"yoast_head":"<!-- This site is optimized with the Yoast SEO plugin v25.1 - https:\/\/yoast.com\/wordpress\/plugins\/seo\/ -->\n<title>Alerta IATA riesgos en cadenas de suministro<\/title>\n<meta name=\"description\" content=\"TUVIERON M\u00c1S DE 2 A\u00d1OS PARA IMPLEMENTARLO; RETRASAR\u00c1N LA CADENA DE SUMINISTROS.\" \/>\n<meta name=\"robots\" content=\"index, follow, max-snippet:-1, max-image-preview:large, max-video-preview:-1\" \/>\n<link rel=\"canonical\" href=\"https:\/\/aeronoticias.com.pe\/noticiero\/internacionales\/alerta-iata-riesgos-en-cadenas-de-suministro\/\" \/>\n<meta property=\"og:locale\" content=\"es_ES\" \/>\n<meta property=\"og:type\" content=\"article\" \/>\n<meta property=\"og:title\" content=\"Alerta IATA riesgos en cadenas de suministro\" \/>\n<meta property=\"og:description\" content=\"TUVIERON M\u00c1S DE 2 A\u00d1OS PARA IMPLEMENTARLO; RETRASAR\u00c1N LA CADENA DE SUMINISTROS.\" \/>\n<meta property=\"og:url\" content=\"https:\/\/aeronoticias.com.pe\/noticiero\/internacionales\/alerta-iata-riesgos-en-cadenas-de-suministro\/\" \/>\n<meta property=\"og:site_name\" content=\"Aeronoticias.com.pe\" \/>\n<meta property=\"article:publisher\" content=\"https:\/\/www.facebook.com\/Aeronoticias.com.pe\/\" \/>\n<meta property=\"article:published_time\" content=\"2023-03-07T16:57:36+00:00\" \/>\n<meta property=\"article:modified_time\" content=\"2023-03-07T16:57:40+00:00\" \/>\n<meta property=\"og:image\" content=\"https:\/\/aeronoticias.com.pe\/noticiero\/wp-content\/uploads\/2023\/03\/22.jpg\" \/>\n\t<meta property=\"og:image:width\" content=\"1160\" \/>\n\t<meta property=\"og:image:height\" content=\"673\" \/>\n\t<meta property=\"og:image:type\" content=\"image\/jpeg\" \/>\n<meta name=\"author\" content=\"Redacci\u00f3n\" \/>\n<meta name=\"twitter:card\" content=\"summary_large_image\" \/>\n<meta name=\"twitter:creator\" content=\"@aeronoticias\" \/>\n<meta name=\"twitter:site\" content=\"@aeronoticias\" \/>\n<meta name=\"twitter:label1\" content=\"Escrito por\" \/>\n\t<meta name=\"twitter:data1\" content=\"Redacci\u00f3n\" \/>\n\t<meta name=\"twitter:label2\" content=\"Tiempo de lectura\" \/>\n\t<meta name=\"twitter:data2\" content=\"2 minutos\" \/>\n<script type=\"application\/ld+json\" class=\"yoast-schema-graph\">{\"@context\":\"https:\/\/schema.org\",\"@graph\":[{\"@type\":\"WebPage\",\"@id\":\"https:\/\/aeronoticias.com.pe\/noticiero\/internacionales\/alerta-iata-riesgos-en-cadenas-de-suministro\/\",\"url\":\"https:\/\/aeronoticias.com.pe\/noticiero\/internacionales\/alerta-iata-riesgos-en-cadenas-de-suministro\/\",\"name\":\"Alerta IATA riesgos en cadenas de suministro\",\"isPartOf\":{\"@id\":\"https:\/\/aeronoticias.com.pe\/noticiero\/#website\"},\"primaryImageOfPage\":{\"@id\":\"https:\/\/aeronoticias.com.pe\/noticiero\/internacionales\/alerta-iata-riesgos-en-cadenas-de-suministro\/#primaryimage\"},\"image\":{\"@id\":\"https:\/\/aeronoticias.com.pe\/noticiero\/internacionales\/alerta-iata-riesgos-en-cadenas-de-suministro\/#primaryimage\"},\"thumbnailUrl\":\"https:\/\/aeronoticias.com.pe\/noticiero\/wp-content\/uploads\/2023\/03\/22.jpg\",\"datePublished\":\"2023-03-07T16:57:36+00:00\",\"dateModified\":\"2023-03-07T16:57:40+00:00\",\"author\":{\"@id\":\"https:\/\/aeronoticias.com.pe\/noticiero\/#\/schema\/person\/16212a617c73f78916b13194154243bd\"},\"description\":\"TUVIERON M\u00c1S DE 2 A\u00d1OS PARA IMPLEMENTARLO; RETRASAR\u00c1N LA CADENA DE SUMINISTROS.\",\"breadcrumb\":{\"@id\":\"https:\/\/aeronoticias.com.pe\/noticiero\/internacionales\/alerta-iata-riesgos-en-cadenas-de-suministro\/#breadcrumb\"},\"inLanguage\":\"es\",\"potentialAction\":[{\"@type\":\"ReadAction\",\"target\":[\"https:\/\/aeronoticias.com.pe\/noticiero\/internacionales\/alerta-iata-riesgos-en-cadenas-de-suministro\/\"]}]},{\"@type\":\"ImageObject\",\"inLanguage\":\"es\",\"@id\":\"https:\/\/aeronoticias.com.pe\/noticiero\/internacionales\/alerta-iata-riesgos-en-cadenas-de-suministro\/#primaryimage\",\"url\":\"https:\/\/aeronoticias.com.pe\/noticiero\/wp-content\/uploads\/2023\/03\/22.jpg\",\"contentUrl\":\"https:\/\/aeronoticias.com.pe\/noticiero\/wp-content\/uploads\/2023\/03\/22.jpg\",\"width\":1160,\"height\":673},{\"@type\":\"BreadcrumbList\",\"@id\":\"https:\/\/aeronoticias.com.pe\/noticiero\/internacionales\/alerta-iata-riesgos-en-cadenas-de-suministro\/#breadcrumb\",\"itemListElement\":[{\"@type\":\"ListItem\",\"position\":1,\"name\":\"Portada\",\"item\":\"https:\/\/aeronoticias.com.pe\/noticiero\/\"},{\"@type\":\"ListItem\",\"position\":2,\"name\":\"Alerta IATA riesgos en cadenas de suministro\"}]},{\"@type\":\"WebSite\",\"@id\":\"https:\/\/aeronoticias.com.pe\/noticiero\/#website\",\"url\":\"https:\/\/aeronoticias.com.pe\/noticiero\/\",\"name\":\"Aeronoticias.com.pe\",\"description\":\"Noticias de tranporte aereo, turismo, hoteles, gastronomia, actualidad, internacional\",\"potentialAction\":[{\"@type\":\"SearchAction\",\"target\":{\"@type\":\"EntryPoint\",\"urlTemplate\":\"https:\/\/aeronoticias.com.pe\/noticiero\/?s={search_term_string}\"},\"query-input\":{\"@type\":\"PropertyValueSpecification\",\"valueRequired\":true,\"valueName\":\"search_term_string\"}}],\"inLanguage\":\"es\"},{\"@type\":\"Person\",\"@id\":\"https:\/\/aeronoticias.com.pe\/noticiero\/#\/schema\/person\/16212a617c73f78916b13194154243bd\",\"name\":\"Redacci\u00f3n\",\"sameAs\":[\"http:\/\/Redacci\u00f3n\"],\"url\":\"https:\/\/aeronoticias.com.pe\/noticiero\/author\/celeste\/\"}]}<\/script>\n<!-- \/ Yoast SEO plugin. -->","yoast_head_json":{"title":"Alerta IATA riesgos en cadenas de suministro","description":"TUVIERON M\u00c1S DE 2 A\u00d1OS PARA IMPLEMENTARLO; RETRASAR\u00c1N LA CADENA DE SUMINISTROS.","robots":{"index":"index","follow":"follow","max-snippet":"max-snippet:-1","max-image-preview":"max-image-preview:large","max-video-preview":"max-video-preview:-1"},"canonical":"https:\/\/aeronoticias.com.pe\/noticiero\/internacionales\/alerta-iata-riesgos-en-cadenas-de-suministro\/","og_locale":"es_ES","og_type":"article","og_title":"Alerta IATA riesgos en cadenas de suministro","og_description":"TUVIERON M\u00c1S DE 2 A\u00d1OS PARA IMPLEMENTARLO; RETRASAR\u00c1N LA CADENA DE SUMINISTROS.","og_url":"https:\/\/aeronoticias.com.pe\/noticiero\/internacionales\/alerta-iata-riesgos-en-cadenas-de-suministro\/","og_site_name":"Aeronoticias.com.pe","article_publisher":"https:\/\/www.facebook.com\/Aeronoticias.com.pe\/","article_published_time":"2023-03-07T16:57:36+00:00","article_modified_time":"2023-03-07T16:57:40+00:00","og_image":[{"width":1160,"height":673,"url":"https:\/\/aeronoticias.com.pe\/noticiero\/wp-content\/uploads\/2023\/03\/22.jpg","type":"image\/jpeg"}],"author":"Redacci\u00f3n","twitter_card":"summary_large_image","twitter_creator":"@aeronoticias","twitter_site":"@aeronoticias","twitter_misc":{"Escrito por":"Redacci\u00f3n","Tiempo de lectura":"2 minutos"},"schema":{"@context":"https:\/\/schema.org","@graph":[{"@type":"WebPage","@id":"https:\/\/aeronoticias.com.pe\/noticiero\/internacionales\/alerta-iata-riesgos-en-cadenas-de-suministro\/","url":"https:\/\/aeronoticias.com.pe\/noticiero\/internacionales\/alerta-iata-riesgos-en-cadenas-de-suministro\/","name":"Alerta IATA riesgos en cadenas de suministro","isPartOf":{"@id":"https:\/\/aeronoticias.com.pe\/noticiero\/#website"},"primaryImageOfPage":{"@id":"https:\/\/aeronoticias.com.pe\/noticiero\/internacionales\/alerta-iata-riesgos-en-cadenas-de-suministro\/#primaryimage"},"image":{"@id":"https:\/\/aeronoticias.com.pe\/noticiero\/internacionales\/alerta-iata-riesgos-en-cadenas-de-suministro\/#primaryimage"},"thumbnailUrl":"https:\/\/aeronoticias.com.pe\/noticiero\/wp-content\/uploads\/2023\/03\/22.jpg","datePublished":"2023-03-07T16:57:36+00:00","dateModified":"2023-03-07T16:57:40+00:00","author":{"@id":"https:\/\/aeronoticias.com.pe\/noticiero\/#\/schema\/person\/16212a617c73f78916b13194154243bd"},"description":"TUVIERON M\u00c1S DE 2 A\u00d1OS PARA IMPLEMENTARLO; RETRASAR\u00c1N LA CADENA DE SUMINISTROS.","breadcrumb":{"@id":"https:\/\/aeronoticias.com.pe\/noticiero\/internacionales\/alerta-iata-riesgos-en-cadenas-de-suministro\/#breadcrumb"},"inLanguage":"es","potentialAction":[{"@type":"ReadAction","target":["https:\/\/aeronoticias.com.pe\/noticiero\/internacionales\/alerta-iata-riesgos-en-cadenas-de-suministro\/"]}]},{"@type":"ImageObject","inLanguage":"es","@id":"https:\/\/aeronoticias.com.pe\/noticiero\/internacionales\/alerta-iata-riesgos-en-cadenas-de-suministro\/#primaryimage","url":"https:\/\/aeronoticias.com.pe\/noticiero\/wp-content\/uploads\/2023\/03\/22.jpg","contentUrl":"https:\/\/aeronoticias.com.pe\/noticiero\/wp-content\/uploads\/2023\/03\/22.jpg","width":1160,"height":673},{"@type":"BreadcrumbList","@id":"https:\/\/aeronoticias.com.pe\/noticiero\/internacionales\/alerta-iata-riesgos-en-cadenas-de-suministro\/#breadcrumb","itemListElement":[{"@type":"ListItem","position":1,"name":"Portada","item":"https:\/\/aeronoticias.com.pe\/noticiero\/"},{"@type":"ListItem","position":2,"name":"Alerta IATA riesgos en cadenas de suministro"}]},{"@type":"WebSite","@id":"https:\/\/aeronoticias.com.pe\/noticiero\/#website","url":"https:\/\/aeronoticias.com.pe\/noticiero\/","name":"Aeronoticias.com.pe","description":"Noticias de tranporte aereo, turismo, hoteles, gastronomia, actualidad, internacional","potentialAction":[{"@type":"SearchAction","target":{"@type":"EntryPoint","urlTemplate":"https:\/\/aeronoticias.com.pe\/noticiero\/?s={search_term_string}"},"query-input":{"@type":"PropertyValueSpecification","valueRequired":true,"valueName":"search_term_string"}}],"inLanguage":"es"},{"@type":"Person","@id":"https:\/\/aeronoticias.com.pe\/noticiero\/#\/schema\/person\/16212a617c73f78916b13194154243bd","name":"Redacci\u00f3n","sameAs":["http:\/\/Redacci\u00f3n"],"url":"https:\/\/aeronoticias.com.pe\/noticiero\/author\/celeste\/"}]}},"_links":{"self":[{"href":"https:\/\/aeronoticias.com.pe\/noticiero\/wp-json\/wp\/v2\/posts\/82519","targetHints":{"allow":["GET"]}}],"collection":[{"href":"https:\/\/aeronoticias.com.pe\/noticiero\/wp-json\/wp\/v2\/posts"}],"about":[{"href":"https:\/\/aeronoticias.com.pe\/noticiero\/wp-json\/wp\/v2\/types\/post"}],"author":[{"embeddable":true,"href":"https:\/\/aeronoticias.com.pe\/noticiero\/wp-json\/wp\/v2\/users\/3"}],"replies":[{"embeddable":true,"href":"https:\/\/aeronoticias.com.pe\/noticiero\/wp-json\/wp\/v2\/comments?post=82519"}],"version-history":[{"count":0,"href":"https:\/\/aeronoticias.com.pe\/noticiero\/wp-json\/wp\/v2\/posts\/82519\/revisions"}],"wp:featuredmedia":[{"embeddable":true,"href":"https:\/\/aeronoticias.com.pe\/noticiero\/wp-json\/wp\/v2\/media\/82520"}],"wp:attachment":[{"href":"https:\/\/aeronoticias.com.pe\/noticiero\/wp-json\/wp\/v2\/media?parent=82519"}],"wp:term":[{"taxonomy":"category","embeddable":true,"href":"https:\/\/aeronoticias.com.pe\/noticiero\/wp-json\/wp\/v2\/categories?post=82519"},{"taxonomy":"post_tag","embeddable":true,"href":"https:\/\/aeronoticias.com.pe\/noticiero\/wp-json\/wp\/v2\/tags?post=82519"}],"curies":[{"name":"wp","href":"https:\/\/api.w.org\/{rel}","templated":true}]}}