{"id":8252,"date":"2010-01-19T14:32:02","date_gmt":"2010-01-19T14:32:02","guid":{"rendered":"http:\/\/desarrollo.mcvicious.com\/aero2020\/2010\/01\/19\/general-miguel-hidalgo-director-de-la-pnp-afirma-que-no-se-han-interrumpido-las-redes-viales-del-peru\/"},"modified":"2010-01-19T14:32:02","modified_gmt":"2010-01-19T14:32:02","slug":"general-miguel-hidalgo-director-de-la-pnp-afirma-que-no-se-han-interrumpido-las-redes-viales-del-peru","status":"publish","type":"post","link":"https:\/\/aeronoticias.com.pe\/noticiero\/49\/general-miguel-hidalgo-director-de-la-pnp-afirma-que-no-se-han-interrumpido-las-redes-viales-del-peru\/","title":{"rendered":"General Miguel Hidalgo, director de la PNP afirma que no se han interrumpido las redes viales del Per\u00fa"},"content":{"rendered":"<div style=\"text-align: justify\">El director de la Polic\u00eda Nacional del Per\u00fa (PNP), general Miguel Hidalgo, afirm\u00f3 hoy que hasta el momento no se han reportado ni interrupciones en la red vial del pa\u00eds, y asegur\u00f3 que la seguridad est\u00e1 garantizada para los transportistas interprovinciales que deseen salir a prestar este servicio.\u201cLa PNP est\u00e1 garantizando el libre tr\u00e1nsito en la red vial nacional y hacemos una invocaci\u00f3n a los transportistas interprovinciales de carga y de pasajeros para que circulen sin problemas\u201d, se\u00f1al\u00f3.<\/div>\n<div style=\"text-align: justify\"><\/div>\n<div style=\"text-align: justify\">Refiri\u00f3 que tras comunicarse con los directores regionales de la PNP, \u00e9stos le indicaron que tanto la seguridad como el tr\u00e1nsito en las v\u00edas se desenvuelven con normalidad. En cuanto al transporte de carga, el director de la PNP indic\u00f3 que existen ciertas restricciones y se observa veh\u00edculos estacionados en estaciones de servicio de combustibles.<\/div>\n<div style=\"text-align: justify\">\n<div style=\"text-align: center\"><img decoding=\"async\" src=\"images\/stories\/10\/01\/190110\/mhidalgo.jpg\" border=\"0\" alt=\"General Miguel Hidalgo, director de la PNP afirma que no se han interrumpido las redes viales del Per\u00fa \" title=\"General Miguel Hidalgo, director de la PNP afirma que no se han interrumpido las redes viales del Per\u00fa \" \/><\/div>\n<\/div>\n<div style=\"text-align: justify\">\u201cVamos a ver c\u00f3mo se manifiesta el paro durante el transcurso del d\u00eda para ir adoptando las medidas de seguridad que esta situaci\u00f3n exige\u201d, afirm\u00f3.<\/div>\n<div style=\"text-align: justify\"><\/div>\n<div style=\"text-align: justify\"><strong>Aeronoticias<\/strong> considera que es necesario un consenso nacional para llegar a acuerdos entre el gobierno y los gremios de transportistas en un contexto en el que se tiene que trabajar en conjunci\u00f3n para hallar pol\u00edticas correctas que se puedan instaurar y que funcionen para todos, y sobre todo para el bienestar de los usuarios.<\/div>\n<div style=\"text-align: justify\"><\/div>\n","protected":false},"excerpt":{"rendered":"<p>El director de la Polic\u00eda Nacional del Per\u00fa (PNP), general Miguel Hidalgo, afirm\u00f3 hoy que hasta el momento no se han reportado ni interrupciones en la red vial del pa\u00eds, y asegur\u00f3 que la seguridad est\u00e1 garantizada para los transportistas interprovinciales que deseen salir a prestar este servicio.\u201cLa PNP est\u00e1 garantizando el libre tr\u00e1nsito en [&hellip;]<\/p>\n","protected":false},"author":1,"featured_media":0,"comment_status":"open","ping_status":"open","sticky":false,"template":"","format":"standard","meta":{"tdm_status":"","tdm_grid_status":"","footnotes":""},"categories":[39],"tags":[],"class_list":{"0":"post-8252","1":"post","2":"type-post","3":"status-publish","4":"format-standard","6":"category-39"},"yoast_head":"<!-- This site is optimized with the Yoast SEO plugin v25.1 - https:\/\/yoast.com\/wordpress\/plugins\/seo\/ -->\n<title>General Miguel Hidalgo, director de la PNP afirma que no se han interrumpido las redes viales del Per\u00fa<\/title>\n<meta name=\"description\" content=\"Portal de noticias del Per\u00fa sobre el transporte a\u00e9reo, aviaci\u00f3n, turismo, hoteleria, actualidad.\" \/>\n<meta name=\"robots\" content=\"index, follow, max-snippet:-1, max-image-preview:large, max-video-preview:-1\" \/>\n<link rel=\"canonical\" href=\"https:\/\/aeronoticias.com.pe\/noticiero\/49\/general-miguel-hidalgo-director-de-la-pnp-afirma-que-no-se-han-interrumpido-las-redes-viales-del-peru\/\" \/>\n<meta property=\"og:locale\" content=\"es_ES\" \/>\n<meta property=\"og:type\" content=\"article\" \/>\n<meta property=\"og:title\" content=\"General Miguel Hidalgo, director de la PNP afirma que no se han interrumpido las redes viales del Per\u00fa\" \/>\n<meta property=\"og:description\" content=\"Portal de noticias del Per\u00fa sobre el transporte a\u00e9reo, aviaci\u00f3n, turismo, hoteleria, actualidad.\" \/>\n<meta property=\"og:url\" content=\"https:\/\/aeronoticias.com.pe\/noticiero\/49\/general-miguel-hidalgo-director-de-la-pnp-afirma-que-no-se-han-interrumpido-las-redes-viales-del-peru\/\" \/>\n<meta property=\"og:site_name\" content=\"Aeronoticias.com.pe\" \/>\n<meta property=\"article:publisher\" content=\"https:\/\/www.facebook.com\/Aeronoticias.com.pe\/\" \/>\n<meta property=\"article:published_time\" content=\"2010-01-19T14:32:02+00:00\" \/>\n<meta name=\"author\" content=\"Redacci\u00f3n Aeronoticias\" \/>\n<meta name=\"twitter:card\" content=\"summary_large_image\" \/>\n<meta name=\"twitter:creator\" content=\"@aeronoticias\" \/>\n<meta name=\"twitter:site\" content=\"@aeronoticias\" \/>\n<meta name=\"twitter:label1\" content=\"Escrito por\" \/>\n\t<meta name=\"twitter:data1\" content=\"Redacci\u00f3n Aeronoticias\" \/>\n\t<meta name=\"twitter:label2\" content=\"Tiempo de lectura\" \/>\n\t<meta name=\"twitter:data2\" content=\"1 minuto\" \/>\n<script type=\"application\/ld+json\" class=\"yoast-schema-graph\">{\"@context\":\"https:\/\/schema.org\",\"@graph\":[{\"@type\":\"WebPage\",\"@id\":\"https:\/\/aeronoticias.com.pe\/noticiero\/49\/general-miguel-hidalgo-director-de-la-pnp-afirma-que-no-se-han-interrumpido-las-redes-viales-del-peru\/\",\"url\":\"https:\/\/aeronoticias.com.pe\/noticiero\/49\/general-miguel-hidalgo-director-de-la-pnp-afirma-que-no-se-han-interrumpido-las-redes-viales-del-peru\/\",\"name\":\"General Miguel Hidalgo, director de la PNP afirma que no se han interrumpido las redes viales del Per\u00fa\",\"isPartOf\":{\"@id\":\"https:\/\/aeronoticias.com.pe\/noticiero\/#website\"},\"datePublished\":\"2010-01-19T14:32:02+00:00\",\"author\":{\"@id\":\"https:\/\/aeronoticias.com.pe\/noticiero\/#\/schema\/person\/fc1e5d578f4b62ba1cf7ac2bba1170a0\"},\"description\":\"Portal de noticias del Per\u00fa sobre el transporte a\u00e9reo, aviaci\u00f3n, turismo, hoteleria, actualidad.\",\"breadcrumb\":{\"@id\":\"https:\/\/aeronoticias.com.pe\/noticiero\/49\/general-miguel-hidalgo-director-de-la-pnp-afirma-que-no-se-han-interrumpido-las-redes-viales-del-peru\/#breadcrumb\"},\"inLanguage\":\"es\",\"potentialAction\":[{\"@type\":\"ReadAction\",\"target\":[\"https:\/\/aeronoticias.com.pe\/noticiero\/49\/general-miguel-hidalgo-director-de-la-pnp-afirma-que-no-se-han-interrumpido-las-redes-viales-del-peru\/\"]}]},{\"@type\":\"BreadcrumbList\",\"@id\":\"https:\/\/aeronoticias.com.pe\/noticiero\/49\/general-miguel-hidalgo-director-de-la-pnp-afirma-que-no-se-han-interrumpido-las-redes-viales-del-peru\/#breadcrumb\",\"itemListElement\":[{\"@type\":\"ListItem\",\"position\":1,\"name\":\"Portada\",\"item\":\"https:\/\/aeronoticias.com.pe\/noticiero\/\"},{\"@type\":\"ListItem\",\"position\":2,\"name\":\"General Miguel Hidalgo, director de la PNP afirma que no se han interrumpido las redes viales del Per\u00fa\"}]},{\"@type\":\"WebSite\",\"@id\":\"https:\/\/aeronoticias.com.pe\/noticiero\/#website\",\"url\":\"https:\/\/aeronoticias.com.pe\/noticiero\/\",\"name\":\"Aeronoticias.com.pe\",\"description\":\"Noticias de tranporte aereo, turismo, hoteles, gastronomia, actualidad, internacional\",\"potentialAction\":[{\"@type\":\"SearchAction\",\"target\":{\"@type\":\"EntryPoint\",\"urlTemplate\":\"https:\/\/aeronoticias.com.pe\/noticiero\/?s={search_term_string}\"},\"query-input\":{\"@type\":\"PropertyValueSpecification\",\"valueRequired\":true,\"valueName\":\"search_term_string\"}}],\"inLanguage\":\"es\"},{\"@type\":\"Person\",\"@id\":\"https:\/\/aeronoticias.com.pe\/noticiero\/#\/schema\/person\/fc1e5d578f4b62ba1cf7ac2bba1170a0\",\"name\":\"Redacci\u00f3n Aeronoticias\",\"url\":\"https:\/\/aeronoticias.com.pe\/noticiero\/author\/piloto\/\"}]}<\/script>\n<!-- \/ Yoast SEO plugin. -->","yoast_head_json":{"title":"General Miguel Hidalgo, director de la PNP afirma que no se han interrumpido las redes viales del Per\u00fa","description":"Portal de noticias del Per\u00fa sobre el transporte a\u00e9reo, aviaci\u00f3n, turismo, hoteleria, actualidad.","robots":{"index":"index","follow":"follow","max-snippet":"max-snippet:-1","max-image-preview":"max-image-preview:large","max-video-preview":"max-video-preview:-1"},"canonical":"https:\/\/aeronoticias.com.pe\/noticiero\/49\/general-miguel-hidalgo-director-de-la-pnp-afirma-que-no-se-han-interrumpido-las-redes-viales-del-peru\/","og_locale":"es_ES","og_type":"article","og_title":"General Miguel Hidalgo, director de la PNP afirma que no se han interrumpido las redes viales del Per\u00fa","og_description":"Portal de noticias del Per\u00fa sobre el transporte a\u00e9reo, aviaci\u00f3n, turismo, hoteleria, actualidad.","og_url":"https:\/\/aeronoticias.com.pe\/noticiero\/49\/general-miguel-hidalgo-director-de-la-pnp-afirma-que-no-se-han-interrumpido-las-redes-viales-del-peru\/","og_site_name":"Aeronoticias.com.pe","article_publisher":"https:\/\/www.facebook.com\/Aeronoticias.com.pe\/","article_published_time":"2010-01-19T14:32:02+00:00","author":"Redacci\u00f3n Aeronoticias","twitter_card":"summary_large_image","twitter_creator":"@aeronoticias","twitter_site":"@aeronoticias","twitter_misc":{"Escrito por":"Redacci\u00f3n Aeronoticias","Tiempo de lectura":"1 minuto"},"schema":{"@context":"https:\/\/schema.org","@graph":[{"@type":"WebPage","@id":"https:\/\/aeronoticias.com.pe\/noticiero\/49\/general-miguel-hidalgo-director-de-la-pnp-afirma-que-no-se-han-interrumpido-las-redes-viales-del-peru\/","url":"https:\/\/aeronoticias.com.pe\/noticiero\/49\/general-miguel-hidalgo-director-de-la-pnp-afirma-que-no-se-han-interrumpido-las-redes-viales-del-peru\/","name":"General Miguel Hidalgo, director de la PNP afirma que no se han interrumpido las redes viales del Per\u00fa","isPartOf":{"@id":"https:\/\/aeronoticias.com.pe\/noticiero\/#website"},"datePublished":"2010-01-19T14:32:02+00:00","author":{"@id":"https:\/\/aeronoticias.com.pe\/noticiero\/#\/schema\/person\/fc1e5d578f4b62ba1cf7ac2bba1170a0"},"description":"Portal de noticias del Per\u00fa sobre el transporte a\u00e9reo, aviaci\u00f3n, turismo, hoteleria, actualidad.","breadcrumb":{"@id":"https:\/\/aeronoticias.com.pe\/noticiero\/49\/general-miguel-hidalgo-director-de-la-pnp-afirma-que-no-se-han-interrumpido-las-redes-viales-del-peru\/#breadcrumb"},"inLanguage":"es","potentialAction":[{"@type":"ReadAction","target":["https:\/\/aeronoticias.com.pe\/noticiero\/49\/general-miguel-hidalgo-director-de-la-pnp-afirma-que-no-se-han-interrumpido-las-redes-viales-del-peru\/"]}]},{"@type":"BreadcrumbList","@id":"https:\/\/aeronoticias.com.pe\/noticiero\/49\/general-miguel-hidalgo-director-de-la-pnp-afirma-que-no-se-han-interrumpido-las-redes-viales-del-peru\/#breadcrumb","itemListElement":[{"@type":"ListItem","position":1,"name":"Portada","item":"https:\/\/aeronoticias.com.pe\/noticiero\/"},{"@type":"ListItem","position":2,"name":"General Miguel Hidalgo, director de la PNP afirma que no se han interrumpido las redes viales del Per\u00fa"}]},{"@type":"WebSite","@id":"https:\/\/aeronoticias.com.pe\/noticiero\/#website","url":"https:\/\/aeronoticias.com.pe\/noticiero\/","name":"Aeronoticias.com.pe","description":"Noticias de tranporte aereo, turismo, hoteles, gastronomia, actualidad, internacional","potentialAction":[{"@type":"SearchAction","target":{"@type":"EntryPoint","urlTemplate":"https:\/\/aeronoticias.com.pe\/noticiero\/?s={search_term_string}"},"query-input":{"@type":"PropertyValueSpecification","valueRequired":true,"valueName":"search_term_string"}}],"inLanguage":"es"},{"@type":"Person","@id":"https:\/\/aeronoticias.com.pe\/noticiero\/#\/schema\/person\/fc1e5d578f4b62ba1cf7ac2bba1170a0","name":"Redacci\u00f3n Aeronoticias","url":"https:\/\/aeronoticias.com.pe\/noticiero\/author\/piloto\/"}]}},"_links":{"self":[{"href":"https:\/\/aeronoticias.com.pe\/noticiero\/wp-json\/wp\/v2\/posts\/8252","targetHints":{"allow":["GET"]}}],"collection":[{"href":"https:\/\/aeronoticias.com.pe\/noticiero\/wp-json\/wp\/v2\/posts"}],"about":[{"href":"https:\/\/aeronoticias.com.pe\/noticiero\/wp-json\/wp\/v2\/types\/post"}],"author":[{"embeddable":true,"href":"https:\/\/aeronoticias.com.pe\/noticiero\/wp-json\/wp\/v2\/users\/1"}],"replies":[{"embeddable":true,"href":"https:\/\/aeronoticias.com.pe\/noticiero\/wp-json\/wp\/v2\/comments?post=8252"}],"version-history":[{"count":0,"href":"https:\/\/aeronoticias.com.pe\/noticiero\/wp-json\/wp\/v2\/posts\/8252\/revisions"}],"wp:attachment":[{"href":"https:\/\/aeronoticias.com.pe\/noticiero\/wp-json\/wp\/v2\/media?parent=8252"}],"wp:term":[{"taxonomy":"category","embeddable":true,"href":"https:\/\/aeronoticias.com.pe\/noticiero\/wp-json\/wp\/v2\/categories?post=8252"},{"taxonomy":"post_tag","embeddable":true,"href":"https:\/\/aeronoticias.com.pe\/noticiero\/wp-json\/wp\/v2\/tags?post=8252"}],"curies":[{"name":"wp","href":"https:\/\/api.w.org\/{rel}","templated":true}]}}