{"id":8254,"date":"2010-01-19T14:46:25","date_gmt":"2010-01-19T14:46:25","guid":{"rendered":"http:\/\/desarrollo.mcvicious.com\/aero2020\/2010\/01\/19\/alerta-en-francia-y-alemania-por-el-fallo-del-navegador-internet-explorer\/"},"modified":"2010-01-19T14:46:25","modified_gmt":"2010-01-19T14:46:25","slug":"alerta-en-francia-y-alemania-por-el-fallo-del-navegador-internet-explorer","status":"publish","type":"post","link":"https:\/\/aeronoticias.com.pe\/noticiero\/27\/alerta-en-francia-y-alemania-por-el-fallo-del-navegador-internet-explorer\/","title":{"rendered":"Alerta en Francia y Alemania por el fallo del navegador Internet Explorer"},"content":{"rendered":"<div style=\"text-align: justify\">Francia se hizo eco de la alerta del gigante estadounidense Microsoft acerca de una \u00abvulnerabilidad\u00bb de su navegador Iinternet Explorer, inform\u00f3 el lunes un centro gubernamental especializado en los ataques inform\u00e1ticos.\u00a0Hay un riesgo de \u00abejecuci\u00f3n del c\u00f3digo arbitrario a distancia\u00bb que afecta el sistema Internet Explorer 6, 7 y 8, seg\u00fan la alerta del CERTA, el organismo p\u00fablico franc\u00e9s de respuesta y tratamiento de los ataques inform\u00e1ticos.<\/div>\n<div style=\"text-align: justify\"><\/div>\n<div style=\"text-align: justify\">\u00abEn espera de que se produzca una correcci\u00f3n del editor, el CERTA recomienda la utilizaci\u00f3n de un navegador alternativo\u00bb, a\u00f1ade el centro. El viernes pasado, el organismo para la seguridad en las tecnolog\u00edas de la informaci\u00f3n de Alemania (el BSI) ya emiti\u00f3 una recomendaci\u00f3n similar, debido a \u00abun fallo cr\u00edtico en materia de seguridad en el Internet Explorer\u00bb.<\/div>\n<div style=\"text-align: justify\">\n<div style=\"text-align: center\"><img decoding=\"async\" src=\"images\/stories\/10\/01\/190110\/ie.jpg\" border=\"0\" alt=\"Alerta en Francia y Alemania por el fallo del navegador Internet Explorer\" title=\"Alerta en Francia y Alemania por el fallo del navegador Internet Explorer\" \/><\/div>\n<\/div>\n<div style=\"text-align: justify\">\u00abEl punto d\u00e9bil detectado permite a los atacantes introducir un c\u00f3digo en el sistema Windows y pilotarlo, mediante una p\u00e1gina de Internet manipulada\u00bb, explic\u00f3 el BSI, que imputaba los recientes ataques contra Google y otras empresas estadounidenses a este \u00abfallo\u00bb utilizado por los piratas inform\u00e1ticos. Por eso recomendaba tambi\u00e9n recurrir provisionalmente a otro navegador.<\/div>\n<div style=\"text-align: justify\"><\/div>\n<div style=\"text-align: justify\">El gigante estadounidense de los programas inform\u00e1ticos Microsoft advirti\u00f3 el jueves pasado que un fallo en su navegador de Internet fue utilizado en los ciberataques que llevaron a Google a amenazar con cancelar sus operaciones en China. El navegador Internet Explorer fue una de las v\u00edas utilizadas en los sofisticados ataques contra Google y otras redes de empresas, indic\u00f3 el director de los asuntos de seguridad de Microsoft, Mike Reavey, en su &#8216;blog&#8217;.<\/div>\n<div style=\"text-align: justify\">\u00a0<\/div>\n<div style=\"text-align: justify\"><strong>Aeronoticias <\/strong>considera que Internet Explorer (IE) como un sistema global, tiene deficiencias y ciertas debilidades que podr\u00edan ser vulneradas por sistemas corruptos o hackers, y que podr\u00edan ser muy perjudiciales para los usuarios, en un contexto concerniente al manejo de informaci\u00f3n privada merece el estudio de los ejecutivos de Microsoft en relaci\u00f3n a que no se puede dejar libre la vulnerabilidad de los equipos.<\/div>\n<div style=\"text-align: justify\"><\/div>\n","protected":false},"excerpt":{"rendered":"<p>Francia se hizo eco de la alerta del gigante estadounidense Microsoft acerca de una \u00abvulnerabilidad\u00bb de su navegador Iinternet Explorer, inform\u00f3 el lunes un centro gubernamental especializado en los ataques inform\u00e1ticos.\u00a0Hay un riesgo de \u00abejecuci\u00f3n del c\u00f3digo arbitrario a distancia\u00bb que afecta el sistema Internet Explorer 6, 7 y 8, seg\u00fan la alerta del CERTA, [&hellip;]<\/p>\n","protected":false},"author":1,"featured_media":0,"comment_status":"open","ping_status":"open","sticky":false,"template":"","format":"standard","meta":{"tdm_status":"","tdm_grid_status":"","footnotes":""},"categories":[35],"tags":[],"class_list":{"0":"post-8254","1":"post","2":"type-post","3":"status-publish","4":"format-standard","6":"category-35"},"yoast_head":"<!-- This site is optimized with the Yoast SEO plugin v25.1 - https:\/\/yoast.com\/wordpress\/plugins\/seo\/ -->\n<title>Alerta en Francia y Alemania por el fallo del navegador Internet Explorer<\/title>\n<meta name=\"description\" content=\"Portal de noticias del Per\u00fa sobre el transporte a\u00e9reo, aviaci\u00f3n, turismo, hoteleria, actualidad.\" \/>\n<meta name=\"robots\" content=\"index, follow, max-snippet:-1, max-image-preview:large, max-video-preview:-1\" \/>\n<link rel=\"canonical\" href=\"https:\/\/aeronoticias.com.pe\/noticiero\/27\/alerta-en-francia-y-alemania-por-el-fallo-del-navegador-internet-explorer\/\" \/>\n<meta property=\"og:locale\" content=\"es_ES\" \/>\n<meta property=\"og:type\" content=\"article\" \/>\n<meta property=\"og:title\" content=\"Alerta en Francia y Alemania por el fallo del navegador Internet Explorer\" \/>\n<meta property=\"og:description\" content=\"Portal de noticias del Per\u00fa sobre el transporte a\u00e9reo, aviaci\u00f3n, turismo, hoteleria, actualidad.\" \/>\n<meta property=\"og:url\" content=\"https:\/\/aeronoticias.com.pe\/noticiero\/27\/alerta-en-francia-y-alemania-por-el-fallo-del-navegador-internet-explorer\/\" \/>\n<meta property=\"og:site_name\" content=\"Aeronoticias.com.pe\" \/>\n<meta property=\"article:publisher\" content=\"https:\/\/www.facebook.com\/Aeronoticias.com.pe\/\" \/>\n<meta property=\"article:published_time\" content=\"2010-01-19T14:46:25+00:00\" \/>\n<meta name=\"author\" content=\"Redacci\u00f3n Aeronoticias\" \/>\n<meta name=\"twitter:card\" content=\"summary_large_image\" \/>\n<meta name=\"twitter:creator\" content=\"@aeronoticias\" \/>\n<meta name=\"twitter:site\" content=\"@aeronoticias\" \/>\n<meta name=\"twitter:label1\" content=\"Escrito por\" \/>\n\t<meta name=\"twitter:data1\" content=\"Redacci\u00f3n Aeronoticias\" \/>\n\t<meta name=\"twitter:label2\" content=\"Tiempo de lectura\" \/>\n\t<meta name=\"twitter:data2\" content=\"2 minutos\" \/>\n<script type=\"application\/ld+json\" class=\"yoast-schema-graph\">{\"@context\":\"https:\/\/schema.org\",\"@graph\":[{\"@type\":\"WebPage\",\"@id\":\"https:\/\/aeronoticias.com.pe\/noticiero\/27\/alerta-en-francia-y-alemania-por-el-fallo-del-navegador-internet-explorer\/\",\"url\":\"https:\/\/aeronoticias.com.pe\/noticiero\/27\/alerta-en-francia-y-alemania-por-el-fallo-del-navegador-internet-explorer\/\",\"name\":\"Alerta en Francia y Alemania por el fallo del navegador Internet Explorer\",\"isPartOf\":{\"@id\":\"https:\/\/aeronoticias.com.pe\/noticiero\/#website\"},\"datePublished\":\"2010-01-19T14:46:25+00:00\",\"author\":{\"@id\":\"https:\/\/aeronoticias.com.pe\/noticiero\/#\/schema\/person\/fc1e5d578f4b62ba1cf7ac2bba1170a0\"},\"description\":\"Portal de noticias del Per\u00fa sobre el transporte a\u00e9reo, aviaci\u00f3n, turismo, hoteleria, actualidad.\",\"breadcrumb\":{\"@id\":\"https:\/\/aeronoticias.com.pe\/noticiero\/27\/alerta-en-francia-y-alemania-por-el-fallo-del-navegador-internet-explorer\/#breadcrumb\"},\"inLanguage\":\"es\",\"potentialAction\":[{\"@type\":\"ReadAction\",\"target\":[\"https:\/\/aeronoticias.com.pe\/noticiero\/27\/alerta-en-francia-y-alemania-por-el-fallo-del-navegador-internet-explorer\/\"]}]},{\"@type\":\"BreadcrumbList\",\"@id\":\"https:\/\/aeronoticias.com.pe\/noticiero\/27\/alerta-en-francia-y-alemania-por-el-fallo-del-navegador-internet-explorer\/#breadcrumb\",\"itemListElement\":[{\"@type\":\"ListItem\",\"position\":1,\"name\":\"Portada\",\"item\":\"https:\/\/aeronoticias.com.pe\/noticiero\/\"},{\"@type\":\"ListItem\",\"position\":2,\"name\":\"Alerta en Francia y Alemania por el fallo del navegador Internet Explorer\"}]},{\"@type\":\"WebSite\",\"@id\":\"https:\/\/aeronoticias.com.pe\/noticiero\/#website\",\"url\":\"https:\/\/aeronoticias.com.pe\/noticiero\/\",\"name\":\"Aeronoticias.com.pe\",\"description\":\"Noticias de tranporte aereo, turismo, hoteles, gastronomia, actualidad, internacional\",\"potentialAction\":[{\"@type\":\"SearchAction\",\"target\":{\"@type\":\"EntryPoint\",\"urlTemplate\":\"https:\/\/aeronoticias.com.pe\/noticiero\/?s={search_term_string}\"},\"query-input\":{\"@type\":\"PropertyValueSpecification\",\"valueRequired\":true,\"valueName\":\"search_term_string\"}}],\"inLanguage\":\"es\"},{\"@type\":\"Person\",\"@id\":\"https:\/\/aeronoticias.com.pe\/noticiero\/#\/schema\/person\/fc1e5d578f4b62ba1cf7ac2bba1170a0\",\"name\":\"Redacci\u00f3n Aeronoticias\",\"url\":\"https:\/\/aeronoticias.com.pe\/noticiero\/author\/piloto\/\"}]}<\/script>\n<!-- \/ Yoast SEO plugin. -->","yoast_head_json":{"title":"Alerta en Francia y Alemania por el fallo del navegador Internet Explorer","description":"Portal de noticias del Per\u00fa sobre el transporte a\u00e9reo, aviaci\u00f3n, turismo, hoteleria, actualidad.","robots":{"index":"index","follow":"follow","max-snippet":"max-snippet:-1","max-image-preview":"max-image-preview:large","max-video-preview":"max-video-preview:-1"},"canonical":"https:\/\/aeronoticias.com.pe\/noticiero\/27\/alerta-en-francia-y-alemania-por-el-fallo-del-navegador-internet-explorer\/","og_locale":"es_ES","og_type":"article","og_title":"Alerta en Francia y Alemania por el fallo del navegador Internet Explorer","og_description":"Portal de noticias del Per\u00fa sobre el transporte a\u00e9reo, aviaci\u00f3n, turismo, hoteleria, actualidad.","og_url":"https:\/\/aeronoticias.com.pe\/noticiero\/27\/alerta-en-francia-y-alemania-por-el-fallo-del-navegador-internet-explorer\/","og_site_name":"Aeronoticias.com.pe","article_publisher":"https:\/\/www.facebook.com\/Aeronoticias.com.pe\/","article_published_time":"2010-01-19T14:46:25+00:00","author":"Redacci\u00f3n Aeronoticias","twitter_card":"summary_large_image","twitter_creator":"@aeronoticias","twitter_site":"@aeronoticias","twitter_misc":{"Escrito por":"Redacci\u00f3n Aeronoticias","Tiempo de lectura":"2 minutos"},"schema":{"@context":"https:\/\/schema.org","@graph":[{"@type":"WebPage","@id":"https:\/\/aeronoticias.com.pe\/noticiero\/27\/alerta-en-francia-y-alemania-por-el-fallo-del-navegador-internet-explorer\/","url":"https:\/\/aeronoticias.com.pe\/noticiero\/27\/alerta-en-francia-y-alemania-por-el-fallo-del-navegador-internet-explorer\/","name":"Alerta en Francia y Alemania por el fallo del navegador Internet Explorer","isPartOf":{"@id":"https:\/\/aeronoticias.com.pe\/noticiero\/#website"},"datePublished":"2010-01-19T14:46:25+00:00","author":{"@id":"https:\/\/aeronoticias.com.pe\/noticiero\/#\/schema\/person\/fc1e5d578f4b62ba1cf7ac2bba1170a0"},"description":"Portal de noticias del Per\u00fa sobre el transporte a\u00e9reo, aviaci\u00f3n, turismo, hoteleria, actualidad.","breadcrumb":{"@id":"https:\/\/aeronoticias.com.pe\/noticiero\/27\/alerta-en-francia-y-alemania-por-el-fallo-del-navegador-internet-explorer\/#breadcrumb"},"inLanguage":"es","potentialAction":[{"@type":"ReadAction","target":["https:\/\/aeronoticias.com.pe\/noticiero\/27\/alerta-en-francia-y-alemania-por-el-fallo-del-navegador-internet-explorer\/"]}]},{"@type":"BreadcrumbList","@id":"https:\/\/aeronoticias.com.pe\/noticiero\/27\/alerta-en-francia-y-alemania-por-el-fallo-del-navegador-internet-explorer\/#breadcrumb","itemListElement":[{"@type":"ListItem","position":1,"name":"Portada","item":"https:\/\/aeronoticias.com.pe\/noticiero\/"},{"@type":"ListItem","position":2,"name":"Alerta en Francia y Alemania por el fallo del navegador Internet Explorer"}]},{"@type":"WebSite","@id":"https:\/\/aeronoticias.com.pe\/noticiero\/#website","url":"https:\/\/aeronoticias.com.pe\/noticiero\/","name":"Aeronoticias.com.pe","description":"Noticias de tranporte aereo, turismo, hoteles, gastronomia, actualidad, internacional","potentialAction":[{"@type":"SearchAction","target":{"@type":"EntryPoint","urlTemplate":"https:\/\/aeronoticias.com.pe\/noticiero\/?s={search_term_string}"},"query-input":{"@type":"PropertyValueSpecification","valueRequired":true,"valueName":"search_term_string"}}],"inLanguage":"es"},{"@type":"Person","@id":"https:\/\/aeronoticias.com.pe\/noticiero\/#\/schema\/person\/fc1e5d578f4b62ba1cf7ac2bba1170a0","name":"Redacci\u00f3n Aeronoticias","url":"https:\/\/aeronoticias.com.pe\/noticiero\/author\/piloto\/"}]}},"_links":{"self":[{"href":"https:\/\/aeronoticias.com.pe\/noticiero\/wp-json\/wp\/v2\/posts\/8254","targetHints":{"allow":["GET"]}}],"collection":[{"href":"https:\/\/aeronoticias.com.pe\/noticiero\/wp-json\/wp\/v2\/posts"}],"about":[{"href":"https:\/\/aeronoticias.com.pe\/noticiero\/wp-json\/wp\/v2\/types\/post"}],"author":[{"embeddable":true,"href":"https:\/\/aeronoticias.com.pe\/noticiero\/wp-json\/wp\/v2\/users\/1"}],"replies":[{"embeddable":true,"href":"https:\/\/aeronoticias.com.pe\/noticiero\/wp-json\/wp\/v2\/comments?post=8254"}],"version-history":[{"count":0,"href":"https:\/\/aeronoticias.com.pe\/noticiero\/wp-json\/wp\/v2\/posts\/8254\/revisions"}],"wp:attachment":[{"href":"https:\/\/aeronoticias.com.pe\/noticiero\/wp-json\/wp\/v2\/media?parent=8254"}],"wp:term":[{"taxonomy":"category","embeddable":true,"href":"https:\/\/aeronoticias.com.pe\/noticiero\/wp-json\/wp\/v2\/categories?post=8254"},{"taxonomy":"post_tag","embeddable":true,"href":"https:\/\/aeronoticias.com.pe\/noticiero\/wp-json\/wp\/v2\/tags?post=8254"}],"curies":[{"name":"wp","href":"https:\/\/api.w.org\/{rel}","templated":true}]}}