{"id":8256,"date":"2010-01-19T14:50:34","date_gmt":"2010-01-19T14:50:34","guid":{"rendered":"http:\/\/desarrollo.mcvicious.com\/aero2020\/2010\/01\/19\/china-estudia-prohibir-la-exhibicion-de-avatar\/"},"modified":"2010-01-19T14:50:34","modified_gmt":"2010-01-19T14:50:34","slug":"china-estudia-prohibir-la-exhibicion-de-avatar","status":"publish","type":"post","link":"https:\/\/aeronoticias.com.pe\/noticiero\/espectaculos\/china-estudia-prohibir-la-exhibicion-de-avatar\/","title":{"rendered":"China estudia prohibir la exhibici\u00f3n de Avatar"},"content":{"rendered":"<div style=\"text-align: justify\">Analiza retirar al permiado filme de la mayor\u00eda de los cines para abrirle camino a una pel\u00edcula m\u00e1s patri\u00f3tica, a la que el gobierno considera m\u00e1s apropiada para su p\u00fablico.<\/div>\n<div style=\"text-align: justify\"><\/div>\n<div style=\"text-align: justify\">La decisi\u00f3n nace de los nervios que surgieron en el Gobierno porque muchos chinos crearon una relaci\u00f3n entre la dif\u00edcil situaci\u00f3n de los Na\u2019vi en la pel\u00edcula, que se enfrentan a ser expatriados de sus tierras, con los ciudadanos que sufren a menudo por los desarrollos inmobiliarios.\u00a0El peri\u00f3dico \u2019Daily Apple\u2019 de Hong Kong asegur\u00f3 que el grupo China Film, controlado por el estado, hab\u00eda dado instrucciones a todos los cines de parar la exhibici\u00f3n de \u2019Avatar\u2019 a partir del pr\u00f3ximo 23 de enero.<\/div>\n<div style=\"text-align: justify\">\n<div style=\"text-align: center\"><img decoding=\"async\" src=\"images\/stories\/10\/01\/190110\/avatar.jpg\" border=\"0\" alt=\"China estudia prohibir la exhibici\u00f3n de Avatar\" title=\"China estudia prohibir la exhibici\u00f3n de Avatar\" \/><\/div>\n<\/div>\n<div style=\"text-align: justify\">\u00abSeg\u00fan se ha informado, las autoridades tienen dos razones para el control de \u2019Avatar\u2019: primero, ha ganado mucho dinero y ha copado una parte del mercado de las pel\u00edculas nacionales; y segundo, porque podr\u00eda incitar a la revoluci\u00f3n y a la violencia a la audiencia\u00bb.\u00a0Uno de los blogueros m\u00e1s famoso en China capt\u00f3 r\u00e1pidamente el efecto que la pel\u00edcula podr\u00eda tener en el p\u00fablico chino: \u00abPara los espectadores de otros pa\u00edses, estas expulsiones tan violentos es algo que est\u00e1n fuera de su imaginaci\u00f3n. Creen s\u00f3lo podr\u00eda ocurrir en otro planeta o en China\u00bb.<\/div>\n<div style=\"text-align: justify\"><\/div>\n<div style=\"text-align: justify\">\u2019Avatar\u2019 se estren\u00f3 el pasado 4 de enero en el pa\u00eds y gener\u00f3 una gran expectativa con grandes colas en los cines, en uno de los inviernos m\u00e1s fr\u00edos en a\u00f1os. Las taquillas alcanzaron una recaudaci\u00f3n record de m\u00e1s de seis millones de euros en un solo d\u00eda y los cines IMAX tienen las reservas completas para las pr\u00f3ximas semanas.<\/div>\n<div style=\"text-align: justify\"><\/div>\n<div style=\"text-align: justify\">China tiene 1.700 cines y 4.500 pantallas, de las cuales s\u00f3lo 550 pueden exhibir pel\u00edculas en 3D.<\/div>\n<div style=\"text-align: justify\"><\/div>\n","protected":false},"excerpt":{"rendered":"<p>Analiza retirar al permiado filme de la mayor\u00eda de los cines para abrirle camino a una pel\u00edcula m\u00e1s patri\u00f3tica, a la que el gobierno considera m\u00e1s apropiada para su p\u00fablico. La decisi\u00f3n nace de los nervios que surgieron en el Gobierno porque muchos chinos crearon una relaci\u00f3n entre la dif\u00edcil situaci\u00f3n de los Na\u2019vi en [&hellip;]<\/p>\n","protected":false},"author":1,"featured_media":0,"comment_status":"open","ping_status":"open","sticky":false,"template":"","format":"standard","meta":{"tdm_status":"","tdm_grid_status":"","footnotes":""},"categories":[41],"tags":[],"class_list":{"0":"post-8256","1":"post","2":"type-post","3":"status-publish","4":"format-standard","6":"category-espectaculos"},"yoast_head":"<!-- This site is optimized with the Yoast SEO plugin v25.1 - https:\/\/yoast.com\/wordpress\/plugins\/seo\/ -->\n<title>China estudia prohibir la exhibici\u00f3n de Avatar<\/title>\n<meta name=\"description\" content=\"Portal de noticias del Per\u00fa sobre el transporte a\u00e9reo, aviaci\u00f3n, turismo, hoteleria, actualidad.\" \/>\n<meta name=\"robots\" content=\"index, follow, max-snippet:-1, max-image-preview:large, max-video-preview:-1\" \/>\n<link rel=\"canonical\" href=\"https:\/\/aeronoticias.com.pe\/noticiero\/espectaculos\/china-estudia-prohibir-la-exhibicion-de-avatar\/\" \/>\n<meta property=\"og:locale\" content=\"es_ES\" \/>\n<meta property=\"og:type\" content=\"article\" \/>\n<meta property=\"og:title\" content=\"China estudia prohibir la exhibici\u00f3n de Avatar\" \/>\n<meta property=\"og:description\" content=\"Portal de noticias del Per\u00fa sobre el transporte a\u00e9reo, aviaci\u00f3n, turismo, hoteleria, actualidad.\" \/>\n<meta property=\"og:url\" content=\"https:\/\/aeronoticias.com.pe\/noticiero\/espectaculos\/china-estudia-prohibir-la-exhibicion-de-avatar\/\" \/>\n<meta property=\"og:site_name\" content=\"Aeronoticias.com.pe\" \/>\n<meta property=\"article:publisher\" content=\"https:\/\/www.facebook.com\/Aeronoticias.com.pe\/\" \/>\n<meta property=\"article:published_time\" content=\"2010-01-19T14:50:34+00:00\" \/>\n<meta name=\"author\" content=\"Redacci\u00f3n Aeronoticias\" \/>\n<meta name=\"twitter:card\" content=\"summary_large_image\" \/>\n<meta name=\"twitter:creator\" content=\"@aeronoticias\" \/>\n<meta name=\"twitter:site\" content=\"@aeronoticias\" \/>\n<meta name=\"twitter:label1\" content=\"Escrito por\" \/>\n\t<meta name=\"twitter:data1\" content=\"Redacci\u00f3n Aeronoticias\" \/>\n\t<meta name=\"twitter:label2\" content=\"Tiempo de lectura\" \/>\n\t<meta name=\"twitter:data2\" content=\"2 minutos\" \/>\n<script type=\"application\/ld+json\" class=\"yoast-schema-graph\">{\"@context\":\"https:\/\/schema.org\",\"@graph\":[{\"@type\":\"WebPage\",\"@id\":\"https:\/\/aeronoticias.com.pe\/noticiero\/espectaculos\/china-estudia-prohibir-la-exhibicion-de-avatar\/\",\"url\":\"https:\/\/aeronoticias.com.pe\/noticiero\/espectaculos\/china-estudia-prohibir-la-exhibicion-de-avatar\/\",\"name\":\"China estudia prohibir la exhibici\u00f3n de Avatar\",\"isPartOf\":{\"@id\":\"https:\/\/aeronoticias.com.pe\/noticiero\/#website\"},\"datePublished\":\"2010-01-19T14:50:34+00:00\",\"author\":{\"@id\":\"https:\/\/aeronoticias.com.pe\/noticiero\/#\/schema\/person\/fc1e5d578f4b62ba1cf7ac2bba1170a0\"},\"description\":\"Portal de noticias del Per\u00fa sobre el transporte a\u00e9reo, aviaci\u00f3n, turismo, hoteleria, actualidad.\",\"breadcrumb\":{\"@id\":\"https:\/\/aeronoticias.com.pe\/noticiero\/espectaculos\/china-estudia-prohibir-la-exhibicion-de-avatar\/#breadcrumb\"},\"inLanguage\":\"es\",\"potentialAction\":[{\"@type\":\"ReadAction\",\"target\":[\"https:\/\/aeronoticias.com.pe\/noticiero\/espectaculos\/china-estudia-prohibir-la-exhibicion-de-avatar\/\"]}]},{\"@type\":\"BreadcrumbList\",\"@id\":\"https:\/\/aeronoticias.com.pe\/noticiero\/espectaculos\/china-estudia-prohibir-la-exhibicion-de-avatar\/#breadcrumb\",\"itemListElement\":[{\"@type\":\"ListItem\",\"position\":1,\"name\":\"Portada\",\"item\":\"https:\/\/aeronoticias.com.pe\/noticiero\/\"},{\"@type\":\"ListItem\",\"position\":2,\"name\":\"China estudia prohibir la exhibici\u00f3n de Avatar\"}]},{\"@type\":\"WebSite\",\"@id\":\"https:\/\/aeronoticias.com.pe\/noticiero\/#website\",\"url\":\"https:\/\/aeronoticias.com.pe\/noticiero\/\",\"name\":\"Aeronoticias.com.pe\",\"description\":\"Noticias de tranporte aereo, turismo, hoteles, gastronomia, actualidad, internacional\",\"potentialAction\":[{\"@type\":\"SearchAction\",\"target\":{\"@type\":\"EntryPoint\",\"urlTemplate\":\"https:\/\/aeronoticias.com.pe\/noticiero\/?s={search_term_string}\"},\"query-input\":{\"@type\":\"PropertyValueSpecification\",\"valueRequired\":true,\"valueName\":\"search_term_string\"}}],\"inLanguage\":\"es\"},{\"@type\":\"Person\",\"@id\":\"https:\/\/aeronoticias.com.pe\/noticiero\/#\/schema\/person\/fc1e5d578f4b62ba1cf7ac2bba1170a0\",\"name\":\"Redacci\u00f3n Aeronoticias\",\"url\":\"https:\/\/aeronoticias.com.pe\/noticiero\/author\/piloto\/\"}]}<\/script>\n<!-- \/ Yoast SEO plugin. -->","yoast_head_json":{"title":"China estudia prohibir la exhibici\u00f3n de Avatar","description":"Portal de noticias del Per\u00fa sobre el transporte a\u00e9reo, aviaci\u00f3n, turismo, hoteleria, actualidad.","robots":{"index":"index","follow":"follow","max-snippet":"max-snippet:-1","max-image-preview":"max-image-preview:large","max-video-preview":"max-video-preview:-1"},"canonical":"https:\/\/aeronoticias.com.pe\/noticiero\/espectaculos\/china-estudia-prohibir-la-exhibicion-de-avatar\/","og_locale":"es_ES","og_type":"article","og_title":"China estudia prohibir la exhibici\u00f3n de Avatar","og_description":"Portal de noticias del Per\u00fa sobre el transporte a\u00e9reo, aviaci\u00f3n, turismo, hoteleria, actualidad.","og_url":"https:\/\/aeronoticias.com.pe\/noticiero\/espectaculos\/china-estudia-prohibir-la-exhibicion-de-avatar\/","og_site_name":"Aeronoticias.com.pe","article_publisher":"https:\/\/www.facebook.com\/Aeronoticias.com.pe\/","article_published_time":"2010-01-19T14:50:34+00:00","author":"Redacci\u00f3n Aeronoticias","twitter_card":"summary_large_image","twitter_creator":"@aeronoticias","twitter_site":"@aeronoticias","twitter_misc":{"Escrito por":"Redacci\u00f3n Aeronoticias","Tiempo de lectura":"2 minutos"},"schema":{"@context":"https:\/\/schema.org","@graph":[{"@type":"WebPage","@id":"https:\/\/aeronoticias.com.pe\/noticiero\/espectaculos\/china-estudia-prohibir-la-exhibicion-de-avatar\/","url":"https:\/\/aeronoticias.com.pe\/noticiero\/espectaculos\/china-estudia-prohibir-la-exhibicion-de-avatar\/","name":"China estudia prohibir la exhibici\u00f3n de Avatar","isPartOf":{"@id":"https:\/\/aeronoticias.com.pe\/noticiero\/#website"},"datePublished":"2010-01-19T14:50:34+00:00","author":{"@id":"https:\/\/aeronoticias.com.pe\/noticiero\/#\/schema\/person\/fc1e5d578f4b62ba1cf7ac2bba1170a0"},"description":"Portal de noticias del Per\u00fa sobre el transporte a\u00e9reo, aviaci\u00f3n, turismo, hoteleria, actualidad.","breadcrumb":{"@id":"https:\/\/aeronoticias.com.pe\/noticiero\/espectaculos\/china-estudia-prohibir-la-exhibicion-de-avatar\/#breadcrumb"},"inLanguage":"es","potentialAction":[{"@type":"ReadAction","target":["https:\/\/aeronoticias.com.pe\/noticiero\/espectaculos\/china-estudia-prohibir-la-exhibicion-de-avatar\/"]}]},{"@type":"BreadcrumbList","@id":"https:\/\/aeronoticias.com.pe\/noticiero\/espectaculos\/china-estudia-prohibir-la-exhibicion-de-avatar\/#breadcrumb","itemListElement":[{"@type":"ListItem","position":1,"name":"Portada","item":"https:\/\/aeronoticias.com.pe\/noticiero\/"},{"@type":"ListItem","position":2,"name":"China estudia prohibir la exhibici\u00f3n de Avatar"}]},{"@type":"WebSite","@id":"https:\/\/aeronoticias.com.pe\/noticiero\/#website","url":"https:\/\/aeronoticias.com.pe\/noticiero\/","name":"Aeronoticias.com.pe","description":"Noticias de tranporte aereo, turismo, hoteles, gastronomia, actualidad, internacional","potentialAction":[{"@type":"SearchAction","target":{"@type":"EntryPoint","urlTemplate":"https:\/\/aeronoticias.com.pe\/noticiero\/?s={search_term_string}"},"query-input":{"@type":"PropertyValueSpecification","valueRequired":true,"valueName":"search_term_string"}}],"inLanguage":"es"},{"@type":"Person","@id":"https:\/\/aeronoticias.com.pe\/noticiero\/#\/schema\/person\/fc1e5d578f4b62ba1cf7ac2bba1170a0","name":"Redacci\u00f3n Aeronoticias","url":"https:\/\/aeronoticias.com.pe\/noticiero\/author\/piloto\/"}]}},"_links":{"self":[{"href":"https:\/\/aeronoticias.com.pe\/noticiero\/wp-json\/wp\/v2\/posts\/8256","targetHints":{"allow":["GET"]}}],"collection":[{"href":"https:\/\/aeronoticias.com.pe\/noticiero\/wp-json\/wp\/v2\/posts"}],"about":[{"href":"https:\/\/aeronoticias.com.pe\/noticiero\/wp-json\/wp\/v2\/types\/post"}],"author":[{"embeddable":true,"href":"https:\/\/aeronoticias.com.pe\/noticiero\/wp-json\/wp\/v2\/users\/1"}],"replies":[{"embeddable":true,"href":"https:\/\/aeronoticias.com.pe\/noticiero\/wp-json\/wp\/v2\/comments?post=8256"}],"version-history":[{"count":0,"href":"https:\/\/aeronoticias.com.pe\/noticiero\/wp-json\/wp\/v2\/posts\/8256\/revisions"}],"wp:attachment":[{"href":"https:\/\/aeronoticias.com.pe\/noticiero\/wp-json\/wp\/v2\/media?parent=8256"}],"wp:term":[{"taxonomy":"category","embeddable":true,"href":"https:\/\/aeronoticias.com.pe\/noticiero\/wp-json\/wp\/v2\/categories?post=8256"},{"taxonomy":"post_tag","embeddable":true,"href":"https:\/\/aeronoticias.com.pe\/noticiero\/wp-json\/wp\/v2\/tags?post=8256"}],"curies":[{"name":"wp","href":"https:\/\/api.w.org\/{rel}","templated":true}]}}