{"id":8258,"date":"2010-01-19T15:20:36","date_gmt":"2010-01-19T15:20:36","guid":{"rendered":"http:\/\/desarrollo.mcvicious.com\/aero2020\/2010\/01\/19\/pinera-en-decision-etica-venderia-las-acciones-de-lan\/"},"modified":"2010-01-19T15:20:36","modified_gmt":"2010-01-19T15:20:36","slug":"pinera-en-decision-etica-venderia-las-acciones-de-lan","status":"publish","type":"post","link":"https:\/\/aeronoticias.com.pe\/noticiero\/transporte-aereo\/internacional\/pinera-en-decision-etica-venderia-las-acciones-de-lan\/","title":{"rendered":"Pi\u00f1era en decisi\u00f3n \u00e9tica vender\u00eda las acciones de LAN"},"content":{"rendered":"<div align=\"justify\">El entonces candidato a la presidencia de Chile, Sebasti\u00e1n Pi\u00f1era, asegur\u00f3 que si llegaba a ganar las elecciones en un pacto \u00e9tico, vender\u00eda las acciones de LAN, lo que fue comentado positivamente por el presidente del Instituto Peruano de Derecho A\u00e9reo, Juli\u00e1n Palac\u00edn Fern\u00e1ndez, quien en una entrevista concedida a canal 7 de Lima-Per\u00fa, dijo que el C\u00f3digo Aeron\u00e1utico de Chile y su legislaci\u00f3n establecen la licitaci\u00f3n de rutas internacionales que este pa\u00eds intercambia con sus pares, es por ello que LAN le paga al Estado chileno por el usufructo de sus rutas internacionales y en el caso peruano el art\u00edculo 98 de la Ley 27261, Ley de Aeron\u00e1utica Civil del Per\u00fa faculta al Estado peruano a cobrar compensaciones econ\u00f3micas ante la ausencia de reciprocidad en las relaciones a\u00e9reas internacionales, que por supuesto nunca se le ha cobrado a LAN, especialmente en los segmentos de quinta libertad que utiliza para servir el mercado norteamericano, dijo el especialista.<\/p>\n<div style=\"text-align: center\"><img decoding=\"async\" src=\"images\/stories\/10\/01\/190110\/pinera.jpg\" border=\"0\" alt=\"Pi\u00f1era en decisi\u00f3n \u00e9tica vender\u00eda las acciones de LAN\" title=\"Pi\u00f1era en decisi\u00f3n \u00e9tica vender\u00eda las acciones de LAN\" \/><\/div>\n<p><strong>Aeronoticias<\/strong> considera que, Sebasti\u00e1n Pi\u00f1era tiene la obligaci\u00f3n \u00e9tica de cumplir su promesa electoral de vender sus acciones en LAN, lo importante es que dicha transferencia sea real y efectiva y que, en su gesti\u00f3n como presidente de Chile sea absolutamente imparcial en relaci\u00f3n a las dem\u00e1s l\u00edneas a\u00e9reas chilenas que tienen derecho a hacer y desarrollar aviaci\u00f3n en los servicios de cabotaje y en las rutas internacional asignadas a Chile.<\/p>\n<p>Tenemos la percepci\u00f3n que este presidente liberal tendr\u00e1 una gesti\u00f3n exitosa y de acercamiento al Per\u00fa, ya que como dijo el presidente del Instituto Peruano de Derecho A\u00e9reo, tenemos una agenda de futuro para tratar de olvidar las sombras del pasado en la b\u00fasqueda del bien com\u00fan.<\/p>\n<\/div>\n","protected":false},"excerpt":{"rendered":"<p>El entonces candidato a la presidencia de Chile, Sebasti\u00e1n Pi\u00f1era, asegur\u00f3 que si llegaba a ganar las elecciones en un pacto \u00e9tico, vender\u00eda las acciones de LAN, lo que fue comentado positivamente por el presidente del Instituto Peruano de Derecho A\u00e9reo, Juli\u00e1n Palac\u00edn Fern\u00e1ndez, quien en una entrevista concedida a canal 7 de Lima-Per\u00fa, dijo [&hellip;]<\/p>\n","protected":false},"author":1,"featured_media":0,"comment_status":"open","ping_status":"open","sticky":false,"template":"","format":"standard","meta":{"tdm_status":"","tdm_grid_status":"","footnotes":""},"categories":[32],"tags":[],"class_list":{"0":"post-8258","1":"post","2":"type-post","3":"status-publish","4":"format-standard","6":"category-internacional"},"yoast_head":"<!-- This site is optimized with the Yoast SEO plugin v25.1 - https:\/\/yoast.com\/wordpress\/plugins\/seo\/ -->\n<title>Pi\u00f1era en decisi\u00f3n \u00e9tica vender\u00eda las acciones de LAN<\/title>\n<meta name=\"description\" content=\"Portal de noticias del Per\u00fa sobre el transporte a\u00e9reo, aviaci\u00f3n, turismo, hoteleria, actualidad.\" \/>\n<meta name=\"robots\" content=\"index, follow, max-snippet:-1, max-image-preview:large, max-video-preview:-1\" \/>\n<link rel=\"canonical\" href=\"https:\/\/aeronoticias.com.pe\/noticiero\/transporte-aereo\/internacional\/pinera-en-decision-etica-venderia-las-acciones-de-lan\/\" \/>\n<meta property=\"og:locale\" content=\"es_ES\" \/>\n<meta property=\"og:type\" content=\"article\" \/>\n<meta property=\"og:title\" content=\"Pi\u00f1era en decisi\u00f3n \u00e9tica vender\u00eda las acciones de LAN\" \/>\n<meta property=\"og:description\" content=\"Portal de noticias del Per\u00fa sobre el transporte a\u00e9reo, aviaci\u00f3n, turismo, hoteleria, actualidad.\" \/>\n<meta property=\"og:url\" content=\"https:\/\/aeronoticias.com.pe\/noticiero\/transporte-aereo\/internacional\/pinera-en-decision-etica-venderia-las-acciones-de-lan\/\" \/>\n<meta property=\"og:site_name\" content=\"Aeronoticias.com.pe\" \/>\n<meta property=\"article:publisher\" content=\"https:\/\/www.facebook.com\/Aeronoticias.com.pe\/\" \/>\n<meta property=\"article:published_time\" content=\"2010-01-19T15:20:36+00:00\" \/>\n<meta name=\"author\" content=\"Redacci\u00f3n Aeronoticias\" \/>\n<meta name=\"twitter:card\" content=\"summary_large_image\" \/>\n<meta name=\"twitter:creator\" content=\"@aeronoticias\" \/>\n<meta name=\"twitter:site\" content=\"@aeronoticias\" \/>\n<meta name=\"twitter:label1\" content=\"Escrito por\" \/>\n\t<meta name=\"twitter:data1\" content=\"Redacci\u00f3n Aeronoticias\" \/>\n\t<meta name=\"twitter:label2\" content=\"Tiempo de lectura\" \/>\n\t<meta name=\"twitter:data2\" content=\"2 minutos\" \/>\n<script type=\"application\/ld+json\" class=\"yoast-schema-graph\">{\"@context\":\"https:\/\/schema.org\",\"@graph\":[{\"@type\":\"WebPage\",\"@id\":\"https:\/\/aeronoticias.com.pe\/noticiero\/transporte-aereo\/internacional\/pinera-en-decision-etica-venderia-las-acciones-de-lan\/\",\"url\":\"https:\/\/aeronoticias.com.pe\/noticiero\/transporte-aereo\/internacional\/pinera-en-decision-etica-venderia-las-acciones-de-lan\/\",\"name\":\"Pi\u00f1era en decisi\u00f3n \u00e9tica vender\u00eda las acciones de LAN\",\"isPartOf\":{\"@id\":\"https:\/\/aeronoticias.com.pe\/noticiero\/#website\"},\"datePublished\":\"2010-01-19T15:20:36+00:00\",\"author\":{\"@id\":\"https:\/\/aeronoticias.com.pe\/noticiero\/#\/schema\/person\/fc1e5d578f4b62ba1cf7ac2bba1170a0\"},\"description\":\"Portal de noticias del Per\u00fa sobre el transporte a\u00e9reo, aviaci\u00f3n, turismo, hoteleria, actualidad.\",\"breadcrumb\":{\"@id\":\"https:\/\/aeronoticias.com.pe\/noticiero\/transporte-aereo\/internacional\/pinera-en-decision-etica-venderia-las-acciones-de-lan\/#breadcrumb\"},\"inLanguage\":\"es\",\"potentialAction\":[{\"@type\":\"ReadAction\",\"target\":[\"https:\/\/aeronoticias.com.pe\/noticiero\/transporte-aereo\/internacional\/pinera-en-decision-etica-venderia-las-acciones-de-lan\/\"]}]},{\"@type\":\"BreadcrumbList\",\"@id\":\"https:\/\/aeronoticias.com.pe\/noticiero\/transporte-aereo\/internacional\/pinera-en-decision-etica-venderia-las-acciones-de-lan\/#breadcrumb\",\"itemListElement\":[{\"@type\":\"ListItem\",\"position\":1,\"name\":\"Portada\",\"item\":\"https:\/\/aeronoticias.com.pe\/noticiero\/\"},{\"@type\":\"ListItem\",\"position\":2,\"name\":\"Pi\u00f1era en decisi\u00f3n \u00e9tica vender\u00eda las acciones de LAN\"}]},{\"@type\":\"WebSite\",\"@id\":\"https:\/\/aeronoticias.com.pe\/noticiero\/#website\",\"url\":\"https:\/\/aeronoticias.com.pe\/noticiero\/\",\"name\":\"Aeronoticias.com.pe\",\"description\":\"Noticias de tranporte aereo, turismo, hoteles, gastronomia, actualidad, internacional\",\"potentialAction\":[{\"@type\":\"SearchAction\",\"target\":{\"@type\":\"EntryPoint\",\"urlTemplate\":\"https:\/\/aeronoticias.com.pe\/noticiero\/?s={search_term_string}\"},\"query-input\":{\"@type\":\"PropertyValueSpecification\",\"valueRequired\":true,\"valueName\":\"search_term_string\"}}],\"inLanguage\":\"es\"},{\"@type\":\"Person\",\"@id\":\"https:\/\/aeronoticias.com.pe\/noticiero\/#\/schema\/person\/fc1e5d578f4b62ba1cf7ac2bba1170a0\",\"name\":\"Redacci\u00f3n Aeronoticias\",\"url\":\"https:\/\/aeronoticias.com.pe\/noticiero\/author\/piloto\/\"}]}<\/script>\n<!-- \/ Yoast SEO plugin. -->","yoast_head_json":{"title":"Pi\u00f1era en decisi\u00f3n \u00e9tica vender\u00eda las acciones de LAN","description":"Portal de noticias del Per\u00fa sobre el transporte a\u00e9reo, aviaci\u00f3n, turismo, hoteleria, actualidad.","robots":{"index":"index","follow":"follow","max-snippet":"max-snippet:-1","max-image-preview":"max-image-preview:large","max-video-preview":"max-video-preview:-1"},"canonical":"https:\/\/aeronoticias.com.pe\/noticiero\/transporte-aereo\/internacional\/pinera-en-decision-etica-venderia-las-acciones-de-lan\/","og_locale":"es_ES","og_type":"article","og_title":"Pi\u00f1era en decisi\u00f3n \u00e9tica vender\u00eda las acciones de LAN","og_description":"Portal de noticias del Per\u00fa sobre el transporte a\u00e9reo, aviaci\u00f3n, turismo, hoteleria, actualidad.","og_url":"https:\/\/aeronoticias.com.pe\/noticiero\/transporte-aereo\/internacional\/pinera-en-decision-etica-venderia-las-acciones-de-lan\/","og_site_name":"Aeronoticias.com.pe","article_publisher":"https:\/\/www.facebook.com\/Aeronoticias.com.pe\/","article_published_time":"2010-01-19T15:20:36+00:00","author":"Redacci\u00f3n Aeronoticias","twitter_card":"summary_large_image","twitter_creator":"@aeronoticias","twitter_site":"@aeronoticias","twitter_misc":{"Escrito por":"Redacci\u00f3n Aeronoticias","Tiempo de lectura":"2 minutos"},"schema":{"@context":"https:\/\/schema.org","@graph":[{"@type":"WebPage","@id":"https:\/\/aeronoticias.com.pe\/noticiero\/transporte-aereo\/internacional\/pinera-en-decision-etica-venderia-las-acciones-de-lan\/","url":"https:\/\/aeronoticias.com.pe\/noticiero\/transporte-aereo\/internacional\/pinera-en-decision-etica-venderia-las-acciones-de-lan\/","name":"Pi\u00f1era en decisi\u00f3n \u00e9tica vender\u00eda las acciones de LAN","isPartOf":{"@id":"https:\/\/aeronoticias.com.pe\/noticiero\/#website"},"datePublished":"2010-01-19T15:20:36+00:00","author":{"@id":"https:\/\/aeronoticias.com.pe\/noticiero\/#\/schema\/person\/fc1e5d578f4b62ba1cf7ac2bba1170a0"},"description":"Portal de noticias del Per\u00fa sobre el transporte a\u00e9reo, aviaci\u00f3n, turismo, hoteleria, actualidad.","breadcrumb":{"@id":"https:\/\/aeronoticias.com.pe\/noticiero\/transporte-aereo\/internacional\/pinera-en-decision-etica-venderia-las-acciones-de-lan\/#breadcrumb"},"inLanguage":"es","potentialAction":[{"@type":"ReadAction","target":["https:\/\/aeronoticias.com.pe\/noticiero\/transporte-aereo\/internacional\/pinera-en-decision-etica-venderia-las-acciones-de-lan\/"]}]},{"@type":"BreadcrumbList","@id":"https:\/\/aeronoticias.com.pe\/noticiero\/transporte-aereo\/internacional\/pinera-en-decision-etica-venderia-las-acciones-de-lan\/#breadcrumb","itemListElement":[{"@type":"ListItem","position":1,"name":"Portada","item":"https:\/\/aeronoticias.com.pe\/noticiero\/"},{"@type":"ListItem","position":2,"name":"Pi\u00f1era en decisi\u00f3n \u00e9tica vender\u00eda las acciones de LAN"}]},{"@type":"WebSite","@id":"https:\/\/aeronoticias.com.pe\/noticiero\/#website","url":"https:\/\/aeronoticias.com.pe\/noticiero\/","name":"Aeronoticias.com.pe","description":"Noticias de tranporte aereo, turismo, hoteles, gastronomia, actualidad, internacional","potentialAction":[{"@type":"SearchAction","target":{"@type":"EntryPoint","urlTemplate":"https:\/\/aeronoticias.com.pe\/noticiero\/?s={search_term_string}"},"query-input":{"@type":"PropertyValueSpecification","valueRequired":true,"valueName":"search_term_string"}}],"inLanguage":"es"},{"@type":"Person","@id":"https:\/\/aeronoticias.com.pe\/noticiero\/#\/schema\/person\/fc1e5d578f4b62ba1cf7ac2bba1170a0","name":"Redacci\u00f3n Aeronoticias","url":"https:\/\/aeronoticias.com.pe\/noticiero\/author\/piloto\/"}]}},"_links":{"self":[{"href":"https:\/\/aeronoticias.com.pe\/noticiero\/wp-json\/wp\/v2\/posts\/8258","targetHints":{"allow":["GET"]}}],"collection":[{"href":"https:\/\/aeronoticias.com.pe\/noticiero\/wp-json\/wp\/v2\/posts"}],"about":[{"href":"https:\/\/aeronoticias.com.pe\/noticiero\/wp-json\/wp\/v2\/types\/post"}],"author":[{"embeddable":true,"href":"https:\/\/aeronoticias.com.pe\/noticiero\/wp-json\/wp\/v2\/users\/1"}],"replies":[{"embeddable":true,"href":"https:\/\/aeronoticias.com.pe\/noticiero\/wp-json\/wp\/v2\/comments?post=8258"}],"version-history":[{"count":0,"href":"https:\/\/aeronoticias.com.pe\/noticiero\/wp-json\/wp\/v2\/posts\/8258\/revisions"}],"wp:attachment":[{"href":"https:\/\/aeronoticias.com.pe\/noticiero\/wp-json\/wp\/v2\/media?parent=8258"}],"wp:term":[{"taxonomy":"category","embeddable":true,"href":"https:\/\/aeronoticias.com.pe\/noticiero\/wp-json\/wp\/v2\/categories?post=8258"},{"taxonomy":"post_tag","embeddable":true,"href":"https:\/\/aeronoticias.com.pe\/noticiero\/wp-json\/wp\/v2\/tags?post=8258"}],"curies":[{"name":"wp","href":"https:\/\/api.w.org\/{rel}","templated":true}]}}