{"id":8259,"date":"2010-01-19T15:34:28","date_gmt":"2010-01-19T15:34:28","guid":{"rendered":"http:\/\/desarrollo.mcvicious.com\/aero2020\/2010\/01\/19\/ministro-de-transportes-anuncio-que-habran-vuelos-charter-con-destino-a-arequipa-chiclayo-y-huancayo\/"},"modified":"2010-01-19T15:34:28","modified_gmt":"2010-01-19T15:34:28","slug":"ministro-de-transportes-anuncio-que-habran-vuelos-charter-con-destino-a-arequipa-chiclayo-y-huancayo","status":"publish","type":"post","link":"https:\/\/aeronoticias.com.pe\/noticiero\/ultimas\/1\/ministro-de-transportes-anuncio-que-habran-vuelos-charter-con-destino-a-arequipa-chiclayo-y-huancayo\/","title":{"rendered":"Ministro de Transportes anunci\u00f3 que habr\u00e1n aviones charter y tren con destino a Arequipa, Chiclayo y Huancayo"},"content":{"rendered":"<div align=\"justify\">Hoy el ministro de Transportes y Comunicaciones, Enrique Cornejo, anunci\u00f3 que las personas que tengan necesidad urgente de viajar a Arequipa y a Chiclayo, y que tienen dificultades para trasladarse por v\u00eda terrestre, podr\u00e1n acceder a dos vuelos charter de la aerol\u00ednea Lan Per\u00fa con capacidad para 130 pasajeros. <\/p>\n<p>El vuelo charter con destino a Arequipa saldr\u00e1 a las 16:00 horas y todos los boletos se ofrecer\u00e1n a 79 d\u00f3lares, mientras que con direcci\u00f3n a Chiclayo partir\u00e1 a las 20:30 horas y todos los asientos se vender\u00e1n a 59 d\u00f3lares.<\/p><\/div>\n<div align=\"justify\">\u00a0<\/div>\n<div align=\"justify\">\n<div style=\"text-align: center\"><img loading=\"lazy\" decoding=\"async\" src=\"images\/stories\/10\/01\/190110\/cornejo1.jpg\" border=\"0\" alt=\"Ministro de Transportes anunci\u00f3 que habr\u00e1n vuelos charter con destino a Arequipa, Chiclayo y Huancayo\" title=\"Ministro de Transportes anunci\u00f3 que habr\u00e1n vuelos charter con destino a Arequipa, Chiclayo y Huancayo\" width=\"400\" height=\"275\" \/><\/div>\n<\/div>\n<div align=\"justify\">\u00a0<\/div>\n<div align=\"justify\">\u201cAqu\u00ed tenemos una soluci\u00f3n para una parte de la demanda de transporte para el norte y para el sur del pa\u00eds. Veremos en los pr\u00f3ximos d\u00edas si es necesario ampliar esta alternativa, pero espero que no sea necesario\u201d, expres\u00f3 Cornejo.<\/p>\n<p>Respecto a los pasajeros que quieran trasladarse al centro del pa\u00eds, Enrique Cornejo inform\u00f3 que ma\u00f1ana saldr\u00e1 el ferrocarril central andino a las 07:00 horas con destino a Huancayo y con capacidad para 430 pasajeros.<\/p>\n<p>Los pasajeros de Huancayo que quieran viajar a Lima podr\u00e1n hacerlo en ese tren que saldr\u00e1 a las 18:00 horas. <\/p>\n<p>\u201cEn este caso se cobrar\u00e1 un pasaje econ\u00f3mico de 30 nuevos soles\u201d, indic\u00f3.<\/p>\n<p>El ministro de Transportes se\u00f1al\u00f3 que el Gobierno est\u00e1 tomando las medidas alternativas para que la poblaci\u00f3n pueda trasladarse sin inconvenientes, dado que hay muchas personas que tienen urgencia de viajar por motivos de salud, trabajo o de otro tipo, y no pueden perjudicarse con una medida de fuerza como la adoptada por un sector de transportistas interprovinciales.<\/div>\n","protected":false},"excerpt":{"rendered":"<p>Hoy el ministro de Transportes y Comunicaciones, Enrique Cornejo, anunci\u00f3 que las personas que tengan necesidad urgente de viajar a Arequipa y a Chiclayo, y que tienen dificultades para trasladarse por v\u00eda terrestre, podr\u00e1n acceder a dos vuelos charter de la aerol\u00ednea Lan Per\u00fa con capacidad para 130 pasajeros. El vuelo charter con destino a [&hellip;]<\/p>\n","protected":false},"author":1,"featured_media":0,"comment_status":"open","ping_status":"open","sticky":false,"template":"","format":"standard","meta":{"tdm_status":"","tdm_grid_status":"","footnotes":""},"categories":[30],"tags":[],"class_list":{"0":"post-8259","1":"post","2":"type-post","3":"status-publish","4":"format-standard","6":"category-30"},"yoast_head":"<!-- This site is optimized with the Yoast SEO plugin v25.1 - https:\/\/yoast.com\/wordpress\/plugins\/seo\/ -->\n<title>Ministro de Transportes anunci\u00f3 que habr\u00e1n aviones charter y tren con destino a Arequipa, Chiclayo y Huancayo<\/title>\n<meta name=\"description\" content=\"Portal de noticias del Per\u00fa sobre el transporte a\u00e9reo, aviaci\u00f3n, turismo, hoteleria, actualidad.\" \/>\n<meta name=\"robots\" content=\"index, follow, max-snippet:-1, max-image-preview:large, max-video-preview:-1\" \/>\n<link rel=\"canonical\" href=\"https:\/\/aeronoticias.com.pe\/noticiero\/ultimas\/1\/ministro-de-transportes-anuncio-que-habran-vuelos-charter-con-destino-a-arequipa-chiclayo-y-huancayo\/\" \/>\n<meta property=\"og:locale\" content=\"es_ES\" \/>\n<meta property=\"og:type\" content=\"article\" \/>\n<meta property=\"og:title\" content=\"Ministro de Transportes anunci\u00f3 que habr\u00e1n aviones charter y tren con destino a Arequipa, Chiclayo y Huancayo\" \/>\n<meta property=\"og:description\" content=\"Portal de noticias del Per\u00fa sobre el transporte a\u00e9reo, aviaci\u00f3n, turismo, hoteleria, actualidad.\" \/>\n<meta property=\"og:url\" content=\"https:\/\/aeronoticias.com.pe\/noticiero\/ultimas\/1\/ministro-de-transportes-anuncio-que-habran-vuelos-charter-con-destino-a-arequipa-chiclayo-y-huancayo\/\" \/>\n<meta property=\"og:site_name\" content=\"Aeronoticias.com.pe\" \/>\n<meta property=\"article:publisher\" content=\"https:\/\/www.facebook.com\/Aeronoticias.com.pe\/\" \/>\n<meta property=\"article:published_time\" content=\"2010-01-19T15:34:28+00:00\" \/>\n<meta name=\"author\" content=\"Redacci\u00f3n Aeronoticias\" \/>\n<meta name=\"twitter:card\" content=\"summary_large_image\" \/>\n<meta name=\"twitter:creator\" content=\"@aeronoticias\" \/>\n<meta name=\"twitter:site\" content=\"@aeronoticias\" \/>\n<meta name=\"twitter:label1\" content=\"Escrito por\" \/>\n\t<meta name=\"twitter:data1\" content=\"Redacci\u00f3n Aeronoticias\" \/>\n\t<meta name=\"twitter:label2\" content=\"Tiempo de lectura\" \/>\n\t<meta name=\"twitter:data2\" content=\"1 minuto\" \/>\n<script type=\"application\/ld+json\" class=\"yoast-schema-graph\">{\"@context\":\"https:\/\/schema.org\",\"@graph\":[{\"@type\":\"WebPage\",\"@id\":\"https:\/\/aeronoticias.com.pe\/noticiero\/ultimas\/1\/ministro-de-transportes-anuncio-que-habran-vuelos-charter-con-destino-a-arequipa-chiclayo-y-huancayo\/\",\"url\":\"https:\/\/aeronoticias.com.pe\/noticiero\/ultimas\/1\/ministro-de-transportes-anuncio-que-habran-vuelos-charter-con-destino-a-arequipa-chiclayo-y-huancayo\/\",\"name\":\"Ministro de Transportes anunci\u00f3 que habr\u00e1n aviones charter y tren con destino a Arequipa, Chiclayo y Huancayo\",\"isPartOf\":{\"@id\":\"https:\/\/aeronoticias.com.pe\/noticiero\/#website\"},\"datePublished\":\"2010-01-19T15:34:28+00:00\",\"author\":{\"@id\":\"https:\/\/aeronoticias.com.pe\/noticiero\/#\/schema\/person\/fc1e5d578f4b62ba1cf7ac2bba1170a0\"},\"description\":\"Portal de noticias del Per\u00fa sobre el transporte a\u00e9reo, aviaci\u00f3n, turismo, hoteleria, actualidad.\",\"breadcrumb\":{\"@id\":\"https:\/\/aeronoticias.com.pe\/noticiero\/ultimas\/1\/ministro-de-transportes-anuncio-que-habran-vuelos-charter-con-destino-a-arequipa-chiclayo-y-huancayo\/#breadcrumb\"},\"inLanguage\":\"es\",\"potentialAction\":[{\"@type\":\"ReadAction\",\"target\":[\"https:\/\/aeronoticias.com.pe\/noticiero\/ultimas\/1\/ministro-de-transportes-anuncio-que-habran-vuelos-charter-con-destino-a-arequipa-chiclayo-y-huancayo\/\"]}]},{\"@type\":\"BreadcrumbList\",\"@id\":\"https:\/\/aeronoticias.com.pe\/noticiero\/ultimas\/1\/ministro-de-transportes-anuncio-que-habran-vuelos-charter-con-destino-a-arequipa-chiclayo-y-huancayo\/#breadcrumb\",\"itemListElement\":[{\"@type\":\"ListItem\",\"position\":1,\"name\":\"Portada\",\"item\":\"https:\/\/aeronoticias.com.pe\/noticiero\/\"},{\"@type\":\"ListItem\",\"position\":2,\"name\":\"Ministro de Transportes anunci\u00f3 que habr\u00e1n aviones charter y tren con destino a Arequipa, Chiclayo y Huancayo\"}]},{\"@type\":\"WebSite\",\"@id\":\"https:\/\/aeronoticias.com.pe\/noticiero\/#website\",\"url\":\"https:\/\/aeronoticias.com.pe\/noticiero\/\",\"name\":\"Aeronoticias.com.pe\",\"description\":\"Noticias de tranporte aereo, turismo, hoteles, gastronomia, actualidad, internacional\",\"potentialAction\":[{\"@type\":\"SearchAction\",\"target\":{\"@type\":\"EntryPoint\",\"urlTemplate\":\"https:\/\/aeronoticias.com.pe\/noticiero\/?s={search_term_string}\"},\"query-input\":{\"@type\":\"PropertyValueSpecification\",\"valueRequired\":true,\"valueName\":\"search_term_string\"}}],\"inLanguage\":\"es\"},{\"@type\":\"Person\",\"@id\":\"https:\/\/aeronoticias.com.pe\/noticiero\/#\/schema\/person\/fc1e5d578f4b62ba1cf7ac2bba1170a0\",\"name\":\"Redacci\u00f3n Aeronoticias\",\"url\":\"https:\/\/aeronoticias.com.pe\/noticiero\/author\/piloto\/\"}]}<\/script>\n<!-- \/ Yoast SEO plugin. -->","yoast_head_json":{"title":"Ministro de Transportes anunci\u00f3 que habr\u00e1n aviones charter y tren con destino a Arequipa, Chiclayo y Huancayo","description":"Portal de noticias del Per\u00fa sobre el transporte a\u00e9reo, aviaci\u00f3n, turismo, hoteleria, actualidad.","robots":{"index":"index","follow":"follow","max-snippet":"max-snippet:-1","max-image-preview":"max-image-preview:large","max-video-preview":"max-video-preview:-1"},"canonical":"https:\/\/aeronoticias.com.pe\/noticiero\/ultimas\/1\/ministro-de-transportes-anuncio-que-habran-vuelos-charter-con-destino-a-arequipa-chiclayo-y-huancayo\/","og_locale":"es_ES","og_type":"article","og_title":"Ministro de Transportes anunci\u00f3 que habr\u00e1n aviones charter y tren con destino a Arequipa, Chiclayo y Huancayo","og_description":"Portal de noticias del Per\u00fa sobre el transporte a\u00e9reo, aviaci\u00f3n, turismo, hoteleria, actualidad.","og_url":"https:\/\/aeronoticias.com.pe\/noticiero\/ultimas\/1\/ministro-de-transportes-anuncio-que-habran-vuelos-charter-con-destino-a-arequipa-chiclayo-y-huancayo\/","og_site_name":"Aeronoticias.com.pe","article_publisher":"https:\/\/www.facebook.com\/Aeronoticias.com.pe\/","article_published_time":"2010-01-19T15:34:28+00:00","author":"Redacci\u00f3n Aeronoticias","twitter_card":"summary_large_image","twitter_creator":"@aeronoticias","twitter_site":"@aeronoticias","twitter_misc":{"Escrito por":"Redacci\u00f3n Aeronoticias","Tiempo de lectura":"1 minuto"},"schema":{"@context":"https:\/\/schema.org","@graph":[{"@type":"WebPage","@id":"https:\/\/aeronoticias.com.pe\/noticiero\/ultimas\/1\/ministro-de-transportes-anuncio-que-habran-vuelos-charter-con-destino-a-arequipa-chiclayo-y-huancayo\/","url":"https:\/\/aeronoticias.com.pe\/noticiero\/ultimas\/1\/ministro-de-transportes-anuncio-que-habran-vuelos-charter-con-destino-a-arequipa-chiclayo-y-huancayo\/","name":"Ministro de Transportes anunci\u00f3 que habr\u00e1n aviones charter y tren con destino a Arequipa, Chiclayo y Huancayo","isPartOf":{"@id":"https:\/\/aeronoticias.com.pe\/noticiero\/#website"},"datePublished":"2010-01-19T15:34:28+00:00","author":{"@id":"https:\/\/aeronoticias.com.pe\/noticiero\/#\/schema\/person\/fc1e5d578f4b62ba1cf7ac2bba1170a0"},"description":"Portal de noticias del Per\u00fa sobre el transporte a\u00e9reo, aviaci\u00f3n, turismo, hoteleria, actualidad.","breadcrumb":{"@id":"https:\/\/aeronoticias.com.pe\/noticiero\/ultimas\/1\/ministro-de-transportes-anuncio-que-habran-vuelos-charter-con-destino-a-arequipa-chiclayo-y-huancayo\/#breadcrumb"},"inLanguage":"es","potentialAction":[{"@type":"ReadAction","target":["https:\/\/aeronoticias.com.pe\/noticiero\/ultimas\/1\/ministro-de-transportes-anuncio-que-habran-vuelos-charter-con-destino-a-arequipa-chiclayo-y-huancayo\/"]}]},{"@type":"BreadcrumbList","@id":"https:\/\/aeronoticias.com.pe\/noticiero\/ultimas\/1\/ministro-de-transportes-anuncio-que-habran-vuelos-charter-con-destino-a-arequipa-chiclayo-y-huancayo\/#breadcrumb","itemListElement":[{"@type":"ListItem","position":1,"name":"Portada","item":"https:\/\/aeronoticias.com.pe\/noticiero\/"},{"@type":"ListItem","position":2,"name":"Ministro de Transportes anunci\u00f3 que habr\u00e1n aviones charter y tren con destino a Arequipa, Chiclayo y Huancayo"}]},{"@type":"WebSite","@id":"https:\/\/aeronoticias.com.pe\/noticiero\/#website","url":"https:\/\/aeronoticias.com.pe\/noticiero\/","name":"Aeronoticias.com.pe","description":"Noticias de tranporte aereo, turismo, hoteles, gastronomia, actualidad, internacional","potentialAction":[{"@type":"SearchAction","target":{"@type":"EntryPoint","urlTemplate":"https:\/\/aeronoticias.com.pe\/noticiero\/?s={search_term_string}"},"query-input":{"@type":"PropertyValueSpecification","valueRequired":true,"valueName":"search_term_string"}}],"inLanguage":"es"},{"@type":"Person","@id":"https:\/\/aeronoticias.com.pe\/noticiero\/#\/schema\/person\/fc1e5d578f4b62ba1cf7ac2bba1170a0","name":"Redacci\u00f3n Aeronoticias","url":"https:\/\/aeronoticias.com.pe\/noticiero\/author\/piloto\/"}]}},"_links":{"self":[{"href":"https:\/\/aeronoticias.com.pe\/noticiero\/wp-json\/wp\/v2\/posts\/8259","targetHints":{"allow":["GET"]}}],"collection":[{"href":"https:\/\/aeronoticias.com.pe\/noticiero\/wp-json\/wp\/v2\/posts"}],"about":[{"href":"https:\/\/aeronoticias.com.pe\/noticiero\/wp-json\/wp\/v2\/types\/post"}],"author":[{"embeddable":true,"href":"https:\/\/aeronoticias.com.pe\/noticiero\/wp-json\/wp\/v2\/users\/1"}],"replies":[{"embeddable":true,"href":"https:\/\/aeronoticias.com.pe\/noticiero\/wp-json\/wp\/v2\/comments?post=8259"}],"version-history":[{"count":0,"href":"https:\/\/aeronoticias.com.pe\/noticiero\/wp-json\/wp\/v2\/posts\/8259\/revisions"}],"wp:attachment":[{"href":"https:\/\/aeronoticias.com.pe\/noticiero\/wp-json\/wp\/v2\/media?parent=8259"}],"wp:term":[{"taxonomy":"category","embeddable":true,"href":"https:\/\/aeronoticias.com.pe\/noticiero\/wp-json\/wp\/v2\/categories?post=8259"},{"taxonomy":"post_tag","embeddable":true,"href":"https:\/\/aeronoticias.com.pe\/noticiero\/wp-json\/wp\/v2\/tags?post=8259"}],"curies":[{"name":"wp","href":"https:\/\/api.w.org\/{rel}","templated":true}]}}