{"id":8260,"date":"2010-01-19T15:50:56","date_gmt":"2010-01-19T15:50:56","guid":{"rendered":"http:\/\/desarrollo.mcvicious.com\/aero2020\/2010\/01\/19\/mincetur-asigno-200-mil-soles-para-promover-carnaval-de-cajamarca\/"},"modified":"2010-01-19T15:50:56","modified_gmt":"2010-01-19T15:50:56","slug":"mincetur-asigno-200-mil-soles-para-promover-carnaval-de-cajamarca","status":"publish","type":"post","link":"https:\/\/aeronoticias.com.pe\/noticiero\/turismo\/13\/mincetur-asigno-200-mil-soles-para-promover-carnaval-de-cajamarca\/","title":{"rendered":"MINCETUR asign\u00f3 200 mil soles para promover carnaval de Cajamarca"},"content":{"rendered":"<div align=\"justify\">El ministro de Comercio Exterior y Turismo, Mart\u00edn P\u00e9rez Monteverde, visit\u00f3 hoy Cajamarca, acompa\u00f1ado de una delegaci\u00f3n de altos funcionarios del MINCETUR, donde dio a conocer los programas y actividades que desarrolla este ministerio en la regi\u00f3n para el fortalecimiento del comercio exterior y turismo como verdaderas herramientas de crecimiento del pa\u00eds.<\/p>\n<p>\u201cDentro del plan descentralizador del MINCETUR, est\u00e1 el objetivo de sensibilizar a lo gobiernos regionales y locales sobre la importancia del turismo y que conozcan los programas del MINCETUR para que puedan aprovecharlos. Primero estuvimos en Tacna, ahora en Cajamarca y pensamos ir a Piura, Chiclayo y Amazonas\u201d, dijo P\u00e9rez.<\/p>\n<div style=\"text-align: center\"><img decoding=\"async\" src=\"images\/stories\/10\/01\/190110\/cajamarca.jpg\" border=\"0\" alt=\"carnaval\" title=\"carnaval\" \/><\/div>\n<p>Durante su exposici\u00f3n, el ministro P\u00e9rez Monteverde inform\u00f3 a los representantes de los sectores p\u00fablico y privado cajamarquinos, que se ha asignado 200 mil soles para promover el carnaval de Cajamarca, comprometi\u00e9ndose a derivar recursos adicionales para la promoci\u00f3n de esta festividad de forma que se convierta en un hito del turismo.<\/p>\n<p>Por otro lado, el titular del MINCETUR analiz\u00f3 los principales aspectos que influyen en el desarrollo tur\u00edstico de la zona Noramaz\u00f3nica y trabaj\u00f3 nuevas acciones que generen aportes en este tema, conjuntamente con la Organizaci\u00f3n de Gesti\u00f3n de Destino (OGD) Noramaz\u00f3nica.<\/p>\n<p>El ministro P\u00e9rez manifest\u00f3 que es de vital importancia generar m\u00e1s conectividad para el \u00e9xito de los circuitos tur\u00edsticos en Cajamarca. \u201cSe propiciar\u00e1 conectividad a\u00e9rea entre regiones que conforman la zona Noramaz\u00f3nica, pero para lograr esto se necesita primero generar flujo tur\u00edstico\u201d, coment\u00f3.<\/p>\n<p>Entre los temas que se trataron en la reuni\u00f3n destacan la conectividad del Circuito Tur\u00edstico Noramaz\u00f3nico, asfaltado de carreteras, mejoramiento de aeropuertos, apoyo a la labor de los entes gestores (herramienta dise\u00f1ada para el desarrollo tur\u00edstico), organizaci\u00f3n de ferias, promoci\u00f3n de nuevos circuitos como la ruta de aves, organizaci\u00f3n de workshops, impulso del turismo interno, entre otros.<\/p>\n<p>La OGD Noramaz\u00f3nica est\u00e1 conformada por representantes p\u00fablicos y privados, elegidos por los Consejos Regionales de Turismo de cada una de las siguientes 8 regiones: Amazonas, Cajamarca, La Libertad, Lambayeque, Loreto, Piura, San Mart\u00edn y Tumbes.<\/div>\n","protected":false},"excerpt":{"rendered":"<p>El ministro de Comercio Exterior y Turismo, Mart\u00edn P\u00e9rez Monteverde, visit\u00f3 hoy Cajamarca, acompa\u00f1ado de una delegaci\u00f3n de altos funcionarios del MINCETUR, donde dio a conocer los programas y actividades que desarrolla este ministerio en la regi\u00f3n para el fortalecimiento del comercio exterior y turismo como verdaderas herramientas de crecimiento del pa\u00eds. \u201cDentro del plan [&hellip;]<\/p>\n","protected":false},"author":1,"featured_media":0,"comment_status":"open","ping_status":"open","sticky":false,"template":"","format":"standard","meta":{"tdm_status":"","tdm_grid_status":"","footnotes":""},"categories":[31],"tags":[],"class_list":{"0":"post-8260","1":"post","2":"type-post","3":"status-publish","4":"format-standard","6":"category-31"},"yoast_head":"<!-- This site is optimized with the Yoast SEO plugin v25.1 - https:\/\/yoast.com\/wordpress\/plugins\/seo\/ -->\n<title>MINCETUR asign\u00f3 200 mil soles para promover carnaval de Cajamarca<\/title>\n<meta name=\"description\" content=\"Portal de noticias del Per\u00fa sobre el transporte a\u00e9reo, aviaci\u00f3n, turismo, hoteleria, actualidad.\" \/>\n<meta name=\"robots\" content=\"index, follow, max-snippet:-1, max-image-preview:large, max-video-preview:-1\" \/>\n<link rel=\"canonical\" href=\"https:\/\/aeronoticias.com.pe\/noticiero\/turismo\/13\/mincetur-asigno-200-mil-soles-para-promover-carnaval-de-cajamarca\/\" \/>\n<meta property=\"og:locale\" content=\"es_ES\" \/>\n<meta property=\"og:type\" content=\"article\" \/>\n<meta property=\"og:title\" content=\"MINCETUR asign\u00f3 200 mil soles para promover carnaval de Cajamarca\" \/>\n<meta property=\"og:description\" content=\"Portal de noticias del Per\u00fa sobre el transporte a\u00e9reo, aviaci\u00f3n, turismo, hoteleria, actualidad.\" \/>\n<meta property=\"og:url\" content=\"https:\/\/aeronoticias.com.pe\/noticiero\/turismo\/13\/mincetur-asigno-200-mil-soles-para-promover-carnaval-de-cajamarca\/\" \/>\n<meta property=\"og:site_name\" content=\"Aeronoticias.com.pe\" \/>\n<meta property=\"article:publisher\" content=\"https:\/\/www.facebook.com\/Aeronoticias.com.pe\/\" \/>\n<meta property=\"article:published_time\" content=\"2010-01-19T15:50:56+00:00\" \/>\n<meta name=\"author\" content=\"Redacci\u00f3n Aeronoticias\" \/>\n<meta name=\"twitter:card\" content=\"summary_large_image\" \/>\n<meta name=\"twitter:creator\" content=\"@aeronoticias\" \/>\n<meta name=\"twitter:site\" content=\"@aeronoticias\" \/>\n<meta name=\"twitter:label1\" content=\"Escrito por\" \/>\n\t<meta name=\"twitter:data1\" content=\"Redacci\u00f3n Aeronoticias\" \/>\n\t<meta name=\"twitter:label2\" content=\"Tiempo de lectura\" \/>\n\t<meta name=\"twitter:data2\" content=\"2 minutos\" \/>\n<script type=\"application\/ld+json\" class=\"yoast-schema-graph\">{\"@context\":\"https:\/\/schema.org\",\"@graph\":[{\"@type\":\"WebPage\",\"@id\":\"https:\/\/aeronoticias.com.pe\/noticiero\/turismo\/13\/mincetur-asigno-200-mil-soles-para-promover-carnaval-de-cajamarca\/\",\"url\":\"https:\/\/aeronoticias.com.pe\/noticiero\/turismo\/13\/mincetur-asigno-200-mil-soles-para-promover-carnaval-de-cajamarca\/\",\"name\":\"MINCETUR asign\u00f3 200 mil soles para promover carnaval de Cajamarca\",\"isPartOf\":{\"@id\":\"https:\/\/aeronoticias.com.pe\/noticiero\/#website\"},\"datePublished\":\"2010-01-19T15:50:56+00:00\",\"author\":{\"@id\":\"https:\/\/aeronoticias.com.pe\/noticiero\/#\/schema\/person\/fc1e5d578f4b62ba1cf7ac2bba1170a0\"},\"description\":\"Portal de noticias del Per\u00fa sobre el transporte a\u00e9reo, aviaci\u00f3n, turismo, hoteleria, actualidad.\",\"breadcrumb\":{\"@id\":\"https:\/\/aeronoticias.com.pe\/noticiero\/turismo\/13\/mincetur-asigno-200-mil-soles-para-promover-carnaval-de-cajamarca\/#breadcrumb\"},\"inLanguage\":\"es\",\"potentialAction\":[{\"@type\":\"ReadAction\",\"target\":[\"https:\/\/aeronoticias.com.pe\/noticiero\/turismo\/13\/mincetur-asigno-200-mil-soles-para-promover-carnaval-de-cajamarca\/\"]}]},{\"@type\":\"BreadcrumbList\",\"@id\":\"https:\/\/aeronoticias.com.pe\/noticiero\/turismo\/13\/mincetur-asigno-200-mil-soles-para-promover-carnaval-de-cajamarca\/#breadcrumb\",\"itemListElement\":[{\"@type\":\"ListItem\",\"position\":1,\"name\":\"Portada\",\"item\":\"https:\/\/aeronoticias.com.pe\/noticiero\/\"},{\"@type\":\"ListItem\",\"position\":2,\"name\":\"MINCETUR asign\u00f3 200 mil soles para promover carnaval de Cajamarca\"}]},{\"@type\":\"WebSite\",\"@id\":\"https:\/\/aeronoticias.com.pe\/noticiero\/#website\",\"url\":\"https:\/\/aeronoticias.com.pe\/noticiero\/\",\"name\":\"Aeronoticias.com.pe\",\"description\":\"Noticias de tranporte aereo, turismo, hoteles, gastronomia, actualidad, internacional\",\"potentialAction\":[{\"@type\":\"SearchAction\",\"target\":{\"@type\":\"EntryPoint\",\"urlTemplate\":\"https:\/\/aeronoticias.com.pe\/noticiero\/?s={search_term_string}\"},\"query-input\":{\"@type\":\"PropertyValueSpecification\",\"valueRequired\":true,\"valueName\":\"search_term_string\"}}],\"inLanguage\":\"es\"},{\"@type\":\"Person\",\"@id\":\"https:\/\/aeronoticias.com.pe\/noticiero\/#\/schema\/person\/fc1e5d578f4b62ba1cf7ac2bba1170a0\",\"name\":\"Redacci\u00f3n Aeronoticias\",\"url\":\"https:\/\/aeronoticias.com.pe\/noticiero\/author\/piloto\/\"}]}<\/script>\n<!-- \/ Yoast SEO plugin. -->","yoast_head_json":{"title":"MINCETUR asign\u00f3 200 mil soles para promover carnaval de Cajamarca","description":"Portal de noticias del Per\u00fa sobre el transporte a\u00e9reo, aviaci\u00f3n, turismo, hoteleria, actualidad.","robots":{"index":"index","follow":"follow","max-snippet":"max-snippet:-1","max-image-preview":"max-image-preview:large","max-video-preview":"max-video-preview:-1"},"canonical":"https:\/\/aeronoticias.com.pe\/noticiero\/turismo\/13\/mincetur-asigno-200-mil-soles-para-promover-carnaval-de-cajamarca\/","og_locale":"es_ES","og_type":"article","og_title":"MINCETUR asign\u00f3 200 mil soles para promover carnaval de Cajamarca","og_description":"Portal de noticias del Per\u00fa sobre el transporte a\u00e9reo, aviaci\u00f3n, turismo, hoteleria, actualidad.","og_url":"https:\/\/aeronoticias.com.pe\/noticiero\/turismo\/13\/mincetur-asigno-200-mil-soles-para-promover-carnaval-de-cajamarca\/","og_site_name":"Aeronoticias.com.pe","article_publisher":"https:\/\/www.facebook.com\/Aeronoticias.com.pe\/","article_published_time":"2010-01-19T15:50:56+00:00","author":"Redacci\u00f3n Aeronoticias","twitter_card":"summary_large_image","twitter_creator":"@aeronoticias","twitter_site":"@aeronoticias","twitter_misc":{"Escrito por":"Redacci\u00f3n Aeronoticias","Tiempo de lectura":"2 minutos"},"schema":{"@context":"https:\/\/schema.org","@graph":[{"@type":"WebPage","@id":"https:\/\/aeronoticias.com.pe\/noticiero\/turismo\/13\/mincetur-asigno-200-mil-soles-para-promover-carnaval-de-cajamarca\/","url":"https:\/\/aeronoticias.com.pe\/noticiero\/turismo\/13\/mincetur-asigno-200-mil-soles-para-promover-carnaval-de-cajamarca\/","name":"MINCETUR asign\u00f3 200 mil soles para promover carnaval de Cajamarca","isPartOf":{"@id":"https:\/\/aeronoticias.com.pe\/noticiero\/#website"},"datePublished":"2010-01-19T15:50:56+00:00","author":{"@id":"https:\/\/aeronoticias.com.pe\/noticiero\/#\/schema\/person\/fc1e5d578f4b62ba1cf7ac2bba1170a0"},"description":"Portal de noticias del Per\u00fa sobre el transporte a\u00e9reo, aviaci\u00f3n, turismo, hoteleria, actualidad.","breadcrumb":{"@id":"https:\/\/aeronoticias.com.pe\/noticiero\/turismo\/13\/mincetur-asigno-200-mil-soles-para-promover-carnaval-de-cajamarca\/#breadcrumb"},"inLanguage":"es","potentialAction":[{"@type":"ReadAction","target":["https:\/\/aeronoticias.com.pe\/noticiero\/turismo\/13\/mincetur-asigno-200-mil-soles-para-promover-carnaval-de-cajamarca\/"]}]},{"@type":"BreadcrumbList","@id":"https:\/\/aeronoticias.com.pe\/noticiero\/turismo\/13\/mincetur-asigno-200-mil-soles-para-promover-carnaval-de-cajamarca\/#breadcrumb","itemListElement":[{"@type":"ListItem","position":1,"name":"Portada","item":"https:\/\/aeronoticias.com.pe\/noticiero\/"},{"@type":"ListItem","position":2,"name":"MINCETUR asign\u00f3 200 mil soles para promover carnaval de Cajamarca"}]},{"@type":"WebSite","@id":"https:\/\/aeronoticias.com.pe\/noticiero\/#website","url":"https:\/\/aeronoticias.com.pe\/noticiero\/","name":"Aeronoticias.com.pe","description":"Noticias de tranporte aereo, turismo, hoteles, gastronomia, actualidad, internacional","potentialAction":[{"@type":"SearchAction","target":{"@type":"EntryPoint","urlTemplate":"https:\/\/aeronoticias.com.pe\/noticiero\/?s={search_term_string}"},"query-input":{"@type":"PropertyValueSpecification","valueRequired":true,"valueName":"search_term_string"}}],"inLanguage":"es"},{"@type":"Person","@id":"https:\/\/aeronoticias.com.pe\/noticiero\/#\/schema\/person\/fc1e5d578f4b62ba1cf7ac2bba1170a0","name":"Redacci\u00f3n Aeronoticias","url":"https:\/\/aeronoticias.com.pe\/noticiero\/author\/piloto\/"}]}},"_links":{"self":[{"href":"https:\/\/aeronoticias.com.pe\/noticiero\/wp-json\/wp\/v2\/posts\/8260","targetHints":{"allow":["GET"]}}],"collection":[{"href":"https:\/\/aeronoticias.com.pe\/noticiero\/wp-json\/wp\/v2\/posts"}],"about":[{"href":"https:\/\/aeronoticias.com.pe\/noticiero\/wp-json\/wp\/v2\/types\/post"}],"author":[{"embeddable":true,"href":"https:\/\/aeronoticias.com.pe\/noticiero\/wp-json\/wp\/v2\/users\/1"}],"replies":[{"embeddable":true,"href":"https:\/\/aeronoticias.com.pe\/noticiero\/wp-json\/wp\/v2\/comments?post=8260"}],"version-history":[{"count":0,"href":"https:\/\/aeronoticias.com.pe\/noticiero\/wp-json\/wp\/v2\/posts\/8260\/revisions"}],"wp:attachment":[{"href":"https:\/\/aeronoticias.com.pe\/noticiero\/wp-json\/wp\/v2\/media?parent=8260"}],"wp:term":[{"taxonomy":"category","embeddable":true,"href":"https:\/\/aeronoticias.com.pe\/noticiero\/wp-json\/wp\/v2\/categories?post=8260"},{"taxonomy":"post_tag","embeddable":true,"href":"https:\/\/aeronoticias.com.pe\/noticiero\/wp-json\/wp\/v2\/tags?post=8260"}],"curies":[{"name":"wp","href":"https:\/\/api.w.org\/{rel}","templated":true}]}}