{"id":8264,"date":"2010-01-19T17:08:03","date_gmt":"2010-01-19T17:08:03","guid":{"rendered":"http:\/\/desarrollo.mcvicious.com\/aero2020\/2010\/01\/19\/iberia-y-amadeus-amplian-acuerdo-de-distribucion-de-full-content-por-cinco-anos\/"},"modified":"2010-01-19T17:08:03","modified_gmt":"2010-01-19T17:08:03","slug":"iberia-y-amadeus-amplian-acuerdo-de-distribucion-de-full-content-por-cinco-anos","status":"publish","type":"post","link":"https:\/\/aeronoticias.com.pe\/noticiero\/turismo\/13\/iberia-y-amadeus-amplian-acuerdo-de-distribucion-de-full-content-por-cinco-anos\/","title":{"rendered":"Iberia y Amadeus ampl\u00edan acuerdo de distribuci\u00f3n de full content por cinco a\u00f1os"},"content":{"rendered":"<div align=\"justify\">Amadeus, proveedor mundial de soluciones tecnol\u00f3gicas y de distribuci\u00f3n para la industria del viaje, y la aerol\u00ednea Iberia, l\u00edder en Espa\u00f1a y en las rutas con Europa y entre Europa y Am\u00e9rica Latina, renovaron su acuerdo de distribuci\u00f3n full content por un periodo de 5 a\u00f1os, ampli\u00e1ndolo hasta 2014. <\/p>\n<p>De esta forma, Iberia seguir\u00e1 distribuyendo la totalidad de sus vuelos y tarifas, incluyendo las de Internet, a trav\u00e9s del sistema de reservas Amadeus, garantizando de este modo la disponibilidad de todo su inventario a las agencias de viajes.<\/p>\n<div style=\"text-align: center\"><img decoding=\"async\" src=\"images\/stories\/10\/01\/190110\/iberia.jpg\" border=\"0\" alt=\"Iberia y Amadeus ampl\u00edan acuerdo de distribuci\u00f3n de full content por cinco a\u00f1os\" title=\"Iberia y Amadeus ampl\u00edan acuerdo de distribuci\u00f3n de full content por cinco a\u00f1os\" \/><\/div>\n<p>Para Amadeus, este acuerdo se enmarca dentro de su estrategia de lograr acuerdos de distribuci\u00f3n \u00edntegra de contenido \u2013full content\u2013 a largo plazo con las aerol\u00edneas m\u00e1s relevantes, garantizando la paridad de contenido de vuelos en el GDS con otros canales de distribuci\u00f3n. <\/p>\n<p>\u201cAdem\u00e1s de aportar estabilidad a las agencias y aerol\u00edneas en su relaci\u00f3n, los acuerdos de full content ayudan a los agentes de viajes a reforzar su papel de asesor al viajero, que es su valor a\u00f1adido y gran reto futuro ante un cliente que cada vez es mejor conocedor de las oportunidades online y m\u00e1s exigente\u201d, expres\u00f3 Paul de Villiers, director general de Amadeus Espa\u00f1a.<\/p>\n<p>\u201cEstamos muy satisfechos por haber ampliado este acuerdo que subraya nuestro compromiso con el sector. Las agencias de viajes se beneficiar\u00e1n de un acceso eficaz a nuestra totalidad de vuelos y tarifas a trav\u00e9s de Amadeus durante los pr\u00f3ximos cinco a\u00f1os\u201d, manifest\u00f3 por su parte V\u00edctor Moneo, director de Ventas Espa\u00f1a de Iberia.<\/p>\n<p>Las aerol\u00edneas que contratan la modalidad de distribuci\u00f3n de full content de Amadeus se comprometen a que su inventario de vuelos, horarios, tarifas y plazas que proporcionan a las agencias de viajes a trav\u00e9s de Amadeus sea el mismo que distribuye a trav\u00e9s de otros canales como su propia p\u00e1gina web, otros portales de Internet o sus oficinas de venta directa.<\/p>\n<p>Garantizar la disponibilidad de todo el contenido de una aerol\u00ednea, y en particular de sus tarifas de Internet, a trav\u00e9s de Amadeus, aporta un gran valor al agente de viajes, que en ocasiones acude a otros canales para comparar y encontrar la tarifa m\u00e1s econ\u00f3mica para su cliente, con el consiguiente gasto de tiempo, recursos e incremento de costes. En este sentido, el proceso de reserva con Iberia es m\u00e1s \u00e1gil y ofrece todas las garant\u00edas de fiabilidad de la informaci\u00f3n a las 8.000 agencias espa\u00f1olas que utilizan el sistema Amadeus. <\/p>\n<p>El acuerdo con Iberia se suma al creciente n\u00famero de acuerdos de full content firmados recientemente por Amadeus con destacadas aerol\u00edneas, entre ellos los de British Airways (acuerdo por 3 a\u00f1os), Lufthansa y Swiss (5 a\u00f1os) y Virgin Atlantic (3 a\u00f1os). Actualmente, la compa\u00f1\u00eda suma m\u00e1s de 130 contratos de este tipo, que representan m\u00e1s del 80% del total de reservas a\u00e9reas vendidas por las agencias de viajes a trav\u00e9s de Amadeus en todo el mundo, m\u00e1s de 280 millones de reservas anuales.<\/div>\n","protected":false},"excerpt":{"rendered":"<p>Amadeus, proveedor mundial de soluciones tecnol\u00f3gicas y de distribuci\u00f3n para la industria del viaje, y la aerol\u00ednea Iberia, l\u00edder en Espa\u00f1a y en las rutas con Europa y entre Europa y Am\u00e9rica Latina, renovaron su acuerdo de distribuci\u00f3n full content por un periodo de 5 a\u00f1os, ampli\u00e1ndolo hasta 2014. De esta forma, Iberia seguir\u00e1 distribuyendo [&hellip;]<\/p>\n","protected":false},"author":1,"featured_media":0,"comment_status":"open","ping_status":"open","sticky":false,"template":"","format":"standard","meta":{"tdm_status":"","tdm_grid_status":"","footnotes":""},"categories":[31],"tags":[],"class_list":{"0":"post-8264","1":"post","2":"type-post","3":"status-publish","4":"format-standard","6":"category-31"},"yoast_head":"<!-- This site is optimized with the Yoast SEO plugin v25.1 - https:\/\/yoast.com\/wordpress\/plugins\/seo\/ -->\n<title>Iberia y Amadeus ampl\u00edan acuerdo de distribuci\u00f3n de full content por cinco a\u00f1os<\/title>\n<meta name=\"description\" content=\"Portal de noticias del Per\u00fa sobre el transporte a\u00e9reo, aviaci\u00f3n, turismo, hoteleria, actualidad.\" \/>\n<meta name=\"robots\" content=\"index, follow, max-snippet:-1, max-image-preview:large, max-video-preview:-1\" \/>\n<link rel=\"canonical\" href=\"https:\/\/aeronoticias.com.pe\/noticiero\/turismo\/13\/iberia-y-amadeus-amplian-acuerdo-de-distribucion-de-full-content-por-cinco-anos\/\" \/>\n<meta property=\"og:locale\" content=\"es_ES\" \/>\n<meta property=\"og:type\" content=\"article\" \/>\n<meta property=\"og:title\" content=\"Iberia y Amadeus ampl\u00edan acuerdo de distribuci\u00f3n de full content por cinco a\u00f1os\" \/>\n<meta property=\"og:description\" content=\"Portal de noticias del Per\u00fa sobre el transporte a\u00e9reo, aviaci\u00f3n, turismo, hoteleria, actualidad.\" \/>\n<meta property=\"og:url\" content=\"https:\/\/aeronoticias.com.pe\/noticiero\/turismo\/13\/iberia-y-amadeus-amplian-acuerdo-de-distribucion-de-full-content-por-cinco-anos\/\" \/>\n<meta property=\"og:site_name\" content=\"Aeronoticias.com.pe\" \/>\n<meta property=\"article:publisher\" content=\"https:\/\/www.facebook.com\/Aeronoticias.com.pe\/\" \/>\n<meta property=\"article:published_time\" content=\"2010-01-19T17:08:03+00:00\" \/>\n<meta name=\"author\" content=\"Redacci\u00f3n Aeronoticias\" \/>\n<meta name=\"twitter:card\" content=\"summary_large_image\" \/>\n<meta name=\"twitter:creator\" content=\"@aeronoticias\" \/>\n<meta name=\"twitter:site\" content=\"@aeronoticias\" \/>\n<meta name=\"twitter:label1\" content=\"Escrito por\" \/>\n\t<meta name=\"twitter:data1\" content=\"Redacci\u00f3n Aeronoticias\" \/>\n\t<meta name=\"twitter:label2\" content=\"Tiempo de lectura\" \/>\n\t<meta name=\"twitter:data2\" content=\"3 minutos\" \/>\n<script type=\"application\/ld+json\" class=\"yoast-schema-graph\">{\"@context\":\"https:\/\/schema.org\",\"@graph\":[{\"@type\":\"WebPage\",\"@id\":\"https:\/\/aeronoticias.com.pe\/noticiero\/turismo\/13\/iberia-y-amadeus-amplian-acuerdo-de-distribucion-de-full-content-por-cinco-anos\/\",\"url\":\"https:\/\/aeronoticias.com.pe\/noticiero\/turismo\/13\/iberia-y-amadeus-amplian-acuerdo-de-distribucion-de-full-content-por-cinco-anos\/\",\"name\":\"Iberia y Amadeus ampl\u00edan acuerdo de distribuci\u00f3n de full content por cinco a\u00f1os\",\"isPartOf\":{\"@id\":\"https:\/\/aeronoticias.com.pe\/noticiero\/#website\"},\"datePublished\":\"2010-01-19T17:08:03+00:00\",\"author\":{\"@id\":\"https:\/\/aeronoticias.com.pe\/noticiero\/#\/schema\/person\/fc1e5d578f4b62ba1cf7ac2bba1170a0\"},\"description\":\"Portal de noticias del Per\u00fa sobre el transporte a\u00e9reo, aviaci\u00f3n, turismo, hoteleria, actualidad.\",\"breadcrumb\":{\"@id\":\"https:\/\/aeronoticias.com.pe\/noticiero\/turismo\/13\/iberia-y-amadeus-amplian-acuerdo-de-distribucion-de-full-content-por-cinco-anos\/#breadcrumb\"},\"inLanguage\":\"es\",\"potentialAction\":[{\"@type\":\"ReadAction\",\"target\":[\"https:\/\/aeronoticias.com.pe\/noticiero\/turismo\/13\/iberia-y-amadeus-amplian-acuerdo-de-distribucion-de-full-content-por-cinco-anos\/\"]}]},{\"@type\":\"BreadcrumbList\",\"@id\":\"https:\/\/aeronoticias.com.pe\/noticiero\/turismo\/13\/iberia-y-amadeus-amplian-acuerdo-de-distribucion-de-full-content-por-cinco-anos\/#breadcrumb\",\"itemListElement\":[{\"@type\":\"ListItem\",\"position\":1,\"name\":\"Portada\",\"item\":\"https:\/\/aeronoticias.com.pe\/noticiero\/\"},{\"@type\":\"ListItem\",\"position\":2,\"name\":\"Iberia y Amadeus ampl\u00edan acuerdo de distribuci\u00f3n de full content por cinco a\u00f1os\"}]},{\"@type\":\"WebSite\",\"@id\":\"https:\/\/aeronoticias.com.pe\/noticiero\/#website\",\"url\":\"https:\/\/aeronoticias.com.pe\/noticiero\/\",\"name\":\"Aeronoticias.com.pe\",\"description\":\"Noticias de tranporte aereo, turismo, hoteles, gastronomia, actualidad, internacional\",\"potentialAction\":[{\"@type\":\"SearchAction\",\"target\":{\"@type\":\"EntryPoint\",\"urlTemplate\":\"https:\/\/aeronoticias.com.pe\/noticiero\/?s={search_term_string}\"},\"query-input\":{\"@type\":\"PropertyValueSpecification\",\"valueRequired\":true,\"valueName\":\"search_term_string\"}}],\"inLanguage\":\"es\"},{\"@type\":\"Person\",\"@id\":\"https:\/\/aeronoticias.com.pe\/noticiero\/#\/schema\/person\/fc1e5d578f4b62ba1cf7ac2bba1170a0\",\"name\":\"Redacci\u00f3n Aeronoticias\",\"url\":\"https:\/\/aeronoticias.com.pe\/noticiero\/author\/piloto\/\"}]}<\/script>\n<!-- \/ Yoast SEO plugin. -->","yoast_head_json":{"title":"Iberia y Amadeus ampl\u00edan acuerdo de distribuci\u00f3n de full content por cinco a\u00f1os","description":"Portal de noticias del Per\u00fa sobre el transporte a\u00e9reo, aviaci\u00f3n, turismo, hoteleria, actualidad.","robots":{"index":"index","follow":"follow","max-snippet":"max-snippet:-1","max-image-preview":"max-image-preview:large","max-video-preview":"max-video-preview:-1"},"canonical":"https:\/\/aeronoticias.com.pe\/noticiero\/turismo\/13\/iberia-y-amadeus-amplian-acuerdo-de-distribucion-de-full-content-por-cinco-anos\/","og_locale":"es_ES","og_type":"article","og_title":"Iberia y Amadeus ampl\u00edan acuerdo de distribuci\u00f3n de full content por cinco a\u00f1os","og_description":"Portal de noticias del Per\u00fa sobre el transporte a\u00e9reo, aviaci\u00f3n, turismo, hoteleria, actualidad.","og_url":"https:\/\/aeronoticias.com.pe\/noticiero\/turismo\/13\/iberia-y-amadeus-amplian-acuerdo-de-distribucion-de-full-content-por-cinco-anos\/","og_site_name":"Aeronoticias.com.pe","article_publisher":"https:\/\/www.facebook.com\/Aeronoticias.com.pe\/","article_published_time":"2010-01-19T17:08:03+00:00","author":"Redacci\u00f3n Aeronoticias","twitter_card":"summary_large_image","twitter_creator":"@aeronoticias","twitter_site":"@aeronoticias","twitter_misc":{"Escrito por":"Redacci\u00f3n Aeronoticias","Tiempo de lectura":"3 minutos"},"schema":{"@context":"https:\/\/schema.org","@graph":[{"@type":"WebPage","@id":"https:\/\/aeronoticias.com.pe\/noticiero\/turismo\/13\/iberia-y-amadeus-amplian-acuerdo-de-distribucion-de-full-content-por-cinco-anos\/","url":"https:\/\/aeronoticias.com.pe\/noticiero\/turismo\/13\/iberia-y-amadeus-amplian-acuerdo-de-distribucion-de-full-content-por-cinco-anos\/","name":"Iberia y Amadeus ampl\u00edan acuerdo de distribuci\u00f3n de full content por cinco a\u00f1os","isPartOf":{"@id":"https:\/\/aeronoticias.com.pe\/noticiero\/#website"},"datePublished":"2010-01-19T17:08:03+00:00","author":{"@id":"https:\/\/aeronoticias.com.pe\/noticiero\/#\/schema\/person\/fc1e5d578f4b62ba1cf7ac2bba1170a0"},"description":"Portal de noticias del Per\u00fa sobre el transporte a\u00e9reo, aviaci\u00f3n, turismo, hoteleria, actualidad.","breadcrumb":{"@id":"https:\/\/aeronoticias.com.pe\/noticiero\/turismo\/13\/iberia-y-amadeus-amplian-acuerdo-de-distribucion-de-full-content-por-cinco-anos\/#breadcrumb"},"inLanguage":"es","potentialAction":[{"@type":"ReadAction","target":["https:\/\/aeronoticias.com.pe\/noticiero\/turismo\/13\/iberia-y-amadeus-amplian-acuerdo-de-distribucion-de-full-content-por-cinco-anos\/"]}]},{"@type":"BreadcrumbList","@id":"https:\/\/aeronoticias.com.pe\/noticiero\/turismo\/13\/iberia-y-amadeus-amplian-acuerdo-de-distribucion-de-full-content-por-cinco-anos\/#breadcrumb","itemListElement":[{"@type":"ListItem","position":1,"name":"Portada","item":"https:\/\/aeronoticias.com.pe\/noticiero\/"},{"@type":"ListItem","position":2,"name":"Iberia y Amadeus ampl\u00edan acuerdo de distribuci\u00f3n de full content por cinco a\u00f1os"}]},{"@type":"WebSite","@id":"https:\/\/aeronoticias.com.pe\/noticiero\/#website","url":"https:\/\/aeronoticias.com.pe\/noticiero\/","name":"Aeronoticias.com.pe","description":"Noticias de tranporte aereo, turismo, hoteles, gastronomia, actualidad, internacional","potentialAction":[{"@type":"SearchAction","target":{"@type":"EntryPoint","urlTemplate":"https:\/\/aeronoticias.com.pe\/noticiero\/?s={search_term_string}"},"query-input":{"@type":"PropertyValueSpecification","valueRequired":true,"valueName":"search_term_string"}}],"inLanguage":"es"},{"@type":"Person","@id":"https:\/\/aeronoticias.com.pe\/noticiero\/#\/schema\/person\/fc1e5d578f4b62ba1cf7ac2bba1170a0","name":"Redacci\u00f3n Aeronoticias","url":"https:\/\/aeronoticias.com.pe\/noticiero\/author\/piloto\/"}]}},"_links":{"self":[{"href":"https:\/\/aeronoticias.com.pe\/noticiero\/wp-json\/wp\/v2\/posts\/8264","targetHints":{"allow":["GET"]}}],"collection":[{"href":"https:\/\/aeronoticias.com.pe\/noticiero\/wp-json\/wp\/v2\/posts"}],"about":[{"href":"https:\/\/aeronoticias.com.pe\/noticiero\/wp-json\/wp\/v2\/types\/post"}],"author":[{"embeddable":true,"href":"https:\/\/aeronoticias.com.pe\/noticiero\/wp-json\/wp\/v2\/users\/1"}],"replies":[{"embeddable":true,"href":"https:\/\/aeronoticias.com.pe\/noticiero\/wp-json\/wp\/v2\/comments?post=8264"}],"version-history":[{"count":0,"href":"https:\/\/aeronoticias.com.pe\/noticiero\/wp-json\/wp\/v2\/posts\/8264\/revisions"}],"wp:attachment":[{"href":"https:\/\/aeronoticias.com.pe\/noticiero\/wp-json\/wp\/v2\/media?parent=8264"}],"wp:term":[{"taxonomy":"category","embeddable":true,"href":"https:\/\/aeronoticias.com.pe\/noticiero\/wp-json\/wp\/v2\/categories?post=8264"},{"taxonomy":"post_tag","embeddable":true,"href":"https:\/\/aeronoticias.com.pe\/noticiero\/wp-json\/wp\/v2\/tags?post=8264"}],"curies":[{"name":"wp","href":"https:\/\/api.w.org\/{rel}","templated":true}]}}