{"id":8266,"date":"2010-01-19T17:16:00","date_gmt":"2010-01-19T17:16:00","guid":{"rendered":"http:\/\/desarrollo.mcvicious.com\/aero2020\/2010\/01\/19\/el-reto-entre-chile-y-peru-es-cual-avanza-mas-economicamente\/"},"modified":"2010-01-19T17:16:00","modified_gmt":"2010-01-19T17:16:00","slug":"el-reto-entre-chile-y-peru-es-cual-avanza-mas-economicamente","status":"publish","type":"post","link":"https:\/\/aeronoticias.com.pe\/noticiero\/economia\/el-reto-entre-chile-y-peru-es-cual-avanza-mas-economicamente\/","title":{"rendered":"El reto entre Chile y Per\u00fa es cual avanza m\u00e1s econ\u00f3micamente"},"content":{"rendered":"<div align=\"justify\">Juan Francisco Raffo, presidente de la C\u00e1mara de Comercio Per\u00fa-Chile, signific\u00f3\u00a0 hoy que el reto que enfrentar\u00e1 en el futuro al Per\u00fa y a Chile no tendr\u00e1 como escenario\u00a0 ning\u00fan campo de batalla\u00a0 si no en el campo de la econom\u00eda y de las finanzas para ver cu\u00e1l de los dos avanza m\u00e1s.<\/p>\n<p>A\u00f1adi\u00f3 que ahora que el gobierno de Chile est\u00e1 en manos del empresario Sebasti\u00e1n Pi\u00f1era era de esperar que\u00a0 las relaciones entre ambos pa\u00edses experimenten un refrescante cambio, teniendo en cuenta adem\u00e1s que existen hasta tres palancas que ayudaran a fortalecer este cambio: el comercio, la inversi\u00f3n y el movimiento migratorio que es cada vez m\u00e1s caudaloso de un lado al otro.<\/p>\n<div style=\"text-align: center\"><img decoding=\"async\" src=\"images\/stories\/10\/01\/190110\/perchi.jpg\" border=\"0\" alt=\"El reto entre Chile y Per\u00fa es cual avanza m\u00e1s econ\u00f3micamente\" title=\"El reto entre Chile y Per\u00fa es cual avanza m\u00e1s econ\u00f3micamente\" \/><\/div>\n<p>Raffo, dijo tambi\u00e9n que si\u00a0 los l\u00edderes chilenos y peruanos, que dirigen el comercio y las exportaciones en sus respectivos pa\u00edses logran entenderse, podr\u00e1n movilizar toneladas de productos alimenticios, como la palta de primera calidad, por ejemplo,\u00a0 hacia los grandes mercados del Asia y de Europa, pues juntos est\u00e1n en condiciones de abastecerlos durante casi todo el a\u00f1o.<\/div>\n","protected":false},"excerpt":{"rendered":"<p>Juan Francisco Raffo, presidente de la C\u00e1mara de Comercio Per\u00fa-Chile, signific\u00f3\u00a0 hoy que el reto que enfrentar\u00e1 en el futuro al Per\u00fa y a Chile no tendr\u00e1 como escenario\u00a0 ning\u00fan campo de batalla\u00a0 si no en el campo de la econom\u00eda y de las finanzas para ver cu\u00e1l de los dos avanza m\u00e1s. A\u00f1adi\u00f3 que [&hellip;]<\/p>\n","protected":false},"author":1,"featured_media":0,"comment_status":"open","ping_status":"open","sticky":false,"template":"","format":"standard","meta":{"tdm_status":"","tdm_grid_status":"","footnotes":""},"categories":[33],"tags":[],"class_list":{"0":"post-8266","1":"post","2":"type-post","3":"status-publish","4":"format-standard","6":"category-economia"},"yoast_head":"<!-- This site is optimized with the Yoast SEO plugin v25.1 - https:\/\/yoast.com\/wordpress\/plugins\/seo\/ -->\n<title>El reto entre Chile y Per\u00fa es cual avanza m\u00e1s econ\u00f3micamente<\/title>\n<meta name=\"description\" content=\"Portal de noticias del Per\u00fa sobre el transporte a\u00e9reo, aviaci\u00f3n, turismo, hoteleria, actualidad.\" \/>\n<meta name=\"robots\" content=\"index, follow, max-snippet:-1, max-image-preview:large, max-video-preview:-1\" \/>\n<link rel=\"canonical\" href=\"https:\/\/aeronoticias.com.pe\/noticiero\/economia\/el-reto-entre-chile-y-peru-es-cual-avanza-mas-economicamente\/\" \/>\n<meta property=\"og:locale\" content=\"es_ES\" \/>\n<meta property=\"og:type\" content=\"article\" \/>\n<meta property=\"og:title\" content=\"El reto entre Chile y Per\u00fa es cual avanza m\u00e1s econ\u00f3micamente\" \/>\n<meta property=\"og:description\" content=\"Portal de noticias del Per\u00fa sobre el transporte a\u00e9reo, aviaci\u00f3n, turismo, hoteleria, actualidad.\" \/>\n<meta property=\"og:url\" content=\"https:\/\/aeronoticias.com.pe\/noticiero\/economia\/el-reto-entre-chile-y-peru-es-cual-avanza-mas-economicamente\/\" \/>\n<meta property=\"og:site_name\" content=\"Aeronoticias.com.pe\" \/>\n<meta property=\"article:publisher\" content=\"https:\/\/www.facebook.com\/Aeronoticias.com.pe\/\" \/>\n<meta property=\"article:published_time\" content=\"2010-01-19T17:16:00+00:00\" \/>\n<meta name=\"author\" content=\"Redacci\u00f3n Aeronoticias\" \/>\n<meta name=\"twitter:card\" content=\"summary_large_image\" \/>\n<meta name=\"twitter:creator\" content=\"@aeronoticias\" \/>\n<meta name=\"twitter:site\" content=\"@aeronoticias\" \/>\n<meta name=\"twitter:label1\" content=\"Escrito por\" \/>\n\t<meta name=\"twitter:data1\" content=\"Redacci\u00f3n Aeronoticias\" \/>\n\t<meta name=\"twitter:label2\" content=\"Tiempo de lectura\" \/>\n\t<meta name=\"twitter:data2\" content=\"1 minuto\" \/>\n<script type=\"application\/ld+json\" class=\"yoast-schema-graph\">{\"@context\":\"https:\/\/schema.org\",\"@graph\":[{\"@type\":\"WebPage\",\"@id\":\"https:\/\/aeronoticias.com.pe\/noticiero\/economia\/el-reto-entre-chile-y-peru-es-cual-avanza-mas-economicamente\/\",\"url\":\"https:\/\/aeronoticias.com.pe\/noticiero\/economia\/el-reto-entre-chile-y-peru-es-cual-avanza-mas-economicamente\/\",\"name\":\"El reto entre Chile y Per\u00fa es cual avanza m\u00e1s econ\u00f3micamente\",\"isPartOf\":{\"@id\":\"https:\/\/aeronoticias.com.pe\/noticiero\/#website\"},\"datePublished\":\"2010-01-19T17:16:00+00:00\",\"author\":{\"@id\":\"https:\/\/aeronoticias.com.pe\/noticiero\/#\/schema\/person\/fc1e5d578f4b62ba1cf7ac2bba1170a0\"},\"description\":\"Portal de noticias del Per\u00fa sobre el transporte a\u00e9reo, aviaci\u00f3n, turismo, hoteleria, actualidad.\",\"breadcrumb\":{\"@id\":\"https:\/\/aeronoticias.com.pe\/noticiero\/economia\/el-reto-entre-chile-y-peru-es-cual-avanza-mas-economicamente\/#breadcrumb\"},\"inLanguage\":\"es\",\"potentialAction\":[{\"@type\":\"ReadAction\",\"target\":[\"https:\/\/aeronoticias.com.pe\/noticiero\/economia\/el-reto-entre-chile-y-peru-es-cual-avanza-mas-economicamente\/\"]}]},{\"@type\":\"BreadcrumbList\",\"@id\":\"https:\/\/aeronoticias.com.pe\/noticiero\/economia\/el-reto-entre-chile-y-peru-es-cual-avanza-mas-economicamente\/#breadcrumb\",\"itemListElement\":[{\"@type\":\"ListItem\",\"position\":1,\"name\":\"Portada\",\"item\":\"https:\/\/aeronoticias.com.pe\/noticiero\/\"},{\"@type\":\"ListItem\",\"position\":2,\"name\":\"El reto entre Chile y Per\u00fa es cual avanza m\u00e1s econ\u00f3micamente\"}]},{\"@type\":\"WebSite\",\"@id\":\"https:\/\/aeronoticias.com.pe\/noticiero\/#website\",\"url\":\"https:\/\/aeronoticias.com.pe\/noticiero\/\",\"name\":\"Aeronoticias.com.pe\",\"description\":\"Noticias de tranporte aereo, turismo, hoteles, gastronomia, actualidad, internacional\",\"potentialAction\":[{\"@type\":\"SearchAction\",\"target\":{\"@type\":\"EntryPoint\",\"urlTemplate\":\"https:\/\/aeronoticias.com.pe\/noticiero\/?s={search_term_string}\"},\"query-input\":{\"@type\":\"PropertyValueSpecification\",\"valueRequired\":true,\"valueName\":\"search_term_string\"}}],\"inLanguage\":\"es\"},{\"@type\":\"Person\",\"@id\":\"https:\/\/aeronoticias.com.pe\/noticiero\/#\/schema\/person\/fc1e5d578f4b62ba1cf7ac2bba1170a0\",\"name\":\"Redacci\u00f3n Aeronoticias\",\"url\":\"https:\/\/aeronoticias.com.pe\/noticiero\/author\/piloto\/\"}]}<\/script>\n<!-- \/ Yoast SEO plugin. -->","yoast_head_json":{"title":"El reto entre Chile y Per\u00fa es cual avanza m\u00e1s econ\u00f3micamente","description":"Portal de noticias del Per\u00fa sobre el transporte a\u00e9reo, aviaci\u00f3n, turismo, hoteleria, actualidad.","robots":{"index":"index","follow":"follow","max-snippet":"max-snippet:-1","max-image-preview":"max-image-preview:large","max-video-preview":"max-video-preview:-1"},"canonical":"https:\/\/aeronoticias.com.pe\/noticiero\/economia\/el-reto-entre-chile-y-peru-es-cual-avanza-mas-economicamente\/","og_locale":"es_ES","og_type":"article","og_title":"El reto entre Chile y Per\u00fa es cual avanza m\u00e1s econ\u00f3micamente","og_description":"Portal de noticias del Per\u00fa sobre el transporte a\u00e9reo, aviaci\u00f3n, turismo, hoteleria, actualidad.","og_url":"https:\/\/aeronoticias.com.pe\/noticiero\/economia\/el-reto-entre-chile-y-peru-es-cual-avanza-mas-economicamente\/","og_site_name":"Aeronoticias.com.pe","article_publisher":"https:\/\/www.facebook.com\/Aeronoticias.com.pe\/","article_published_time":"2010-01-19T17:16:00+00:00","author":"Redacci\u00f3n Aeronoticias","twitter_card":"summary_large_image","twitter_creator":"@aeronoticias","twitter_site":"@aeronoticias","twitter_misc":{"Escrito por":"Redacci\u00f3n Aeronoticias","Tiempo de lectura":"1 minuto"},"schema":{"@context":"https:\/\/schema.org","@graph":[{"@type":"WebPage","@id":"https:\/\/aeronoticias.com.pe\/noticiero\/economia\/el-reto-entre-chile-y-peru-es-cual-avanza-mas-economicamente\/","url":"https:\/\/aeronoticias.com.pe\/noticiero\/economia\/el-reto-entre-chile-y-peru-es-cual-avanza-mas-economicamente\/","name":"El reto entre Chile y Per\u00fa es cual avanza m\u00e1s econ\u00f3micamente","isPartOf":{"@id":"https:\/\/aeronoticias.com.pe\/noticiero\/#website"},"datePublished":"2010-01-19T17:16:00+00:00","author":{"@id":"https:\/\/aeronoticias.com.pe\/noticiero\/#\/schema\/person\/fc1e5d578f4b62ba1cf7ac2bba1170a0"},"description":"Portal de noticias del Per\u00fa sobre el transporte a\u00e9reo, aviaci\u00f3n, turismo, hoteleria, actualidad.","breadcrumb":{"@id":"https:\/\/aeronoticias.com.pe\/noticiero\/economia\/el-reto-entre-chile-y-peru-es-cual-avanza-mas-economicamente\/#breadcrumb"},"inLanguage":"es","potentialAction":[{"@type":"ReadAction","target":["https:\/\/aeronoticias.com.pe\/noticiero\/economia\/el-reto-entre-chile-y-peru-es-cual-avanza-mas-economicamente\/"]}]},{"@type":"BreadcrumbList","@id":"https:\/\/aeronoticias.com.pe\/noticiero\/economia\/el-reto-entre-chile-y-peru-es-cual-avanza-mas-economicamente\/#breadcrumb","itemListElement":[{"@type":"ListItem","position":1,"name":"Portada","item":"https:\/\/aeronoticias.com.pe\/noticiero\/"},{"@type":"ListItem","position":2,"name":"El reto entre Chile y Per\u00fa es cual avanza m\u00e1s econ\u00f3micamente"}]},{"@type":"WebSite","@id":"https:\/\/aeronoticias.com.pe\/noticiero\/#website","url":"https:\/\/aeronoticias.com.pe\/noticiero\/","name":"Aeronoticias.com.pe","description":"Noticias de tranporte aereo, turismo, hoteles, gastronomia, actualidad, internacional","potentialAction":[{"@type":"SearchAction","target":{"@type":"EntryPoint","urlTemplate":"https:\/\/aeronoticias.com.pe\/noticiero\/?s={search_term_string}"},"query-input":{"@type":"PropertyValueSpecification","valueRequired":true,"valueName":"search_term_string"}}],"inLanguage":"es"},{"@type":"Person","@id":"https:\/\/aeronoticias.com.pe\/noticiero\/#\/schema\/person\/fc1e5d578f4b62ba1cf7ac2bba1170a0","name":"Redacci\u00f3n Aeronoticias","url":"https:\/\/aeronoticias.com.pe\/noticiero\/author\/piloto\/"}]}},"_links":{"self":[{"href":"https:\/\/aeronoticias.com.pe\/noticiero\/wp-json\/wp\/v2\/posts\/8266","targetHints":{"allow":["GET"]}}],"collection":[{"href":"https:\/\/aeronoticias.com.pe\/noticiero\/wp-json\/wp\/v2\/posts"}],"about":[{"href":"https:\/\/aeronoticias.com.pe\/noticiero\/wp-json\/wp\/v2\/types\/post"}],"author":[{"embeddable":true,"href":"https:\/\/aeronoticias.com.pe\/noticiero\/wp-json\/wp\/v2\/users\/1"}],"replies":[{"embeddable":true,"href":"https:\/\/aeronoticias.com.pe\/noticiero\/wp-json\/wp\/v2\/comments?post=8266"}],"version-history":[{"count":0,"href":"https:\/\/aeronoticias.com.pe\/noticiero\/wp-json\/wp\/v2\/posts\/8266\/revisions"}],"wp:attachment":[{"href":"https:\/\/aeronoticias.com.pe\/noticiero\/wp-json\/wp\/v2\/media?parent=8266"}],"wp:term":[{"taxonomy":"category","embeddable":true,"href":"https:\/\/aeronoticias.com.pe\/noticiero\/wp-json\/wp\/v2\/categories?post=8266"},{"taxonomy":"post_tag","embeddable":true,"href":"https:\/\/aeronoticias.com.pe\/noticiero\/wp-json\/wp\/v2\/tags?post=8266"}],"curies":[{"name":"wp","href":"https:\/\/api.w.org\/{rel}","templated":true}]}}