{"id":8267,"date":"2010-01-19T17:27:03","date_gmt":"2010-01-19T17:27:03","guid":{"rendered":"http:\/\/desarrollo.mcvicious.com\/aero2020\/2010\/01\/19\/obama-maniatado-por-la-economia-al-cumplir-un-ano-de-gobierno\/"},"modified":"2010-01-19T17:27:03","modified_gmt":"2010-01-19T17:27:03","slug":"obama-maniatado-por-la-economia-al-cumplir-un-ano-de-gobierno","status":"publish","type":"post","link":"https:\/\/aeronoticias.com.pe\/noticiero\/economia\/obama-maniatado-por-la-economia-al-cumplir-un-ano-de-gobierno\/","title":{"rendered":"Obama, maniatado por la econom\u00eda al cumplir un a\u00f1o de gobierno"},"content":{"rendered":"<p style=\"text-align: justify; margin-bottom: 0.0001pt\" class=\"MsoNormal\">El presidente estadounidense, Barack Obama, alent\u00f3 esperanzas cuando asumi\u00f3 su cargo en medio de un \u00abinvierno de dificultades para Estados Unidos\u00bb, pero un a\u00f1o despu\u00e9s, pese a algunos \u00e9xitos, m\u00faltiples crisis se prolongan y su presidencia se encuentra maniatada por una econom\u00eda malherida.\u00a0El optimismo desatado por una campa\u00f1a hist\u00f3rica, la elecci\u00f3n del primer presidente negro de la naci\u00f3n y las masivas expectativas se resintieron r\u00e1pidamente en un contexto de grandes desaf\u00edos.<\/p>\n<p style=\"text-align: justify; margin-bottom: 0.0001pt\" class=\"MsoNormal\"><span>Entre sus grandes logros: Obama probablemente logre que el Congreso finalmente apruebe la reforma del sistema de salud, en la que fracasaron varios de sus antecesores, adopt\u00f3 la diplomacia multilateral por la que gan\u00f3 un premio Nobel y est\u00e1 inmerso en la carrera por sacar a las tropas estadounidenses de Irak este a\u00f1o.\u00a0Pero el mayor \u00e9xito de Obama consiste sin duda en lo que evit\u00f3: no hubo una segunda Gran Depresi\u00f3n y el sector financiero no colaps\u00f3, dos logros significativos pero dif\u00edcilmente capitalizables como victorias pol\u00edticas.<br \/><\/span><\/p>\n<div style=\"text-align: center\"><img decoding=\"async\" src=\"images\/stories\/10\/01\/190110\/obama.jpg\" border=\"0\" alt=\"Obama, maniatado por la econom\u00eda al cumplir un a\u00f1o de gobierno\" title=\"Obama, maniatado por la econom\u00eda al cumplir un a\u00f1o de gobierno\" \/><\/div>\n<p><\/p>\n<p>&nbsp;<\/p>\n<p style=\"text-align: justify; margin-bottom: 0.0001pt\" class=\"MsoNormal\"><span>Al principio, los recuerdos de su predecesor, George W. Bush, estaban frescos y a Obama no se le culp\u00f3 por la crisis econ\u00f3mica, pero ahora la pelota est\u00e1 en su campo.\u00a0Los sondeos muestran que la aprobaci\u00f3n p\u00fablica de Obama sigue cayendo, por debajo de un 50%, lo que complica su agenda.\u00a0Con un desempleo del 10% el presidente se enfrenta al desaf\u00edo pol\u00edtico de las elecciones legislativas de medio mandato en noviembre.<\/span><\/p>\n<p style=\"text-align: justify; margin-bottom: 0.0001pt\" class=\"MsoNormal\"><span>La Casa Blanca, con el control de los dem\u00f3cratas en el Congreso en peligro, argumenta que los tiempos pueden ser dif\u00edciles pero que la reactivaci\u00f3n est\u00e1 cerca. Los republicanos por su parte dicen que las pol\u00edticas de Obama est\u00e1n equivocadas y que es un &#8216;presidente mata-empleos&#8217;.\u00a0\u00abConf\u00edo plenamente en que podremos mirar atr\u00e1s al final de a\u00f1o y decir que las cosas est\u00e1n mejorando; que hemos reavivado la confianza en nuestra econom\u00eda, en Estados Unidos\u00bb, dijo Obama el jueves pasado.<\/span><\/p>\n<p style=\"text-align: justify; margin-bottom: 0.0001pt\" class=\"MsoNormal\"><span>Uno de sus m\u00e1s importantes estrategas pol\u00edticos, David Axelrod, admiti\u00f3 que la econom\u00eda est\u00e1 empa\u00f1ando la promesa del gobierno.\u00a0\u00abNo hace falta ser un genio pol\u00edtico para saber que en este contexto es muy dif\u00edcil mantener \u00edndices de popularidad muy altos\u00bb, dijo Axelrod.\u00a0\u00abSomos el partido gobernante. No creamos el l\u00edo en el que estamos inmersos, pero ahora somos el partido responsable\u00bb, agreg\u00f3.<\/span><\/p>\n<p style=\"text-align: justify; margin-bottom: 0.0001pt\" class=\"MsoNormal\"><span>Nadie pens\u00f3 que los alt\u00edsimos \u00edndices de popularidad de Obama durar\u00edan, pero su ca\u00edda ha sido r\u00e1pida.\u00a0\u00abNo pod\u00eda ir sino hacia bajo\u00bb, seg\u00fan Tom Baldino, profesor de Ciencias Pol\u00edticas en Wilkes University, Pennsylvania.\u00a0\u00abHered\u00f3 una incre\u00edble cantidad de problemas, algunos de los cuales no pod\u00eda solucionar en seis meses o un a\u00f1o\u00bb, agreg\u00f3.\u00a0Dante Scala, profesor de pol\u00edtica y presidencia en la Universidad de New Hampshire opina que \u00abdado la mala situaci\u00f3n de la econom\u00eda, bajar a tierra era inevitable\u00bb.<\/span><\/p>\n<p style=\"text-align: justify; margin-bottom: 0.0001pt\" class=\"MsoNormal\"><span>La l\u00f3gica sugiere que la posici\u00f3n pol\u00edtica de Obama s\u00f3lo se recuperar\u00e1 con empleos y prosperidad.\u00a0Pero cuenta con pocos remedios efectivos para combatir el desempleo, el d\u00e9ficit presupuestario supera el bill\u00f3n de d\u00f3lares y no hay condiciones para reeditar el programa de est\u00edmulos de Obama de 787.000 millones.<\/span><\/p>\n<p style=\"text-align: justify; margin-bottom: 0.0001pt\" class=\"MsoNormal\"><span>\u00a0<\/span><\/p>\n<p style=\"text-align: justify; margin-bottom: 0.0001pt\" class=\"MsoNormal\"><span>Obama se enfrenta a un desaf\u00edo similar al de Ronald Reagan, que vio c\u00f3mo la econom\u00eda provocaba la ca\u00edda de sus \u00edndices de popularidad por debajo del 40% a mediados de 1982.<\/span><\/p>\n<p style=\"text-align: justify; margin-bottom: 0.0001pt\" class=\"MsoNormal\"><span>\u00a0<\/span><\/p>\n<p style=\"text-align: justify; margin-bottom: 0.0001pt\" class=\"MsoNormal\"><span>La popularidad de Reagan rebot\u00f3 junto con la econom\u00eda y fue reelegido presidente en 1984.<\/span><\/p>\n<p style=\"text-align: justify; margin-bottom: 0.0001pt\" class=\"MsoNormal\"><span>\u00a0<\/span><\/p>\n<p style=\"text-align: justify; margin-bottom: 0.0001pt\" class=\"MsoNormal\"><span>\u00abSi la econom\u00eda mejora y no quedamos embarrados en el cenagal de Afganist\u00e1n, el sentimiento popular podr\u00eda volver a ser el del principio y conducir a su reelecci\u00f3n en 2012\u00bb, indic\u00f3 Thomas Mann, de la Brookings Institution.<\/span><\/p>\n<p style=\"text-align: justify; margin-bottom: 0.0001pt\" class=\"MsoNormal\"><span>\u00a0<\/span><\/p>\n<p style=\"text-align: justify; margin-bottom: 0.0001pt\" class=\"MsoNormal\"><span>Pero el destino de Obama no depende s\u00f3lo de la econom\u00eda. Quedan un pu\u00f1ado de desaf\u00edos pol\u00edticos a nivel dom\u00e9stico e internacional, a los que se suman ahora el repunte del miedo a las acciones a\u00e9reas de Al Qaeda y el desastre provocado por el terremoto de Hait\u00ed.<\/span><\/p>\n<p style=\"text-align: justify; margin-bottom: 0.0001pt\" class=\"MsoNormal\"><span>\u00a0<\/span><\/p>\n<p style=\"text-align: justify; margin-bottom: 0.0001pt\" class=\"MsoNormal\"><span>Su estatura como comandante en jefe despu\u00e9s de enviar un refuerzo de 30.000 efectivos a Afganist\u00e1n, donde las bajas estadounidenses podr\u00edan aumentar este a\u00f1o, tambi\u00e9n estar\u00e1 en juego.<\/span><\/p>\n<p style=\"text-align: justify; margin-bottom: 0.0001pt\" class=\"MsoNormal\"><span>\u00a0<\/span><\/p>\n<p style=\"text-align: justify; margin-bottom: 0.0001pt\" class=\"MsoNormal\"><span>Obama deber\u00e1 tomar adem\u00e1s una decisi\u00f3n sobre el endurecimiento de las sanciones a Ir\u00e1n por su programa nuclear y no lograr\u00e1 cerrar Guant\u00e1namo en el plazo de un a\u00f1o que se hab\u00eda fijado.<\/span><\/p>\n","protected":false},"excerpt":{"rendered":"<p>El presidente estadounidense, Barack Obama, alent\u00f3 esperanzas cuando asumi\u00f3 su cargo en medio de un \u00abinvierno de dificultades para Estados Unidos\u00bb, pero un a\u00f1o despu\u00e9s, pese a algunos \u00e9xitos, m\u00faltiples crisis se prolongan y su presidencia se encuentra maniatada por una econom\u00eda malherida.\u00a0El optimismo desatado por una campa\u00f1a hist\u00f3rica, la elecci\u00f3n del primer presidente negro [&hellip;]<\/p>\n","protected":false},"author":1,"featured_media":0,"comment_status":"open","ping_status":"open","sticky":false,"template":"","format":"standard","meta":{"tdm_status":"","tdm_grid_status":"","footnotes":""},"categories":[33],"tags":[],"class_list":{"0":"post-8267","1":"post","2":"type-post","3":"status-publish","4":"format-standard","6":"category-economia"},"yoast_head":"<!-- This site is optimized with the Yoast SEO plugin v25.1 - https:\/\/yoast.com\/wordpress\/plugins\/seo\/ -->\n<title>Obama, maniatado por la econom\u00eda al cumplir un a\u00f1o de gobierno<\/title>\n<meta name=\"description\" content=\"Portal de noticias del Per\u00fa sobre el transporte a\u00e9reo, aviaci\u00f3n, turismo, hoteleria, actualidad.\" \/>\n<meta name=\"robots\" content=\"index, follow, max-snippet:-1, max-image-preview:large, max-video-preview:-1\" \/>\n<link rel=\"canonical\" href=\"https:\/\/aeronoticias.com.pe\/noticiero\/economia\/obama-maniatado-por-la-economia-al-cumplir-un-ano-de-gobierno\/\" \/>\n<meta property=\"og:locale\" content=\"es_ES\" \/>\n<meta property=\"og:type\" content=\"article\" \/>\n<meta property=\"og:title\" content=\"Obama, maniatado por la econom\u00eda al cumplir un a\u00f1o de gobierno\" \/>\n<meta property=\"og:description\" content=\"Portal de noticias del Per\u00fa sobre el transporte a\u00e9reo, aviaci\u00f3n, turismo, hoteleria, actualidad.\" \/>\n<meta property=\"og:url\" content=\"https:\/\/aeronoticias.com.pe\/noticiero\/economia\/obama-maniatado-por-la-economia-al-cumplir-un-ano-de-gobierno\/\" \/>\n<meta property=\"og:site_name\" content=\"Aeronoticias.com.pe\" \/>\n<meta property=\"article:publisher\" content=\"https:\/\/www.facebook.com\/Aeronoticias.com.pe\/\" \/>\n<meta property=\"article:published_time\" content=\"2010-01-19T17:27:03+00:00\" \/>\n<meta name=\"author\" content=\"Redacci\u00f3n Aeronoticias\" \/>\n<meta name=\"twitter:card\" content=\"summary_large_image\" \/>\n<meta name=\"twitter:creator\" content=\"@aeronoticias\" \/>\n<meta name=\"twitter:site\" content=\"@aeronoticias\" \/>\n<meta name=\"twitter:label1\" content=\"Escrito por\" \/>\n\t<meta name=\"twitter:data1\" content=\"Redacci\u00f3n Aeronoticias\" \/>\n\t<meta name=\"twitter:label2\" content=\"Tiempo de lectura\" \/>\n\t<meta name=\"twitter:data2\" content=\"4 minutos\" \/>\n<script type=\"application\/ld+json\" class=\"yoast-schema-graph\">{\"@context\":\"https:\/\/schema.org\",\"@graph\":[{\"@type\":\"WebPage\",\"@id\":\"https:\/\/aeronoticias.com.pe\/noticiero\/economia\/obama-maniatado-por-la-economia-al-cumplir-un-ano-de-gobierno\/\",\"url\":\"https:\/\/aeronoticias.com.pe\/noticiero\/economia\/obama-maniatado-por-la-economia-al-cumplir-un-ano-de-gobierno\/\",\"name\":\"Obama, maniatado por la econom\u00eda al cumplir un a\u00f1o de gobierno\",\"isPartOf\":{\"@id\":\"https:\/\/aeronoticias.com.pe\/noticiero\/#website\"},\"datePublished\":\"2010-01-19T17:27:03+00:00\",\"author\":{\"@id\":\"https:\/\/aeronoticias.com.pe\/noticiero\/#\/schema\/person\/fc1e5d578f4b62ba1cf7ac2bba1170a0\"},\"description\":\"Portal de noticias del Per\u00fa sobre el transporte a\u00e9reo, aviaci\u00f3n, turismo, hoteleria, actualidad.\",\"breadcrumb\":{\"@id\":\"https:\/\/aeronoticias.com.pe\/noticiero\/economia\/obama-maniatado-por-la-economia-al-cumplir-un-ano-de-gobierno\/#breadcrumb\"},\"inLanguage\":\"es\",\"potentialAction\":[{\"@type\":\"ReadAction\",\"target\":[\"https:\/\/aeronoticias.com.pe\/noticiero\/economia\/obama-maniatado-por-la-economia-al-cumplir-un-ano-de-gobierno\/\"]}]},{\"@type\":\"BreadcrumbList\",\"@id\":\"https:\/\/aeronoticias.com.pe\/noticiero\/economia\/obama-maniatado-por-la-economia-al-cumplir-un-ano-de-gobierno\/#breadcrumb\",\"itemListElement\":[{\"@type\":\"ListItem\",\"position\":1,\"name\":\"Portada\",\"item\":\"https:\/\/aeronoticias.com.pe\/noticiero\/\"},{\"@type\":\"ListItem\",\"position\":2,\"name\":\"Obama, maniatado por la econom\u00eda al cumplir un a\u00f1o de gobierno\"}]},{\"@type\":\"WebSite\",\"@id\":\"https:\/\/aeronoticias.com.pe\/noticiero\/#website\",\"url\":\"https:\/\/aeronoticias.com.pe\/noticiero\/\",\"name\":\"Aeronoticias.com.pe\",\"description\":\"Noticias de tranporte aereo, turismo, hoteles, gastronomia, actualidad, internacional\",\"potentialAction\":[{\"@type\":\"SearchAction\",\"target\":{\"@type\":\"EntryPoint\",\"urlTemplate\":\"https:\/\/aeronoticias.com.pe\/noticiero\/?s={search_term_string}\"},\"query-input\":{\"@type\":\"PropertyValueSpecification\",\"valueRequired\":true,\"valueName\":\"search_term_string\"}}],\"inLanguage\":\"es\"},{\"@type\":\"Person\",\"@id\":\"https:\/\/aeronoticias.com.pe\/noticiero\/#\/schema\/person\/fc1e5d578f4b62ba1cf7ac2bba1170a0\",\"name\":\"Redacci\u00f3n Aeronoticias\",\"url\":\"https:\/\/aeronoticias.com.pe\/noticiero\/author\/piloto\/\"}]}<\/script>\n<!-- \/ Yoast SEO plugin. -->","yoast_head_json":{"title":"Obama, maniatado por la econom\u00eda al cumplir un a\u00f1o de gobierno","description":"Portal de noticias del Per\u00fa sobre el transporte a\u00e9reo, aviaci\u00f3n, turismo, hoteleria, actualidad.","robots":{"index":"index","follow":"follow","max-snippet":"max-snippet:-1","max-image-preview":"max-image-preview:large","max-video-preview":"max-video-preview:-1"},"canonical":"https:\/\/aeronoticias.com.pe\/noticiero\/economia\/obama-maniatado-por-la-economia-al-cumplir-un-ano-de-gobierno\/","og_locale":"es_ES","og_type":"article","og_title":"Obama, maniatado por la econom\u00eda al cumplir un a\u00f1o de gobierno","og_description":"Portal de noticias del Per\u00fa sobre el transporte a\u00e9reo, aviaci\u00f3n, turismo, hoteleria, actualidad.","og_url":"https:\/\/aeronoticias.com.pe\/noticiero\/economia\/obama-maniatado-por-la-economia-al-cumplir-un-ano-de-gobierno\/","og_site_name":"Aeronoticias.com.pe","article_publisher":"https:\/\/www.facebook.com\/Aeronoticias.com.pe\/","article_published_time":"2010-01-19T17:27:03+00:00","author":"Redacci\u00f3n Aeronoticias","twitter_card":"summary_large_image","twitter_creator":"@aeronoticias","twitter_site":"@aeronoticias","twitter_misc":{"Escrito por":"Redacci\u00f3n Aeronoticias","Tiempo de lectura":"4 minutos"},"schema":{"@context":"https:\/\/schema.org","@graph":[{"@type":"WebPage","@id":"https:\/\/aeronoticias.com.pe\/noticiero\/economia\/obama-maniatado-por-la-economia-al-cumplir-un-ano-de-gobierno\/","url":"https:\/\/aeronoticias.com.pe\/noticiero\/economia\/obama-maniatado-por-la-economia-al-cumplir-un-ano-de-gobierno\/","name":"Obama, maniatado por la econom\u00eda al cumplir un a\u00f1o de gobierno","isPartOf":{"@id":"https:\/\/aeronoticias.com.pe\/noticiero\/#website"},"datePublished":"2010-01-19T17:27:03+00:00","author":{"@id":"https:\/\/aeronoticias.com.pe\/noticiero\/#\/schema\/person\/fc1e5d578f4b62ba1cf7ac2bba1170a0"},"description":"Portal de noticias del Per\u00fa sobre el transporte a\u00e9reo, aviaci\u00f3n, turismo, hoteleria, actualidad.","breadcrumb":{"@id":"https:\/\/aeronoticias.com.pe\/noticiero\/economia\/obama-maniatado-por-la-economia-al-cumplir-un-ano-de-gobierno\/#breadcrumb"},"inLanguage":"es","potentialAction":[{"@type":"ReadAction","target":["https:\/\/aeronoticias.com.pe\/noticiero\/economia\/obama-maniatado-por-la-economia-al-cumplir-un-ano-de-gobierno\/"]}]},{"@type":"BreadcrumbList","@id":"https:\/\/aeronoticias.com.pe\/noticiero\/economia\/obama-maniatado-por-la-economia-al-cumplir-un-ano-de-gobierno\/#breadcrumb","itemListElement":[{"@type":"ListItem","position":1,"name":"Portada","item":"https:\/\/aeronoticias.com.pe\/noticiero\/"},{"@type":"ListItem","position":2,"name":"Obama, maniatado por la econom\u00eda al cumplir un a\u00f1o de gobierno"}]},{"@type":"WebSite","@id":"https:\/\/aeronoticias.com.pe\/noticiero\/#website","url":"https:\/\/aeronoticias.com.pe\/noticiero\/","name":"Aeronoticias.com.pe","description":"Noticias de tranporte aereo, turismo, hoteles, gastronomia, actualidad, internacional","potentialAction":[{"@type":"SearchAction","target":{"@type":"EntryPoint","urlTemplate":"https:\/\/aeronoticias.com.pe\/noticiero\/?s={search_term_string}"},"query-input":{"@type":"PropertyValueSpecification","valueRequired":true,"valueName":"search_term_string"}}],"inLanguage":"es"},{"@type":"Person","@id":"https:\/\/aeronoticias.com.pe\/noticiero\/#\/schema\/person\/fc1e5d578f4b62ba1cf7ac2bba1170a0","name":"Redacci\u00f3n Aeronoticias","url":"https:\/\/aeronoticias.com.pe\/noticiero\/author\/piloto\/"}]}},"_links":{"self":[{"href":"https:\/\/aeronoticias.com.pe\/noticiero\/wp-json\/wp\/v2\/posts\/8267","targetHints":{"allow":["GET"]}}],"collection":[{"href":"https:\/\/aeronoticias.com.pe\/noticiero\/wp-json\/wp\/v2\/posts"}],"about":[{"href":"https:\/\/aeronoticias.com.pe\/noticiero\/wp-json\/wp\/v2\/types\/post"}],"author":[{"embeddable":true,"href":"https:\/\/aeronoticias.com.pe\/noticiero\/wp-json\/wp\/v2\/users\/1"}],"replies":[{"embeddable":true,"href":"https:\/\/aeronoticias.com.pe\/noticiero\/wp-json\/wp\/v2\/comments?post=8267"}],"version-history":[{"count":0,"href":"https:\/\/aeronoticias.com.pe\/noticiero\/wp-json\/wp\/v2\/posts\/8267\/revisions"}],"wp:attachment":[{"href":"https:\/\/aeronoticias.com.pe\/noticiero\/wp-json\/wp\/v2\/media?parent=8267"}],"wp:term":[{"taxonomy":"category","embeddable":true,"href":"https:\/\/aeronoticias.com.pe\/noticiero\/wp-json\/wp\/v2\/categories?post=8267"},{"taxonomy":"post_tag","embeddable":true,"href":"https:\/\/aeronoticias.com.pe\/noticiero\/wp-json\/wp\/v2\/tags?post=8267"}],"curies":[{"name":"wp","href":"https:\/\/api.w.org\/{rel}","templated":true}]}}