{"id":8268,"date":"2010-01-19T17:55:01","date_gmt":"2010-01-19T17:55:01","guid":{"rendered":"http:\/\/desarrollo.mcvicious.com\/aero2020\/2010\/01\/19\/japan-airlines-se-declara-en-quiebra-y-suprimira-unos-15600-empleos\/"},"modified":"2010-01-19T17:55:01","modified_gmt":"2010-01-19T17:55:01","slug":"japan-airlines-se-declara-en-quiebra-y-suprimira-unos-15600-empleos","status":"publish","type":"post","link":"https:\/\/aeronoticias.com.pe\/noticiero\/transporte-aereo\/internacional\/japan-airlines-se-declara-en-quiebra-y-suprimira-unos-15600-empleos\/","title":{"rendered":"Japan Airlines se declara en quiebra y suprimir\u00e1 unos 15.600 empleos"},"content":{"rendered":"<p style=\"text-align: justify\" class=\"MsoNormal\">Japan Airlines (JAL), la primera aerol\u00ednea de Asia, anunci\u00f3 este martes que se declar\u00f3 en quiebra ante la justicia nipona y que se someter\u00e1 a un amplio plan de recuperaci\u00f3n que, seg\u00fan el Gobierno japon\u00e9s, incluir\u00e1 la supresi\u00f3n de unos 15.600 puestos de trabajo.<\/p>\n<p style=\"text-align: justify\" class=\"MsoNormal\"><span>JAL se declar\u00f3 en suspensi\u00f3n de pagos ante el tribunal de Tokio para beneficiarse de la protecci\u00f3n de la ley de quiebras, anunci\u00f3 la compa\u00f1\u00eda en un comunicado.<br \/><\/span><\/p>\n<div style=\"text-align: center\"><img decoding=\"async\" src=\"images\/stories\/10\/01\/190110\/jal.jpg\" border=\"0\" alt=\"Japan Airlines se declara en quiebra y suprimir\u00e1 unos 15.600 empleos\" title=\"Japan Airlines se declara en quiebra y suprimir\u00e1 unos 15.600 empleos\" \/><\/div>\n<p><\/p>\n<p>&nbsp;<\/p>\n<p style=\"text-align: justify\" class=\"MsoNormal\"><span>Sin embargo, el tribunal acept\u00f3 que JAL contin\u00fae pagando las facturas a sus proveedores, gracias a las financiaciones de emergencia obtenidas recientemente de los poderes p\u00fablicos nipones. \u00abPor lo tanto, las operaciones de vuelo de nuestro grupo no ser\u00e1n interrumpidas\u00bb, asegur\u00f3 la empresa.<\/span><\/p>\n<p style=\"text-align: justify\" class=\"MsoNormal\"><span>JAL suprimir\u00e1 unos 15.600 empleos en el marco de su plan de recuperaci\u00f3n y recibir\u00e1 una inyecci\u00f3n de capitales p\u00fablicos de 300.000 millones de yenes (2.300 millones de euros), anunci\u00f3 por su parte el Gobierno.<\/span><\/p>\n<p style=\"text-align: justify\" class=\"MsoNormal\"><span>Muchas de estas supresiones de empleos se realizar\u00e1n a trav\u00e9s de la cesi\u00f3n de filiales.<\/span><\/p>\n<p style=\"text-align: justify\" class=\"MsoNormal\"><span>\u00abSi JAL no hubiera sido la primera compa\u00f1\u00eda a\u00e9rea del pa\u00eds, semejante procedimiento hubiera significado la desaparici\u00f3n de la empresa. Pero se trata de JAL, y ella cuenta con el respaldo del ministerio de Transportes\u00bb, declar\u00f3 en una conferencia de prensa el ministro de Transportes, Seiji Maehara.<\/span><\/p>\n","protected":false},"excerpt":{"rendered":"<p>Japan Airlines (JAL), la primera aerol\u00ednea de Asia, anunci\u00f3 este martes que se declar\u00f3 en quiebra ante la justicia nipona y que se someter\u00e1 a un amplio plan de recuperaci\u00f3n que, seg\u00fan el Gobierno japon\u00e9s, incluir\u00e1 la supresi\u00f3n de unos 15.600 puestos de trabajo. JAL se declar\u00f3 en suspensi\u00f3n de pagos ante el tribunal de [&hellip;]<\/p>\n","protected":false},"author":1,"featured_media":0,"comment_status":"open","ping_status":"open","sticky":false,"template":"","format":"standard","meta":{"tdm_status":"","tdm_grid_status":"","footnotes":""},"categories":[32],"tags":[],"class_list":{"0":"post-8268","1":"post","2":"type-post","3":"status-publish","4":"format-standard","6":"category-internacional"},"yoast_head":"<!-- This site is optimized with the Yoast SEO plugin v25.1 - https:\/\/yoast.com\/wordpress\/plugins\/seo\/ -->\n<title>Japan Airlines se declara en quiebra y suprimir\u00e1 unos 15.600 empleos<\/title>\n<meta name=\"description\" content=\"Portal de noticias del Per\u00fa sobre el transporte a\u00e9reo, aviaci\u00f3n, turismo, hoteleria, actualidad.\" \/>\n<meta name=\"robots\" content=\"index, follow, max-snippet:-1, max-image-preview:large, max-video-preview:-1\" \/>\n<link rel=\"canonical\" href=\"https:\/\/aeronoticias.com.pe\/noticiero\/transporte-aereo\/internacional\/japan-airlines-se-declara-en-quiebra-y-suprimira-unos-15600-empleos\/\" \/>\n<meta property=\"og:locale\" content=\"es_ES\" \/>\n<meta property=\"og:type\" content=\"article\" \/>\n<meta property=\"og:title\" content=\"Japan Airlines se declara en quiebra y suprimir\u00e1 unos 15.600 empleos\" \/>\n<meta property=\"og:description\" content=\"Portal de noticias del Per\u00fa sobre el transporte a\u00e9reo, aviaci\u00f3n, turismo, hoteleria, actualidad.\" \/>\n<meta property=\"og:url\" content=\"https:\/\/aeronoticias.com.pe\/noticiero\/transporte-aereo\/internacional\/japan-airlines-se-declara-en-quiebra-y-suprimira-unos-15600-empleos\/\" \/>\n<meta property=\"og:site_name\" content=\"Aeronoticias.com.pe\" \/>\n<meta property=\"article:publisher\" content=\"https:\/\/www.facebook.com\/Aeronoticias.com.pe\/\" \/>\n<meta property=\"article:published_time\" content=\"2010-01-19T17:55:01+00:00\" \/>\n<meta name=\"author\" content=\"Redacci\u00f3n Aeronoticias\" \/>\n<meta name=\"twitter:card\" content=\"summary_large_image\" \/>\n<meta name=\"twitter:creator\" content=\"@aeronoticias\" \/>\n<meta name=\"twitter:site\" content=\"@aeronoticias\" \/>\n<meta name=\"twitter:label1\" content=\"Escrito por\" \/>\n\t<meta name=\"twitter:data1\" content=\"Redacci\u00f3n Aeronoticias\" \/>\n\t<meta name=\"twitter:label2\" content=\"Tiempo de lectura\" \/>\n\t<meta name=\"twitter:data2\" content=\"1 minuto\" \/>\n<script type=\"application\/ld+json\" class=\"yoast-schema-graph\">{\"@context\":\"https:\/\/schema.org\",\"@graph\":[{\"@type\":\"WebPage\",\"@id\":\"https:\/\/aeronoticias.com.pe\/noticiero\/transporte-aereo\/internacional\/japan-airlines-se-declara-en-quiebra-y-suprimira-unos-15600-empleos\/\",\"url\":\"https:\/\/aeronoticias.com.pe\/noticiero\/transporte-aereo\/internacional\/japan-airlines-se-declara-en-quiebra-y-suprimira-unos-15600-empleos\/\",\"name\":\"Japan Airlines se declara en quiebra y suprimir\u00e1 unos 15.600 empleos\",\"isPartOf\":{\"@id\":\"https:\/\/aeronoticias.com.pe\/noticiero\/#website\"},\"datePublished\":\"2010-01-19T17:55:01+00:00\",\"author\":{\"@id\":\"https:\/\/aeronoticias.com.pe\/noticiero\/#\/schema\/person\/fc1e5d578f4b62ba1cf7ac2bba1170a0\"},\"description\":\"Portal de noticias del Per\u00fa sobre el transporte a\u00e9reo, aviaci\u00f3n, turismo, hoteleria, actualidad.\",\"breadcrumb\":{\"@id\":\"https:\/\/aeronoticias.com.pe\/noticiero\/transporte-aereo\/internacional\/japan-airlines-se-declara-en-quiebra-y-suprimira-unos-15600-empleos\/#breadcrumb\"},\"inLanguage\":\"es\",\"potentialAction\":[{\"@type\":\"ReadAction\",\"target\":[\"https:\/\/aeronoticias.com.pe\/noticiero\/transporte-aereo\/internacional\/japan-airlines-se-declara-en-quiebra-y-suprimira-unos-15600-empleos\/\"]}]},{\"@type\":\"BreadcrumbList\",\"@id\":\"https:\/\/aeronoticias.com.pe\/noticiero\/transporte-aereo\/internacional\/japan-airlines-se-declara-en-quiebra-y-suprimira-unos-15600-empleos\/#breadcrumb\",\"itemListElement\":[{\"@type\":\"ListItem\",\"position\":1,\"name\":\"Portada\",\"item\":\"https:\/\/aeronoticias.com.pe\/noticiero\/\"},{\"@type\":\"ListItem\",\"position\":2,\"name\":\"Japan Airlines se declara en quiebra y suprimir\u00e1 unos 15.600 empleos\"}]},{\"@type\":\"WebSite\",\"@id\":\"https:\/\/aeronoticias.com.pe\/noticiero\/#website\",\"url\":\"https:\/\/aeronoticias.com.pe\/noticiero\/\",\"name\":\"Aeronoticias.com.pe\",\"description\":\"Noticias de tranporte aereo, turismo, hoteles, gastronomia, actualidad, internacional\",\"potentialAction\":[{\"@type\":\"SearchAction\",\"target\":{\"@type\":\"EntryPoint\",\"urlTemplate\":\"https:\/\/aeronoticias.com.pe\/noticiero\/?s={search_term_string}\"},\"query-input\":{\"@type\":\"PropertyValueSpecification\",\"valueRequired\":true,\"valueName\":\"search_term_string\"}}],\"inLanguage\":\"es\"},{\"@type\":\"Person\",\"@id\":\"https:\/\/aeronoticias.com.pe\/noticiero\/#\/schema\/person\/fc1e5d578f4b62ba1cf7ac2bba1170a0\",\"name\":\"Redacci\u00f3n Aeronoticias\",\"url\":\"https:\/\/aeronoticias.com.pe\/noticiero\/author\/piloto\/\"}]}<\/script>\n<!-- \/ Yoast SEO plugin. -->","yoast_head_json":{"title":"Japan Airlines se declara en quiebra y suprimir\u00e1 unos 15.600 empleos","description":"Portal de noticias del Per\u00fa sobre el transporte a\u00e9reo, aviaci\u00f3n, turismo, hoteleria, actualidad.","robots":{"index":"index","follow":"follow","max-snippet":"max-snippet:-1","max-image-preview":"max-image-preview:large","max-video-preview":"max-video-preview:-1"},"canonical":"https:\/\/aeronoticias.com.pe\/noticiero\/transporte-aereo\/internacional\/japan-airlines-se-declara-en-quiebra-y-suprimira-unos-15600-empleos\/","og_locale":"es_ES","og_type":"article","og_title":"Japan Airlines se declara en quiebra y suprimir\u00e1 unos 15.600 empleos","og_description":"Portal de noticias del Per\u00fa sobre el transporte a\u00e9reo, aviaci\u00f3n, turismo, hoteleria, actualidad.","og_url":"https:\/\/aeronoticias.com.pe\/noticiero\/transporte-aereo\/internacional\/japan-airlines-se-declara-en-quiebra-y-suprimira-unos-15600-empleos\/","og_site_name":"Aeronoticias.com.pe","article_publisher":"https:\/\/www.facebook.com\/Aeronoticias.com.pe\/","article_published_time":"2010-01-19T17:55:01+00:00","author":"Redacci\u00f3n Aeronoticias","twitter_card":"summary_large_image","twitter_creator":"@aeronoticias","twitter_site":"@aeronoticias","twitter_misc":{"Escrito por":"Redacci\u00f3n Aeronoticias","Tiempo de lectura":"1 minuto"},"schema":{"@context":"https:\/\/schema.org","@graph":[{"@type":"WebPage","@id":"https:\/\/aeronoticias.com.pe\/noticiero\/transporte-aereo\/internacional\/japan-airlines-se-declara-en-quiebra-y-suprimira-unos-15600-empleos\/","url":"https:\/\/aeronoticias.com.pe\/noticiero\/transporte-aereo\/internacional\/japan-airlines-se-declara-en-quiebra-y-suprimira-unos-15600-empleos\/","name":"Japan Airlines se declara en quiebra y suprimir\u00e1 unos 15.600 empleos","isPartOf":{"@id":"https:\/\/aeronoticias.com.pe\/noticiero\/#website"},"datePublished":"2010-01-19T17:55:01+00:00","author":{"@id":"https:\/\/aeronoticias.com.pe\/noticiero\/#\/schema\/person\/fc1e5d578f4b62ba1cf7ac2bba1170a0"},"description":"Portal de noticias del Per\u00fa sobre el transporte a\u00e9reo, aviaci\u00f3n, turismo, hoteleria, actualidad.","breadcrumb":{"@id":"https:\/\/aeronoticias.com.pe\/noticiero\/transporte-aereo\/internacional\/japan-airlines-se-declara-en-quiebra-y-suprimira-unos-15600-empleos\/#breadcrumb"},"inLanguage":"es","potentialAction":[{"@type":"ReadAction","target":["https:\/\/aeronoticias.com.pe\/noticiero\/transporte-aereo\/internacional\/japan-airlines-se-declara-en-quiebra-y-suprimira-unos-15600-empleos\/"]}]},{"@type":"BreadcrumbList","@id":"https:\/\/aeronoticias.com.pe\/noticiero\/transporte-aereo\/internacional\/japan-airlines-se-declara-en-quiebra-y-suprimira-unos-15600-empleos\/#breadcrumb","itemListElement":[{"@type":"ListItem","position":1,"name":"Portada","item":"https:\/\/aeronoticias.com.pe\/noticiero\/"},{"@type":"ListItem","position":2,"name":"Japan Airlines se declara en quiebra y suprimir\u00e1 unos 15.600 empleos"}]},{"@type":"WebSite","@id":"https:\/\/aeronoticias.com.pe\/noticiero\/#website","url":"https:\/\/aeronoticias.com.pe\/noticiero\/","name":"Aeronoticias.com.pe","description":"Noticias de tranporte aereo, turismo, hoteles, gastronomia, actualidad, internacional","potentialAction":[{"@type":"SearchAction","target":{"@type":"EntryPoint","urlTemplate":"https:\/\/aeronoticias.com.pe\/noticiero\/?s={search_term_string}"},"query-input":{"@type":"PropertyValueSpecification","valueRequired":true,"valueName":"search_term_string"}}],"inLanguage":"es"},{"@type":"Person","@id":"https:\/\/aeronoticias.com.pe\/noticiero\/#\/schema\/person\/fc1e5d578f4b62ba1cf7ac2bba1170a0","name":"Redacci\u00f3n Aeronoticias","url":"https:\/\/aeronoticias.com.pe\/noticiero\/author\/piloto\/"}]}},"_links":{"self":[{"href":"https:\/\/aeronoticias.com.pe\/noticiero\/wp-json\/wp\/v2\/posts\/8268","targetHints":{"allow":["GET"]}}],"collection":[{"href":"https:\/\/aeronoticias.com.pe\/noticiero\/wp-json\/wp\/v2\/posts"}],"about":[{"href":"https:\/\/aeronoticias.com.pe\/noticiero\/wp-json\/wp\/v2\/types\/post"}],"author":[{"embeddable":true,"href":"https:\/\/aeronoticias.com.pe\/noticiero\/wp-json\/wp\/v2\/users\/1"}],"replies":[{"embeddable":true,"href":"https:\/\/aeronoticias.com.pe\/noticiero\/wp-json\/wp\/v2\/comments?post=8268"}],"version-history":[{"count":0,"href":"https:\/\/aeronoticias.com.pe\/noticiero\/wp-json\/wp\/v2\/posts\/8268\/revisions"}],"wp:attachment":[{"href":"https:\/\/aeronoticias.com.pe\/noticiero\/wp-json\/wp\/v2\/media?parent=8268"}],"wp:term":[{"taxonomy":"category","embeddable":true,"href":"https:\/\/aeronoticias.com.pe\/noticiero\/wp-json\/wp\/v2\/categories?post=8268"},{"taxonomy":"post_tag","embeddable":true,"href":"https:\/\/aeronoticias.com.pe\/noticiero\/wp-json\/wp\/v2\/tags?post=8268"}],"curies":[{"name":"wp","href":"https:\/\/api.w.org\/{rel}","templated":true}]}}