{"id":8270,"date":"2010-01-19T19:41:51","date_gmt":"2010-01-19T19:41:51","guid":{"rendered":"http:\/\/desarrollo.mcvicious.com\/aero2020\/2010\/01\/19\/onu-enviara-mas-de-3-mil-cascos-azules-a-haiti-para-contrarrestar-la-inseguridad\/"},"modified":"2010-01-19T19:41:51","modified_gmt":"2010-01-19T19:41:51","slug":"onu-enviara-mas-de-3-mil-cascos-azules-a-haiti-para-contrarrestar-la-inseguridad","status":"publish","type":"post","link":"https:\/\/aeronoticias.com.pe\/noticiero\/internacionales\/onu-enviara-mas-de-3-mil-cascos-azules-a-haiti-para-contrarrestar-la-inseguridad\/","title":{"rendered":"ONU enviar\u00e1 m\u00e1s de 3 mil &#8216;cascos azules&#8217; a Hait\u00ed para contrarrestar la inseguridad"},"content":{"rendered":"<div align=\"justify\">Luego de una semana del terremoto de magnitud 7,3 a escala de Richter que devast\u00f3 a Haiti, El Consejo de Seguridad de las Naciones Unidas (ONU) decret\u00f3 el env\u00edo de tres mil 500 militares y polic\u00edas para reponer el orden y garantizar la seguridad de la poblaci\u00f3n. <\/p>\n<p>A solicitud del secretario general del organismo, Ban Ki-Moon, este nuevo despliegue de los llamados \u00abcascos azules\u00bb servir\u00e1 para proteger la distribuci\u00f3n de alimentos y agua potable que han estado escasos en Hait\u00ed y que han generado tensi\u00f3n y desesperaci\u00f3n entre los residentes. <\/p>\n<div style=\"text-align: center\"><img decoding=\"async\" src=\"images\/stories\/10\/01\/190110\/azules.jpg\" border=\"0\" alt=\"ONU enviar\u00e1 m\u00e1s de 3 mil 'cascos azules' a Hait\u00ed para contrarrestar la inseguridad\" title=\"ONU enviar\u00e1 m\u00e1s de 3 mil 'cascos azules' a Hait\u00ed para contrarrestar la inseguridad\" \/><\/div>\n<p>Por este motivo, el Gobierno de Hait\u00ed pidi\u00f3 la ayuda a Estados Unidos y a las Naciones Unidas, para que presten ayuda en la seguridad del pa\u00eds. <\/p>\n<p>Los objetivos de la misi\u00f3n son principalmente, estabilizar al pa\u00eds, pacificar y desarmar grupos guerrilleros y delincuenciales, promover elecciones libres e informadas y fomentar el desarrollo institucional y econ\u00f3mico de Hait\u00ed.<\/div>\n","protected":false},"excerpt":{"rendered":"<p>Luego de una semana del terremoto de magnitud 7,3 a escala de Richter que devast\u00f3 a Haiti, El Consejo de Seguridad de las Naciones Unidas (ONU) decret\u00f3 el env\u00edo de tres mil 500 militares y polic\u00edas para reponer el orden y garantizar la seguridad de la poblaci\u00f3n. A solicitud del secretario general del organismo, Ban [&hellip;]<\/p>\n","protected":false},"author":1,"featured_media":0,"comment_status":"open","ping_status":"open","sticky":false,"template":"","format":"standard","meta":{"tdm_status":"","tdm_grid_status":"","footnotes":""},"categories":[34],"tags":[],"class_list":{"0":"post-8270","1":"post","2":"type-post","3":"status-publish","4":"format-standard","6":"category-internacionales"},"yoast_head":"<!-- This site is optimized with the Yoast SEO plugin v25.1 - https:\/\/yoast.com\/wordpress\/plugins\/seo\/ -->\n<title>ONU enviar\u00e1 m\u00e1s de 3 mil &#039;cascos azules&#039; a Hait\u00ed para contrarrestar la inseguridad<\/title>\n<meta name=\"description\" content=\"Portal de noticias del Per\u00fa sobre el transporte a\u00e9reo, aviaci\u00f3n, turismo, hoteleria, actualidad.\" \/>\n<meta name=\"robots\" content=\"index, follow, max-snippet:-1, max-image-preview:large, max-video-preview:-1\" \/>\n<link rel=\"canonical\" href=\"https:\/\/aeronoticias.com.pe\/noticiero\/internacionales\/onu-enviara-mas-de-3-mil-cascos-azules-a-haiti-para-contrarrestar-la-inseguridad\/\" \/>\n<meta property=\"og:locale\" content=\"es_ES\" \/>\n<meta property=\"og:type\" content=\"article\" \/>\n<meta property=\"og:title\" content=\"ONU enviar\u00e1 m\u00e1s de 3 mil &#039;cascos azules&#039; a Hait\u00ed para contrarrestar la inseguridad\" \/>\n<meta property=\"og:description\" content=\"Portal de noticias del Per\u00fa sobre el transporte a\u00e9reo, aviaci\u00f3n, turismo, hoteleria, actualidad.\" \/>\n<meta property=\"og:url\" content=\"https:\/\/aeronoticias.com.pe\/noticiero\/internacionales\/onu-enviara-mas-de-3-mil-cascos-azules-a-haiti-para-contrarrestar-la-inseguridad\/\" \/>\n<meta property=\"og:site_name\" content=\"Aeronoticias.com.pe\" \/>\n<meta property=\"article:publisher\" content=\"https:\/\/www.facebook.com\/Aeronoticias.com.pe\/\" \/>\n<meta property=\"article:published_time\" content=\"2010-01-19T19:41:51+00:00\" \/>\n<meta name=\"author\" content=\"Redacci\u00f3n Aeronoticias\" \/>\n<meta name=\"twitter:card\" content=\"summary_large_image\" \/>\n<meta name=\"twitter:creator\" content=\"@aeronoticias\" \/>\n<meta name=\"twitter:site\" content=\"@aeronoticias\" \/>\n<meta name=\"twitter:label1\" content=\"Escrito por\" \/>\n\t<meta name=\"twitter:data1\" content=\"Redacci\u00f3n Aeronoticias\" \/>\n\t<meta name=\"twitter:label2\" content=\"Tiempo de lectura\" \/>\n\t<meta name=\"twitter:data2\" content=\"1 minuto\" \/>\n<script type=\"application\/ld+json\" class=\"yoast-schema-graph\">{\"@context\":\"https:\/\/schema.org\",\"@graph\":[{\"@type\":\"WebPage\",\"@id\":\"https:\/\/aeronoticias.com.pe\/noticiero\/internacionales\/onu-enviara-mas-de-3-mil-cascos-azules-a-haiti-para-contrarrestar-la-inseguridad\/\",\"url\":\"https:\/\/aeronoticias.com.pe\/noticiero\/internacionales\/onu-enviara-mas-de-3-mil-cascos-azules-a-haiti-para-contrarrestar-la-inseguridad\/\",\"name\":\"ONU enviar\u00e1 m\u00e1s de 3 mil 'cascos azules' a Hait\u00ed para contrarrestar la inseguridad\",\"isPartOf\":{\"@id\":\"https:\/\/aeronoticias.com.pe\/noticiero\/#website\"},\"datePublished\":\"2010-01-19T19:41:51+00:00\",\"author\":{\"@id\":\"https:\/\/aeronoticias.com.pe\/noticiero\/#\/schema\/person\/fc1e5d578f4b62ba1cf7ac2bba1170a0\"},\"description\":\"Portal de noticias del Per\u00fa sobre el transporte a\u00e9reo, aviaci\u00f3n, turismo, hoteleria, actualidad.\",\"breadcrumb\":{\"@id\":\"https:\/\/aeronoticias.com.pe\/noticiero\/internacionales\/onu-enviara-mas-de-3-mil-cascos-azules-a-haiti-para-contrarrestar-la-inseguridad\/#breadcrumb\"},\"inLanguage\":\"es\",\"potentialAction\":[{\"@type\":\"ReadAction\",\"target\":[\"https:\/\/aeronoticias.com.pe\/noticiero\/internacionales\/onu-enviara-mas-de-3-mil-cascos-azules-a-haiti-para-contrarrestar-la-inseguridad\/\"]}]},{\"@type\":\"BreadcrumbList\",\"@id\":\"https:\/\/aeronoticias.com.pe\/noticiero\/internacionales\/onu-enviara-mas-de-3-mil-cascos-azules-a-haiti-para-contrarrestar-la-inseguridad\/#breadcrumb\",\"itemListElement\":[{\"@type\":\"ListItem\",\"position\":1,\"name\":\"Portada\",\"item\":\"https:\/\/aeronoticias.com.pe\/noticiero\/\"},{\"@type\":\"ListItem\",\"position\":2,\"name\":\"ONU enviar\u00e1 m\u00e1s de 3 mil &#8216;cascos azules&#8217; a Hait\u00ed para contrarrestar la inseguridad\"}]},{\"@type\":\"WebSite\",\"@id\":\"https:\/\/aeronoticias.com.pe\/noticiero\/#website\",\"url\":\"https:\/\/aeronoticias.com.pe\/noticiero\/\",\"name\":\"Aeronoticias.com.pe\",\"description\":\"Noticias de tranporte aereo, turismo, hoteles, gastronomia, actualidad, internacional\",\"potentialAction\":[{\"@type\":\"SearchAction\",\"target\":{\"@type\":\"EntryPoint\",\"urlTemplate\":\"https:\/\/aeronoticias.com.pe\/noticiero\/?s={search_term_string}\"},\"query-input\":{\"@type\":\"PropertyValueSpecification\",\"valueRequired\":true,\"valueName\":\"search_term_string\"}}],\"inLanguage\":\"es\"},{\"@type\":\"Person\",\"@id\":\"https:\/\/aeronoticias.com.pe\/noticiero\/#\/schema\/person\/fc1e5d578f4b62ba1cf7ac2bba1170a0\",\"name\":\"Redacci\u00f3n Aeronoticias\",\"url\":\"https:\/\/aeronoticias.com.pe\/noticiero\/author\/piloto\/\"}]}<\/script>\n<!-- \/ Yoast SEO plugin. -->","yoast_head_json":{"title":"ONU enviar\u00e1 m\u00e1s de 3 mil 'cascos azules' a Hait\u00ed para contrarrestar la inseguridad","description":"Portal de noticias del Per\u00fa sobre el transporte a\u00e9reo, aviaci\u00f3n, turismo, hoteleria, actualidad.","robots":{"index":"index","follow":"follow","max-snippet":"max-snippet:-1","max-image-preview":"max-image-preview:large","max-video-preview":"max-video-preview:-1"},"canonical":"https:\/\/aeronoticias.com.pe\/noticiero\/internacionales\/onu-enviara-mas-de-3-mil-cascos-azules-a-haiti-para-contrarrestar-la-inseguridad\/","og_locale":"es_ES","og_type":"article","og_title":"ONU enviar\u00e1 m\u00e1s de 3 mil 'cascos azules' a Hait\u00ed para contrarrestar la inseguridad","og_description":"Portal de noticias del Per\u00fa sobre el transporte a\u00e9reo, aviaci\u00f3n, turismo, hoteleria, actualidad.","og_url":"https:\/\/aeronoticias.com.pe\/noticiero\/internacionales\/onu-enviara-mas-de-3-mil-cascos-azules-a-haiti-para-contrarrestar-la-inseguridad\/","og_site_name":"Aeronoticias.com.pe","article_publisher":"https:\/\/www.facebook.com\/Aeronoticias.com.pe\/","article_published_time":"2010-01-19T19:41:51+00:00","author":"Redacci\u00f3n Aeronoticias","twitter_card":"summary_large_image","twitter_creator":"@aeronoticias","twitter_site":"@aeronoticias","twitter_misc":{"Escrito por":"Redacci\u00f3n Aeronoticias","Tiempo de lectura":"1 minuto"},"schema":{"@context":"https:\/\/schema.org","@graph":[{"@type":"WebPage","@id":"https:\/\/aeronoticias.com.pe\/noticiero\/internacionales\/onu-enviara-mas-de-3-mil-cascos-azules-a-haiti-para-contrarrestar-la-inseguridad\/","url":"https:\/\/aeronoticias.com.pe\/noticiero\/internacionales\/onu-enviara-mas-de-3-mil-cascos-azules-a-haiti-para-contrarrestar-la-inseguridad\/","name":"ONU enviar\u00e1 m\u00e1s de 3 mil 'cascos azules' a Hait\u00ed para contrarrestar la inseguridad","isPartOf":{"@id":"https:\/\/aeronoticias.com.pe\/noticiero\/#website"},"datePublished":"2010-01-19T19:41:51+00:00","author":{"@id":"https:\/\/aeronoticias.com.pe\/noticiero\/#\/schema\/person\/fc1e5d578f4b62ba1cf7ac2bba1170a0"},"description":"Portal de noticias del Per\u00fa sobre el transporte a\u00e9reo, aviaci\u00f3n, turismo, hoteleria, actualidad.","breadcrumb":{"@id":"https:\/\/aeronoticias.com.pe\/noticiero\/internacionales\/onu-enviara-mas-de-3-mil-cascos-azules-a-haiti-para-contrarrestar-la-inseguridad\/#breadcrumb"},"inLanguage":"es","potentialAction":[{"@type":"ReadAction","target":["https:\/\/aeronoticias.com.pe\/noticiero\/internacionales\/onu-enviara-mas-de-3-mil-cascos-azules-a-haiti-para-contrarrestar-la-inseguridad\/"]}]},{"@type":"BreadcrumbList","@id":"https:\/\/aeronoticias.com.pe\/noticiero\/internacionales\/onu-enviara-mas-de-3-mil-cascos-azules-a-haiti-para-contrarrestar-la-inseguridad\/#breadcrumb","itemListElement":[{"@type":"ListItem","position":1,"name":"Portada","item":"https:\/\/aeronoticias.com.pe\/noticiero\/"},{"@type":"ListItem","position":2,"name":"ONU enviar\u00e1 m\u00e1s de 3 mil &#8216;cascos azules&#8217; a Hait\u00ed para contrarrestar la inseguridad"}]},{"@type":"WebSite","@id":"https:\/\/aeronoticias.com.pe\/noticiero\/#website","url":"https:\/\/aeronoticias.com.pe\/noticiero\/","name":"Aeronoticias.com.pe","description":"Noticias de tranporte aereo, turismo, hoteles, gastronomia, actualidad, internacional","potentialAction":[{"@type":"SearchAction","target":{"@type":"EntryPoint","urlTemplate":"https:\/\/aeronoticias.com.pe\/noticiero\/?s={search_term_string}"},"query-input":{"@type":"PropertyValueSpecification","valueRequired":true,"valueName":"search_term_string"}}],"inLanguage":"es"},{"@type":"Person","@id":"https:\/\/aeronoticias.com.pe\/noticiero\/#\/schema\/person\/fc1e5d578f4b62ba1cf7ac2bba1170a0","name":"Redacci\u00f3n Aeronoticias","url":"https:\/\/aeronoticias.com.pe\/noticiero\/author\/piloto\/"}]}},"_links":{"self":[{"href":"https:\/\/aeronoticias.com.pe\/noticiero\/wp-json\/wp\/v2\/posts\/8270","targetHints":{"allow":["GET"]}}],"collection":[{"href":"https:\/\/aeronoticias.com.pe\/noticiero\/wp-json\/wp\/v2\/posts"}],"about":[{"href":"https:\/\/aeronoticias.com.pe\/noticiero\/wp-json\/wp\/v2\/types\/post"}],"author":[{"embeddable":true,"href":"https:\/\/aeronoticias.com.pe\/noticiero\/wp-json\/wp\/v2\/users\/1"}],"replies":[{"embeddable":true,"href":"https:\/\/aeronoticias.com.pe\/noticiero\/wp-json\/wp\/v2\/comments?post=8270"}],"version-history":[{"count":0,"href":"https:\/\/aeronoticias.com.pe\/noticiero\/wp-json\/wp\/v2\/posts\/8270\/revisions"}],"wp:attachment":[{"href":"https:\/\/aeronoticias.com.pe\/noticiero\/wp-json\/wp\/v2\/media?parent=8270"}],"wp:term":[{"taxonomy":"category","embeddable":true,"href":"https:\/\/aeronoticias.com.pe\/noticiero\/wp-json\/wp\/v2\/categories?post=8270"},{"taxonomy":"post_tag","embeddable":true,"href":"https:\/\/aeronoticias.com.pe\/noticiero\/wp-json\/wp\/v2\/tags?post=8270"}],"curies":[{"name":"wp","href":"https:\/\/api.w.org\/{rel}","templated":true}]}}