{"id":8273,"date":"2010-01-19T20:23:39","date_gmt":"2010-01-19T20:23:39","guid":{"rendered":"http:\/\/desarrollo.mcvicious.com\/aero2020\/2010\/01\/19\/paro-de-transporte-de-carga-no-afecto-al-comercio-exterior\/"},"modified":"2010-01-19T20:23:39","modified_gmt":"2010-01-19T20:23:39","slug":"paro-de-transporte-de-carga-no-afecto-al-comercio-exterior","status":"publish","type":"post","link":"https:\/\/aeronoticias.com.pe\/noticiero\/economia\/paro-de-transporte-de-carga-no-afecto-al-comercio-exterior\/","title":{"rendered":"Paro de transporte de carga no afect\u00f3 al comercio exterior"},"content":{"rendered":"<div align=\"justify\">El movimiento del transporte de carga en relaci\u00f3n al ingreso a los terminales portuarios del pa\u00eds y pase de mercader\u00eda por v\u00eda terrestre en las fronteras podr\u00eda calificarse de normal, debido a que en la mayor\u00eda de las localidades salvo Tacna y Chimbote, el movimiento de camiones carga se realiza sin mayores problemas pese al paro que iniciaron hoy, inform\u00f3 el presidente de la Asociaci\u00f3n de Exportadores (ADEX), Jos\u00e9 Luis Silva Martinot.<\/p>\n<p>\u201cHemos recibido reportes de la situaci\u00f3n de los puertos y el transporte de carga que indican que, salvo Tacna y Chimbote, el movimiento de la carga se da con toda normalidad, lo que muestra una clara intenci\u00f3n de los transportistas de no perjudicar el comercio exterior\u201d, se\u00f1al\u00f3 Silva.<\/p>\n<div style=\"text-align: center\"><img decoding=\"async\" src=\"images\/stories\/10\/01\/190110\/comex.jpg\" border=\"0\" alt=\"Paro de transporte de carga no afect\u00f3 al comercio exterior\" title=\"Paro de transporte de carga no afect\u00f3 al comercio exterior\" \/><\/div>\n<p>Seg\u00fan los reportes de ADEX, en el terminal portuario de Matarani (TISUR) las operaciones son normales, as\u00ed como el transporte interno en Mollendo y Matarani. Sin embargo la zona del 48 est\u00e1 trancada con piquetes de huelguistasl.<\/p>\n<p>En Paita, TPE viene atendiendo dos naves con descarga directa con suficiente flujo de camiones. El servicio de transporte de carga pesada est\u00e1 cumpliendo las necesidades b\u00e1sicas ya que por previsi\u00f3n, la carga ingreso directamente al TPE. Adem\u00e1s no hay bloqueos en las v\u00edas de acceso a Paita.<\/p>\n<p>En Chicama las operaciones de transporte contin\u00faan con\u00a0 normalidad\u00a0 para el\u00a0 abastecimiento de carga a puerto, as\u00ed como\u00a0 desde puerto a la\u00a0 nave. Enapu trabaja con normalidad. En el caso de Pisco se observa la misma situaci\u00f3n. <\/p>\n<p>En\u00a0 Puno todo es normal. El tr\u00e1nsito de cruce de camiones por la frontera de Desaguadero hacia y desde Bolivia fluye sin problemas. Tambi\u00e9n transcurre con normalidad la atenci\u00f3n en Aduanas, en el Terminal de Oficiales de Aduanas y el control, cruce e ingreso de camiones.<\/p>\n<p>En Tumbes la llegada de camiones a la Zona de Frontera se da con normalidad al igual que la atenci\u00f3n en Aduanas y el cruce de las unidades hacia Ecuador. <br \/>En el Callao el movimiento de transporte es bastante restringido. Hay camiones de provincia que han pernoctado y se les esta dando la atenci\u00f3n respectiva.<\/p>\n<p>En Tacna la situaci\u00f3n presenta al complejo fronterizo Santa Rosa con ingreso normal de carga, mientras que el Transporte de carga est\u00e1\u00a0 totalmente paralizado. Por otro lado Aduana Tacna trabaja con normalidad.<\/p>\n<p>Con respecto al puerto de Chimbote el transporte de carga pesada no est\u00e1 trabajando debido al paro indefinido, mientras que la atenci\u00f3n en ENAPU y Aduanas se desarrolla con normalidad. <\/div>\n","protected":false},"excerpt":{"rendered":"<p>El movimiento del transporte de carga en relaci\u00f3n al ingreso a los terminales portuarios del pa\u00eds y pase de mercader\u00eda por v\u00eda terrestre en las fronteras podr\u00eda calificarse de normal, debido a que en la mayor\u00eda de las localidades salvo Tacna y Chimbote, el movimiento de camiones carga se realiza sin mayores problemas pese al [&hellip;]<\/p>\n","protected":false},"author":1,"featured_media":0,"comment_status":"open","ping_status":"open","sticky":false,"template":"","format":"standard","meta":{"tdm_status":"","tdm_grid_status":"","footnotes":""},"categories":[33],"tags":[],"class_list":{"0":"post-8273","1":"post","2":"type-post","3":"status-publish","4":"format-standard","6":"category-economia"},"yoast_head":"<!-- This site is optimized with the Yoast SEO plugin v25.1 - https:\/\/yoast.com\/wordpress\/plugins\/seo\/ -->\n<title>Paro de transporte de carga no afect\u00f3 al comercio exterior<\/title>\n<meta name=\"description\" content=\"Portal de noticias del Per\u00fa sobre el transporte a\u00e9reo, aviaci\u00f3n, turismo, hoteleria, actualidad.\" \/>\n<meta name=\"robots\" content=\"index, follow, max-snippet:-1, max-image-preview:large, max-video-preview:-1\" \/>\n<link rel=\"canonical\" href=\"https:\/\/aeronoticias.com.pe\/noticiero\/economia\/paro-de-transporte-de-carga-no-afecto-al-comercio-exterior\/\" \/>\n<meta property=\"og:locale\" content=\"es_ES\" \/>\n<meta property=\"og:type\" content=\"article\" \/>\n<meta property=\"og:title\" content=\"Paro de transporte de carga no afect\u00f3 al comercio exterior\" \/>\n<meta property=\"og:description\" content=\"Portal de noticias del Per\u00fa sobre el transporte a\u00e9reo, aviaci\u00f3n, turismo, hoteleria, actualidad.\" \/>\n<meta property=\"og:url\" content=\"https:\/\/aeronoticias.com.pe\/noticiero\/economia\/paro-de-transporte-de-carga-no-afecto-al-comercio-exterior\/\" \/>\n<meta property=\"og:site_name\" content=\"Aeronoticias.com.pe\" \/>\n<meta property=\"article:publisher\" content=\"https:\/\/www.facebook.com\/Aeronoticias.com.pe\/\" \/>\n<meta property=\"article:published_time\" content=\"2010-01-19T20:23:39+00:00\" \/>\n<meta name=\"author\" content=\"Redacci\u00f3n Aeronoticias\" \/>\n<meta name=\"twitter:card\" content=\"summary_large_image\" \/>\n<meta name=\"twitter:creator\" content=\"@aeronoticias\" \/>\n<meta name=\"twitter:site\" content=\"@aeronoticias\" \/>\n<meta name=\"twitter:label1\" content=\"Escrito por\" \/>\n\t<meta name=\"twitter:data1\" content=\"Redacci\u00f3n Aeronoticias\" \/>\n\t<meta name=\"twitter:label2\" content=\"Tiempo de lectura\" \/>\n\t<meta name=\"twitter:data2\" content=\"2 minutos\" \/>\n<script type=\"application\/ld+json\" class=\"yoast-schema-graph\">{\"@context\":\"https:\/\/schema.org\",\"@graph\":[{\"@type\":\"WebPage\",\"@id\":\"https:\/\/aeronoticias.com.pe\/noticiero\/economia\/paro-de-transporte-de-carga-no-afecto-al-comercio-exterior\/\",\"url\":\"https:\/\/aeronoticias.com.pe\/noticiero\/economia\/paro-de-transporte-de-carga-no-afecto-al-comercio-exterior\/\",\"name\":\"Paro de transporte de carga no afect\u00f3 al comercio exterior\",\"isPartOf\":{\"@id\":\"https:\/\/aeronoticias.com.pe\/noticiero\/#website\"},\"datePublished\":\"2010-01-19T20:23:39+00:00\",\"author\":{\"@id\":\"https:\/\/aeronoticias.com.pe\/noticiero\/#\/schema\/person\/fc1e5d578f4b62ba1cf7ac2bba1170a0\"},\"description\":\"Portal de noticias del Per\u00fa sobre el transporte a\u00e9reo, aviaci\u00f3n, turismo, hoteleria, actualidad.\",\"breadcrumb\":{\"@id\":\"https:\/\/aeronoticias.com.pe\/noticiero\/economia\/paro-de-transporte-de-carga-no-afecto-al-comercio-exterior\/#breadcrumb\"},\"inLanguage\":\"es\",\"potentialAction\":[{\"@type\":\"ReadAction\",\"target\":[\"https:\/\/aeronoticias.com.pe\/noticiero\/economia\/paro-de-transporte-de-carga-no-afecto-al-comercio-exterior\/\"]}]},{\"@type\":\"BreadcrumbList\",\"@id\":\"https:\/\/aeronoticias.com.pe\/noticiero\/economia\/paro-de-transporte-de-carga-no-afecto-al-comercio-exterior\/#breadcrumb\",\"itemListElement\":[{\"@type\":\"ListItem\",\"position\":1,\"name\":\"Portada\",\"item\":\"https:\/\/aeronoticias.com.pe\/noticiero\/\"},{\"@type\":\"ListItem\",\"position\":2,\"name\":\"Paro de transporte de carga no afect\u00f3 al comercio exterior\"}]},{\"@type\":\"WebSite\",\"@id\":\"https:\/\/aeronoticias.com.pe\/noticiero\/#website\",\"url\":\"https:\/\/aeronoticias.com.pe\/noticiero\/\",\"name\":\"Aeronoticias.com.pe\",\"description\":\"Noticias de tranporte aereo, turismo, hoteles, gastronomia, actualidad, internacional\",\"potentialAction\":[{\"@type\":\"SearchAction\",\"target\":{\"@type\":\"EntryPoint\",\"urlTemplate\":\"https:\/\/aeronoticias.com.pe\/noticiero\/?s={search_term_string}\"},\"query-input\":{\"@type\":\"PropertyValueSpecification\",\"valueRequired\":true,\"valueName\":\"search_term_string\"}}],\"inLanguage\":\"es\"},{\"@type\":\"Person\",\"@id\":\"https:\/\/aeronoticias.com.pe\/noticiero\/#\/schema\/person\/fc1e5d578f4b62ba1cf7ac2bba1170a0\",\"name\":\"Redacci\u00f3n Aeronoticias\",\"url\":\"https:\/\/aeronoticias.com.pe\/noticiero\/author\/piloto\/\"}]}<\/script>\n<!-- \/ Yoast SEO plugin. -->","yoast_head_json":{"title":"Paro de transporte de carga no afect\u00f3 al comercio exterior","description":"Portal de noticias del Per\u00fa sobre el transporte a\u00e9reo, aviaci\u00f3n, turismo, hoteleria, actualidad.","robots":{"index":"index","follow":"follow","max-snippet":"max-snippet:-1","max-image-preview":"max-image-preview:large","max-video-preview":"max-video-preview:-1"},"canonical":"https:\/\/aeronoticias.com.pe\/noticiero\/economia\/paro-de-transporte-de-carga-no-afecto-al-comercio-exterior\/","og_locale":"es_ES","og_type":"article","og_title":"Paro de transporte de carga no afect\u00f3 al comercio exterior","og_description":"Portal de noticias del Per\u00fa sobre el transporte a\u00e9reo, aviaci\u00f3n, turismo, hoteleria, actualidad.","og_url":"https:\/\/aeronoticias.com.pe\/noticiero\/economia\/paro-de-transporte-de-carga-no-afecto-al-comercio-exterior\/","og_site_name":"Aeronoticias.com.pe","article_publisher":"https:\/\/www.facebook.com\/Aeronoticias.com.pe\/","article_published_time":"2010-01-19T20:23:39+00:00","author":"Redacci\u00f3n Aeronoticias","twitter_card":"summary_large_image","twitter_creator":"@aeronoticias","twitter_site":"@aeronoticias","twitter_misc":{"Escrito por":"Redacci\u00f3n Aeronoticias","Tiempo de lectura":"2 minutos"},"schema":{"@context":"https:\/\/schema.org","@graph":[{"@type":"WebPage","@id":"https:\/\/aeronoticias.com.pe\/noticiero\/economia\/paro-de-transporte-de-carga-no-afecto-al-comercio-exterior\/","url":"https:\/\/aeronoticias.com.pe\/noticiero\/economia\/paro-de-transporte-de-carga-no-afecto-al-comercio-exterior\/","name":"Paro de transporte de carga no afect\u00f3 al comercio exterior","isPartOf":{"@id":"https:\/\/aeronoticias.com.pe\/noticiero\/#website"},"datePublished":"2010-01-19T20:23:39+00:00","author":{"@id":"https:\/\/aeronoticias.com.pe\/noticiero\/#\/schema\/person\/fc1e5d578f4b62ba1cf7ac2bba1170a0"},"description":"Portal de noticias del Per\u00fa sobre el transporte a\u00e9reo, aviaci\u00f3n, turismo, hoteleria, actualidad.","breadcrumb":{"@id":"https:\/\/aeronoticias.com.pe\/noticiero\/economia\/paro-de-transporte-de-carga-no-afecto-al-comercio-exterior\/#breadcrumb"},"inLanguage":"es","potentialAction":[{"@type":"ReadAction","target":["https:\/\/aeronoticias.com.pe\/noticiero\/economia\/paro-de-transporte-de-carga-no-afecto-al-comercio-exterior\/"]}]},{"@type":"BreadcrumbList","@id":"https:\/\/aeronoticias.com.pe\/noticiero\/economia\/paro-de-transporte-de-carga-no-afecto-al-comercio-exterior\/#breadcrumb","itemListElement":[{"@type":"ListItem","position":1,"name":"Portada","item":"https:\/\/aeronoticias.com.pe\/noticiero\/"},{"@type":"ListItem","position":2,"name":"Paro de transporte de carga no afect\u00f3 al comercio exterior"}]},{"@type":"WebSite","@id":"https:\/\/aeronoticias.com.pe\/noticiero\/#website","url":"https:\/\/aeronoticias.com.pe\/noticiero\/","name":"Aeronoticias.com.pe","description":"Noticias de tranporte aereo, turismo, hoteles, gastronomia, actualidad, internacional","potentialAction":[{"@type":"SearchAction","target":{"@type":"EntryPoint","urlTemplate":"https:\/\/aeronoticias.com.pe\/noticiero\/?s={search_term_string}"},"query-input":{"@type":"PropertyValueSpecification","valueRequired":true,"valueName":"search_term_string"}}],"inLanguage":"es"},{"@type":"Person","@id":"https:\/\/aeronoticias.com.pe\/noticiero\/#\/schema\/person\/fc1e5d578f4b62ba1cf7ac2bba1170a0","name":"Redacci\u00f3n Aeronoticias","url":"https:\/\/aeronoticias.com.pe\/noticiero\/author\/piloto\/"}]}},"_links":{"self":[{"href":"https:\/\/aeronoticias.com.pe\/noticiero\/wp-json\/wp\/v2\/posts\/8273","targetHints":{"allow":["GET"]}}],"collection":[{"href":"https:\/\/aeronoticias.com.pe\/noticiero\/wp-json\/wp\/v2\/posts"}],"about":[{"href":"https:\/\/aeronoticias.com.pe\/noticiero\/wp-json\/wp\/v2\/types\/post"}],"author":[{"embeddable":true,"href":"https:\/\/aeronoticias.com.pe\/noticiero\/wp-json\/wp\/v2\/users\/1"}],"replies":[{"embeddable":true,"href":"https:\/\/aeronoticias.com.pe\/noticiero\/wp-json\/wp\/v2\/comments?post=8273"}],"version-history":[{"count":0,"href":"https:\/\/aeronoticias.com.pe\/noticiero\/wp-json\/wp\/v2\/posts\/8273\/revisions"}],"wp:attachment":[{"href":"https:\/\/aeronoticias.com.pe\/noticiero\/wp-json\/wp\/v2\/media?parent=8273"}],"wp:term":[{"taxonomy":"category","embeddable":true,"href":"https:\/\/aeronoticias.com.pe\/noticiero\/wp-json\/wp\/v2\/categories?post=8273"},{"taxonomy":"post_tag","embeddable":true,"href":"https:\/\/aeronoticias.com.pe\/noticiero\/wp-json\/wp\/v2\/tags?post=8273"}],"curies":[{"name":"wp","href":"https:\/\/api.w.org\/{rel}","templated":true}]}}