{"id":8278,"date":"2010-01-19T22:24:39","date_gmt":"2010-01-19T22:24:39","guid":{"rendered":"http:\/\/desarrollo.mcvicious.com\/aero2020\/2010\/01\/19\/bcr-estima-que-crecimiento-economico-de-diciembre-fue-mayor-a-5\/"},"modified":"2010-01-19T22:24:39","modified_gmt":"2010-01-19T22:24:39","slug":"bcr-estima-que-crecimiento-economico-de-diciembre-fue-mayor-a-5","status":"publish","type":"post","link":"https:\/\/aeronoticias.com.pe\/noticiero\/economia\/bcr-estima-que-crecimiento-economico-de-diciembre-fue-mayor-a-5\/","title":{"rendered":"BCR estima que crecimiento econ\u00f3mico de diciembre fue mayor a 5%"},"content":{"rendered":"<div style=\"text-align: justify\">El presidente del Banco Central de Reserva (BCR), Julio Velarde, afirm\u00f3 hoy que el crecimiento econ\u00f3mico registrado en diciembre del a\u00f1o pasado habr\u00eda sido ligeramente mayor a cinco por ciento.\u00a0Afirm\u00f3 que las cifras adelantadas a diciembre refieren que se ha dado un crecimiento mayor a cinco por ciento en dicho mes, suficiente como para alcanzar la proyecci\u00f3n de crecimiento de uno por ciento para todo el a\u00f1o.<\/div>\n<div style=\"text-align: justify\"><\/div>\n<div style=\"text-align: justify\">Por otro lado, reiter\u00f3 su estimado de que la econom\u00eda peruana crecer\u00e1 5.5 por ciento este a\u00f1o, tasa que tiene un sesgo a elevarse, luego de haber crecido cerca de uno por ciento en 2009.\u00a0\u201cSon escenarios bajo algunos supuestos pero los riesgos del desempe\u00f1o econ\u00f3mico son internacionales, pues, dependemos de lo que pueda pasar con Estados Unidos y China.\u201d\u00a0<\/div>\n<div style=\"text-align: justify\">\n<div style=\"text-align: center\"><img decoding=\"async\" src=\"images\/stories\/10\/01\/200110\/jvelarde.jpg\" border=\"0\" alt=\"BCR estima que crecimiento econ\u00f3mico de diciembre fue mayor a 5% \" title=\"BCR estima que crecimiento econ\u00f3mico de diciembre fue mayor a 5% \" \/><\/div>\n<\/div>\n<div style=\"text-align: justify\">Sin embargo, consider\u00f3 que el sesgo del actual estimado de crecimiento econ\u00f3mico para Per\u00fa se mantiene al alza.<\/div>\n<div style=\"text-align: justify\"><\/div>\n<div style=\"text-align: justify\">Hoy el BCR present\u00f3 el Tomo II del Compendio de Historia Econ\u00f3mica de Per\u00fa: La \u00e9poca colonial temprana, que cont\u00f3 con la presencia de Velarde y del director general del Instituto de Estudios Peruanos (IEP), Marcos Cueto.<\/div>\n<div style=\"text-align: justify\"><\/div>\n","protected":false},"excerpt":{"rendered":"<p>El presidente del Banco Central de Reserva (BCR), Julio Velarde, afirm\u00f3 hoy que el crecimiento econ\u00f3mico registrado en diciembre del a\u00f1o pasado habr\u00eda sido ligeramente mayor a cinco por ciento.\u00a0Afirm\u00f3 que las cifras adelantadas a diciembre refieren que se ha dado un crecimiento mayor a cinco por ciento en dicho mes, suficiente como para alcanzar [&hellip;]<\/p>\n","protected":false},"author":1,"featured_media":0,"comment_status":"open","ping_status":"open","sticky":false,"template":"","format":"standard","meta":{"tdm_status":"","tdm_grid_status":"","footnotes":""},"categories":[33],"tags":[],"class_list":{"0":"post-8278","1":"post","2":"type-post","3":"status-publish","4":"format-standard","6":"category-economia"},"yoast_head":"<!-- This site is optimized with the Yoast SEO plugin v25.1 - https:\/\/yoast.com\/wordpress\/plugins\/seo\/ -->\n<title>BCR estima que crecimiento econ\u00f3mico de diciembre fue mayor a 5%<\/title>\n<meta name=\"description\" content=\"Portal de noticias del Per\u00fa sobre el transporte a\u00e9reo, aviaci\u00f3n, turismo, hoteleria, actualidad.\" \/>\n<meta name=\"robots\" content=\"index, follow, max-snippet:-1, max-image-preview:large, max-video-preview:-1\" \/>\n<link rel=\"canonical\" href=\"https:\/\/aeronoticias.com.pe\/noticiero\/economia\/bcr-estima-que-crecimiento-economico-de-diciembre-fue-mayor-a-5\/\" \/>\n<meta property=\"og:locale\" content=\"es_ES\" \/>\n<meta property=\"og:type\" content=\"article\" \/>\n<meta property=\"og:title\" content=\"BCR estima que crecimiento econ\u00f3mico de diciembre fue mayor a 5%\" \/>\n<meta property=\"og:description\" content=\"Portal de noticias del Per\u00fa sobre el transporte a\u00e9reo, aviaci\u00f3n, turismo, hoteleria, actualidad.\" \/>\n<meta property=\"og:url\" content=\"https:\/\/aeronoticias.com.pe\/noticiero\/economia\/bcr-estima-que-crecimiento-economico-de-diciembre-fue-mayor-a-5\/\" \/>\n<meta property=\"og:site_name\" content=\"Aeronoticias.com.pe\" \/>\n<meta property=\"article:publisher\" content=\"https:\/\/www.facebook.com\/Aeronoticias.com.pe\/\" \/>\n<meta property=\"article:published_time\" content=\"2010-01-19T22:24:39+00:00\" \/>\n<meta name=\"author\" content=\"Redacci\u00f3n Aeronoticias\" \/>\n<meta name=\"twitter:card\" content=\"summary_large_image\" \/>\n<meta name=\"twitter:creator\" content=\"@aeronoticias\" \/>\n<meta name=\"twitter:site\" content=\"@aeronoticias\" \/>\n<meta name=\"twitter:label1\" content=\"Escrito por\" \/>\n\t<meta name=\"twitter:data1\" content=\"Redacci\u00f3n Aeronoticias\" \/>\n\t<meta name=\"twitter:label2\" content=\"Tiempo de lectura\" \/>\n\t<meta name=\"twitter:data2\" content=\"1 minuto\" \/>\n<script type=\"application\/ld+json\" class=\"yoast-schema-graph\">{\"@context\":\"https:\/\/schema.org\",\"@graph\":[{\"@type\":\"WebPage\",\"@id\":\"https:\/\/aeronoticias.com.pe\/noticiero\/economia\/bcr-estima-que-crecimiento-economico-de-diciembre-fue-mayor-a-5\/\",\"url\":\"https:\/\/aeronoticias.com.pe\/noticiero\/economia\/bcr-estima-que-crecimiento-economico-de-diciembre-fue-mayor-a-5\/\",\"name\":\"BCR estima que crecimiento econ\u00f3mico de diciembre fue mayor a 5%\",\"isPartOf\":{\"@id\":\"https:\/\/aeronoticias.com.pe\/noticiero\/#website\"},\"datePublished\":\"2010-01-19T22:24:39+00:00\",\"author\":{\"@id\":\"https:\/\/aeronoticias.com.pe\/noticiero\/#\/schema\/person\/fc1e5d578f4b62ba1cf7ac2bba1170a0\"},\"description\":\"Portal de noticias del Per\u00fa sobre el transporte a\u00e9reo, aviaci\u00f3n, turismo, hoteleria, actualidad.\",\"breadcrumb\":{\"@id\":\"https:\/\/aeronoticias.com.pe\/noticiero\/economia\/bcr-estima-que-crecimiento-economico-de-diciembre-fue-mayor-a-5\/#breadcrumb\"},\"inLanguage\":\"es\",\"potentialAction\":[{\"@type\":\"ReadAction\",\"target\":[\"https:\/\/aeronoticias.com.pe\/noticiero\/economia\/bcr-estima-que-crecimiento-economico-de-diciembre-fue-mayor-a-5\/\"]}]},{\"@type\":\"BreadcrumbList\",\"@id\":\"https:\/\/aeronoticias.com.pe\/noticiero\/economia\/bcr-estima-que-crecimiento-economico-de-diciembre-fue-mayor-a-5\/#breadcrumb\",\"itemListElement\":[{\"@type\":\"ListItem\",\"position\":1,\"name\":\"Portada\",\"item\":\"https:\/\/aeronoticias.com.pe\/noticiero\/\"},{\"@type\":\"ListItem\",\"position\":2,\"name\":\"BCR estima que crecimiento econ\u00f3mico de diciembre fue mayor a 5%\"}]},{\"@type\":\"WebSite\",\"@id\":\"https:\/\/aeronoticias.com.pe\/noticiero\/#website\",\"url\":\"https:\/\/aeronoticias.com.pe\/noticiero\/\",\"name\":\"Aeronoticias.com.pe\",\"description\":\"Noticias de tranporte aereo, turismo, hoteles, gastronomia, actualidad, internacional\",\"potentialAction\":[{\"@type\":\"SearchAction\",\"target\":{\"@type\":\"EntryPoint\",\"urlTemplate\":\"https:\/\/aeronoticias.com.pe\/noticiero\/?s={search_term_string}\"},\"query-input\":{\"@type\":\"PropertyValueSpecification\",\"valueRequired\":true,\"valueName\":\"search_term_string\"}}],\"inLanguage\":\"es\"},{\"@type\":\"Person\",\"@id\":\"https:\/\/aeronoticias.com.pe\/noticiero\/#\/schema\/person\/fc1e5d578f4b62ba1cf7ac2bba1170a0\",\"name\":\"Redacci\u00f3n Aeronoticias\",\"url\":\"https:\/\/aeronoticias.com.pe\/noticiero\/author\/piloto\/\"}]}<\/script>\n<!-- \/ Yoast SEO plugin. -->","yoast_head_json":{"title":"BCR estima que crecimiento econ\u00f3mico de diciembre fue mayor a 5%","description":"Portal de noticias del Per\u00fa sobre el transporte a\u00e9reo, aviaci\u00f3n, turismo, hoteleria, actualidad.","robots":{"index":"index","follow":"follow","max-snippet":"max-snippet:-1","max-image-preview":"max-image-preview:large","max-video-preview":"max-video-preview:-1"},"canonical":"https:\/\/aeronoticias.com.pe\/noticiero\/economia\/bcr-estima-que-crecimiento-economico-de-diciembre-fue-mayor-a-5\/","og_locale":"es_ES","og_type":"article","og_title":"BCR estima que crecimiento econ\u00f3mico de diciembre fue mayor a 5%","og_description":"Portal de noticias del Per\u00fa sobre el transporte a\u00e9reo, aviaci\u00f3n, turismo, hoteleria, actualidad.","og_url":"https:\/\/aeronoticias.com.pe\/noticiero\/economia\/bcr-estima-que-crecimiento-economico-de-diciembre-fue-mayor-a-5\/","og_site_name":"Aeronoticias.com.pe","article_publisher":"https:\/\/www.facebook.com\/Aeronoticias.com.pe\/","article_published_time":"2010-01-19T22:24:39+00:00","author":"Redacci\u00f3n Aeronoticias","twitter_card":"summary_large_image","twitter_creator":"@aeronoticias","twitter_site":"@aeronoticias","twitter_misc":{"Escrito por":"Redacci\u00f3n Aeronoticias","Tiempo de lectura":"1 minuto"},"schema":{"@context":"https:\/\/schema.org","@graph":[{"@type":"WebPage","@id":"https:\/\/aeronoticias.com.pe\/noticiero\/economia\/bcr-estima-que-crecimiento-economico-de-diciembre-fue-mayor-a-5\/","url":"https:\/\/aeronoticias.com.pe\/noticiero\/economia\/bcr-estima-que-crecimiento-economico-de-diciembre-fue-mayor-a-5\/","name":"BCR estima que crecimiento econ\u00f3mico de diciembre fue mayor a 5%","isPartOf":{"@id":"https:\/\/aeronoticias.com.pe\/noticiero\/#website"},"datePublished":"2010-01-19T22:24:39+00:00","author":{"@id":"https:\/\/aeronoticias.com.pe\/noticiero\/#\/schema\/person\/fc1e5d578f4b62ba1cf7ac2bba1170a0"},"description":"Portal de noticias del Per\u00fa sobre el transporte a\u00e9reo, aviaci\u00f3n, turismo, hoteleria, actualidad.","breadcrumb":{"@id":"https:\/\/aeronoticias.com.pe\/noticiero\/economia\/bcr-estima-que-crecimiento-economico-de-diciembre-fue-mayor-a-5\/#breadcrumb"},"inLanguage":"es","potentialAction":[{"@type":"ReadAction","target":["https:\/\/aeronoticias.com.pe\/noticiero\/economia\/bcr-estima-que-crecimiento-economico-de-diciembre-fue-mayor-a-5\/"]}]},{"@type":"BreadcrumbList","@id":"https:\/\/aeronoticias.com.pe\/noticiero\/economia\/bcr-estima-que-crecimiento-economico-de-diciembre-fue-mayor-a-5\/#breadcrumb","itemListElement":[{"@type":"ListItem","position":1,"name":"Portada","item":"https:\/\/aeronoticias.com.pe\/noticiero\/"},{"@type":"ListItem","position":2,"name":"BCR estima que crecimiento econ\u00f3mico de diciembre fue mayor a 5%"}]},{"@type":"WebSite","@id":"https:\/\/aeronoticias.com.pe\/noticiero\/#website","url":"https:\/\/aeronoticias.com.pe\/noticiero\/","name":"Aeronoticias.com.pe","description":"Noticias de tranporte aereo, turismo, hoteles, gastronomia, actualidad, internacional","potentialAction":[{"@type":"SearchAction","target":{"@type":"EntryPoint","urlTemplate":"https:\/\/aeronoticias.com.pe\/noticiero\/?s={search_term_string}"},"query-input":{"@type":"PropertyValueSpecification","valueRequired":true,"valueName":"search_term_string"}}],"inLanguage":"es"},{"@type":"Person","@id":"https:\/\/aeronoticias.com.pe\/noticiero\/#\/schema\/person\/fc1e5d578f4b62ba1cf7ac2bba1170a0","name":"Redacci\u00f3n Aeronoticias","url":"https:\/\/aeronoticias.com.pe\/noticiero\/author\/piloto\/"}]}},"_links":{"self":[{"href":"https:\/\/aeronoticias.com.pe\/noticiero\/wp-json\/wp\/v2\/posts\/8278","targetHints":{"allow":["GET"]}}],"collection":[{"href":"https:\/\/aeronoticias.com.pe\/noticiero\/wp-json\/wp\/v2\/posts"}],"about":[{"href":"https:\/\/aeronoticias.com.pe\/noticiero\/wp-json\/wp\/v2\/types\/post"}],"author":[{"embeddable":true,"href":"https:\/\/aeronoticias.com.pe\/noticiero\/wp-json\/wp\/v2\/users\/1"}],"replies":[{"embeddable":true,"href":"https:\/\/aeronoticias.com.pe\/noticiero\/wp-json\/wp\/v2\/comments?post=8278"}],"version-history":[{"count":0,"href":"https:\/\/aeronoticias.com.pe\/noticiero\/wp-json\/wp\/v2\/posts\/8278\/revisions"}],"wp:attachment":[{"href":"https:\/\/aeronoticias.com.pe\/noticiero\/wp-json\/wp\/v2\/media?parent=8278"}],"wp:term":[{"taxonomy":"category","embeddable":true,"href":"https:\/\/aeronoticias.com.pe\/noticiero\/wp-json\/wp\/v2\/categories?post=8278"},{"taxonomy":"post_tag","embeddable":true,"href":"https:\/\/aeronoticias.com.pe\/noticiero\/wp-json\/wp\/v2\/tags?post=8278"}],"curies":[{"name":"wp","href":"https:\/\/api.w.org\/{rel}","templated":true}]}}