{"id":8279,"date":"2010-01-20T13:19:43","date_gmt":"2010-01-20T13:19:43","guid":{"rendered":"http:\/\/desarrollo.mcvicious.com\/aero2020\/2010\/01\/20\/latinoamerica-esta-respondiendo-rapidamente-a-las-necesidades-de-haiti-afirma-la-cruz-roja\/"},"modified":"2010-01-20T13:19:43","modified_gmt":"2010-01-20T13:19:43","slug":"latinoamerica-esta-respondiendo-rapidamente-a-las-necesidades-de-haiti-afirma-la-cruz-roja","status":"publish","type":"post","link":"https:\/\/aeronoticias.com.pe\/noticiero\/internacionales\/latinoamerica-esta-respondiendo-rapidamente-a-las-necesidades-de-haiti-afirma-la-cruz-roja\/","title":{"rendered":"Latinoam\u00e9rica est\u00e1 respondiendo r\u00e1pidamente a las necesidades de Hait\u00ed, afirma la Cruz Roja"},"content":{"rendered":"<div style=\"text-align: justify\">Las sociedades de la Cruz Roja latinoamericanas respondieron r\u00e1pidamente a la necesidad de ayudar a Hait\u00ed tras el devastador sismo de 7.0 grados en la escala de Richter que sufri\u00f3 hace una semana.<\/div>\n<div style=\"text-align: justify\">\u00a0<\/div>\n<div style=\"text-align: justify\">\u00abEstamos viendo cada vez m\u00e1s que las sociedades nacionales regionales alcanzaron posiciones de fuerza para cruzar fronteras en momentos de necesidad\u00bb, dijo Matthew Cochrane, de la Federaci\u00f3n Internacional de la Cruz Roja y la Media Luna Roja, en Ginebra, public\u00f3 DPA.<\/div>\n<div style=\"text-align: justify\">\n<div style=\"text-align: center\"><img decoding=\"async\" src=\"images\/stories\/10\/01\/200110\/croos.jpg\" border=\"0\" alt=\"Latinoam\u00e9rica est\u00e1 respondiendo r\u00e1pidamente a las necesidades de Hait\u00ed afirma la Cruz Roja\" title=\"Latinoam\u00e9rica est\u00e1 respondiendo r\u00e1pidamente a las necesidades de Hait\u00ed afirma la Cruz Roja\" \/><\/div>\n<\/div>\n<div style=\"text-align: justify\">En una primera reacci\u00f3n al sismo que golpe\u00f3 a la naci\u00f3n m\u00e1s pobre de Am\u00e9rica, una respuesta de emergencia tit\u00e1nica lleg\u00f3 por parte de las sociedades latinoamericanas de la Cruz Roja, que desplegaron unos 180 trabajadores para ayudar.<\/div>\n<div style=\"text-align: justify\"><\/div>\n<div style=\"text-align: justify\">Ello supone un cambio respecto al pasado, cuando la Cruz Roja depend\u00eda casi en su totalidad de los pa\u00edses m\u00e1s desarrollados en Norteam\u00e9rica y Europa Occidental para enviar equipos de ayuda, a\u00f1adi\u00f3 el funcionario.<\/div>\n<div style=\"text-align: justify\">\u00a0<\/div>\n<div style=\"text-align: justify\"><strong>Aeronoticias<\/strong> considera que la respuesta de Latinoam\u00e9rica a las necesidades del pueblo Haitiano responden a una cultura de ayuda y sentimiento de solidaridad con quienes m\u00e1s lo necesitan, hecho que es positivo y a la vez alienta a todos nosotros a seguir ayudando en pro de esta causa tan noble como es ayudar a los que m\u00e1s lo necesitan.<\/div>\n<div style=\"text-align: justify\"><\/div>\n","protected":false},"excerpt":{"rendered":"<p>Las sociedades de la Cruz Roja latinoamericanas respondieron r\u00e1pidamente a la necesidad de ayudar a Hait\u00ed tras el devastador sismo de 7.0 grados en la escala de Richter que sufri\u00f3 hace una semana. \u00a0 \u00abEstamos viendo cada vez m\u00e1s que las sociedades nacionales regionales alcanzaron posiciones de fuerza para cruzar fronteras en momentos de necesidad\u00bb, [&hellip;]<\/p>\n","protected":false},"author":1,"featured_media":0,"comment_status":"open","ping_status":"open","sticky":false,"template":"","format":"standard","meta":{"tdm_status":"","tdm_grid_status":"","footnotes":""},"categories":[34],"tags":[],"class_list":{"0":"post-8279","1":"post","2":"type-post","3":"status-publish","4":"format-standard","6":"category-internacionales"},"yoast_head":"<!-- This site is optimized with the Yoast SEO plugin v25.1 - https:\/\/yoast.com\/wordpress\/plugins\/seo\/ -->\n<title>Latinoam\u00e9rica est\u00e1 respondiendo r\u00e1pidamente a las necesidades de Hait\u00ed, afirma la Cruz Roja<\/title>\n<meta name=\"description\" content=\"Portal de noticias del Per\u00fa sobre el transporte a\u00e9reo, aviaci\u00f3n, turismo, hoteleria, actualidad.\" \/>\n<meta name=\"robots\" content=\"index, follow, max-snippet:-1, max-image-preview:large, max-video-preview:-1\" \/>\n<link rel=\"canonical\" href=\"https:\/\/aeronoticias.com.pe\/noticiero\/internacionales\/latinoamerica-esta-respondiendo-rapidamente-a-las-necesidades-de-haiti-afirma-la-cruz-roja\/\" \/>\n<meta property=\"og:locale\" content=\"es_ES\" \/>\n<meta property=\"og:type\" content=\"article\" \/>\n<meta property=\"og:title\" content=\"Latinoam\u00e9rica est\u00e1 respondiendo r\u00e1pidamente a las necesidades de Hait\u00ed, afirma la Cruz Roja\" \/>\n<meta property=\"og:description\" content=\"Portal de noticias del Per\u00fa sobre el transporte a\u00e9reo, aviaci\u00f3n, turismo, hoteleria, actualidad.\" \/>\n<meta property=\"og:url\" content=\"https:\/\/aeronoticias.com.pe\/noticiero\/internacionales\/latinoamerica-esta-respondiendo-rapidamente-a-las-necesidades-de-haiti-afirma-la-cruz-roja\/\" \/>\n<meta property=\"og:site_name\" content=\"Aeronoticias.com.pe\" \/>\n<meta property=\"article:publisher\" content=\"https:\/\/www.facebook.com\/Aeronoticias.com.pe\/\" \/>\n<meta property=\"article:published_time\" content=\"2010-01-20T13:19:43+00:00\" \/>\n<meta name=\"author\" content=\"Redacci\u00f3n Aeronoticias\" \/>\n<meta name=\"twitter:card\" content=\"summary_large_image\" \/>\n<meta name=\"twitter:creator\" content=\"@aeronoticias\" \/>\n<meta name=\"twitter:site\" content=\"@aeronoticias\" \/>\n<meta name=\"twitter:label1\" content=\"Escrito por\" \/>\n\t<meta name=\"twitter:data1\" content=\"Redacci\u00f3n Aeronoticias\" \/>\n\t<meta name=\"twitter:label2\" content=\"Tiempo de lectura\" \/>\n\t<meta name=\"twitter:data2\" content=\"1 minuto\" \/>\n<script type=\"application\/ld+json\" class=\"yoast-schema-graph\">{\"@context\":\"https:\/\/schema.org\",\"@graph\":[{\"@type\":\"WebPage\",\"@id\":\"https:\/\/aeronoticias.com.pe\/noticiero\/internacionales\/latinoamerica-esta-respondiendo-rapidamente-a-las-necesidades-de-haiti-afirma-la-cruz-roja\/\",\"url\":\"https:\/\/aeronoticias.com.pe\/noticiero\/internacionales\/latinoamerica-esta-respondiendo-rapidamente-a-las-necesidades-de-haiti-afirma-la-cruz-roja\/\",\"name\":\"Latinoam\u00e9rica est\u00e1 respondiendo r\u00e1pidamente a las necesidades de Hait\u00ed, afirma la Cruz Roja\",\"isPartOf\":{\"@id\":\"https:\/\/aeronoticias.com.pe\/noticiero\/#website\"},\"datePublished\":\"2010-01-20T13:19:43+00:00\",\"author\":{\"@id\":\"https:\/\/aeronoticias.com.pe\/noticiero\/#\/schema\/person\/fc1e5d578f4b62ba1cf7ac2bba1170a0\"},\"description\":\"Portal de noticias del Per\u00fa sobre el transporte a\u00e9reo, aviaci\u00f3n, turismo, hoteleria, actualidad.\",\"breadcrumb\":{\"@id\":\"https:\/\/aeronoticias.com.pe\/noticiero\/internacionales\/latinoamerica-esta-respondiendo-rapidamente-a-las-necesidades-de-haiti-afirma-la-cruz-roja\/#breadcrumb\"},\"inLanguage\":\"es\",\"potentialAction\":[{\"@type\":\"ReadAction\",\"target\":[\"https:\/\/aeronoticias.com.pe\/noticiero\/internacionales\/latinoamerica-esta-respondiendo-rapidamente-a-las-necesidades-de-haiti-afirma-la-cruz-roja\/\"]}]},{\"@type\":\"BreadcrumbList\",\"@id\":\"https:\/\/aeronoticias.com.pe\/noticiero\/internacionales\/latinoamerica-esta-respondiendo-rapidamente-a-las-necesidades-de-haiti-afirma-la-cruz-roja\/#breadcrumb\",\"itemListElement\":[{\"@type\":\"ListItem\",\"position\":1,\"name\":\"Portada\",\"item\":\"https:\/\/aeronoticias.com.pe\/noticiero\/\"},{\"@type\":\"ListItem\",\"position\":2,\"name\":\"Latinoam\u00e9rica est\u00e1 respondiendo r\u00e1pidamente a las necesidades de Hait\u00ed, afirma la Cruz Roja\"}]},{\"@type\":\"WebSite\",\"@id\":\"https:\/\/aeronoticias.com.pe\/noticiero\/#website\",\"url\":\"https:\/\/aeronoticias.com.pe\/noticiero\/\",\"name\":\"Aeronoticias.com.pe\",\"description\":\"Noticias de tranporte aereo, turismo, hoteles, gastronomia, actualidad, internacional\",\"potentialAction\":[{\"@type\":\"SearchAction\",\"target\":{\"@type\":\"EntryPoint\",\"urlTemplate\":\"https:\/\/aeronoticias.com.pe\/noticiero\/?s={search_term_string}\"},\"query-input\":{\"@type\":\"PropertyValueSpecification\",\"valueRequired\":true,\"valueName\":\"search_term_string\"}}],\"inLanguage\":\"es\"},{\"@type\":\"Person\",\"@id\":\"https:\/\/aeronoticias.com.pe\/noticiero\/#\/schema\/person\/fc1e5d578f4b62ba1cf7ac2bba1170a0\",\"name\":\"Redacci\u00f3n Aeronoticias\",\"url\":\"https:\/\/aeronoticias.com.pe\/noticiero\/author\/piloto\/\"}]}<\/script>\n<!-- \/ Yoast SEO plugin. -->","yoast_head_json":{"title":"Latinoam\u00e9rica est\u00e1 respondiendo r\u00e1pidamente a las necesidades de Hait\u00ed, afirma la Cruz Roja","description":"Portal de noticias del Per\u00fa sobre el transporte a\u00e9reo, aviaci\u00f3n, turismo, hoteleria, actualidad.","robots":{"index":"index","follow":"follow","max-snippet":"max-snippet:-1","max-image-preview":"max-image-preview:large","max-video-preview":"max-video-preview:-1"},"canonical":"https:\/\/aeronoticias.com.pe\/noticiero\/internacionales\/latinoamerica-esta-respondiendo-rapidamente-a-las-necesidades-de-haiti-afirma-la-cruz-roja\/","og_locale":"es_ES","og_type":"article","og_title":"Latinoam\u00e9rica est\u00e1 respondiendo r\u00e1pidamente a las necesidades de Hait\u00ed, afirma la Cruz Roja","og_description":"Portal de noticias del Per\u00fa sobre el transporte a\u00e9reo, aviaci\u00f3n, turismo, hoteleria, actualidad.","og_url":"https:\/\/aeronoticias.com.pe\/noticiero\/internacionales\/latinoamerica-esta-respondiendo-rapidamente-a-las-necesidades-de-haiti-afirma-la-cruz-roja\/","og_site_name":"Aeronoticias.com.pe","article_publisher":"https:\/\/www.facebook.com\/Aeronoticias.com.pe\/","article_published_time":"2010-01-20T13:19:43+00:00","author":"Redacci\u00f3n Aeronoticias","twitter_card":"summary_large_image","twitter_creator":"@aeronoticias","twitter_site":"@aeronoticias","twitter_misc":{"Escrito por":"Redacci\u00f3n Aeronoticias","Tiempo de lectura":"1 minuto"},"schema":{"@context":"https:\/\/schema.org","@graph":[{"@type":"WebPage","@id":"https:\/\/aeronoticias.com.pe\/noticiero\/internacionales\/latinoamerica-esta-respondiendo-rapidamente-a-las-necesidades-de-haiti-afirma-la-cruz-roja\/","url":"https:\/\/aeronoticias.com.pe\/noticiero\/internacionales\/latinoamerica-esta-respondiendo-rapidamente-a-las-necesidades-de-haiti-afirma-la-cruz-roja\/","name":"Latinoam\u00e9rica est\u00e1 respondiendo r\u00e1pidamente a las necesidades de Hait\u00ed, afirma la Cruz Roja","isPartOf":{"@id":"https:\/\/aeronoticias.com.pe\/noticiero\/#website"},"datePublished":"2010-01-20T13:19:43+00:00","author":{"@id":"https:\/\/aeronoticias.com.pe\/noticiero\/#\/schema\/person\/fc1e5d578f4b62ba1cf7ac2bba1170a0"},"description":"Portal de noticias del Per\u00fa sobre el transporte a\u00e9reo, aviaci\u00f3n, turismo, hoteleria, actualidad.","breadcrumb":{"@id":"https:\/\/aeronoticias.com.pe\/noticiero\/internacionales\/latinoamerica-esta-respondiendo-rapidamente-a-las-necesidades-de-haiti-afirma-la-cruz-roja\/#breadcrumb"},"inLanguage":"es","potentialAction":[{"@type":"ReadAction","target":["https:\/\/aeronoticias.com.pe\/noticiero\/internacionales\/latinoamerica-esta-respondiendo-rapidamente-a-las-necesidades-de-haiti-afirma-la-cruz-roja\/"]}]},{"@type":"BreadcrumbList","@id":"https:\/\/aeronoticias.com.pe\/noticiero\/internacionales\/latinoamerica-esta-respondiendo-rapidamente-a-las-necesidades-de-haiti-afirma-la-cruz-roja\/#breadcrumb","itemListElement":[{"@type":"ListItem","position":1,"name":"Portada","item":"https:\/\/aeronoticias.com.pe\/noticiero\/"},{"@type":"ListItem","position":2,"name":"Latinoam\u00e9rica est\u00e1 respondiendo r\u00e1pidamente a las necesidades de Hait\u00ed, afirma la Cruz Roja"}]},{"@type":"WebSite","@id":"https:\/\/aeronoticias.com.pe\/noticiero\/#website","url":"https:\/\/aeronoticias.com.pe\/noticiero\/","name":"Aeronoticias.com.pe","description":"Noticias de tranporte aereo, turismo, hoteles, gastronomia, actualidad, internacional","potentialAction":[{"@type":"SearchAction","target":{"@type":"EntryPoint","urlTemplate":"https:\/\/aeronoticias.com.pe\/noticiero\/?s={search_term_string}"},"query-input":{"@type":"PropertyValueSpecification","valueRequired":true,"valueName":"search_term_string"}}],"inLanguage":"es"},{"@type":"Person","@id":"https:\/\/aeronoticias.com.pe\/noticiero\/#\/schema\/person\/fc1e5d578f4b62ba1cf7ac2bba1170a0","name":"Redacci\u00f3n Aeronoticias","url":"https:\/\/aeronoticias.com.pe\/noticiero\/author\/piloto\/"}]}},"_links":{"self":[{"href":"https:\/\/aeronoticias.com.pe\/noticiero\/wp-json\/wp\/v2\/posts\/8279","targetHints":{"allow":["GET"]}}],"collection":[{"href":"https:\/\/aeronoticias.com.pe\/noticiero\/wp-json\/wp\/v2\/posts"}],"about":[{"href":"https:\/\/aeronoticias.com.pe\/noticiero\/wp-json\/wp\/v2\/types\/post"}],"author":[{"embeddable":true,"href":"https:\/\/aeronoticias.com.pe\/noticiero\/wp-json\/wp\/v2\/users\/1"}],"replies":[{"embeddable":true,"href":"https:\/\/aeronoticias.com.pe\/noticiero\/wp-json\/wp\/v2\/comments?post=8279"}],"version-history":[{"count":0,"href":"https:\/\/aeronoticias.com.pe\/noticiero\/wp-json\/wp\/v2\/posts\/8279\/revisions"}],"wp:attachment":[{"href":"https:\/\/aeronoticias.com.pe\/noticiero\/wp-json\/wp\/v2\/media?parent=8279"}],"wp:term":[{"taxonomy":"category","embeddable":true,"href":"https:\/\/aeronoticias.com.pe\/noticiero\/wp-json\/wp\/v2\/categories?post=8279"},{"taxonomy":"post_tag","embeddable":true,"href":"https:\/\/aeronoticias.com.pe\/noticiero\/wp-json\/wp\/v2\/tags?post=8279"}],"curies":[{"name":"wp","href":"https:\/\/api.w.org\/{rel}","templated":true}]}}