{"id":8280,"date":"2010-01-20T13:24:55","date_gmt":"2010-01-20T13:24:55","guid":{"rendered":"http:\/\/desarrollo.mcvicious.com\/aero2020\/2010\/01\/20\/oficializan-ley-que-establece-la-vigilancia-electronica-personal\/"},"modified":"2010-01-20T13:24:55","modified_gmt":"2010-01-20T13:24:55","slug":"oficializan-ley-que-establece-la-vigilancia-electronica-personal","status":"publish","type":"post","link":"https:\/\/aeronoticias.com.pe\/noticiero\/49\/oficializan-ley-que-establece-la-vigilancia-electronica-personal\/","title":{"rendered":"Oficializan ley que establece la vigilancia electr\u00f3nica personal"},"content":{"rendered":"<div style=\"text-align: justify\">El Poder Ejecutivo oficializ\u00f3 hoy la ley aprobada por la Comisi\u00f3n Permanente del Congreso que establece la vigilancia electr\u00f3nica personal, que se podr\u00e1 aplicar a los condenados por una pena efectiva no mayor a seis a\u00f1os, y a los procesados acusados de delitos con una pena no mayor a ese plazo.\u00a0La norma se\u00f1ala que la vigilancia electr\u00f3nica tiene por objetivo monitorear el tr\u00e1nsito tanto de procesados como de condenados, dentro de un radio de acci\u00f3n teniendo como punto de referencia su domicilio o lugar que se se\u00f1ale.<\/div>\n<div style=\"text-align: justify\"><\/div>\n<div style=\"text-align: justify\">Para los condenados el sistema es un tipo de pena aplicable por conversi\u00f3n luego de impuesta una sentencia de pena privativa de la libertad; mientras que para los procesados es una opci\u00f3n de restricci\u00f3n del mandato de comparecencia.<\/div>\n<div style=\"text-align: justify\">\n<div style=\"text-align: center\"><img decoding=\"async\" src=\"images\/stories\/10\/01\/200110\/velectronica.jpg\" border=\"0\" alt=\"Oficializan ley que establece la vigilancia electr\u00f3nica personal\" title=\"Oficializan ley que establece la vigilancia electr\u00f3nica personal\" \/><\/div>\n<\/div>\n<div style=\"text-align: justify\">La vigilancia electr\u00f3nica personal procede \u00fanicamente cuando medie la aceptaci\u00f3n expresa del procesados o condenado.\u00a0Mediante la incorporaci\u00f3n del art\u00edculo respectivo en el C\u00f3digo Penal se establece que se dar\u00e1 prioridad en la ejecuci\u00f3n de este monitoreo a los mayores de 65 a\u00f1os de edad, a los que sufran enfermedad grave, los que adolezcan discapacidad f\u00edsica permanente, las mujeres gestantes y las madres que sean cabeza de familia o con hijo o c\u00f3nyuge que sufra discapacidad.<\/div>\n<div style=\"text-align: justify\"><\/div>\n<div style=\"text-align: justify\">La norma tambi\u00e9n establece que el Instituto Nacional Penitenciario (Inpe) ser\u00e1 la entidad encargada de implementar y ejecutar la vigilancia electr\u00f3nica personal, la cual se aplicar\u00e1 en forma progresiva y seg\u00fan las condiciones t\u00e9cnicas en el \u00e1mbito y territorio que se\u00f1ale el reglamento.<\/div>\n<div style=\"text-align: justify\"><\/div>\n<div style=\"text-align: justify\">Finalmente, establece que el Ministerio de Justicia, dentro de 90 d\u00edas, elaborar\u00e1 el proyecto de reglamento correspondiente para su aplicaci\u00f3n, el cual deber\u00e1 ser aprobado por decreto supremo con refrendo del titular del sector.<\/div>\n<div style=\"text-align: justify\"><\/div>\n","protected":false},"excerpt":{"rendered":"<p>El Poder Ejecutivo oficializ\u00f3 hoy la ley aprobada por la Comisi\u00f3n Permanente del Congreso que establece la vigilancia electr\u00f3nica personal, que se podr\u00e1 aplicar a los condenados por una pena efectiva no mayor a seis a\u00f1os, y a los procesados acusados de delitos con una pena no mayor a ese plazo.\u00a0La norma se\u00f1ala que la [&hellip;]<\/p>\n","protected":false},"author":1,"featured_media":0,"comment_status":"open","ping_status":"open","sticky":false,"template":"","format":"standard","meta":{"tdm_status":"","tdm_grid_status":"","footnotes":""},"categories":[39],"tags":[],"class_list":{"0":"post-8280","1":"post","2":"type-post","3":"status-publish","4":"format-standard","6":"category-39"},"yoast_head":"<!-- This site is optimized with the Yoast SEO plugin v25.1 - https:\/\/yoast.com\/wordpress\/plugins\/seo\/ -->\n<title>Oficializan ley que establece la vigilancia electr\u00f3nica personal<\/title>\n<meta name=\"description\" content=\"Portal de noticias del Per\u00fa sobre el transporte a\u00e9reo, aviaci\u00f3n, turismo, hoteleria, actualidad.\" \/>\n<meta name=\"robots\" content=\"index, follow, max-snippet:-1, max-image-preview:large, max-video-preview:-1\" \/>\n<link rel=\"canonical\" href=\"https:\/\/aeronoticias.com.pe\/noticiero\/49\/oficializan-ley-que-establece-la-vigilancia-electronica-personal\/\" \/>\n<meta property=\"og:locale\" content=\"es_ES\" \/>\n<meta property=\"og:type\" content=\"article\" \/>\n<meta property=\"og:title\" content=\"Oficializan ley que establece la vigilancia electr\u00f3nica personal\" \/>\n<meta property=\"og:description\" content=\"Portal de noticias del Per\u00fa sobre el transporte a\u00e9reo, aviaci\u00f3n, turismo, hoteleria, actualidad.\" \/>\n<meta property=\"og:url\" content=\"https:\/\/aeronoticias.com.pe\/noticiero\/49\/oficializan-ley-que-establece-la-vigilancia-electronica-personal\/\" \/>\n<meta property=\"og:site_name\" content=\"Aeronoticias.com.pe\" \/>\n<meta property=\"article:publisher\" content=\"https:\/\/www.facebook.com\/Aeronoticias.com.pe\/\" \/>\n<meta property=\"article:published_time\" content=\"2010-01-20T13:24:55+00:00\" \/>\n<meta name=\"author\" content=\"Redacci\u00f3n Aeronoticias\" \/>\n<meta name=\"twitter:card\" content=\"summary_large_image\" \/>\n<meta name=\"twitter:creator\" content=\"@aeronoticias\" \/>\n<meta name=\"twitter:site\" content=\"@aeronoticias\" \/>\n<meta name=\"twitter:label1\" content=\"Escrito por\" \/>\n\t<meta name=\"twitter:data1\" content=\"Redacci\u00f3n Aeronoticias\" \/>\n\t<meta name=\"twitter:label2\" content=\"Tiempo de lectura\" \/>\n\t<meta name=\"twitter:data2\" content=\"2 minutos\" \/>\n<script type=\"application\/ld+json\" class=\"yoast-schema-graph\">{\"@context\":\"https:\/\/schema.org\",\"@graph\":[{\"@type\":\"WebPage\",\"@id\":\"https:\/\/aeronoticias.com.pe\/noticiero\/49\/oficializan-ley-que-establece-la-vigilancia-electronica-personal\/\",\"url\":\"https:\/\/aeronoticias.com.pe\/noticiero\/49\/oficializan-ley-que-establece-la-vigilancia-electronica-personal\/\",\"name\":\"Oficializan ley que establece la vigilancia electr\u00f3nica personal\",\"isPartOf\":{\"@id\":\"https:\/\/aeronoticias.com.pe\/noticiero\/#website\"},\"datePublished\":\"2010-01-20T13:24:55+00:00\",\"author\":{\"@id\":\"https:\/\/aeronoticias.com.pe\/noticiero\/#\/schema\/person\/fc1e5d578f4b62ba1cf7ac2bba1170a0\"},\"description\":\"Portal de noticias del Per\u00fa sobre el transporte a\u00e9reo, aviaci\u00f3n, turismo, hoteleria, actualidad.\",\"breadcrumb\":{\"@id\":\"https:\/\/aeronoticias.com.pe\/noticiero\/49\/oficializan-ley-que-establece-la-vigilancia-electronica-personal\/#breadcrumb\"},\"inLanguage\":\"es\",\"potentialAction\":[{\"@type\":\"ReadAction\",\"target\":[\"https:\/\/aeronoticias.com.pe\/noticiero\/49\/oficializan-ley-que-establece-la-vigilancia-electronica-personal\/\"]}]},{\"@type\":\"BreadcrumbList\",\"@id\":\"https:\/\/aeronoticias.com.pe\/noticiero\/49\/oficializan-ley-que-establece-la-vigilancia-electronica-personal\/#breadcrumb\",\"itemListElement\":[{\"@type\":\"ListItem\",\"position\":1,\"name\":\"Portada\",\"item\":\"https:\/\/aeronoticias.com.pe\/noticiero\/\"},{\"@type\":\"ListItem\",\"position\":2,\"name\":\"Oficializan ley que establece la vigilancia electr\u00f3nica personal\"}]},{\"@type\":\"WebSite\",\"@id\":\"https:\/\/aeronoticias.com.pe\/noticiero\/#website\",\"url\":\"https:\/\/aeronoticias.com.pe\/noticiero\/\",\"name\":\"Aeronoticias.com.pe\",\"description\":\"Noticias de tranporte aereo, turismo, hoteles, gastronomia, actualidad, internacional\",\"potentialAction\":[{\"@type\":\"SearchAction\",\"target\":{\"@type\":\"EntryPoint\",\"urlTemplate\":\"https:\/\/aeronoticias.com.pe\/noticiero\/?s={search_term_string}\"},\"query-input\":{\"@type\":\"PropertyValueSpecification\",\"valueRequired\":true,\"valueName\":\"search_term_string\"}}],\"inLanguage\":\"es\"},{\"@type\":\"Person\",\"@id\":\"https:\/\/aeronoticias.com.pe\/noticiero\/#\/schema\/person\/fc1e5d578f4b62ba1cf7ac2bba1170a0\",\"name\":\"Redacci\u00f3n Aeronoticias\",\"url\":\"https:\/\/aeronoticias.com.pe\/noticiero\/author\/piloto\/\"}]}<\/script>\n<!-- \/ Yoast SEO plugin. -->","yoast_head_json":{"title":"Oficializan ley que establece la vigilancia electr\u00f3nica personal","description":"Portal de noticias del Per\u00fa sobre el transporte a\u00e9reo, aviaci\u00f3n, turismo, hoteleria, actualidad.","robots":{"index":"index","follow":"follow","max-snippet":"max-snippet:-1","max-image-preview":"max-image-preview:large","max-video-preview":"max-video-preview:-1"},"canonical":"https:\/\/aeronoticias.com.pe\/noticiero\/49\/oficializan-ley-que-establece-la-vigilancia-electronica-personal\/","og_locale":"es_ES","og_type":"article","og_title":"Oficializan ley que establece la vigilancia electr\u00f3nica personal","og_description":"Portal de noticias del Per\u00fa sobre el transporte a\u00e9reo, aviaci\u00f3n, turismo, hoteleria, actualidad.","og_url":"https:\/\/aeronoticias.com.pe\/noticiero\/49\/oficializan-ley-que-establece-la-vigilancia-electronica-personal\/","og_site_name":"Aeronoticias.com.pe","article_publisher":"https:\/\/www.facebook.com\/Aeronoticias.com.pe\/","article_published_time":"2010-01-20T13:24:55+00:00","author":"Redacci\u00f3n Aeronoticias","twitter_card":"summary_large_image","twitter_creator":"@aeronoticias","twitter_site":"@aeronoticias","twitter_misc":{"Escrito por":"Redacci\u00f3n Aeronoticias","Tiempo de lectura":"2 minutos"},"schema":{"@context":"https:\/\/schema.org","@graph":[{"@type":"WebPage","@id":"https:\/\/aeronoticias.com.pe\/noticiero\/49\/oficializan-ley-que-establece-la-vigilancia-electronica-personal\/","url":"https:\/\/aeronoticias.com.pe\/noticiero\/49\/oficializan-ley-que-establece-la-vigilancia-electronica-personal\/","name":"Oficializan ley que establece la vigilancia electr\u00f3nica personal","isPartOf":{"@id":"https:\/\/aeronoticias.com.pe\/noticiero\/#website"},"datePublished":"2010-01-20T13:24:55+00:00","author":{"@id":"https:\/\/aeronoticias.com.pe\/noticiero\/#\/schema\/person\/fc1e5d578f4b62ba1cf7ac2bba1170a0"},"description":"Portal de noticias del Per\u00fa sobre el transporte a\u00e9reo, aviaci\u00f3n, turismo, hoteleria, actualidad.","breadcrumb":{"@id":"https:\/\/aeronoticias.com.pe\/noticiero\/49\/oficializan-ley-que-establece-la-vigilancia-electronica-personal\/#breadcrumb"},"inLanguage":"es","potentialAction":[{"@type":"ReadAction","target":["https:\/\/aeronoticias.com.pe\/noticiero\/49\/oficializan-ley-que-establece-la-vigilancia-electronica-personal\/"]}]},{"@type":"BreadcrumbList","@id":"https:\/\/aeronoticias.com.pe\/noticiero\/49\/oficializan-ley-que-establece-la-vigilancia-electronica-personal\/#breadcrumb","itemListElement":[{"@type":"ListItem","position":1,"name":"Portada","item":"https:\/\/aeronoticias.com.pe\/noticiero\/"},{"@type":"ListItem","position":2,"name":"Oficializan ley que establece la vigilancia electr\u00f3nica personal"}]},{"@type":"WebSite","@id":"https:\/\/aeronoticias.com.pe\/noticiero\/#website","url":"https:\/\/aeronoticias.com.pe\/noticiero\/","name":"Aeronoticias.com.pe","description":"Noticias de tranporte aereo, turismo, hoteles, gastronomia, actualidad, internacional","potentialAction":[{"@type":"SearchAction","target":{"@type":"EntryPoint","urlTemplate":"https:\/\/aeronoticias.com.pe\/noticiero\/?s={search_term_string}"},"query-input":{"@type":"PropertyValueSpecification","valueRequired":true,"valueName":"search_term_string"}}],"inLanguage":"es"},{"@type":"Person","@id":"https:\/\/aeronoticias.com.pe\/noticiero\/#\/schema\/person\/fc1e5d578f4b62ba1cf7ac2bba1170a0","name":"Redacci\u00f3n Aeronoticias","url":"https:\/\/aeronoticias.com.pe\/noticiero\/author\/piloto\/"}]}},"_links":{"self":[{"href":"https:\/\/aeronoticias.com.pe\/noticiero\/wp-json\/wp\/v2\/posts\/8280","targetHints":{"allow":["GET"]}}],"collection":[{"href":"https:\/\/aeronoticias.com.pe\/noticiero\/wp-json\/wp\/v2\/posts"}],"about":[{"href":"https:\/\/aeronoticias.com.pe\/noticiero\/wp-json\/wp\/v2\/types\/post"}],"author":[{"embeddable":true,"href":"https:\/\/aeronoticias.com.pe\/noticiero\/wp-json\/wp\/v2\/users\/1"}],"replies":[{"embeddable":true,"href":"https:\/\/aeronoticias.com.pe\/noticiero\/wp-json\/wp\/v2\/comments?post=8280"}],"version-history":[{"count":0,"href":"https:\/\/aeronoticias.com.pe\/noticiero\/wp-json\/wp\/v2\/posts\/8280\/revisions"}],"wp:attachment":[{"href":"https:\/\/aeronoticias.com.pe\/noticiero\/wp-json\/wp\/v2\/media?parent=8280"}],"wp:term":[{"taxonomy":"category","embeddable":true,"href":"https:\/\/aeronoticias.com.pe\/noticiero\/wp-json\/wp\/v2\/categories?post=8280"},{"taxonomy":"post_tag","embeddable":true,"href":"https:\/\/aeronoticias.com.pe\/noticiero\/wp-json\/wp\/v2\/tags?post=8280"}],"curies":[{"name":"wp","href":"https:\/\/api.w.org\/{rel}","templated":true}]}}