{"id":8281,"date":"2010-01-20T13:42:19","date_gmt":"2010-01-20T13:42:19","guid":{"rendered":"http:\/\/desarrollo.mcvicious.com\/aero2020\/2010\/01\/20\/peru-necesita-popularizar-el-transporte-aereo\/"},"modified":"2010-01-20T13:42:19","modified_gmt":"2010-01-20T13:42:19","slug":"peru-necesita-popularizar-el-transporte-aereo","status":"publish","type":"post","link":"https:\/\/aeronoticias.com.pe\/noticiero\/transporte-aereo\/internacional\/peru-necesita-popularizar-el-transporte-aereo\/","title":{"rendered":"Per\u00fa necesita popularizar el transporte a\u00e9reo"},"content":{"rendered":"<p align=\"justify\">La reciente huelga de los transportistas de carga ha demostrado la val\u00eda de los servicios de transporte a\u00e9reo nacional para que con tarifas competitivas, puedan llegar a los grandes estratos de la poblaci\u00f3n, dentro de un contexto en donde en los \u00faltimos meses, la presencia de Peruvian Airlines, en algunas rutas nacionales ha estimulado la competencia permitiendo al usuario las opciones de otra l\u00ednea a\u00e9rea adem\u00e1s de LAN en el mercado.<\/p>\n<p style=\"text-align: center\"><img decoding=\"async\" src=\"images\/stories\/10\/01\/200110\/belaunde.jpg\" border=\"0\" \/><\/p>\n<p align=\"justify\"><strong>Aeronoticias<\/strong> considera que el estado debe estudiar una pol\u00edtica a\u00e9rea de apoyo a las l\u00edneas a\u00e9reas 100 por ciento peruanas, d\u00e1ndole las preferencias para el ejercicio de los derechos aerocomerciales a nivel internacional, estableciendo est\u00edmulos para que ellas que contraten el 100 por ciento de personal aeron\u00e1utico peruano, que inviertan en el Per\u00fa, estableciendo adem\u00e1s, una clara ruta de eliminar sobrecostos y tasas aeroportuarias antiecon\u00f3micas que ayuden a la econom\u00eda de los servicios de transporte a\u00e9reo.<\/p>\n<p align=\"justify\">En el 2020 el Per\u00fa deber\u00eda fijarse en la meta de la popularizaci\u00f3n del transporte a\u00e9reo, es decir que en nuestro pa\u00eds, el modelo de la RyanAir pueda ser realidad a trav\u00e9s de la l\u00ednea a\u00e9rea de bandera Aerol\u00edneas del Per\u00fa o Peruvian Airlines, lo importante es que en la medida que se eliminen los sobrecostos puedan existir tarifas a\u00e9reas econ\u00f3micas que permitan que el transporte a\u00e9reo compita con el transporte terrestre y ah\u00ed si podr\u00edamos hablar de lo que en 1983 esboz\u00f3 la Comisi\u00f3n de Juristas Expertos en Derecho A\u00e9reo nombrada por Resoluci\u00f3n Suprema N\u00ba 0080-83 por el Presidente Fernando Belaunde Terry y que fuera presidida por Juli\u00e1n Palac\u00edn Fern\u00e1ndez e integrada por los desaparecidos juristas Guillermo Velaochaga Miranda, y Alfredo Hildemeiter Mart\u00ednez, y en donde se estableci\u00f3 como objetivo en la pol\u00edtica a\u00e9rea peruana la popularizaci\u00f3n del transporte a\u00e9reo, es decir los principios que puedan sentar las bases econ\u00f3micas para que las grandes mayor\u00edas nacionales puedan acceder al Transporte A\u00e9reo.<\/p>\n<p align=\"justify\">Cabe agregar que el Primer Proyecto de Pol\u00edtica A\u00e9rea del Per\u00fa, que tuvimos en nuestra historia merced a la RS-0080-83 debe ser debatido y actualizado en relaci\u00f3n a los objetivos y el tiempo perdido ya que si el pensamiento de la doctrina peruana de Derecho A\u00e9reo inscrito en este documento acad\u00e9mico se hubiera hecho realidad hoy el Per\u00fa tendr\u00eda 20 l\u00edneas a\u00e9reas regulares m\u00e1s de 1000 aeronaves,\u00a0 40 aeroclubes, mas de 10 000 pilotos civiles en la Reserva A\u00e9rea, los pueblos y regiones olvidados estar\u00edan integrados y hubi\u00e9ramos superado los 5 000 000 de turistas anuales, pero as\u00ed es la historia que se escribe a veces con la miop\u00eda de las distintas administraciones que nunca han entendido que el transporte a\u00e9reo es y debe ser un sector estrat\u00e9gico dentro de los grandes objetivos nacionales.<\/p>\n","protected":false},"excerpt":{"rendered":"<p>La reciente huelga de los transportistas de carga ha demostrado la val\u00eda de los servicios de transporte a\u00e9reo nacional para que con tarifas competitivas, puedan llegar a los grandes estratos de la poblaci\u00f3n, dentro de un contexto en donde en los \u00faltimos meses, la presencia de Peruvian Airlines, en algunas rutas nacionales ha estimulado la [&hellip;]<\/p>\n","protected":false},"author":1,"featured_media":0,"comment_status":"open","ping_status":"open","sticky":false,"template":"","format":"standard","meta":{"tdm_status":"","tdm_grid_status":"","footnotes":""},"categories":[32],"tags":[],"class_list":{"0":"post-8281","1":"post","2":"type-post","3":"status-publish","4":"format-standard","6":"category-internacional"},"yoast_head":"<!-- This site is optimized with the Yoast SEO plugin v25.1 - https:\/\/yoast.com\/wordpress\/plugins\/seo\/ -->\n<title>Per\u00fa necesita popularizar el transporte a\u00e9reo<\/title>\n<meta name=\"description\" content=\"Portal de noticias del Per\u00fa sobre el transporte a\u00e9reo, aviaci\u00f3n, turismo, hoteleria, actualidad.\" \/>\n<meta name=\"robots\" content=\"index, follow, max-snippet:-1, max-image-preview:large, max-video-preview:-1\" \/>\n<link rel=\"canonical\" href=\"https:\/\/aeronoticias.com.pe\/noticiero\/transporte-aereo\/internacional\/peru-necesita-popularizar-el-transporte-aereo\/\" \/>\n<meta property=\"og:locale\" content=\"es_ES\" \/>\n<meta property=\"og:type\" content=\"article\" \/>\n<meta property=\"og:title\" content=\"Per\u00fa necesita popularizar el transporte a\u00e9reo\" \/>\n<meta property=\"og:description\" content=\"Portal de noticias del Per\u00fa sobre el transporte a\u00e9reo, aviaci\u00f3n, turismo, hoteleria, actualidad.\" \/>\n<meta property=\"og:url\" content=\"https:\/\/aeronoticias.com.pe\/noticiero\/transporte-aereo\/internacional\/peru-necesita-popularizar-el-transporte-aereo\/\" \/>\n<meta property=\"og:site_name\" content=\"Aeronoticias.com.pe\" \/>\n<meta property=\"article:publisher\" content=\"https:\/\/www.facebook.com\/Aeronoticias.com.pe\/\" \/>\n<meta property=\"article:published_time\" content=\"2010-01-20T13:42:19+00:00\" \/>\n<meta name=\"author\" content=\"Redacci\u00f3n Aeronoticias\" \/>\n<meta name=\"twitter:card\" content=\"summary_large_image\" \/>\n<meta name=\"twitter:creator\" content=\"@aeronoticias\" \/>\n<meta name=\"twitter:site\" content=\"@aeronoticias\" \/>\n<meta name=\"twitter:label1\" content=\"Escrito por\" \/>\n\t<meta name=\"twitter:data1\" content=\"Redacci\u00f3n Aeronoticias\" \/>\n\t<meta name=\"twitter:label2\" content=\"Tiempo de lectura\" \/>\n\t<meta name=\"twitter:data2\" content=\"2 minutos\" \/>\n<script type=\"application\/ld+json\" class=\"yoast-schema-graph\">{\"@context\":\"https:\/\/schema.org\",\"@graph\":[{\"@type\":\"WebPage\",\"@id\":\"https:\/\/aeronoticias.com.pe\/noticiero\/transporte-aereo\/internacional\/peru-necesita-popularizar-el-transporte-aereo\/\",\"url\":\"https:\/\/aeronoticias.com.pe\/noticiero\/transporte-aereo\/internacional\/peru-necesita-popularizar-el-transporte-aereo\/\",\"name\":\"Per\u00fa necesita popularizar el transporte a\u00e9reo\",\"isPartOf\":{\"@id\":\"https:\/\/aeronoticias.com.pe\/noticiero\/#website\"},\"datePublished\":\"2010-01-20T13:42:19+00:00\",\"author\":{\"@id\":\"https:\/\/aeronoticias.com.pe\/noticiero\/#\/schema\/person\/fc1e5d578f4b62ba1cf7ac2bba1170a0\"},\"description\":\"Portal de noticias del Per\u00fa sobre el transporte a\u00e9reo, aviaci\u00f3n, turismo, hoteleria, actualidad.\",\"breadcrumb\":{\"@id\":\"https:\/\/aeronoticias.com.pe\/noticiero\/transporte-aereo\/internacional\/peru-necesita-popularizar-el-transporte-aereo\/#breadcrumb\"},\"inLanguage\":\"es\",\"potentialAction\":[{\"@type\":\"ReadAction\",\"target\":[\"https:\/\/aeronoticias.com.pe\/noticiero\/transporte-aereo\/internacional\/peru-necesita-popularizar-el-transporte-aereo\/\"]}]},{\"@type\":\"BreadcrumbList\",\"@id\":\"https:\/\/aeronoticias.com.pe\/noticiero\/transporte-aereo\/internacional\/peru-necesita-popularizar-el-transporte-aereo\/#breadcrumb\",\"itemListElement\":[{\"@type\":\"ListItem\",\"position\":1,\"name\":\"Portada\",\"item\":\"https:\/\/aeronoticias.com.pe\/noticiero\/\"},{\"@type\":\"ListItem\",\"position\":2,\"name\":\"Per\u00fa necesita popularizar el transporte a\u00e9reo\"}]},{\"@type\":\"WebSite\",\"@id\":\"https:\/\/aeronoticias.com.pe\/noticiero\/#website\",\"url\":\"https:\/\/aeronoticias.com.pe\/noticiero\/\",\"name\":\"Aeronoticias.com.pe\",\"description\":\"Noticias de tranporte aereo, turismo, hoteles, gastronomia, actualidad, internacional\",\"potentialAction\":[{\"@type\":\"SearchAction\",\"target\":{\"@type\":\"EntryPoint\",\"urlTemplate\":\"https:\/\/aeronoticias.com.pe\/noticiero\/?s={search_term_string}\"},\"query-input\":{\"@type\":\"PropertyValueSpecification\",\"valueRequired\":true,\"valueName\":\"search_term_string\"}}],\"inLanguage\":\"es\"},{\"@type\":\"Person\",\"@id\":\"https:\/\/aeronoticias.com.pe\/noticiero\/#\/schema\/person\/fc1e5d578f4b62ba1cf7ac2bba1170a0\",\"name\":\"Redacci\u00f3n Aeronoticias\",\"url\":\"https:\/\/aeronoticias.com.pe\/noticiero\/author\/piloto\/\"}]}<\/script>\n<!-- \/ Yoast SEO plugin. -->","yoast_head_json":{"title":"Per\u00fa necesita popularizar el transporte a\u00e9reo","description":"Portal de noticias del Per\u00fa sobre el transporte a\u00e9reo, aviaci\u00f3n, turismo, hoteleria, actualidad.","robots":{"index":"index","follow":"follow","max-snippet":"max-snippet:-1","max-image-preview":"max-image-preview:large","max-video-preview":"max-video-preview:-1"},"canonical":"https:\/\/aeronoticias.com.pe\/noticiero\/transporte-aereo\/internacional\/peru-necesita-popularizar-el-transporte-aereo\/","og_locale":"es_ES","og_type":"article","og_title":"Per\u00fa necesita popularizar el transporte a\u00e9reo","og_description":"Portal de noticias del Per\u00fa sobre el transporte a\u00e9reo, aviaci\u00f3n, turismo, hoteleria, actualidad.","og_url":"https:\/\/aeronoticias.com.pe\/noticiero\/transporte-aereo\/internacional\/peru-necesita-popularizar-el-transporte-aereo\/","og_site_name":"Aeronoticias.com.pe","article_publisher":"https:\/\/www.facebook.com\/Aeronoticias.com.pe\/","article_published_time":"2010-01-20T13:42:19+00:00","author":"Redacci\u00f3n Aeronoticias","twitter_card":"summary_large_image","twitter_creator":"@aeronoticias","twitter_site":"@aeronoticias","twitter_misc":{"Escrito por":"Redacci\u00f3n Aeronoticias","Tiempo de lectura":"2 minutos"},"schema":{"@context":"https:\/\/schema.org","@graph":[{"@type":"WebPage","@id":"https:\/\/aeronoticias.com.pe\/noticiero\/transporte-aereo\/internacional\/peru-necesita-popularizar-el-transporte-aereo\/","url":"https:\/\/aeronoticias.com.pe\/noticiero\/transporte-aereo\/internacional\/peru-necesita-popularizar-el-transporte-aereo\/","name":"Per\u00fa necesita popularizar el transporte a\u00e9reo","isPartOf":{"@id":"https:\/\/aeronoticias.com.pe\/noticiero\/#website"},"datePublished":"2010-01-20T13:42:19+00:00","author":{"@id":"https:\/\/aeronoticias.com.pe\/noticiero\/#\/schema\/person\/fc1e5d578f4b62ba1cf7ac2bba1170a0"},"description":"Portal de noticias del Per\u00fa sobre el transporte a\u00e9reo, aviaci\u00f3n, turismo, hoteleria, actualidad.","breadcrumb":{"@id":"https:\/\/aeronoticias.com.pe\/noticiero\/transporte-aereo\/internacional\/peru-necesita-popularizar-el-transporte-aereo\/#breadcrumb"},"inLanguage":"es","potentialAction":[{"@type":"ReadAction","target":["https:\/\/aeronoticias.com.pe\/noticiero\/transporte-aereo\/internacional\/peru-necesita-popularizar-el-transporte-aereo\/"]}]},{"@type":"BreadcrumbList","@id":"https:\/\/aeronoticias.com.pe\/noticiero\/transporte-aereo\/internacional\/peru-necesita-popularizar-el-transporte-aereo\/#breadcrumb","itemListElement":[{"@type":"ListItem","position":1,"name":"Portada","item":"https:\/\/aeronoticias.com.pe\/noticiero\/"},{"@type":"ListItem","position":2,"name":"Per\u00fa necesita popularizar el transporte a\u00e9reo"}]},{"@type":"WebSite","@id":"https:\/\/aeronoticias.com.pe\/noticiero\/#website","url":"https:\/\/aeronoticias.com.pe\/noticiero\/","name":"Aeronoticias.com.pe","description":"Noticias de tranporte aereo, turismo, hoteles, gastronomia, actualidad, internacional","potentialAction":[{"@type":"SearchAction","target":{"@type":"EntryPoint","urlTemplate":"https:\/\/aeronoticias.com.pe\/noticiero\/?s={search_term_string}"},"query-input":{"@type":"PropertyValueSpecification","valueRequired":true,"valueName":"search_term_string"}}],"inLanguage":"es"},{"@type":"Person","@id":"https:\/\/aeronoticias.com.pe\/noticiero\/#\/schema\/person\/fc1e5d578f4b62ba1cf7ac2bba1170a0","name":"Redacci\u00f3n Aeronoticias","url":"https:\/\/aeronoticias.com.pe\/noticiero\/author\/piloto\/"}]}},"_links":{"self":[{"href":"https:\/\/aeronoticias.com.pe\/noticiero\/wp-json\/wp\/v2\/posts\/8281","targetHints":{"allow":["GET"]}}],"collection":[{"href":"https:\/\/aeronoticias.com.pe\/noticiero\/wp-json\/wp\/v2\/posts"}],"about":[{"href":"https:\/\/aeronoticias.com.pe\/noticiero\/wp-json\/wp\/v2\/types\/post"}],"author":[{"embeddable":true,"href":"https:\/\/aeronoticias.com.pe\/noticiero\/wp-json\/wp\/v2\/users\/1"}],"replies":[{"embeddable":true,"href":"https:\/\/aeronoticias.com.pe\/noticiero\/wp-json\/wp\/v2\/comments?post=8281"}],"version-history":[{"count":0,"href":"https:\/\/aeronoticias.com.pe\/noticiero\/wp-json\/wp\/v2\/posts\/8281\/revisions"}],"wp:attachment":[{"href":"https:\/\/aeronoticias.com.pe\/noticiero\/wp-json\/wp\/v2\/media?parent=8281"}],"wp:term":[{"taxonomy":"category","embeddable":true,"href":"https:\/\/aeronoticias.com.pe\/noticiero\/wp-json\/wp\/v2\/categories?post=8281"},{"taxonomy":"post_tag","embeddable":true,"href":"https:\/\/aeronoticias.com.pe\/noticiero\/wp-json\/wp\/v2\/tags?post=8281"}],"curies":[{"name":"wp","href":"https:\/\/api.w.org\/{rel}","templated":true}]}}