{"id":82848,"date":"2023-04-18T12:35:26","date_gmt":"2023-04-18T17:35:26","guid":{"rendered":"https:\/\/aeronoticias.com.pe\/noticiero\/?p=82848"},"modified":"2023-04-18T12:35:29","modified_gmt":"2023-04-18T17:35:29","slug":"easyjet-eleva-sus-expectativas-de-beneficios-gracias-a-fuerte-demanda-de-viajes","status":"publish","type":"post","link":"https:\/\/aeronoticias.com.pe\/noticiero\/transporte-aereo\/easyjet-eleva-sus-expectativas-de-beneficios-gracias-a-fuerte-demanda-de-viajes\/","title":{"rendered":"EasyJet eleva sus expectativas de beneficios gracias a fuerte demanda de viajes"},"content":{"rendered":"\n<p><strong>(Aeronoticias)<\/strong>: <strong>La aerol\u00ednea brit\u00e1nica\u00a0<\/strong><a href=\"https:\/\/gestion.pe\/mundo\/south-pole-el-unicornio-de-carbono-en-aprietos-por-sobreestimar-megaproyecto-verde-noticia\/\" target=\"_blank\" rel=\"noreferrer noopener\"><strong>easyJet\u00a0<\/strong><\/a><strong>prev\u00e9 que los beneficios de todo el a\u00f1o superen las previsiones del mercado, dijo el martes, animada por las reservas de verano y la fuerte demanda durante la Semana Santa a pesar de las huelgas francesas.<\/strong><\/p>\n\n\n\n<p>Las aerol\u00edneas europeas han registrado fuertes reservas para el verano, pese a la elevada inflaci\u00f3n y las perspectivas macroecon\u00f3micas inciertas.<\/p>\n\n\n\n<p>\u201c<em>Vemos un fuerte impulso continuado de las reservas en verano, ya que los clientes priorizan el gasto en viajes y eligen aerol\u00edneas, como\u00a0<strong>easyJet<\/strong>, que ofrecen la mejor relaci\u00f3n calidad-precio y la mejor combinaci\u00f3n de destinos<\/em>\u201d, dijo el consejero delegado\u00a0Johan Lundgren.<\/p>\n\n\n\n<p>Las expectativas del mercado para el beneficio de&nbsp;<strong>easyJet&nbsp;<\/strong>en el conjunto del a\u00f1o se sit\u00faan en torno a los 260 millones de libras (US$ 322.30 millones), seg\u00fan la compa\u00f1\u00eda.<\/p>\n\n\n\n<p>La capacidad de pasajeros de la aerol\u00ednea creci\u00f3 un 40% en los tres primeros meses de 2023, dijo, con el 99.8% de los vuelos de Semana Santa operativos a pesar de las huelgas de los controladores a\u00e9reos franceses.<\/p>\n\n\n\n<p><strong>Fuente: gestion.pe<\/strong><\/p>\n","protected":false},"excerpt":{"rendered":"<p>(Aeronoticias): La aerol\u00ednea brit\u00e1nica\u00a0easyJet\u00a0prev\u00e9 que los beneficios de todo el a\u00f1o superen las previsiones del mercado, dijo el martes, animada por las reservas de verano y la fuerte demanda durante la Semana Santa a pesar de las huelgas francesas. Las aerol\u00edneas europeas han registrado fuertes reservas para el verano, pese a la elevada inflaci\u00f3n y [&hellip;]<\/p>\n","protected":false},"author":3,"featured_media":82849,"comment_status":"open","ping_status":"open","sticky":false,"template":"","format":"standard","meta":{"tdm_status":"","tdm_grid_status":"","footnotes":""},"categories":[11,30],"tags":[2941,308],"class_list":{"0":"post-82848","1":"post","2":"type-post","3":"status-publish","4":"format-standard","5":"has-post-thumbnail","7":"category-transporte-aereo","8":"category-30","9":"tag-demanda-de-viajes","10":"tag-easyjet"},"yoast_head":"<!-- This site is optimized with the Yoast SEO plugin v25.1 - https:\/\/yoast.com\/wordpress\/plugins\/seo\/ -->\n<title>EasyJet eleva sus expectativas de beneficios gracias a fuerte demanda de viajes<\/title>\n<meta name=\"description\" content=\"Las aerol\u00edneas europeas han registrado fuertes reservas para el verano, pese a la elevada inflaci\u00f3n y las perspectivas macroecon\u00f3micas inciertas.\" \/>\n<meta name=\"robots\" content=\"index, follow, max-snippet:-1, max-image-preview:large, max-video-preview:-1\" \/>\n<link rel=\"canonical\" href=\"https:\/\/aeronoticias.com.pe\/noticiero\/transporte-aereo\/easyjet-eleva-sus-expectativas-de-beneficios-gracias-a-fuerte-demanda-de-viajes\/\" \/>\n<meta property=\"og:locale\" content=\"es_ES\" \/>\n<meta property=\"og:type\" content=\"article\" \/>\n<meta property=\"og:title\" content=\"EasyJet eleva sus expectativas de beneficios gracias a fuerte demanda de viajes\" \/>\n<meta property=\"og:description\" content=\"Las aerol\u00edneas europeas han registrado fuertes reservas para el verano, pese a la elevada inflaci\u00f3n y las perspectivas macroecon\u00f3micas inciertas.\" \/>\n<meta property=\"og:url\" content=\"https:\/\/aeronoticias.com.pe\/noticiero\/transporte-aereo\/easyjet-eleva-sus-expectativas-de-beneficios-gracias-a-fuerte-demanda-de-viajes\/\" \/>\n<meta property=\"og:site_name\" content=\"Aeronoticias.com.pe\" \/>\n<meta property=\"article:publisher\" content=\"https:\/\/www.facebook.com\/Aeronoticias.com.pe\/\" \/>\n<meta property=\"article:published_time\" content=\"2023-04-18T17:35:26+00:00\" \/>\n<meta property=\"article:modified_time\" content=\"2023-04-18T17:35:29+00:00\" \/>\n<meta property=\"og:image\" content=\"https:\/\/aeronoticias.com.pe\/noticiero\/wp-content\/uploads\/2023\/04\/eaw2.jpg\" \/>\n\t<meta property=\"og:image:width\" content=\"606\" \/>\n\t<meta property=\"og:image:height\" content=\"340\" \/>\n\t<meta property=\"og:image:type\" content=\"image\/jpeg\" \/>\n<meta name=\"author\" content=\"Redacci\u00f3n\" \/>\n<meta name=\"twitter:card\" content=\"summary_large_image\" \/>\n<meta name=\"twitter:creator\" content=\"@aeronoticias\" \/>\n<meta name=\"twitter:site\" content=\"@aeronoticias\" \/>\n<meta name=\"twitter:label1\" content=\"Escrito por\" \/>\n\t<meta name=\"twitter:data1\" content=\"Redacci\u00f3n\" \/>\n\t<meta name=\"twitter:label2\" content=\"Tiempo de lectura\" \/>\n\t<meta name=\"twitter:data2\" content=\"1 minuto\" \/>\n<script type=\"application\/ld+json\" class=\"yoast-schema-graph\">{\"@context\":\"https:\/\/schema.org\",\"@graph\":[{\"@type\":\"WebPage\",\"@id\":\"https:\/\/aeronoticias.com.pe\/noticiero\/transporte-aereo\/easyjet-eleva-sus-expectativas-de-beneficios-gracias-a-fuerte-demanda-de-viajes\/\",\"url\":\"https:\/\/aeronoticias.com.pe\/noticiero\/transporte-aereo\/easyjet-eleva-sus-expectativas-de-beneficios-gracias-a-fuerte-demanda-de-viajes\/\",\"name\":\"EasyJet eleva sus expectativas de beneficios gracias a fuerte demanda de viajes\",\"isPartOf\":{\"@id\":\"https:\/\/aeronoticias.com.pe\/noticiero\/#website\"},\"primaryImageOfPage\":{\"@id\":\"https:\/\/aeronoticias.com.pe\/noticiero\/transporte-aereo\/easyjet-eleva-sus-expectativas-de-beneficios-gracias-a-fuerte-demanda-de-viajes\/#primaryimage\"},\"image\":{\"@id\":\"https:\/\/aeronoticias.com.pe\/noticiero\/transporte-aereo\/easyjet-eleva-sus-expectativas-de-beneficios-gracias-a-fuerte-demanda-de-viajes\/#primaryimage\"},\"thumbnailUrl\":\"https:\/\/aeronoticias.com.pe\/noticiero\/wp-content\/uploads\/2023\/04\/eaw2.jpg\",\"datePublished\":\"2023-04-18T17:35:26+00:00\",\"dateModified\":\"2023-04-18T17:35:29+00:00\",\"author\":{\"@id\":\"https:\/\/aeronoticias.com.pe\/noticiero\/#\/schema\/person\/16212a617c73f78916b13194154243bd\"},\"description\":\"Las aerol\u00edneas europeas han registrado fuertes reservas para el verano, pese a la elevada inflaci\u00f3n y las perspectivas macroecon\u00f3micas inciertas.\",\"breadcrumb\":{\"@id\":\"https:\/\/aeronoticias.com.pe\/noticiero\/transporte-aereo\/easyjet-eleva-sus-expectativas-de-beneficios-gracias-a-fuerte-demanda-de-viajes\/#breadcrumb\"},\"inLanguage\":\"es\",\"potentialAction\":[{\"@type\":\"ReadAction\",\"target\":[\"https:\/\/aeronoticias.com.pe\/noticiero\/transporte-aereo\/easyjet-eleva-sus-expectativas-de-beneficios-gracias-a-fuerte-demanda-de-viajes\/\"]}]},{\"@type\":\"ImageObject\",\"inLanguage\":\"es\",\"@id\":\"https:\/\/aeronoticias.com.pe\/noticiero\/transporte-aereo\/easyjet-eleva-sus-expectativas-de-beneficios-gracias-a-fuerte-demanda-de-viajes\/#primaryimage\",\"url\":\"https:\/\/aeronoticias.com.pe\/noticiero\/wp-content\/uploads\/2023\/04\/eaw2.jpg\",\"contentUrl\":\"https:\/\/aeronoticias.com.pe\/noticiero\/wp-content\/uploads\/2023\/04\/eaw2.jpg\",\"width\":606,\"height\":340},{\"@type\":\"BreadcrumbList\",\"@id\":\"https:\/\/aeronoticias.com.pe\/noticiero\/transporte-aereo\/easyjet-eleva-sus-expectativas-de-beneficios-gracias-a-fuerte-demanda-de-viajes\/#breadcrumb\",\"itemListElement\":[{\"@type\":\"ListItem\",\"position\":1,\"name\":\"Portada\",\"item\":\"https:\/\/aeronoticias.com.pe\/noticiero\/\"},{\"@type\":\"ListItem\",\"position\":2,\"name\":\"EasyJet eleva sus expectativas de beneficios gracias a fuerte demanda de viajes\"}]},{\"@type\":\"WebSite\",\"@id\":\"https:\/\/aeronoticias.com.pe\/noticiero\/#website\",\"url\":\"https:\/\/aeronoticias.com.pe\/noticiero\/\",\"name\":\"Aeronoticias.com.pe\",\"description\":\"Noticias de tranporte aereo, turismo, hoteles, gastronomia, actualidad, internacional\",\"potentialAction\":[{\"@type\":\"SearchAction\",\"target\":{\"@type\":\"EntryPoint\",\"urlTemplate\":\"https:\/\/aeronoticias.com.pe\/noticiero\/?s={search_term_string}\"},\"query-input\":{\"@type\":\"PropertyValueSpecification\",\"valueRequired\":true,\"valueName\":\"search_term_string\"}}],\"inLanguage\":\"es\"},{\"@type\":\"Person\",\"@id\":\"https:\/\/aeronoticias.com.pe\/noticiero\/#\/schema\/person\/16212a617c73f78916b13194154243bd\",\"name\":\"Redacci\u00f3n\",\"sameAs\":[\"http:\/\/Redacci\u00f3n\"],\"url\":\"https:\/\/aeronoticias.com.pe\/noticiero\/author\/celeste\/\"}]}<\/script>\n<!-- \/ Yoast SEO plugin. -->","yoast_head_json":{"title":"EasyJet eleva sus expectativas de beneficios gracias a fuerte demanda de viajes","description":"Las aerol\u00edneas europeas han registrado fuertes reservas para el verano, pese a la elevada inflaci\u00f3n y las perspectivas macroecon\u00f3micas inciertas.","robots":{"index":"index","follow":"follow","max-snippet":"max-snippet:-1","max-image-preview":"max-image-preview:large","max-video-preview":"max-video-preview:-1"},"canonical":"https:\/\/aeronoticias.com.pe\/noticiero\/transporte-aereo\/easyjet-eleva-sus-expectativas-de-beneficios-gracias-a-fuerte-demanda-de-viajes\/","og_locale":"es_ES","og_type":"article","og_title":"EasyJet eleva sus expectativas de beneficios gracias a fuerte demanda de viajes","og_description":"Las aerol\u00edneas europeas han registrado fuertes reservas para el verano, pese a la elevada inflaci\u00f3n y las perspectivas macroecon\u00f3micas inciertas.","og_url":"https:\/\/aeronoticias.com.pe\/noticiero\/transporte-aereo\/easyjet-eleva-sus-expectativas-de-beneficios-gracias-a-fuerte-demanda-de-viajes\/","og_site_name":"Aeronoticias.com.pe","article_publisher":"https:\/\/www.facebook.com\/Aeronoticias.com.pe\/","article_published_time":"2023-04-18T17:35:26+00:00","article_modified_time":"2023-04-18T17:35:29+00:00","og_image":[{"width":606,"height":340,"url":"https:\/\/aeronoticias.com.pe\/noticiero\/wp-content\/uploads\/2023\/04\/eaw2.jpg","type":"image\/jpeg"}],"author":"Redacci\u00f3n","twitter_card":"summary_large_image","twitter_creator":"@aeronoticias","twitter_site":"@aeronoticias","twitter_misc":{"Escrito por":"Redacci\u00f3n","Tiempo de lectura":"1 minuto"},"schema":{"@context":"https:\/\/schema.org","@graph":[{"@type":"WebPage","@id":"https:\/\/aeronoticias.com.pe\/noticiero\/transporte-aereo\/easyjet-eleva-sus-expectativas-de-beneficios-gracias-a-fuerte-demanda-de-viajes\/","url":"https:\/\/aeronoticias.com.pe\/noticiero\/transporte-aereo\/easyjet-eleva-sus-expectativas-de-beneficios-gracias-a-fuerte-demanda-de-viajes\/","name":"EasyJet eleva sus expectativas de beneficios gracias a fuerte demanda de viajes","isPartOf":{"@id":"https:\/\/aeronoticias.com.pe\/noticiero\/#website"},"primaryImageOfPage":{"@id":"https:\/\/aeronoticias.com.pe\/noticiero\/transporte-aereo\/easyjet-eleva-sus-expectativas-de-beneficios-gracias-a-fuerte-demanda-de-viajes\/#primaryimage"},"image":{"@id":"https:\/\/aeronoticias.com.pe\/noticiero\/transporte-aereo\/easyjet-eleva-sus-expectativas-de-beneficios-gracias-a-fuerte-demanda-de-viajes\/#primaryimage"},"thumbnailUrl":"https:\/\/aeronoticias.com.pe\/noticiero\/wp-content\/uploads\/2023\/04\/eaw2.jpg","datePublished":"2023-04-18T17:35:26+00:00","dateModified":"2023-04-18T17:35:29+00:00","author":{"@id":"https:\/\/aeronoticias.com.pe\/noticiero\/#\/schema\/person\/16212a617c73f78916b13194154243bd"},"description":"Las aerol\u00edneas europeas han registrado fuertes reservas para el verano, pese a la elevada inflaci\u00f3n y las perspectivas macroecon\u00f3micas inciertas.","breadcrumb":{"@id":"https:\/\/aeronoticias.com.pe\/noticiero\/transporte-aereo\/easyjet-eleva-sus-expectativas-de-beneficios-gracias-a-fuerte-demanda-de-viajes\/#breadcrumb"},"inLanguage":"es","potentialAction":[{"@type":"ReadAction","target":["https:\/\/aeronoticias.com.pe\/noticiero\/transporte-aereo\/easyjet-eleva-sus-expectativas-de-beneficios-gracias-a-fuerte-demanda-de-viajes\/"]}]},{"@type":"ImageObject","inLanguage":"es","@id":"https:\/\/aeronoticias.com.pe\/noticiero\/transporte-aereo\/easyjet-eleva-sus-expectativas-de-beneficios-gracias-a-fuerte-demanda-de-viajes\/#primaryimage","url":"https:\/\/aeronoticias.com.pe\/noticiero\/wp-content\/uploads\/2023\/04\/eaw2.jpg","contentUrl":"https:\/\/aeronoticias.com.pe\/noticiero\/wp-content\/uploads\/2023\/04\/eaw2.jpg","width":606,"height":340},{"@type":"BreadcrumbList","@id":"https:\/\/aeronoticias.com.pe\/noticiero\/transporte-aereo\/easyjet-eleva-sus-expectativas-de-beneficios-gracias-a-fuerte-demanda-de-viajes\/#breadcrumb","itemListElement":[{"@type":"ListItem","position":1,"name":"Portada","item":"https:\/\/aeronoticias.com.pe\/noticiero\/"},{"@type":"ListItem","position":2,"name":"EasyJet eleva sus expectativas de beneficios gracias a fuerte demanda de viajes"}]},{"@type":"WebSite","@id":"https:\/\/aeronoticias.com.pe\/noticiero\/#website","url":"https:\/\/aeronoticias.com.pe\/noticiero\/","name":"Aeronoticias.com.pe","description":"Noticias de tranporte aereo, turismo, hoteles, gastronomia, actualidad, internacional","potentialAction":[{"@type":"SearchAction","target":{"@type":"EntryPoint","urlTemplate":"https:\/\/aeronoticias.com.pe\/noticiero\/?s={search_term_string}"},"query-input":{"@type":"PropertyValueSpecification","valueRequired":true,"valueName":"search_term_string"}}],"inLanguage":"es"},{"@type":"Person","@id":"https:\/\/aeronoticias.com.pe\/noticiero\/#\/schema\/person\/16212a617c73f78916b13194154243bd","name":"Redacci\u00f3n","sameAs":["http:\/\/Redacci\u00f3n"],"url":"https:\/\/aeronoticias.com.pe\/noticiero\/author\/celeste\/"}]}},"_links":{"self":[{"href":"https:\/\/aeronoticias.com.pe\/noticiero\/wp-json\/wp\/v2\/posts\/82848","targetHints":{"allow":["GET"]}}],"collection":[{"href":"https:\/\/aeronoticias.com.pe\/noticiero\/wp-json\/wp\/v2\/posts"}],"about":[{"href":"https:\/\/aeronoticias.com.pe\/noticiero\/wp-json\/wp\/v2\/types\/post"}],"author":[{"embeddable":true,"href":"https:\/\/aeronoticias.com.pe\/noticiero\/wp-json\/wp\/v2\/users\/3"}],"replies":[{"embeddable":true,"href":"https:\/\/aeronoticias.com.pe\/noticiero\/wp-json\/wp\/v2\/comments?post=82848"}],"version-history":[{"count":0,"href":"https:\/\/aeronoticias.com.pe\/noticiero\/wp-json\/wp\/v2\/posts\/82848\/revisions"}],"wp:featuredmedia":[{"embeddable":true,"href":"https:\/\/aeronoticias.com.pe\/noticiero\/wp-json\/wp\/v2\/media\/82849"}],"wp:attachment":[{"href":"https:\/\/aeronoticias.com.pe\/noticiero\/wp-json\/wp\/v2\/media?parent=82848"}],"wp:term":[{"taxonomy":"category","embeddable":true,"href":"https:\/\/aeronoticias.com.pe\/noticiero\/wp-json\/wp\/v2\/categories?post=82848"},{"taxonomy":"post_tag","embeddable":true,"href":"https:\/\/aeronoticias.com.pe\/noticiero\/wp-json\/wp\/v2\/tags?post=82848"}],"curies":[{"name":"wp","href":"https:\/\/api.w.org\/{rel}","templated":true}]}}