{"id":82851,"date":"2023-04-18T13:34:17","date_gmt":"2023-04-18T18:34:17","guid":{"rendered":"https:\/\/aeronoticias.com.pe\/noticiero\/?p=82851"},"modified":"2023-04-18T13:34:26","modified_gmt":"2023-04-18T18:34:26","slug":"colombia-avianca-lanza-promo-red-sale-para-volar-a-mas-de-50-destinos","status":"publish","type":"post","link":"https:\/\/aeronoticias.com.pe\/noticiero\/ultimas\/1\/colombia-avianca-lanza-promo-red-sale-para-volar-a-mas-de-50-destinos\/","title":{"rendered":"Colombia: Avianca lanza promo \u2018Red Sale\u2019 para volar a m\u00e1s de 50 destinos"},"content":{"rendered":"\n<p><strong>(Aeronoticias)<\/strong>: Para seguir aportando a la promoci\u00f3n de destinos nacionales e internacionales que conectan con Colombia y en el marco de su estrategia de rutas punto a punto y sin escalas, la aerol\u00ednea\u00a0<strong><a href=\"https:\/\/aviacionaldia.com\/avianca\">Avianca<\/a><\/strong>\u00a0present\u00f3 una nueva edici\u00f3n de su \u2018Red Sale\u2019. Se trata de una promoci\u00f3n simult\u00e1nea con tarifas especiales, en alrededor de 20 pa\u00edses, que en Colombia van desde US$81 por trayecto para destinos internacionales y desde COP 138.300 por trayecto para destinos nacionales, con tasas e impuestos incluidos.<\/p>\n\n\n\n<p>Las tarifas promocionales del \u2018Red Sale\u2019 est\u00e1n disponibles para comprar en Colombia \u00fanicamente desde este martes 18 hasta el domingo 23 de abril de 2023 y los tiquetes adquiridos pueden ser usados para volar a partir de mayo.<\/p>\n\n\n\n<p><a href=\"https:\/\/aviacionaldia.com\/2023\/04\/avianca-lanza-nueva-ruta-entre-quito-y-cancun.html\"><strong><em>Avianca lanza nueva ruta entre Quito y Canc\u00fan<\/em><\/strong><\/a><\/p>\n\n\n\n<p>Con esta edici\u00f3n de \u2018Red Sale\u2019 los clientes de Avianca podr\u00e1n volar en total a m\u00e1s de 50 destinos. Entre ellos: Aruba, Belo Horizonte, Boston, Curazao, Manaos, Panam\u00e1 y Quito en vuelos internacionales; as\u00ed como Armenia, Barranquilla, Ibagu\u00e9, Medell\u00edn y Pereira dentro de Colombia.<\/p>\n\n\n\n<p>\u201cSeguimos avanzando en nuestra visi\u00f3n de negocio Avianca para todos para que m\u00e1s colombianos vuelen con la red de rutas m\u00e1s completa de Colombia y una de las m\u00e1s grandes de Am\u00e9rica Latina, un producto flexible y precios cada vez m\u00e1s competitivos, aun en medio de un contexto retador para toda la industria en el que el incremento en los precios del combustible, el alza en la inflaci\u00f3n y la tasa de cambio nos han exigido ser m\u00e1s eficientes y competitivos. Esperamos que con este Red Sale m\u00e1s viajeros puedan disfrutar de los m\u00e1s de 10 destinos que tenemos en promoci\u00f3n\u201d, coment\u00f3 David Alem\u00e1n, Director de Ventas de Avianca para Colombia y Suram\u00e9rica.<\/p>\n\n\n\n<p><strong>Fuente: aviacionaldia.com<\/strong><\/p>\n","protected":false},"excerpt":{"rendered":"<p>(Aeronoticias): Para seguir aportando a la promoci\u00f3n de destinos nacionales e internacionales que conectan con Colombia y en el marco de su estrategia de rutas punto a punto y sin escalas, la aerol\u00ednea\u00a0Avianca\u00a0present\u00f3 una nueva edici\u00f3n de su \u2018Red Sale\u2019. Se trata de una promoci\u00f3n simult\u00e1nea con tarifas especiales, en alrededor de 20 pa\u00edses, que [&hellip;]<\/p>\n","protected":false},"author":3,"featured_media":82852,"comment_status":"open","ping_status":"open","sticky":false,"template":"","format":"standard","meta":{"tdm_status":"","tdm_grid_status":"","footnotes":""},"categories":[8,30],"tags":[140,2943],"class_list":{"0":"post-82851","1":"post","2":"type-post","3":"status-publish","4":"format-standard","5":"has-post-thumbnail","7":"category-ultimas","8":"category-30","9":"tag-colombia","10":"tag-cop"},"yoast_head":"<!-- This site is optimized with the Yoast SEO plugin v25.1 - https:\/\/yoast.com\/wordpress\/plugins\/seo\/ -->\n<title>Colombia: Avianca lanza promo \u2018Red Sale\u2019 para volar a m\u00e1s de 50 destinos<\/title>\n<meta name=\"description\" content=\"Portal de noticias del Per\u00fa sobre el transporte a\u00e9reo, aviaci\u00f3n, turismo, hoteleria, actualidad.\" \/>\n<meta name=\"robots\" content=\"index, follow, max-snippet:-1, max-image-preview:large, max-video-preview:-1\" \/>\n<link rel=\"canonical\" href=\"https:\/\/aeronoticias.com.pe\/noticiero\/ultimas\/1\/colombia-avianca-lanza-promo-red-sale-para-volar-a-mas-de-50-destinos\/\" \/>\n<meta property=\"og:locale\" content=\"es_ES\" \/>\n<meta property=\"og:type\" content=\"article\" \/>\n<meta property=\"og:title\" content=\"Colombia: Avianca lanza promo \u2018Red Sale\u2019 para volar a m\u00e1s de 50 destinos\" \/>\n<meta property=\"og:description\" content=\"Portal de noticias del Per\u00fa sobre el transporte a\u00e9reo, aviaci\u00f3n, turismo, hoteleria, actualidad.\" \/>\n<meta property=\"og:url\" content=\"https:\/\/aeronoticias.com.pe\/noticiero\/ultimas\/1\/colombia-avianca-lanza-promo-red-sale-para-volar-a-mas-de-50-destinos\/\" \/>\n<meta property=\"og:site_name\" content=\"Aeronoticias.com.pe\" \/>\n<meta property=\"article:publisher\" content=\"https:\/\/www.facebook.com\/Aeronoticias.com.pe\/\" \/>\n<meta property=\"article:published_time\" content=\"2023-04-18T18:34:17+00:00\" \/>\n<meta property=\"article:modified_time\" content=\"2023-04-18T18:34:26+00:00\" \/>\n<meta property=\"og:image\" content=\"https:\/\/aeronoticias.com.pe\/noticiero\/wp-content\/uploads\/2023\/04\/Avianca-Boeing-787.jpg\" \/>\n\t<meta property=\"og:image:width\" content=\"800\" \/>\n\t<meta property=\"og:image:height\" content=\"400\" \/>\n\t<meta property=\"og:image:type\" content=\"image\/jpeg\" \/>\n<meta name=\"author\" content=\"Redacci\u00f3n\" \/>\n<meta name=\"twitter:card\" content=\"summary_large_image\" \/>\n<meta name=\"twitter:creator\" content=\"@aeronoticias\" \/>\n<meta name=\"twitter:site\" content=\"@aeronoticias\" \/>\n<meta name=\"twitter:label1\" content=\"Escrito por\" \/>\n\t<meta name=\"twitter:data1\" content=\"Redacci\u00f3n\" \/>\n\t<meta name=\"twitter:label2\" content=\"Tiempo de lectura\" \/>\n\t<meta name=\"twitter:data2\" content=\"2 minutos\" \/>\n<script type=\"application\/ld+json\" class=\"yoast-schema-graph\">{\"@context\":\"https:\/\/schema.org\",\"@graph\":[{\"@type\":\"WebPage\",\"@id\":\"https:\/\/aeronoticias.com.pe\/noticiero\/ultimas\/1\/colombia-avianca-lanza-promo-red-sale-para-volar-a-mas-de-50-destinos\/\",\"url\":\"https:\/\/aeronoticias.com.pe\/noticiero\/ultimas\/1\/colombia-avianca-lanza-promo-red-sale-para-volar-a-mas-de-50-destinos\/\",\"name\":\"Colombia: Avianca lanza promo \u2018Red Sale\u2019 para volar a m\u00e1s de 50 destinos\",\"isPartOf\":{\"@id\":\"https:\/\/aeronoticias.com.pe\/noticiero\/#website\"},\"primaryImageOfPage\":{\"@id\":\"https:\/\/aeronoticias.com.pe\/noticiero\/ultimas\/1\/colombia-avianca-lanza-promo-red-sale-para-volar-a-mas-de-50-destinos\/#primaryimage\"},\"image\":{\"@id\":\"https:\/\/aeronoticias.com.pe\/noticiero\/ultimas\/1\/colombia-avianca-lanza-promo-red-sale-para-volar-a-mas-de-50-destinos\/#primaryimage\"},\"thumbnailUrl\":\"https:\/\/aeronoticias.com.pe\/noticiero\/wp-content\/uploads\/2023\/04\/Avianca-Boeing-787.jpg\",\"datePublished\":\"2023-04-18T18:34:17+00:00\",\"dateModified\":\"2023-04-18T18:34:26+00:00\",\"author\":{\"@id\":\"https:\/\/aeronoticias.com.pe\/noticiero\/#\/schema\/person\/16212a617c73f78916b13194154243bd\"},\"description\":\"Portal de noticias del Per\u00fa sobre el transporte a\u00e9reo, aviaci\u00f3n, turismo, hoteleria, actualidad.\",\"breadcrumb\":{\"@id\":\"https:\/\/aeronoticias.com.pe\/noticiero\/ultimas\/1\/colombia-avianca-lanza-promo-red-sale-para-volar-a-mas-de-50-destinos\/#breadcrumb\"},\"inLanguage\":\"es\",\"potentialAction\":[{\"@type\":\"ReadAction\",\"target\":[\"https:\/\/aeronoticias.com.pe\/noticiero\/ultimas\/1\/colombia-avianca-lanza-promo-red-sale-para-volar-a-mas-de-50-destinos\/\"]}]},{\"@type\":\"ImageObject\",\"inLanguage\":\"es\",\"@id\":\"https:\/\/aeronoticias.com.pe\/noticiero\/ultimas\/1\/colombia-avianca-lanza-promo-red-sale-para-volar-a-mas-de-50-destinos\/#primaryimage\",\"url\":\"https:\/\/aeronoticias.com.pe\/noticiero\/wp-content\/uploads\/2023\/04\/Avianca-Boeing-787.jpg\",\"contentUrl\":\"https:\/\/aeronoticias.com.pe\/noticiero\/wp-content\/uploads\/2023\/04\/Avianca-Boeing-787.jpg\",\"width\":800,\"height\":400},{\"@type\":\"BreadcrumbList\",\"@id\":\"https:\/\/aeronoticias.com.pe\/noticiero\/ultimas\/1\/colombia-avianca-lanza-promo-red-sale-para-volar-a-mas-de-50-destinos\/#breadcrumb\",\"itemListElement\":[{\"@type\":\"ListItem\",\"position\":1,\"name\":\"Portada\",\"item\":\"https:\/\/aeronoticias.com.pe\/noticiero\/\"},{\"@type\":\"ListItem\",\"position\":2,\"name\":\"Colombia: Avianca lanza promo \u2018Red Sale\u2019 para volar a m\u00e1s de 50 destinos\"}]},{\"@type\":\"WebSite\",\"@id\":\"https:\/\/aeronoticias.com.pe\/noticiero\/#website\",\"url\":\"https:\/\/aeronoticias.com.pe\/noticiero\/\",\"name\":\"Aeronoticias.com.pe\",\"description\":\"Noticias de tranporte aereo, turismo, hoteles, gastronomia, actualidad, internacional\",\"potentialAction\":[{\"@type\":\"SearchAction\",\"target\":{\"@type\":\"EntryPoint\",\"urlTemplate\":\"https:\/\/aeronoticias.com.pe\/noticiero\/?s={search_term_string}\"},\"query-input\":{\"@type\":\"PropertyValueSpecification\",\"valueRequired\":true,\"valueName\":\"search_term_string\"}}],\"inLanguage\":\"es\"},{\"@type\":\"Person\",\"@id\":\"https:\/\/aeronoticias.com.pe\/noticiero\/#\/schema\/person\/16212a617c73f78916b13194154243bd\",\"name\":\"Redacci\u00f3n\",\"sameAs\":[\"http:\/\/Redacci\u00f3n\"],\"url\":\"https:\/\/aeronoticias.com.pe\/noticiero\/author\/celeste\/\"}]}<\/script>\n<!-- \/ Yoast SEO plugin. -->","yoast_head_json":{"title":"Colombia: Avianca lanza promo \u2018Red Sale\u2019 para volar a m\u00e1s de 50 destinos","description":"Portal de noticias del Per\u00fa sobre el transporte a\u00e9reo, aviaci\u00f3n, turismo, hoteleria, actualidad.","robots":{"index":"index","follow":"follow","max-snippet":"max-snippet:-1","max-image-preview":"max-image-preview:large","max-video-preview":"max-video-preview:-1"},"canonical":"https:\/\/aeronoticias.com.pe\/noticiero\/ultimas\/1\/colombia-avianca-lanza-promo-red-sale-para-volar-a-mas-de-50-destinos\/","og_locale":"es_ES","og_type":"article","og_title":"Colombia: Avianca lanza promo \u2018Red Sale\u2019 para volar a m\u00e1s de 50 destinos","og_description":"Portal de noticias del Per\u00fa sobre el transporte a\u00e9reo, aviaci\u00f3n, turismo, hoteleria, actualidad.","og_url":"https:\/\/aeronoticias.com.pe\/noticiero\/ultimas\/1\/colombia-avianca-lanza-promo-red-sale-para-volar-a-mas-de-50-destinos\/","og_site_name":"Aeronoticias.com.pe","article_publisher":"https:\/\/www.facebook.com\/Aeronoticias.com.pe\/","article_published_time":"2023-04-18T18:34:17+00:00","article_modified_time":"2023-04-18T18:34:26+00:00","og_image":[{"width":800,"height":400,"url":"https:\/\/aeronoticias.com.pe\/noticiero\/wp-content\/uploads\/2023\/04\/Avianca-Boeing-787.jpg","type":"image\/jpeg"}],"author":"Redacci\u00f3n","twitter_card":"summary_large_image","twitter_creator":"@aeronoticias","twitter_site":"@aeronoticias","twitter_misc":{"Escrito por":"Redacci\u00f3n","Tiempo de lectura":"2 minutos"},"schema":{"@context":"https:\/\/schema.org","@graph":[{"@type":"WebPage","@id":"https:\/\/aeronoticias.com.pe\/noticiero\/ultimas\/1\/colombia-avianca-lanza-promo-red-sale-para-volar-a-mas-de-50-destinos\/","url":"https:\/\/aeronoticias.com.pe\/noticiero\/ultimas\/1\/colombia-avianca-lanza-promo-red-sale-para-volar-a-mas-de-50-destinos\/","name":"Colombia: Avianca lanza promo \u2018Red Sale\u2019 para volar a m\u00e1s de 50 destinos","isPartOf":{"@id":"https:\/\/aeronoticias.com.pe\/noticiero\/#website"},"primaryImageOfPage":{"@id":"https:\/\/aeronoticias.com.pe\/noticiero\/ultimas\/1\/colombia-avianca-lanza-promo-red-sale-para-volar-a-mas-de-50-destinos\/#primaryimage"},"image":{"@id":"https:\/\/aeronoticias.com.pe\/noticiero\/ultimas\/1\/colombia-avianca-lanza-promo-red-sale-para-volar-a-mas-de-50-destinos\/#primaryimage"},"thumbnailUrl":"https:\/\/aeronoticias.com.pe\/noticiero\/wp-content\/uploads\/2023\/04\/Avianca-Boeing-787.jpg","datePublished":"2023-04-18T18:34:17+00:00","dateModified":"2023-04-18T18:34:26+00:00","author":{"@id":"https:\/\/aeronoticias.com.pe\/noticiero\/#\/schema\/person\/16212a617c73f78916b13194154243bd"},"description":"Portal de noticias del Per\u00fa sobre el transporte a\u00e9reo, aviaci\u00f3n, turismo, hoteleria, actualidad.","breadcrumb":{"@id":"https:\/\/aeronoticias.com.pe\/noticiero\/ultimas\/1\/colombia-avianca-lanza-promo-red-sale-para-volar-a-mas-de-50-destinos\/#breadcrumb"},"inLanguage":"es","potentialAction":[{"@type":"ReadAction","target":["https:\/\/aeronoticias.com.pe\/noticiero\/ultimas\/1\/colombia-avianca-lanza-promo-red-sale-para-volar-a-mas-de-50-destinos\/"]}]},{"@type":"ImageObject","inLanguage":"es","@id":"https:\/\/aeronoticias.com.pe\/noticiero\/ultimas\/1\/colombia-avianca-lanza-promo-red-sale-para-volar-a-mas-de-50-destinos\/#primaryimage","url":"https:\/\/aeronoticias.com.pe\/noticiero\/wp-content\/uploads\/2023\/04\/Avianca-Boeing-787.jpg","contentUrl":"https:\/\/aeronoticias.com.pe\/noticiero\/wp-content\/uploads\/2023\/04\/Avianca-Boeing-787.jpg","width":800,"height":400},{"@type":"BreadcrumbList","@id":"https:\/\/aeronoticias.com.pe\/noticiero\/ultimas\/1\/colombia-avianca-lanza-promo-red-sale-para-volar-a-mas-de-50-destinos\/#breadcrumb","itemListElement":[{"@type":"ListItem","position":1,"name":"Portada","item":"https:\/\/aeronoticias.com.pe\/noticiero\/"},{"@type":"ListItem","position":2,"name":"Colombia: Avianca lanza promo \u2018Red Sale\u2019 para volar a m\u00e1s de 50 destinos"}]},{"@type":"WebSite","@id":"https:\/\/aeronoticias.com.pe\/noticiero\/#website","url":"https:\/\/aeronoticias.com.pe\/noticiero\/","name":"Aeronoticias.com.pe","description":"Noticias de tranporte aereo, turismo, hoteles, gastronomia, actualidad, internacional","potentialAction":[{"@type":"SearchAction","target":{"@type":"EntryPoint","urlTemplate":"https:\/\/aeronoticias.com.pe\/noticiero\/?s={search_term_string}"},"query-input":{"@type":"PropertyValueSpecification","valueRequired":true,"valueName":"search_term_string"}}],"inLanguage":"es"},{"@type":"Person","@id":"https:\/\/aeronoticias.com.pe\/noticiero\/#\/schema\/person\/16212a617c73f78916b13194154243bd","name":"Redacci\u00f3n","sameAs":["http:\/\/Redacci\u00f3n"],"url":"https:\/\/aeronoticias.com.pe\/noticiero\/author\/celeste\/"}]}},"_links":{"self":[{"href":"https:\/\/aeronoticias.com.pe\/noticiero\/wp-json\/wp\/v2\/posts\/82851","targetHints":{"allow":["GET"]}}],"collection":[{"href":"https:\/\/aeronoticias.com.pe\/noticiero\/wp-json\/wp\/v2\/posts"}],"about":[{"href":"https:\/\/aeronoticias.com.pe\/noticiero\/wp-json\/wp\/v2\/types\/post"}],"author":[{"embeddable":true,"href":"https:\/\/aeronoticias.com.pe\/noticiero\/wp-json\/wp\/v2\/users\/3"}],"replies":[{"embeddable":true,"href":"https:\/\/aeronoticias.com.pe\/noticiero\/wp-json\/wp\/v2\/comments?post=82851"}],"version-history":[{"count":0,"href":"https:\/\/aeronoticias.com.pe\/noticiero\/wp-json\/wp\/v2\/posts\/82851\/revisions"}],"wp:featuredmedia":[{"embeddable":true,"href":"https:\/\/aeronoticias.com.pe\/noticiero\/wp-json\/wp\/v2\/media\/82852"}],"wp:attachment":[{"href":"https:\/\/aeronoticias.com.pe\/noticiero\/wp-json\/wp\/v2\/media?parent=82851"}],"wp:term":[{"taxonomy":"category","embeddable":true,"href":"https:\/\/aeronoticias.com.pe\/noticiero\/wp-json\/wp\/v2\/categories?post=82851"},{"taxonomy":"post_tag","embeddable":true,"href":"https:\/\/aeronoticias.com.pe\/noticiero\/wp-json\/wp\/v2\/tags?post=82851"}],"curies":[{"name":"wp","href":"https:\/\/api.w.org\/{rel}","templated":true}]}}