{"id":83074,"date":"2023-05-17T12:46:56","date_gmt":"2023-05-17T17:46:56","guid":{"rendered":"https:\/\/aeronoticias.com.pe\/noticiero\/?p=83074"},"modified":"2023-05-17T12:47:00","modified_gmt":"2023-05-17T17:47:00","slug":"conoce-los-10-principales-megaproyectos-que-le-cambiaran-la-cara-al-peru","status":"publish","type":"post","link":"https:\/\/aeronoticias.com.pe\/noticiero\/transporte-aereo\/nacional\/conoce-los-10-principales-megaproyectos-que-le-cambiaran-la-cara-al-peru\/","title":{"rendered":"Conoce los 10 principales megaproyectos que le cambiar\u00e1n la cara al Per\u00fa"},"content":{"rendered":"\n<p><strong>(Aeronoticias)<\/strong>: El cierre de brechas en infraestructura es fundamental para elevar la competitividad de nuestro aparato productivo, de ah\u00ed la importancia de sumar esfuerzos para acelerar la ejecuci\u00f3n de los megaproyectos en cartera. Sobre todo si consideramos que 10 de los planes considerados contemplan inversiones por 13,446 millones de d\u00f3lares con la consecuente generaci\u00f3n de empleo formal.<\/p>\n\n\n\n<p>As\u00ed, la inversi\u00f3n no minera crecer\u00e1 0.3% este a\u00f1o y 3.1% en el 2023, favorecida por la aceleraci\u00f3n de la ejecuci\u00f3n de grandes proyectos de infraestructura, a lo que se sumar\u00e1 la recuperaci\u00f3n del sector inmobiliario (oficinas y retail), en un contexto de implementaci\u00f3n de medidas de promoci\u00f3n para la inversi\u00f3n y gradual mejora de las expectativas empresariales, de acuerdo con el Marco Macroecon\u00f3mico Multianual (MMM) 2023-2026.\u00a0\u00a0<\/p>\n\n\n\n<p>Al respecto, la profesora de la Escuela de Gesti\u00f3n P\u00fablica de la Universidad del Pac\u00edfico, Silvana Huanqui, manifest\u00f3 que la ejecuci\u00f3n de esta cartera de proyectos contribuir\u00e1 a elevar la competitividad de la econom\u00eda nacional.\u00a0\u00a0<\/p>\n\n\n\n<p>\u201cEstos proyectos est\u00e1n asociados con el cierre de brechas en infraestructura, lo cual aumentar\u00e1 la capacidad productiva del pa\u00eds y la generaci\u00f3n de empleo\u201d, declar\u00f3 al\u00a0<strong>Diario Oficial El Peruano.<\/strong><br>Resalt\u00f3, asimismo, que las inversiones en infraestructura de naturaleza p\u00fablica promueven un desarrollo de capacidades. \u201cEllo se debe a que el desarrollo de estos grandes proyectos cerrar\u00e1 una brecha social o productiva en el corto y mediano plazo\u201d, dijo.\u00a0<\/p>\n\n\n\n<p><strong>Objetivos\u00a0 \u00a0<\/strong><\/p>\n\n\n\n<p>Huanqui resalt\u00f3 que el desarrollo de la cartera de megaproyectos en los plazos considerados ser\u00e1 fundamental para el cumplimiento de una de las proyecciones del Ministerio de Econom\u00eda y Finanzas (MEF) que apuntan a que el PBI crecer\u00e1 3.3% este a\u00f1o.\u00a0\u00a0<\/p>\n\n\n\n<p>\u201cLa ejecuci\u00f3n de esos planes ser\u00e1 fundamental para alcanzar ese objetivo.\u00a0<strong>Ahora m\u00e1s que nunca porque debemos tener en cuenta otra funci\u00f3n de la inversi\u00f3n en general, que es incrementar el gasto en el corto plazo<\/strong>\u201d, dijo.\u00a0\u00a0<br>Destac\u00f3 que estos grandes desembolsos tienden a\u00a0<\/p>\n\n\n\n<p><strong>dinamizar la cadena de pagos que tiene efecto multiplicador<\/strong>\u00a0en la econom\u00eda, con un mayor consumo en los sectores construcci\u00f3n y producci\u00f3n en general, consumo en otras actividades y m\u00e1s empleo.\u00a0\u00a0<\/p>\n\n\n\n<p>El MMM proyecta que seis grandes proyectos de infraestructura impulsar\u00e1n la econom\u00eda peruana, teniendo en cuenta que algunos de ellos ya se encuentran en la etapa de construcci\u00f3n y cuyos compromisos de inversi\u00f3n total superan los 11,000 millones de d\u00f3lares.\u00a0\u00a0<\/p>\n\n\n\n<p>Se trata de proyectos de infraestructura que se desarrollan entre el 2022 y el 2023.\u00a0\u00a0<\/p>\n\n\n\n<div class=\"wp-block-image\"><figure class=\"aligncenter is-resized\"><img loading=\"lazy\" decoding=\"async\" src=\"https:\/\/portal.andina.pe\/EDPFotografia3\/thumbnail\/2022\/08\/07\/000888972M.jpg\" alt=\"\" width=\"714\" height=\"476\"\/><\/figure><\/div>\n\n\n\n<p><strong>1) Terminal Portuario Multiprop\u00f3sito de Chancay\u00a0 \u00a0<\/strong><br>Comprende una inversi\u00f3n de 3,000 millones de d\u00f3lares. Se efect\u00faan obras de la primera etapa de modernizaci\u00f3n del puerto relacionadas con el t\u00fanel entre el complejo portuario y el ingreso al terminal.\u00a0<\/p>\n\n\n\n<p><strong>2) Majes Siguas II\u00a0 \u00a0<\/strong><br>Considera inversiones por 654 millones de d\u00f3lares. Reiniciar\u00eda obras en los pr\u00f3ximos meses y su puesta en operaci\u00f3n permitir\u00e1 la ampliaci\u00f3n de la frontera agr\u00edcola en 38,500 hect\u00e1reas.\u00a0\u00a0<\/p>\n\n\n\n<p><strong>3)Terminal Portuario Muelle Sur Bicentenario\u00a0 \u00a0<\/strong><br>Considera una inversi\u00f3n de 731 millones de d\u00f3lares. Contin\u00faa con la ejecuci\u00f3n de obras de la fase 2 asociada a la ampliaci\u00f3n del muelle, zonas de almac\u00e9n y la instalaci\u00f3n de dos gr\u00faas nuevas.\u00a0\u00a0<\/p>\n\n\n\n<div class=\"wp-block-image\"><figure class=\"aligncenter is-resized\"><img loading=\"lazy\" decoding=\"async\" src=\"https:\/\/portal.andina.pe\/EDPFotografia3\/thumbnail\/2022\/01\/21\/000840537M.jpg\" alt=\"\" width=\"722\" height=\"481\"\/><\/figure><\/div>\n\n\n\n<p><strong>4) L\u00ednea 2 del Metro de Lima y Callao\u00a0\u00a0<\/strong><br>Esta gran obra considera una inversi\u00f3n de 5,346 millones de d\u00f3lares. Tras concluir las obras de la etapa 1A (compuesta por cinco estaciones entre el mercado de Santa Anita y Evitamiento), se agilizar\u00edan las obras de su etapa 1B y la conexi\u00f3n al ramal l\u00ednea 4, con mayor celeridad en el 2023.\u00a0\u00a0<\/p>\n\n\n\n<div class=\"wp-block-image\"><figure class=\"aligncenter is-resized\"><img loading=\"lazy\" decoding=\"async\" src=\"https:\/\/portal.andina.pe\/EDPFotografia3\/thumbnail\/2022\/07\/02\/000880330M.jpg\" alt=\"\" width=\"679\" height=\"452\"\/><\/figure><\/div>\n\n\n\n<p><strong>5) Ampliaci\u00f3n del Aeropuerto Internacional Jorge Ch\u00e1vez\u00a0\u00a0<\/strong><br>Se desarrolla con una inversi\u00f3n de 1,200 millones de d\u00f3lares. Tras finalizar las obras de la pista de aterrizaje y torre de control en el 2022, se acelerar\u00eda la construcci\u00f3n del nuevo terminal en el 2023.\u00a0\u00a0<\/p>\n\n\n\n<p><strong>6) Enlaces de transmisi\u00f3n Nueva Yanango-Nueva Hu\u00e1nuco (Yana) y Mantaro &#8211; Nueva Yanango-Carapongo (Coya)\u00a0\u00a0<\/strong><br>Considera una inversi\u00f3n de 544 millones de d\u00f3lares. Se ejecutar\u00edan obras finales, las que se terminar\u00edan en el segundo semestre de este a\u00f1o, seg\u00fan el MMM.\u00a0\u00a0<\/p>\n\n\n\n<p><strong>Proyectos adicionales\u00a0\u00a0<\/strong><br>A este grupo de proyectos se suman los planes considerados en la cartera priorizada del Equipo Especializado de Seguimiento de Inversi\u00f3n (EESI), que efect\u00faa un seguimiento y acompa\u00f1amiento permanente de los proyectos.\u00a0\u00a0<\/p>\n\n\n\n<p><strong>7) Autopista del Sol&nbsp;&nbsp;<\/strong><br>Considera una inversi\u00f3n de 720 millones de d\u00f3lares. Incluye obras obligatorias, adicionales y para la rehabilitaci\u00f3n de sectores afectados por el Fen\u00f3meno del Ni\u00f1o.&nbsp;&nbsp;<\/p>\n\n\n\n<p><strong>8) Carretera Oy\u00f3n-Ambo\u00a0 \u00a0<\/strong><br>Esta obra considera inversiones totales por 293 millones de d\u00f3lares.\u00a0 \u00a0\u00a0\u00a0\u00a0<br><\/p>\n\n\n\n<p><strong>9) Aeropuerto Internacional Chinchero\u00a0\u00a0<\/strong><br>En este proyecto se invierten 578 millones de d\u00f3lares.\u00a0\u00a0<br><\/p>\n\n\n\n<p><strong>10) Red Vial N\u00b0 4\u00a0\u00a0<\/strong><br>Considera una inversi\u00f3n de 400 millones de d\u00f3lares.\u00a0<\/p>\n\n\n\n<p><strong>En positivo\u00a0<\/strong><br>El ministro de Econom\u00eda y Finanzas, Kurt Burneo, sostuvo recientemente que el pa\u00eds cuenta con proyectos de gran envergadura, cuya ejecuci\u00f3n generar\u00e1 una externalidad positiva en la econom\u00eda nacional.\u00a0\u00a0<\/p>\n\n\n\n<p>\u201cCuando se desarrollan infraestructuras p\u00fablicas que significan conexi\u00f3n para las personas, para los pueblos, eso hace posible que los inversionistas y capitales privados se interesen por esas personas, por esos pueblos, por sus productos, porque pueden llegar a ellos\u201d, manifest\u00f3.\u00a0\u00a0<br>Agreg\u00f3 que la conexi\u00f3n entre los mercados brinda la oportunidad de que haya una mayor participaci\u00f3n del sector privado.\u00a0<\/p>\n\n\n\n<p><strong>Datos\u00a0<\/strong><br>El Banco Central de Reserva elev\u00f3 su proyecci\u00f3n de crecimiento del PBI no primario para el 2022 de 3.1% a 3.3% y la del consumo privado de 4.1% a 4.2.\u00a0\u00a0<br><\/p>\n\n\n\n<p>El ajuste al alza del PBI no primario responde al mayor crecimiento esperado de la manufactura de 3.6% para este a\u00f1o versus el estimado anterior de 2.4%.\u00a0\u00a0<br><\/p>\n\n\n\n<p>Tambi\u00e9n mejor\u00f3 la proyecci\u00f3n de crecimiento del consumo privado para el 2022 de 4.1% a 4.2% y se mantuvo la perspectiva de expansi\u00f3n del consumo p\u00fablico en 1.5%.\u00a0<\/p>\n\n\n\n<p><strong>Fuente: Andina Agencia Peruana de Noticias <\/strong><\/p>\n","protected":false},"excerpt":{"rendered":"<p>(Aeronoticias): El cierre de brechas en infraestructura es fundamental para elevar la competitividad de nuestro aparato productivo, de ah\u00ed la importancia de sumar esfuerzos para acelerar la ejecuci\u00f3n de los megaproyectos en cartera. Sobre todo si consideramos que 10 de los planes considerados contemplan inversiones por 13,446 millones de d\u00f3lares con la consecuente generaci\u00f3n de [&hellip;]<\/p>\n","protected":false},"author":3,"featured_media":83075,"comment_status":"open","ping_status":"open","sticky":false,"template":"","format":"standard","meta":{"tdm_status":"","tdm_grid_status":"","footnotes":""},"categories":[51,38],"tags":[3011,3010],"class_list":{"0":"post-83074","1":"post","2":"type-post","3":"status-publish","4":"format-standard","5":"has-post-thumbnail","7":"category-nacional","8":"category-nacionales","9":"tag-marco-macroeconomico","10":"tag-megaproyectos"},"yoast_head":"<!-- This site is optimized with the Yoast SEO plugin v25.1 - https:\/\/yoast.com\/wordpress\/plugins\/seo\/ -->\n<title>Conoce los 10 principales megaproyectos que le cambiar\u00e1n la cara al Per\u00fa<\/title>\n<meta name=\"description\" content=\"Portal de noticias del Per\u00fa sobre el transporte a\u00e9reo, aviaci\u00f3n, turismo, hoteleria, actualidad.\" \/>\n<meta name=\"robots\" content=\"index, follow, max-snippet:-1, max-image-preview:large, max-video-preview:-1\" \/>\n<link rel=\"canonical\" href=\"https:\/\/aeronoticias.com.pe\/noticiero\/transporte-aereo\/nacional\/conoce-los-10-principales-megaproyectos-que-le-cambiaran-la-cara-al-peru\/\" \/>\n<meta property=\"og:locale\" content=\"es_ES\" \/>\n<meta property=\"og:type\" content=\"article\" \/>\n<meta property=\"og:title\" content=\"Conoce los 10 principales megaproyectos que le cambiar\u00e1n la cara al Per\u00fa\" \/>\n<meta property=\"og:description\" content=\"Portal de noticias del Per\u00fa sobre el transporte a\u00e9reo, aviaci\u00f3n, turismo, hoteleria, actualidad.\" \/>\n<meta property=\"og:url\" content=\"https:\/\/aeronoticias.com.pe\/noticiero\/transporte-aereo\/nacional\/conoce-los-10-principales-megaproyectos-que-le-cambiaran-la-cara-al-peru\/\" \/>\n<meta property=\"og:site_name\" content=\"Aeronoticias.com.pe\" \/>\n<meta property=\"article:publisher\" content=\"https:\/\/www.facebook.com\/Aeronoticias.com.pe\/\" \/>\n<meta property=\"article:published_time\" content=\"2023-05-17T17:46:56+00:00\" \/>\n<meta property=\"article:modified_time\" content=\"2023-05-17T17:47:00+00:00\" \/>\n<meta property=\"og:image\" content=\"https:\/\/aeronoticias.com.pe\/noticiero\/wp-content\/uploads\/2023\/05\/puerto2.jpg\" \/>\n\t<meta property=\"og:image:width\" content=\"1800\" \/>\n\t<meta property=\"og:image:height\" content=\"1200\" \/>\n\t<meta property=\"og:image:type\" content=\"image\/jpeg\" \/>\n<meta name=\"author\" content=\"Redacci\u00f3n\" \/>\n<meta name=\"twitter:card\" content=\"summary_large_image\" \/>\n<meta name=\"twitter:creator\" content=\"@aeronoticias\" \/>\n<meta name=\"twitter:site\" content=\"@aeronoticias\" \/>\n<meta name=\"twitter:label1\" content=\"Escrito por\" \/>\n\t<meta name=\"twitter:data1\" content=\"Redacci\u00f3n\" \/>\n\t<meta name=\"twitter:label2\" content=\"Tiempo de lectura\" \/>\n\t<meta name=\"twitter:data2\" content=\"5 minutos\" \/>\n<script type=\"application\/ld+json\" class=\"yoast-schema-graph\">{\"@context\":\"https:\/\/schema.org\",\"@graph\":[{\"@type\":\"WebPage\",\"@id\":\"https:\/\/aeronoticias.com.pe\/noticiero\/transporte-aereo\/nacional\/conoce-los-10-principales-megaproyectos-que-le-cambiaran-la-cara-al-peru\/\",\"url\":\"https:\/\/aeronoticias.com.pe\/noticiero\/transporte-aereo\/nacional\/conoce-los-10-principales-megaproyectos-que-le-cambiaran-la-cara-al-peru\/\",\"name\":\"Conoce los 10 principales megaproyectos que le cambiar\u00e1n la cara al Per\u00fa\",\"isPartOf\":{\"@id\":\"https:\/\/aeronoticias.com.pe\/noticiero\/#website\"},\"primaryImageOfPage\":{\"@id\":\"https:\/\/aeronoticias.com.pe\/noticiero\/transporte-aereo\/nacional\/conoce-los-10-principales-megaproyectos-que-le-cambiaran-la-cara-al-peru\/#primaryimage\"},\"image\":{\"@id\":\"https:\/\/aeronoticias.com.pe\/noticiero\/transporte-aereo\/nacional\/conoce-los-10-principales-megaproyectos-que-le-cambiaran-la-cara-al-peru\/#primaryimage\"},\"thumbnailUrl\":\"https:\/\/aeronoticias.com.pe\/noticiero\/wp-content\/uploads\/2023\/05\/puerto2.jpg\",\"datePublished\":\"2023-05-17T17:46:56+00:00\",\"dateModified\":\"2023-05-17T17:47:00+00:00\",\"author\":{\"@id\":\"https:\/\/aeronoticias.com.pe\/noticiero\/#\/schema\/person\/16212a617c73f78916b13194154243bd\"},\"description\":\"Portal de noticias del Per\u00fa sobre el transporte a\u00e9reo, aviaci\u00f3n, turismo, hoteleria, actualidad.\",\"breadcrumb\":{\"@id\":\"https:\/\/aeronoticias.com.pe\/noticiero\/transporte-aereo\/nacional\/conoce-los-10-principales-megaproyectos-que-le-cambiaran-la-cara-al-peru\/#breadcrumb\"},\"inLanguage\":\"es\",\"potentialAction\":[{\"@type\":\"ReadAction\",\"target\":[\"https:\/\/aeronoticias.com.pe\/noticiero\/transporte-aereo\/nacional\/conoce-los-10-principales-megaproyectos-que-le-cambiaran-la-cara-al-peru\/\"]}]},{\"@type\":\"ImageObject\",\"inLanguage\":\"es\",\"@id\":\"https:\/\/aeronoticias.com.pe\/noticiero\/transporte-aereo\/nacional\/conoce-los-10-principales-megaproyectos-que-le-cambiaran-la-cara-al-peru\/#primaryimage\",\"url\":\"https:\/\/aeronoticias.com.pe\/noticiero\/wp-content\/uploads\/2023\/05\/puerto2.jpg\",\"contentUrl\":\"https:\/\/aeronoticias.com.pe\/noticiero\/wp-content\/uploads\/2023\/05\/puerto2.jpg\",\"width\":1800,\"height\":1200},{\"@type\":\"BreadcrumbList\",\"@id\":\"https:\/\/aeronoticias.com.pe\/noticiero\/transporte-aereo\/nacional\/conoce-los-10-principales-megaproyectos-que-le-cambiaran-la-cara-al-peru\/#breadcrumb\",\"itemListElement\":[{\"@type\":\"ListItem\",\"position\":1,\"name\":\"Portada\",\"item\":\"https:\/\/aeronoticias.com.pe\/noticiero\/\"},{\"@type\":\"ListItem\",\"position\":2,\"name\":\"Conoce los 10 principales megaproyectos que le cambiar\u00e1n la cara al Per\u00fa\"}]},{\"@type\":\"WebSite\",\"@id\":\"https:\/\/aeronoticias.com.pe\/noticiero\/#website\",\"url\":\"https:\/\/aeronoticias.com.pe\/noticiero\/\",\"name\":\"Aeronoticias.com.pe\",\"description\":\"Noticias de tranporte aereo, turismo, hoteles, gastronomia, actualidad, internacional\",\"potentialAction\":[{\"@type\":\"SearchAction\",\"target\":{\"@type\":\"EntryPoint\",\"urlTemplate\":\"https:\/\/aeronoticias.com.pe\/noticiero\/?s={search_term_string}\"},\"query-input\":{\"@type\":\"PropertyValueSpecification\",\"valueRequired\":true,\"valueName\":\"search_term_string\"}}],\"inLanguage\":\"es\"},{\"@type\":\"Person\",\"@id\":\"https:\/\/aeronoticias.com.pe\/noticiero\/#\/schema\/person\/16212a617c73f78916b13194154243bd\",\"name\":\"Redacci\u00f3n\",\"sameAs\":[\"http:\/\/Redacci\u00f3n\"],\"url\":\"https:\/\/aeronoticias.com.pe\/noticiero\/author\/celeste\/\"}]}<\/script>\n<!-- \/ Yoast SEO plugin. -->","yoast_head_json":{"title":"Conoce los 10 principales megaproyectos que le cambiar\u00e1n la cara al Per\u00fa","description":"Portal de noticias del Per\u00fa sobre el transporte a\u00e9reo, aviaci\u00f3n, turismo, hoteleria, actualidad.","robots":{"index":"index","follow":"follow","max-snippet":"max-snippet:-1","max-image-preview":"max-image-preview:large","max-video-preview":"max-video-preview:-1"},"canonical":"https:\/\/aeronoticias.com.pe\/noticiero\/transporte-aereo\/nacional\/conoce-los-10-principales-megaproyectos-que-le-cambiaran-la-cara-al-peru\/","og_locale":"es_ES","og_type":"article","og_title":"Conoce los 10 principales megaproyectos que le cambiar\u00e1n la cara al Per\u00fa","og_description":"Portal de noticias del Per\u00fa sobre el transporte a\u00e9reo, aviaci\u00f3n, turismo, hoteleria, actualidad.","og_url":"https:\/\/aeronoticias.com.pe\/noticiero\/transporte-aereo\/nacional\/conoce-los-10-principales-megaproyectos-que-le-cambiaran-la-cara-al-peru\/","og_site_name":"Aeronoticias.com.pe","article_publisher":"https:\/\/www.facebook.com\/Aeronoticias.com.pe\/","article_published_time":"2023-05-17T17:46:56+00:00","article_modified_time":"2023-05-17T17:47:00+00:00","og_image":[{"width":1800,"height":1200,"url":"https:\/\/aeronoticias.com.pe\/noticiero\/wp-content\/uploads\/2023\/05\/puerto2.jpg","type":"image\/jpeg"}],"author":"Redacci\u00f3n","twitter_card":"summary_large_image","twitter_creator":"@aeronoticias","twitter_site":"@aeronoticias","twitter_misc":{"Escrito por":"Redacci\u00f3n","Tiempo de lectura":"5 minutos"},"schema":{"@context":"https:\/\/schema.org","@graph":[{"@type":"WebPage","@id":"https:\/\/aeronoticias.com.pe\/noticiero\/transporte-aereo\/nacional\/conoce-los-10-principales-megaproyectos-que-le-cambiaran-la-cara-al-peru\/","url":"https:\/\/aeronoticias.com.pe\/noticiero\/transporte-aereo\/nacional\/conoce-los-10-principales-megaproyectos-que-le-cambiaran-la-cara-al-peru\/","name":"Conoce los 10 principales megaproyectos que le cambiar\u00e1n la cara al Per\u00fa","isPartOf":{"@id":"https:\/\/aeronoticias.com.pe\/noticiero\/#website"},"primaryImageOfPage":{"@id":"https:\/\/aeronoticias.com.pe\/noticiero\/transporte-aereo\/nacional\/conoce-los-10-principales-megaproyectos-que-le-cambiaran-la-cara-al-peru\/#primaryimage"},"image":{"@id":"https:\/\/aeronoticias.com.pe\/noticiero\/transporte-aereo\/nacional\/conoce-los-10-principales-megaproyectos-que-le-cambiaran-la-cara-al-peru\/#primaryimage"},"thumbnailUrl":"https:\/\/aeronoticias.com.pe\/noticiero\/wp-content\/uploads\/2023\/05\/puerto2.jpg","datePublished":"2023-05-17T17:46:56+00:00","dateModified":"2023-05-17T17:47:00+00:00","author":{"@id":"https:\/\/aeronoticias.com.pe\/noticiero\/#\/schema\/person\/16212a617c73f78916b13194154243bd"},"description":"Portal de noticias del Per\u00fa sobre el transporte a\u00e9reo, aviaci\u00f3n, turismo, hoteleria, actualidad.","breadcrumb":{"@id":"https:\/\/aeronoticias.com.pe\/noticiero\/transporte-aereo\/nacional\/conoce-los-10-principales-megaproyectos-que-le-cambiaran-la-cara-al-peru\/#breadcrumb"},"inLanguage":"es","potentialAction":[{"@type":"ReadAction","target":["https:\/\/aeronoticias.com.pe\/noticiero\/transporte-aereo\/nacional\/conoce-los-10-principales-megaproyectos-que-le-cambiaran-la-cara-al-peru\/"]}]},{"@type":"ImageObject","inLanguage":"es","@id":"https:\/\/aeronoticias.com.pe\/noticiero\/transporte-aereo\/nacional\/conoce-los-10-principales-megaproyectos-que-le-cambiaran-la-cara-al-peru\/#primaryimage","url":"https:\/\/aeronoticias.com.pe\/noticiero\/wp-content\/uploads\/2023\/05\/puerto2.jpg","contentUrl":"https:\/\/aeronoticias.com.pe\/noticiero\/wp-content\/uploads\/2023\/05\/puerto2.jpg","width":1800,"height":1200},{"@type":"BreadcrumbList","@id":"https:\/\/aeronoticias.com.pe\/noticiero\/transporte-aereo\/nacional\/conoce-los-10-principales-megaproyectos-que-le-cambiaran-la-cara-al-peru\/#breadcrumb","itemListElement":[{"@type":"ListItem","position":1,"name":"Portada","item":"https:\/\/aeronoticias.com.pe\/noticiero\/"},{"@type":"ListItem","position":2,"name":"Conoce los 10 principales megaproyectos que le cambiar\u00e1n la cara al Per\u00fa"}]},{"@type":"WebSite","@id":"https:\/\/aeronoticias.com.pe\/noticiero\/#website","url":"https:\/\/aeronoticias.com.pe\/noticiero\/","name":"Aeronoticias.com.pe","description":"Noticias de tranporte aereo, turismo, hoteles, gastronomia, actualidad, internacional","potentialAction":[{"@type":"SearchAction","target":{"@type":"EntryPoint","urlTemplate":"https:\/\/aeronoticias.com.pe\/noticiero\/?s={search_term_string}"},"query-input":{"@type":"PropertyValueSpecification","valueRequired":true,"valueName":"search_term_string"}}],"inLanguage":"es"},{"@type":"Person","@id":"https:\/\/aeronoticias.com.pe\/noticiero\/#\/schema\/person\/16212a617c73f78916b13194154243bd","name":"Redacci\u00f3n","sameAs":["http:\/\/Redacci\u00f3n"],"url":"https:\/\/aeronoticias.com.pe\/noticiero\/author\/celeste\/"}]}},"_links":{"self":[{"href":"https:\/\/aeronoticias.com.pe\/noticiero\/wp-json\/wp\/v2\/posts\/83074","targetHints":{"allow":["GET"]}}],"collection":[{"href":"https:\/\/aeronoticias.com.pe\/noticiero\/wp-json\/wp\/v2\/posts"}],"about":[{"href":"https:\/\/aeronoticias.com.pe\/noticiero\/wp-json\/wp\/v2\/types\/post"}],"author":[{"embeddable":true,"href":"https:\/\/aeronoticias.com.pe\/noticiero\/wp-json\/wp\/v2\/users\/3"}],"replies":[{"embeddable":true,"href":"https:\/\/aeronoticias.com.pe\/noticiero\/wp-json\/wp\/v2\/comments?post=83074"}],"version-history":[{"count":0,"href":"https:\/\/aeronoticias.com.pe\/noticiero\/wp-json\/wp\/v2\/posts\/83074\/revisions"}],"wp:featuredmedia":[{"embeddable":true,"href":"https:\/\/aeronoticias.com.pe\/noticiero\/wp-json\/wp\/v2\/media\/83075"}],"wp:attachment":[{"href":"https:\/\/aeronoticias.com.pe\/noticiero\/wp-json\/wp\/v2\/media?parent=83074"}],"wp:term":[{"taxonomy":"category","embeddable":true,"href":"https:\/\/aeronoticias.com.pe\/noticiero\/wp-json\/wp\/v2\/categories?post=83074"},{"taxonomy":"post_tag","embeddable":true,"href":"https:\/\/aeronoticias.com.pe\/noticiero\/wp-json\/wp\/v2\/tags?post=83074"}],"curies":[{"name":"wp","href":"https:\/\/api.w.org\/{rel}","templated":true}]}}