{"id":83077,"date":"2023-05-18T10:29:24","date_gmt":"2023-05-18T15:29:24","guid":{"rendered":"https:\/\/aeronoticias.com.pe\/noticiero\/?p=83077"},"modified":"2023-05-18T10:29:31","modified_gmt":"2023-05-18T15:29:31","slug":"convertiran-la-historica-pan-am-en-terminal-privada","status":"publish","type":"post","link":"https:\/\/aeronoticias.com.pe\/noticiero\/internacionales\/convertiran-la-historica-pan-am-en-terminal-privada\/","title":{"rendered":"Convertir\u00e1n la hist\u00f3rica Pan Am en terminal privada"},"content":{"rendered":"\n<p><strong>(Aeronoticias)<\/strong>: <strong>El servicio de terminal privada de lujo<\/strong>\u00a0para vuelos comerciales PS anunci\u00f3 su expansi\u00f3n<strong>\u00a0al Aeropuerto Internacional de Miami (MIA), Estados Unidos, antigua sede regional de Pan American Airways.<\/strong><\/p>\n\n\n\n<p>Para evitar los atascos de uno de los aeropuertos m\u00e1s concurridos de Estados Unidos,&nbsp;<strong>PS MIA ofrecer\u00e1 a sus socios e invitados una sala VIP elevada, suites privadas equipadas con balc\u00f3n privado o un patio.<\/strong><\/p>\n\n\n\n<p>A la hora del embarque, los socios e invitados pasar\u00e1n por el control de la&nbsp;<strong>Administraci\u00f3n de Seguridad del Transporte (TSA)<\/strong>&nbsp;antes de ser conducidos a sus vuelos comerciales en cualquiera de las terminales del MIA, para embarcar directo en el avi\u00f3n.<\/p>\n\n\n\n<p>Las obras se realizar\u00e1n en<strong>&nbsp;2025 y forman parte de un plan de expansi\u00f3n para incluir el Aeropuerto Internacional Hartsfield-Jackson de Atlanta&nbsp;<\/strong>en el verano de 2023, y el&nbsp;<strong>Aeropuerto Internacional de Dallas Fort-Worth en la primavera de 2024.<\/strong><\/p>\n\n\n\n<p><strong>Daniella Levine Cava, alcaldesa del condado de Miami-Dade,<\/strong>\u00a0indic\u00f3 que esperan dar la bienvenida a<strong>\u00a0PS MIA<\/strong>\u00a0y ver la transformaci\u00f3n de este edificio hist\u00f3rico, sobre todo porque es un aeropuerto de clase mundial.<\/p>\n\n\n\n<p>\u201cQu\u00e9 mejor ubicaci\u00f3n para ofrecer estos maravillosos servicios de clase mundial que la antigua sede de Pan Am en Miami, el epicentro de la era dorada de la industria de la aviaci\u00f3n\u201d,<strong>\u00a0sostuvo la funcionaria<\/strong>.<\/p>\n\n\n\n<p><strong>PS MIA reunir\u00e1 a un equipo de arquitectos, dise\u00f1adores de interiores y contratistas con experiencia en la conservaci\u00f3n hist\u00f3rica<\/strong>; el equipo crear\u00e1 un espacio adaptable, eficaz, moderno y bello que se ajuste a la Ordenanza de Conservaci\u00f3n Hist\u00f3rica del Condado de Miami-Dade y a las\u00a0<strong>Normas y Directrices<\/strong>\u00a0para la Restauraci\u00f3n y Rehabilitaci\u00f3n de Estructuras Hist\u00f3ricas del Ministerio del Interior, de acuerdo con informaci\u00f3n de\u00a0<em>Espacioaereo y Simpleflying.<\/em><\/p>\n\n\n\n<p><strong>Fuente: A21mx<\/strong><\/p>\n","protected":false},"excerpt":{"rendered":"<p>(Aeronoticias): El servicio de terminal privada de lujo\u00a0para vuelos comerciales PS anunci\u00f3 su expansi\u00f3n\u00a0al Aeropuerto Internacional de Miami (MIA), Estados Unidos, antigua sede regional de Pan American Airways. Para evitar los atascos de uno de los aeropuertos m\u00e1s concurridos de Estados Unidos,&nbsp;PS MIA ofrecer\u00e1 a sus socios e invitados una sala VIP elevada, suites privadas [&hellip;]<\/p>\n","protected":false},"author":3,"featured_media":83078,"comment_status":"open","ping_status":"open","sticky":false,"template":"","format":"standard","meta":{"tdm_status":"","tdm_grid_status":"","footnotes":""},"categories":[32,34],"tags":[1044,3012],"class_list":{"0":"post-83077","1":"post","2":"type-post","3":"status-publish","4":"format-standard","5":"has-post-thumbnail","7":"category-internacional","8":"category-internacionales","9":"tag-aeropuerto-internacional-de-miami","10":"tag-atsa"},"yoast_head":"<!-- This site is optimized with the Yoast SEO plugin v25.1 - https:\/\/yoast.com\/wordpress\/plugins\/seo\/ -->\n<title>Convertir\u00e1n la hist\u00f3rica Pan Am en terminal privada<\/title>\n<meta name=\"description\" content=\"LAS OBRAS SE REALIZAR\u00c1N EN 2025 Y TENDR\u00c1 SALA VIP Y SUITES PRIVADAS, ENTRE OTRAS MODIFICACIONES.\" \/>\n<meta name=\"robots\" content=\"index, follow, max-snippet:-1, max-image-preview:large, max-video-preview:-1\" \/>\n<link rel=\"canonical\" href=\"https:\/\/aeronoticias.com.pe\/noticiero\/internacionales\/convertiran-la-historica-pan-am-en-terminal-privada\/\" \/>\n<meta property=\"og:locale\" content=\"es_ES\" \/>\n<meta property=\"og:type\" content=\"article\" \/>\n<meta property=\"og:title\" content=\"Convertir\u00e1n la hist\u00f3rica Pan Am en terminal privada\" \/>\n<meta property=\"og:description\" content=\"LAS OBRAS SE REALIZAR\u00c1N EN 2025 Y TENDR\u00c1 SALA VIP Y SUITES PRIVADAS, ENTRE OTRAS MODIFICACIONES.\" \/>\n<meta property=\"og:url\" content=\"https:\/\/aeronoticias.com.pe\/noticiero\/internacionales\/convertiran-la-historica-pan-am-en-terminal-privada\/\" \/>\n<meta property=\"og:site_name\" content=\"Aeronoticias.com.pe\" \/>\n<meta property=\"article:publisher\" content=\"https:\/\/www.facebook.com\/Aeronoticias.com.pe\/\" \/>\n<meta property=\"article:published_time\" content=\"2023-05-18T15:29:24+00:00\" \/>\n<meta property=\"article:modified_time\" content=\"2023-05-18T15:29:31+00:00\" \/>\n<meta property=\"og:image\" content=\"https:\/\/aeronoticias.com.pe\/noticiero\/wp-content\/uploads\/2023\/05\/ATSA.jpeg\" \/>\n\t<meta property=\"og:image:width\" content=\"1600\" \/>\n\t<meta property=\"og:image:height\" content=\"800\" \/>\n\t<meta property=\"og:image:type\" content=\"image\/jpeg\" \/>\n<meta name=\"author\" content=\"Redacci\u00f3n\" \/>\n<meta name=\"twitter:card\" content=\"summary_large_image\" \/>\n<meta name=\"twitter:creator\" content=\"@aeronoticias\" \/>\n<meta name=\"twitter:site\" content=\"@aeronoticias\" \/>\n<meta name=\"twitter:label1\" content=\"Escrito por\" \/>\n\t<meta name=\"twitter:data1\" content=\"Redacci\u00f3n\" \/>\n\t<meta name=\"twitter:label2\" content=\"Tiempo de lectura\" \/>\n\t<meta name=\"twitter:data2\" content=\"2 minutos\" \/>\n<script type=\"application\/ld+json\" class=\"yoast-schema-graph\">{\"@context\":\"https:\/\/schema.org\",\"@graph\":[{\"@type\":\"WebPage\",\"@id\":\"https:\/\/aeronoticias.com.pe\/noticiero\/internacionales\/convertiran-la-historica-pan-am-en-terminal-privada\/\",\"url\":\"https:\/\/aeronoticias.com.pe\/noticiero\/internacionales\/convertiran-la-historica-pan-am-en-terminal-privada\/\",\"name\":\"Convertir\u00e1n la hist\u00f3rica Pan Am en terminal privada\",\"isPartOf\":{\"@id\":\"https:\/\/aeronoticias.com.pe\/noticiero\/#website\"},\"primaryImageOfPage\":{\"@id\":\"https:\/\/aeronoticias.com.pe\/noticiero\/internacionales\/convertiran-la-historica-pan-am-en-terminal-privada\/#primaryimage\"},\"image\":{\"@id\":\"https:\/\/aeronoticias.com.pe\/noticiero\/internacionales\/convertiran-la-historica-pan-am-en-terminal-privada\/#primaryimage\"},\"thumbnailUrl\":\"https:\/\/aeronoticias.com.pe\/noticiero\/wp-content\/uploads\/2023\/05\/ATSA.jpeg\",\"datePublished\":\"2023-05-18T15:29:24+00:00\",\"dateModified\":\"2023-05-18T15:29:31+00:00\",\"author\":{\"@id\":\"https:\/\/aeronoticias.com.pe\/noticiero\/#\/schema\/person\/16212a617c73f78916b13194154243bd\"},\"description\":\"LAS OBRAS SE REALIZAR\u00c1N EN 2025 Y TENDR\u00c1 SALA VIP Y SUITES PRIVADAS, ENTRE OTRAS MODIFICACIONES.\",\"breadcrumb\":{\"@id\":\"https:\/\/aeronoticias.com.pe\/noticiero\/internacionales\/convertiran-la-historica-pan-am-en-terminal-privada\/#breadcrumb\"},\"inLanguage\":\"es\",\"potentialAction\":[{\"@type\":\"ReadAction\",\"target\":[\"https:\/\/aeronoticias.com.pe\/noticiero\/internacionales\/convertiran-la-historica-pan-am-en-terminal-privada\/\"]}]},{\"@type\":\"ImageObject\",\"inLanguage\":\"es\",\"@id\":\"https:\/\/aeronoticias.com.pe\/noticiero\/internacionales\/convertiran-la-historica-pan-am-en-terminal-privada\/#primaryimage\",\"url\":\"https:\/\/aeronoticias.com.pe\/noticiero\/wp-content\/uploads\/2023\/05\/ATSA.jpeg\",\"contentUrl\":\"https:\/\/aeronoticias.com.pe\/noticiero\/wp-content\/uploads\/2023\/05\/ATSA.jpeg\",\"width\":1600,\"height\":800},{\"@type\":\"BreadcrumbList\",\"@id\":\"https:\/\/aeronoticias.com.pe\/noticiero\/internacionales\/convertiran-la-historica-pan-am-en-terminal-privada\/#breadcrumb\",\"itemListElement\":[{\"@type\":\"ListItem\",\"position\":1,\"name\":\"Portada\",\"item\":\"https:\/\/aeronoticias.com.pe\/noticiero\/\"},{\"@type\":\"ListItem\",\"position\":2,\"name\":\"Convertir\u00e1n la hist\u00f3rica Pan Am en terminal privada\"}]},{\"@type\":\"WebSite\",\"@id\":\"https:\/\/aeronoticias.com.pe\/noticiero\/#website\",\"url\":\"https:\/\/aeronoticias.com.pe\/noticiero\/\",\"name\":\"Aeronoticias.com.pe\",\"description\":\"Noticias de tranporte aereo, turismo, hoteles, gastronomia, actualidad, internacional\",\"potentialAction\":[{\"@type\":\"SearchAction\",\"target\":{\"@type\":\"EntryPoint\",\"urlTemplate\":\"https:\/\/aeronoticias.com.pe\/noticiero\/?s={search_term_string}\"},\"query-input\":{\"@type\":\"PropertyValueSpecification\",\"valueRequired\":true,\"valueName\":\"search_term_string\"}}],\"inLanguage\":\"es\"},{\"@type\":\"Person\",\"@id\":\"https:\/\/aeronoticias.com.pe\/noticiero\/#\/schema\/person\/16212a617c73f78916b13194154243bd\",\"name\":\"Redacci\u00f3n\",\"sameAs\":[\"http:\/\/Redacci\u00f3n\"],\"url\":\"https:\/\/aeronoticias.com.pe\/noticiero\/author\/celeste\/\"}]}<\/script>\n<!-- \/ Yoast SEO plugin. -->","yoast_head_json":{"title":"Convertir\u00e1n la hist\u00f3rica Pan Am en terminal privada","description":"LAS OBRAS SE REALIZAR\u00c1N EN 2025 Y TENDR\u00c1 SALA VIP Y SUITES PRIVADAS, ENTRE OTRAS MODIFICACIONES.","robots":{"index":"index","follow":"follow","max-snippet":"max-snippet:-1","max-image-preview":"max-image-preview:large","max-video-preview":"max-video-preview:-1"},"canonical":"https:\/\/aeronoticias.com.pe\/noticiero\/internacionales\/convertiran-la-historica-pan-am-en-terminal-privada\/","og_locale":"es_ES","og_type":"article","og_title":"Convertir\u00e1n la hist\u00f3rica Pan Am en terminal privada","og_description":"LAS OBRAS SE REALIZAR\u00c1N EN 2025 Y TENDR\u00c1 SALA VIP Y SUITES PRIVADAS, ENTRE OTRAS MODIFICACIONES.","og_url":"https:\/\/aeronoticias.com.pe\/noticiero\/internacionales\/convertiran-la-historica-pan-am-en-terminal-privada\/","og_site_name":"Aeronoticias.com.pe","article_publisher":"https:\/\/www.facebook.com\/Aeronoticias.com.pe\/","article_published_time":"2023-05-18T15:29:24+00:00","article_modified_time":"2023-05-18T15:29:31+00:00","og_image":[{"width":1600,"height":800,"url":"https:\/\/aeronoticias.com.pe\/noticiero\/wp-content\/uploads\/2023\/05\/ATSA.jpeg","type":"image\/jpeg"}],"author":"Redacci\u00f3n","twitter_card":"summary_large_image","twitter_creator":"@aeronoticias","twitter_site":"@aeronoticias","twitter_misc":{"Escrito por":"Redacci\u00f3n","Tiempo de lectura":"2 minutos"},"schema":{"@context":"https:\/\/schema.org","@graph":[{"@type":"WebPage","@id":"https:\/\/aeronoticias.com.pe\/noticiero\/internacionales\/convertiran-la-historica-pan-am-en-terminal-privada\/","url":"https:\/\/aeronoticias.com.pe\/noticiero\/internacionales\/convertiran-la-historica-pan-am-en-terminal-privada\/","name":"Convertir\u00e1n la hist\u00f3rica Pan Am en terminal privada","isPartOf":{"@id":"https:\/\/aeronoticias.com.pe\/noticiero\/#website"},"primaryImageOfPage":{"@id":"https:\/\/aeronoticias.com.pe\/noticiero\/internacionales\/convertiran-la-historica-pan-am-en-terminal-privada\/#primaryimage"},"image":{"@id":"https:\/\/aeronoticias.com.pe\/noticiero\/internacionales\/convertiran-la-historica-pan-am-en-terminal-privada\/#primaryimage"},"thumbnailUrl":"https:\/\/aeronoticias.com.pe\/noticiero\/wp-content\/uploads\/2023\/05\/ATSA.jpeg","datePublished":"2023-05-18T15:29:24+00:00","dateModified":"2023-05-18T15:29:31+00:00","author":{"@id":"https:\/\/aeronoticias.com.pe\/noticiero\/#\/schema\/person\/16212a617c73f78916b13194154243bd"},"description":"LAS OBRAS SE REALIZAR\u00c1N EN 2025 Y TENDR\u00c1 SALA VIP Y SUITES PRIVADAS, ENTRE OTRAS MODIFICACIONES.","breadcrumb":{"@id":"https:\/\/aeronoticias.com.pe\/noticiero\/internacionales\/convertiran-la-historica-pan-am-en-terminal-privada\/#breadcrumb"},"inLanguage":"es","potentialAction":[{"@type":"ReadAction","target":["https:\/\/aeronoticias.com.pe\/noticiero\/internacionales\/convertiran-la-historica-pan-am-en-terminal-privada\/"]}]},{"@type":"ImageObject","inLanguage":"es","@id":"https:\/\/aeronoticias.com.pe\/noticiero\/internacionales\/convertiran-la-historica-pan-am-en-terminal-privada\/#primaryimage","url":"https:\/\/aeronoticias.com.pe\/noticiero\/wp-content\/uploads\/2023\/05\/ATSA.jpeg","contentUrl":"https:\/\/aeronoticias.com.pe\/noticiero\/wp-content\/uploads\/2023\/05\/ATSA.jpeg","width":1600,"height":800},{"@type":"BreadcrumbList","@id":"https:\/\/aeronoticias.com.pe\/noticiero\/internacionales\/convertiran-la-historica-pan-am-en-terminal-privada\/#breadcrumb","itemListElement":[{"@type":"ListItem","position":1,"name":"Portada","item":"https:\/\/aeronoticias.com.pe\/noticiero\/"},{"@type":"ListItem","position":2,"name":"Convertir\u00e1n la hist\u00f3rica Pan Am en terminal privada"}]},{"@type":"WebSite","@id":"https:\/\/aeronoticias.com.pe\/noticiero\/#website","url":"https:\/\/aeronoticias.com.pe\/noticiero\/","name":"Aeronoticias.com.pe","description":"Noticias de tranporte aereo, turismo, hoteles, gastronomia, actualidad, internacional","potentialAction":[{"@type":"SearchAction","target":{"@type":"EntryPoint","urlTemplate":"https:\/\/aeronoticias.com.pe\/noticiero\/?s={search_term_string}"},"query-input":{"@type":"PropertyValueSpecification","valueRequired":true,"valueName":"search_term_string"}}],"inLanguage":"es"},{"@type":"Person","@id":"https:\/\/aeronoticias.com.pe\/noticiero\/#\/schema\/person\/16212a617c73f78916b13194154243bd","name":"Redacci\u00f3n","sameAs":["http:\/\/Redacci\u00f3n"],"url":"https:\/\/aeronoticias.com.pe\/noticiero\/author\/celeste\/"}]}},"_links":{"self":[{"href":"https:\/\/aeronoticias.com.pe\/noticiero\/wp-json\/wp\/v2\/posts\/83077","targetHints":{"allow":["GET"]}}],"collection":[{"href":"https:\/\/aeronoticias.com.pe\/noticiero\/wp-json\/wp\/v2\/posts"}],"about":[{"href":"https:\/\/aeronoticias.com.pe\/noticiero\/wp-json\/wp\/v2\/types\/post"}],"author":[{"embeddable":true,"href":"https:\/\/aeronoticias.com.pe\/noticiero\/wp-json\/wp\/v2\/users\/3"}],"replies":[{"embeddable":true,"href":"https:\/\/aeronoticias.com.pe\/noticiero\/wp-json\/wp\/v2\/comments?post=83077"}],"version-history":[{"count":0,"href":"https:\/\/aeronoticias.com.pe\/noticiero\/wp-json\/wp\/v2\/posts\/83077\/revisions"}],"wp:featuredmedia":[{"embeddable":true,"href":"https:\/\/aeronoticias.com.pe\/noticiero\/wp-json\/wp\/v2\/media\/83078"}],"wp:attachment":[{"href":"https:\/\/aeronoticias.com.pe\/noticiero\/wp-json\/wp\/v2\/media?parent=83077"}],"wp:term":[{"taxonomy":"category","embeddable":true,"href":"https:\/\/aeronoticias.com.pe\/noticiero\/wp-json\/wp\/v2\/categories?post=83077"},{"taxonomy":"post_tag","embeddable":true,"href":"https:\/\/aeronoticias.com.pe\/noticiero\/wp-json\/wp\/v2\/tags?post=83077"}],"curies":[{"name":"wp","href":"https:\/\/api.w.org\/{rel}","templated":true}]}}