{"id":83086,"date":"2023-05-19T10:37:15","date_gmt":"2023-05-19T15:37:15","guid":{"rendered":"https:\/\/aeronoticias.com.pe\/noticiero\/?p=83086"},"modified":"2023-05-19T10:37:21","modified_gmt":"2023-05-19T15:37:21","slug":"alerta-faa-posibilidad-de-incendio-en-bodega-de-los-boeing-787","status":"publish","type":"post","link":"https:\/\/aeronoticias.com.pe\/noticiero\/ultimas\/1\/alerta-faa-posibilidad-de-incendio-en-bodega-de-los-boeing-787\/","title":{"rendered":"Alerta FAA posibilidad de incendio en bodega de los Boeing 787"},"content":{"rendered":"\n<p><strong>(Aeronoticias)<\/strong>: <strong>La Administraci\u00f3n Federal de Aviaci\u00f3n de Estados Unidos (FAA)<\/strong>\u00a0emiti\u00f3 una nueva directiva de aeronavegabilidad (AD) para abordar una condici\u00f3n insegura en los\u00a0<strong>Boeing 787-8, 787-9 y 787-10.<\/strong><\/p>\n\n\n\n<p>Esta condici\u00f3n est\u00e1 relacionada con&nbsp;<strong>las bodegas de carga delantera y trasera de la aeronave<\/strong>, ya que los operadores alertaron a la FAA de&nbsp;<em>\u201cm\u00faltiples\u201d<\/em>&nbsp;incidentes de paneles de descompresi\u00f3n rotos encontrados en el \u00e1rea de la sentina.<\/p>\n\n\n\n<p>Dado que existen&nbsp;<strong>nuevos procedimientos para cambiar o reemplazar el conjunto de barrera de sentina<\/strong>&nbsp;en los compartimentos de carga delanteros y traseros, la agencia decidi\u00f3 reemplazar un&nbsp;<strong>AD anterior,<\/strong>&nbsp;al abordar la condici\u00f3n insegura con una nueva directiva.<\/p>\n\n\n\n<p><strong>El AD anterior requer\u00eda<\/strong>&nbsp;que los operadores realizaran&nbsp;<em>\u201cinspecciones repetitivas de las barreras de sentina, ubicadas en los compartimentos de carga delanteros y traseros para los paneles de descompresi\u00f3n desconectados\u201d,<\/em>&nbsp;as\u00ed como \u201creinstalar cualquier panel desconectado\u201d.<\/p>\n\n\n\n<p>Tambi\u00e9n se ordenaba&nbsp;<strong>a las aerol\u00edneas que reemplazaran los paneles de descompresi\u00f3n existentes con nuevos paneles y correas<\/strong>, lo que puso fin a las inspecciones repetitivas.<\/p>\n\n\n\n<p>Sin embargo,&nbsp;<strong>la nueva directiva<\/strong>&nbsp;exige&nbsp;<em>\u201ccambiar o reemplazar el conjunto de barrera de sentina en los compartimentos de carga delanteros y traseros, lo que termina con las inspecciones repetitivas\u201d.<\/em><\/p>\n\n\n\n<p><strong>Seg\u00fan la FAA<\/strong>, de no abordarse el problema,\u00a0<strong>en caso de incendio<\/strong>\u00a0de la carga podr\u00eda haber una concentraci\u00f3n de halones insuficiente para controlarlo, lo que, en consecuencia,\u00a0<em>\u201cpodr\u00eda resultar en la p\u00e9rdida de la continuaci\u00f3n del vuelo seguro y el aterrizaje del avi\u00f3n\u201d.<\/em><\/p>\n\n\n\n<p>Para que los operadores cumplan con la directiva, salvo los requisitos retenidos, deber\u00e1n cambiar o&nbsp;<strong>reemplazar el conjunto de la barrera de sentina<\/strong>&nbsp;en los compartimentos de carga delanteros y traseros, de acuerdo con las&nbsp;<em>\u201cInstrucciones de cumplimiento del Bolet\u00edn de requisitos de alerta de Boeing B787\u201381205\u2013SB500011\u201300 RB, Edici\u00f3n 001, con fecha del 10 de mayo de 2022\u201d.<\/em><\/p>\n\n\n\n<p><strong>La regla final AD se emiti\u00f3 el pasado 16 de mayo de<\/strong>&nbsp;<strong>2023,<\/strong>&nbsp;con fecha de vigencia el 20 de junio de 2023; seg\u00fan las estimaciones de la FAA, la directiva afectar\u00e1 a&nbsp;<strong>135 aeronaves Boeing 787 registrados en EU<\/strong>, esto le costar\u00e1 a los&nbsp;<strong>operadores 255 d\u00f3lares por cada inspecci\u00f3n repetitiva<\/strong>&nbsp;de los paneles de descompresi\u00f3n de las barreras de sentina por avi\u00f3n; se estima que, cambiar o reemplazar la barrera de la sentina, costar\u00e1 hasta&nbsp;<strong>12,695 d\u00f3lares por avi\u00f3n, incluidas las piezas y la mano de obra.<\/strong><\/p>\n\n\n\n<p><strong>La FAA no pudo estimar el costo de reemplazo de los paneles de descompresi\u00f3n existentes,<\/strong>\u00a0que es un requisito retenido de la directiva anterior, de acuerdo con informaci\u00f3n de\u00a0<em>Aerotime.<\/em><\/p>\n\n\n\n<p><strong>Fuente: A21mx<\/strong><\/p>\n","protected":false},"excerpt":{"rendered":"<p>(Aeronoticias): La Administraci\u00f3n Federal de Aviaci\u00f3n de Estados Unidos (FAA)\u00a0emiti\u00f3 una nueva directiva de aeronavegabilidad (AD) para abordar una condici\u00f3n insegura en los\u00a0Boeing 787-8, 787-9 y 787-10. Esta condici\u00f3n est\u00e1 relacionada con&nbsp;las bodegas de carga delantera y trasera de la aeronave, ya que los operadores alertaron a la FAA de&nbsp;\u201cm\u00faltiples\u201d&nbsp;incidentes de paneles de descompresi\u00f3n rotos [&hellip;]<\/p>\n","protected":false},"author":3,"featured_media":83087,"comment_status":"open","ping_status":"open","sticky":false,"template":"","format":"standard","meta":{"tdm_status":"","tdm_grid_status":"","footnotes":""},"categories":[8,30],"tags":[509,247],"class_list":{"0":"post-83086","1":"post","2":"type-post","3":"status-publish","4":"format-standard","5":"has-post-thumbnail","7":"category-ultimas","8":"category-30","9":"tag-boeing-787","10":"tag-faa"},"yoast_head":"<!-- This site is optimized with the Yoast SEO plugin v25.1 - https:\/\/yoast.com\/wordpress\/plugins\/seo\/ -->\n<title>Alerta FAA posibilidad de incendio en bodega de los Boeing 787<\/title>\n<meta name=\"description\" content=\"LA CONDICI\u00d3N INSEGURA EST\u00c1 EN LAS PARTES DELANTERA Y TRASERA DE LA AERONAVE.\" \/>\n<meta name=\"robots\" content=\"index, follow, max-snippet:-1, max-image-preview:large, max-video-preview:-1\" \/>\n<link rel=\"canonical\" href=\"https:\/\/aeronoticias.com.pe\/noticiero\/ultimas\/1\/alerta-faa-posibilidad-de-incendio-en-bodega-de-los-boeing-787\/\" \/>\n<meta property=\"og:locale\" content=\"es_ES\" \/>\n<meta property=\"og:type\" content=\"article\" \/>\n<meta property=\"og:title\" content=\"Alerta FAA posibilidad de incendio en bodega de los Boeing 787\" \/>\n<meta property=\"og:description\" content=\"LA CONDICI\u00d3N INSEGURA EST\u00c1 EN LAS PARTES DELANTERA Y TRASERA DE LA AERONAVE.\" \/>\n<meta property=\"og:url\" content=\"https:\/\/aeronoticias.com.pe\/noticiero\/ultimas\/1\/alerta-faa-posibilidad-de-incendio-en-bodega-de-los-boeing-787\/\" \/>\n<meta property=\"og:site_name\" content=\"Aeronoticias.com.pe\" \/>\n<meta property=\"article:publisher\" content=\"https:\/\/www.facebook.com\/Aeronoticias.com.pe\/\" \/>\n<meta property=\"article:published_time\" content=\"2023-05-19T15:37:15+00:00\" \/>\n<meta property=\"article:modified_time\" content=\"2023-05-19T15:37:21+00:00\" \/>\n<meta property=\"og:image\" content=\"https:\/\/aeronoticias.com.pe\/noticiero\/wp-content\/uploads\/2023\/05\/nave.jpeg\" \/>\n\t<meta property=\"og:image:width\" content=\"1500\" \/>\n\t<meta property=\"og:image:height\" content=\"1125\" \/>\n\t<meta property=\"og:image:type\" content=\"image\/jpeg\" \/>\n<meta name=\"author\" content=\"Redacci\u00f3n\" \/>\n<meta name=\"twitter:card\" content=\"summary_large_image\" \/>\n<meta name=\"twitter:creator\" content=\"@aeronoticias\" \/>\n<meta name=\"twitter:site\" content=\"@aeronoticias\" \/>\n<meta name=\"twitter:label1\" content=\"Escrito por\" \/>\n\t<meta name=\"twitter:data1\" content=\"Redacci\u00f3n\" \/>\n\t<meta name=\"twitter:label2\" content=\"Tiempo de lectura\" \/>\n\t<meta name=\"twitter:data2\" content=\"2 minutos\" \/>\n<script type=\"application\/ld+json\" class=\"yoast-schema-graph\">{\"@context\":\"https:\/\/schema.org\",\"@graph\":[{\"@type\":\"WebPage\",\"@id\":\"https:\/\/aeronoticias.com.pe\/noticiero\/ultimas\/1\/alerta-faa-posibilidad-de-incendio-en-bodega-de-los-boeing-787\/\",\"url\":\"https:\/\/aeronoticias.com.pe\/noticiero\/ultimas\/1\/alerta-faa-posibilidad-de-incendio-en-bodega-de-los-boeing-787\/\",\"name\":\"Alerta FAA posibilidad de incendio en bodega de los Boeing 787\",\"isPartOf\":{\"@id\":\"https:\/\/aeronoticias.com.pe\/noticiero\/#website\"},\"primaryImageOfPage\":{\"@id\":\"https:\/\/aeronoticias.com.pe\/noticiero\/ultimas\/1\/alerta-faa-posibilidad-de-incendio-en-bodega-de-los-boeing-787\/#primaryimage\"},\"image\":{\"@id\":\"https:\/\/aeronoticias.com.pe\/noticiero\/ultimas\/1\/alerta-faa-posibilidad-de-incendio-en-bodega-de-los-boeing-787\/#primaryimage\"},\"thumbnailUrl\":\"https:\/\/aeronoticias.com.pe\/noticiero\/wp-content\/uploads\/2023\/05\/nave.jpeg\",\"datePublished\":\"2023-05-19T15:37:15+00:00\",\"dateModified\":\"2023-05-19T15:37:21+00:00\",\"author\":{\"@id\":\"https:\/\/aeronoticias.com.pe\/noticiero\/#\/schema\/person\/16212a617c73f78916b13194154243bd\"},\"description\":\"LA CONDICI\u00d3N INSEGURA EST\u00c1 EN LAS PARTES DELANTERA Y TRASERA DE LA AERONAVE.\",\"breadcrumb\":{\"@id\":\"https:\/\/aeronoticias.com.pe\/noticiero\/ultimas\/1\/alerta-faa-posibilidad-de-incendio-en-bodega-de-los-boeing-787\/#breadcrumb\"},\"inLanguage\":\"es\",\"potentialAction\":[{\"@type\":\"ReadAction\",\"target\":[\"https:\/\/aeronoticias.com.pe\/noticiero\/ultimas\/1\/alerta-faa-posibilidad-de-incendio-en-bodega-de-los-boeing-787\/\"]}]},{\"@type\":\"ImageObject\",\"inLanguage\":\"es\",\"@id\":\"https:\/\/aeronoticias.com.pe\/noticiero\/ultimas\/1\/alerta-faa-posibilidad-de-incendio-en-bodega-de-los-boeing-787\/#primaryimage\",\"url\":\"https:\/\/aeronoticias.com.pe\/noticiero\/wp-content\/uploads\/2023\/05\/nave.jpeg\",\"contentUrl\":\"https:\/\/aeronoticias.com.pe\/noticiero\/wp-content\/uploads\/2023\/05\/nave.jpeg\",\"width\":1500,\"height\":1125},{\"@type\":\"BreadcrumbList\",\"@id\":\"https:\/\/aeronoticias.com.pe\/noticiero\/ultimas\/1\/alerta-faa-posibilidad-de-incendio-en-bodega-de-los-boeing-787\/#breadcrumb\",\"itemListElement\":[{\"@type\":\"ListItem\",\"position\":1,\"name\":\"Portada\",\"item\":\"https:\/\/aeronoticias.com.pe\/noticiero\/\"},{\"@type\":\"ListItem\",\"position\":2,\"name\":\"Alerta FAA posibilidad de incendio en bodega de los Boeing 787\"}]},{\"@type\":\"WebSite\",\"@id\":\"https:\/\/aeronoticias.com.pe\/noticiero\/#website\",\"url\":\"https:\/\/aeronoticias.com.pe\/noticiero\/\",\"name\":\"Aeronoticias.com.pe\",\"description\":\"Noticias de tranporte aereo, turismo, hoteles, gastronomia, actualidad, internacional\",\"potentialAction\":[{\"@type\":\"SearchAction\",\"target\":{\"@type\":\"EntryPoint\",\"urlTemplate\":\"https:\/\/aeronoticias.com.pe\/noticiero\/?s={search_term_string}\"},\"query-input\":{\"@type\":\"PropertyValueSpecification\",\"valueRequired\":true,\"valueName\":\"search_term_string\"}}],\"inLanguage\":\"es\"},{\"@type\":\"Person\",\"@id\":\"https:\/\/aeronoticias.com.pe\/noticiero\/#\/schema\/person\/16212a617c73f78916b13194154243bd\",\"name\":\"Redacci\u00f3n\",\"sameAs\":[\"http:\/\/Redacci\u00f3n\"],\"url\":\"https:\/\/aeronoticias.com.pe\/noticiero\/author\/celeste\/\"}]}<\/script>\n<!-- \/ Yoast SEO plugin. -->","yoast_head_json":{"title":"Alerta FAA posibilidad de incendio en bodega de los Boeing 787","description":"LA CONDICI\u00d3N INSEGURA EST\u00c1 EN LAS PARTES DELANTERA Y TRASERA DE LA AERONAVE.","robots":{"index":"index","follow":"follow","max-snippet":"max-snippet:-1","max-image-preview":"max-image-preview:large","max-video-preview":"max-video-preview:-1"},"canonical":"https:\/\/aeronoticias.com.pe\/noticiero\/ultimas\/1\/alerta-faa-posibilidad-de-incendio-en-bodega-de-los-boeing-787\/","og_locale":"es_ES","og_type":"article","og_title":"Alerta FAA posibilidad de incendio en bodega de los Boeing 787","og_description":"LA CONDICI\u00d3N INSEGURA EST\u00c1 EN LAS PARTES DELANTERA Y TRASERA DE LA AERONAVE.","og_url":"https:\/\/aeronoticias.com.pe\/noticiero\/ultimas\/1\/alerta-faa-posibilidad-de-incendio-en-bodega-de-los-boeing-787\/","og_site_name":"Aeronoticias.com.pe","article_publisher":"https:\/\/www.facebook.com\/Aeronoticias.com.pe\/","article_published_time":"2023-05-19T15:37:15+00:00","article_modified_time":"2023-05-19T15:37:21+00:00","og_image":[{"width":1500,"height":1125,"url":"https:\/\/aeronoticias.com.pe\/noticiero\/wp-content\/uploads\/2023\/05\/nave.jpeg","type":"image\/jpeg"}],"author":"Redacci\u00f3n","twitter_card":"summary_large_image","twitter_creator":"@aeronoticias","twitter_site":"@aeronoticias","twitter_misc":{"Escrito por":"Redacci\u00f3n","Tiempo de lectura":"2 minutos"},"schema":{"@context":"https:\/\/schema.org","@graph":[{"@type":"WebPage","@id":"https:\/\/aeronoticias.com.pe\/noticiero\/ultimas\/1\/alerta-faa-posibilidad-de-incendio-en-bodega-de-los-boeing-787\/","url":"https:\/\/aeronoticias.com.pe\/noticiero\/ultimas\/1\/alerta-faa-posibilidad-de-incendio-en-bodega-de-los-boeing-787\/","name":"Alerta FAA posibilidad de incendio en bodega de los Boeing 787","isPartOf":{"@id":"https:\/\/aeronoticias.com.pe\/noticiero\/#website"},"primaryImageOfPage":{"@id":"https:\/\/aeronoticias.com.pe\/noticiero\/ultimas\/1\/alerta-faa-posibilidad-de-incendio-en-bodega-de-los-boeing-787\/#primaryimage"},"image":{"@id":"https:\/\/aeronoticias.com.pe\/noticiero\/ultimas\/1\/alerta-faa-posibilidad-de-incendio-en-bodega-de-los-boeing-787\/#primaryimage"},"thumbnailUrl":"https:\/\/aeronoticias.com.pe\/noticiero\/wp-content\/uploads\/2023\/05\/nave.jpeg","datePublished":"2023-05-19T15:37:15+00:00","dateModified":"2023-05-19T15:37:21+00:00","author":{"@id":"https:\/\/aeronoticias.com.pe\/noticiero\/#\/schema\/person\/16212a617c73f78916b13194154243bd"},"description":"LA CONDICI\u00d3N INSEGURA EST\u00c1 EN LAS PARTES DELANTERA Y TRASERA DE LA AERONAVE.","breadcrumb":{"@id":"https:\/\/aeronoticias.com.pe\/noticiero\/ultimas\/1\/alerta-faa-posibilidad-de-incendio-en-bodega-de-los-boeing-787\/#breadcrumb"},"inLanguage":"es","potentialAction":[{"@type":"ReadAction","target":["https:\/\/aeronoticias.com.pe\/noticiero\/ultimas\/1\/alerta-faa-posibilidad-de-incendio-en-bodega-de-los-boeing-787\/"]}]},{"@type":"ImageObject","inLanguage":"es","@id":"https:\/\/aeronoticias.com.pe\/noticiero\/ultimas\/1\/alerta-faa-posibilidad-de-incendio-en-bodega-de-los-boeing-787\/#primaryimage","url":"https:\/\/aeronoticias.com.pe\/noticiero\/wp-content\/uploads\/2023\/05\/nave.jpeg","contentUrl":"https:\/\/aeronoticias.com.pe\/noticiero\/wp-content\/uploads\/2023\/05\/nave.jpeg","width":1500,"height":1125},{"@type":"BreadcrumbList","@id":"https:\/\/aeronoticias.com.pe\/noticiero\/ultimas\/1\/alerta-faa-posibilidad-de-incendio-en-bodega-de-los-boeing-787\/#breadcrumb","itemListElement":[{"@type":"ListItem","position":1,"name":"Portada","item":"https:\/\/aeronoticias.com.pe\/noticiero\/"},{"@type":"ListItem","position":2,"name":"Alerta FAA posibilidad de incendio en bodega de los Boeing 787"}]},{"@type":"WebSite","@id":"https:\/\/aeronoticias.com.pe\/noticiero\/#website","url":"https:\/\/aeronoticias.com.pe\/noticiero\/","name":"Aeronoticias.com.pe","description":"Noticias de tranporte aereo, turismo, hoteles, gastronomia, actualidad, internacional","potentialAction":[{"@type":"SearchAction","target":{"@type":"EntryPoint","urlTemplate":"https:\/\/aeronoticias.com.pe\/noticiero\/?s={search_term_string}"},"query-input":{"@type":"PropertyValueSpecification","valueRequired":true,"valueName":"search_term_string"}}],"inLanguage":"es"},{"@type":"Person","@id":"https:\/\/aeronoticias.com.pe\/noticiero\/#\/schema\/person\/16212a617c73f78916b13194154243bd","name":"Redacci\u00f3n","sameAs":["http:\/\/Redacci\u00f3n"],"url":"https:\/\/aeronoticias.com.pe\/noticiero\/author\/celeste\/"}]}},"_links":{"self":[{"href":"https:\/\/aeronoticias.com.pe\/noticiero\/wp-json\/wp\/v2\/posts\/83086","targetHints":{"allow":["GET"]}}],"collection":[{"href":"https:\/\/aeronoticias.com.pe\/noticiero\/wp-json\/wp\/v2\/posts"}],"about":[{"href":"https:\/\/aeronoticias.com.pe\/noticiero\/wp-json\/wp\/v2\/types\/post"}],"author":[{"embeddable":true,"href":"https:\/\/aeronoticias.com.pe\/noticiero\/wp-json\/wp\/v2\/users\/3"}],"replies":[{"embeddable":true,"href":"https:\/\/aeronoticias.com.pe\/noticiero\/wp-json\/wp\/v2\/comments?post=83086"}],"version-history":[{"count":0,"href":"https:\/\/aeronoticias.com.pe\/noticiero\/wp-json\/wp\/v2\/posts\/83086\/revisions"}],"wp:featuredmedia":[{"embeddable":true,"href":"https:\/\/aeronoticias.com.pe\/noticiero\/wp-json\/wp\/v2\/media\/83087"}],"wp:attachment":[{"href":"https:\/\/aeronoticias.com.pe\/noticiero\/wp-json\/wp\/v2\/media?parent=83086"}],"wp:term":[{"taxonomy":"category","embeddable":true,"href":"https:\/\/aeronoticias.com.pe\/noticiero\/wp-json\/wp\/v2\/categories?post=83086"},{"taxonomy":"post_tag","embeddable":true,"href":"https:\/\/aeronoticias.com.pe\/noticiero\/wp-json\/wp\/v2\/tags?post=83086"}],"curies":[{"name":"wp","href":"https:\/\/api.w.org\/{rel}","templated":true}]}}