{"id":83476,"date":"2023-06-07T08:11:38","date_gmt":"2023-06-07T13:11:38","guid":{"rendered":"https:\/\/aeronoticias.com.pe\/noticiero\/?p=83476"},"modified":"2023-06-07T08:11:45","modified_gmt":"2023-06-07T13:11:45","slug":"pelicula-transformers-el-despertar-de-las-bestias-incrementaria-el-turismo-en-peru-hasta-en-50","status":"publish","type":"post","link":"https:\/\/aeronoticias.com.pe\/noticiero\/ultimas\/pelicula-transformers-el-despertar-de-las-bestias-incrementaria-el-turismo-en-peru-hasta-en-50\/","title":{"rendered":"Pel\u00edcula \u00abTransformers: el despertar de las bestias\u00bb incrementar\u00eda el turismo en Per\u00fa hasta en 50%"},"content":{"rendered":"\n<p>(Aeronoticias) La pel\u00edcula \u00abTransformers: El despertar de las bestias\u00bb, que se estrena el d\u00eda de hoy mi\u00e9rcoles 8 de junio en Am\u00e9rica Latina, promete ser la sensaci\u00f3n en las salas de cine del mundo, especialmente aqu\u00ed en Per\u00fa, donde la expectativa es mayor, teniendo en cuenta que parte del rodaje se realiz\u00f3 en los maravillosos paisajes de Cusco y la selva de San Mart\u00edn.<\/p>\n\n\n\n<p>A prop\u00f3sito de este gran despliegue audiovisual digno de Hollywood, Daniel C\u00f3rdova, director de Promoci\u00f3n de Inversiones Empresariales en Promper\u00fa, indic\u00f3 a RPP, que la inversi\u00f3n realizada por la producci\u00f3n extranjera permitir\u00e1 que el turismo en el Per\u00fa se eleve hasta en 50%.<\/p>\n\n\n\n<p>\u00abTiene un impacto inmediato la inversi\u00f3n que hizo la productora durante los casi dos meses que ha estado grabado en los escenarios de Cusco y Tarapoto. Mas o menos unos 10 millones de d\u00f3lares es lo que ha invertido en servicios de hoteler\u00eda, alimentaci\u00f3n, traslados, gu\u00edas tur\u00edsticos, etc. Son recursos que han entrado directamente a la vena de las peque\u00f1as y medianas empresas que operan en Cusco y Tarapoto\u00bb, expres\u00f3 C\u00f3rdova a RPP.<\/p>\n\n\n\n<figure class=\"wp-block-embed-youtube wp-block-embed is-type-video is-provider-youtube wp-embed-aspect-16-9 wp-has-aspect-ratio\"><div class=\"wp-block-embed__wrapper\">\n<div class=\"youtube-embed\" data-video_id=\"4keWlbcAmHI\"><iframe loading=\"lazy\" title=\"Transformers en Cusco: As\u00ed se vivi\u00f3 el \u00faltimo d\u00eda del rodaje de la pel\u00edcula\" width=\"696\" height=\"392\" src=\"https:\/\/www.youtube.com\/embed\/4keWlbcAmHI?feature=oembed&#038;enablejsapi=1&#038;enablejsapi=1\" frameborder=\"0\" allow=\"accelerometer; autoplay; clipboard-write; encrypted-media; gyroscope; picture-in-picture; web-share\" allowfullscreen><\/iframe><\/div>\n<\/div><figcaption>Fuente: Youtube RPP Noticias<\/figcaption><\/figure>\n\n\n\n<p>El representante de Promper\u00fa mencion\u00f3 adem\u00e1s, que habr\u00e1 un impacto de mediano y largo plazo vinculado al flujo de turistas extranjeros.<\/p>\n\n\n\n<p>\u00abHay evidencia internacional en el caso de otras mega producciones como &#8216;El se\u00f1or de los anillos&#8217; o &#8216;Harry Potter&#8217;, donde el flujo de turistas hacia ciertas locaciones espec\u00edficas, donde se grabaron estas pel\u00edculas, aument\u00f3 en los siguientes a\u00f1os al estreno entre un 20% a 50%\u00bb, se\u00f1al\u00f3.<\/p>\n\n\n\n<p>Por \u00faltimo, C\u00f3rdova aclar\u00f3 a RPP, que el turismo no solamente se va a centrar en Cusco y San Mart\u00edn, sino que tambi\u00e9n ser\u00e1 aprovechado por otras regiones a lo largo de nuestro territorio.<br><br><em>Fuente: RPP<\/em><\/p>\n","protected":false},"excerpt":{"rendered":"<p>(Aeronoticias) La pel\u00edcula \u00abTransformers: El despertar de las bestias\u00bb, que se estrena el d\u00eda de hoy mi\u00e9rcoles 8 de junio en Am\u00e9rica Latina, promete ser la sensaci\u00f3n en las salas de cine del mundo, especialmente aqu\u00ed en Per\u00fa, donde la expectativa es mayor, teniendo en cuenta que parte del rodaje se realiz\u00f3 en los maravillosos [&hellip;]<\/p>\n","protected":false},"author":3,"featured_media":83487,"comment_status":"open","ping_status":"open","sticky":false,"template":"","format":"standard","meta":{"tdm_status":"","tdm_grid_status":"","footnotes":""},"categories":[9,8],"tags":[],"class_list":{"0":"post-83476","1":"post","2":"type-post","3":"status-publish","4":"format-standard","5":"has-post-thumbnail","7":"category-turismo","8":"category-ultimas"},"yoast_head":"<!-- This site is optimized with the Yoast SEO plugin v25.1 - https:\/\/yoast.com\/wordpress\/plugins\/seo\/ -->\n<title>Pel\u00edcula &quot;Transformers: el despertar de las bestias&quot; incrementar\u00eda el turismo en Per\u00fa hasta en 50%<\/title>\n<meta name=\"description\" content=\"La nueva entrega de la saga de &#039;Transformers&#039; se estrena en Am\u00e9rica Latina hoy mi\u00e9rcoles 8 de junio.\" \/>\n<meta name=\"robots\" content=\"index, follow, max-snippet:-1, max-image-preview:large, max-video-preview:-1\" \/>\n<link rel=\"canonical\" href=\"https:\/\/aeronoticias.com.pe\/noticiero\/ultimas\/pelicula-transformers-el-despertar-de-las-bestias-incrementaria-el-turismo-en-peru-hasta-en-50\/\" \/>\n<meta property=\"og:locale\" content=\"es_ES\" \/>\n<meta property=\"og:type\" content=\"article\" \/>\n<meta property=\"og:title\" content=\"Pel\u00edcula &quot;Transformers: el despertar de las bestias&quot; incrementar\u00eda el turismo en Per\u00fa hasta en 50%\" \/>\n<meta property=\"og:description\" content=\"La nueva entrega de la saga de &#039;Transformers&#039; se estrena en Am\u00e9rica Latina hoy mi\u00e9rcoles 8 de junio.\" \/>\n<meta property=\"og:url\" content=\"https:\/\/aeronoticias.com.pe\/noticiero\/ultimas\/pelicula-transformers-el-despertar-de-las-bestias-incrementaria-el-turismo-en-peru-hasta-en-50\/\" \/>\n<meta property=\"og:site_name\" content=\"Aeronoticias.com.pe\" \/>\n<meta property=\"article:publisher\" content=\"https:\/\/www.facebook.com\/Aeronoticias.com.pe\/\" \/>\n<meta property=\"article:published_time\" content=\"2023-06-07T13:11:38+00:00\" \/>\n<meta property=\"article:modified_time\" content=\"2023-06-07T13:11:45+00:00\" \/>\n<meta property=\"og:image\" content=\"https:\/\/aeronoticias.com.pe\/noticiero\/wp-content\/uploads\/2023\/06\/transformers.jpg\" \/>\n\t<meta property=\"og:image:width\" content=\"1080\" \/>\n\t<meta property=\"og:image:height\" content=\"1008\" \/>\n\t<meta property=\"og:image:type\" content=\"image\/jpeg\" \/>\n<meta name=\"author\" content=\"Redacci\u00f3n\" \/>\n<meta name=\"twitter:card\" content=\"summary_large_image\" \/>\n<meta name=\"twitter:creator\" content=\"@aeronoticias\" \/>\n<meta name=\"twitter:site\" content=\"@aeronoticias\" \/>\n<meta name=\"twitter:label1\" content=\"Escrito por\" \/>\n\t<meta name=\"twitter:data1\" content=\"Redacci\u00f3n\" \/>\n\t<meta name=\"twitter:label2\" content=\"Tiempo de lectura\" \/>\n\t<meta name=\"twitter:data2\" content=\"2 minutos\" \/>\n<script type=\"application\/ld+json\" class=\"yoast-schema-graph\">{\"@context\":\"https:\/\/schema.org\",\"@graph\":[{\"@type\":\"WebPage\",\"@id\":\"https:\/\/aeronoticias.com.pe\/noticiero\/ultimas\/pelicula-transformers-el-despertar-de-las-bestias-incrementaria-el-turismo-en-peru-hasta-en-50\/\",\"url\":\"https:\/\/aeronoticias.com.pe\/noticiero\/ultimas\/pelicula-transformers-el-despertar-de-las-bestias-incrementaria-el-turismo-en-peru-hasta-en-50\/\",\"name\":\"Pel\u00edcula \\\"Transformers: el despertar de las bestias\\\" incrementar\u00eda el turismo en Per\u00fa hasta en 50%\",\"isPartOf\":{\"@id\":\"https:\/\/aeronoticias.com.pe\/noticiero\/#website\"},\"primaryImageOfPage\":{\"@id\":\"https:\/\/aeronoticias.com.pe\/noticiero\/ultimas\/pelicula-transformers-el-despertar-de-las-bestias-incrementaria-el-turismo-en-peru-hasta-en-50\/#primaryimage\"},\"image\":{\"@id\":\"https:\/\/aeronoticias.com.pe\/noticiero\/ultimas\/pelicula-transformers-el-despertar-de-las-bestias-incrementaria-el-turismo-en-peru-hasta-en-50\/#primaryimage\"},\"thumbnailUrl\":\"https:\/\/aeronoticias.com.pe\/noticiero\/wp-content\/uploads\/2023\/06\/transformers.jpg\",\"datePublished\":\"2023-06-07T13:11:38+00:00\",\"dateModified\":\"2023-06-07T13:11:45+00:00\",\"author\":{\"@id\":\"https:\/\/aeronoticias.com.pe\/noticiero\/#\/schema\/person\/16212a617c73f78916b13194154243bd\"},\"description\":\"La nueva entrega de la saga de 'Transformers' se estrena en Am\u00e9rica Latina hoy mi\u00e9rcoles 8 de junio.\",\"breadcrumb\":{\"@id\":\"https:\/\/aeronoticias.com.pe\/noticiero\/ultimas\/pelicula-transformers-el-despertar-de-las-bestias-incrementaria-el-turismo-en-peru-hasta-en-50\/#breadcrumb\"},\"inLanguage\":\"es\",\"potentialAction\":[{\"@type\":\"ReadAction\",\"target\":[\"https:\/\/aeronoticias.com.pe\/noticiero\/ultimas\/pelicula-transformers-el-despertar-de-las-bestias-incrementaria-el-turismo-en-peru-hasta-en-50\/\"]}]},{\"@type\":\"ImageObject\",\"inLanguage\":\"es\",\"@id\":\"https:\/\/aeronoticias.com.pe\/noticiero\/ultimas\/pelicula-transformers-el-despertar-de-las-bestias-incrementaria-el-turismo-en-peru-hasta-en-50\/#primaryimage\",\"url\":\"https:\/\/aeronoticias.com.pe\/noticiero\/wp-content\/uploads\/2023\/06\/transformers.jpg\",\"contentUrl\":\"https:\/\/aeronoticias.com.pe\/noticiero\/wp-content\/uploads\/2023\/06\/transformers.jpg\",\"width\":1080,\"height\":1008},{\"@type\":\"BreadcrumbList\",\"@id\":\"https:\/\/aeronoticias.com.pe\/noticiero\/ultimas\/pelicula-transformers-el-despertar-de-las-bestias-incrementaria-el-turismo-en-peru-hasta-en-50\/#breadcrumb\",\"itemListElement\":[{\"@type\":\"ListItem\",\"position\":1,\"name\":\"Portada\",\"item\":\"https:\/\/aeronoticias.com.pe\/noticiero\/\"},{\"@type\":\"ListItem\",\"position\":2,\"name\":\"Pel\u00edcula \u00abTransformers: el despertar de las bestias\u00bb incrementar\u00eda el turismo en Per\u00fa hasta en 50%\"}]},{\"@type\":\"WebSite\",\"@id\":\"https:\/\/aeronoticias.com.pe\/noticiero\/#website\",\"url\":\"https:\/\/aeronoticias.com.pe\/noticiero\/\",\"name\":\"Aeronoticias.com.pe\",\"description\":\"Noticias de tranporte aereo, turismo, hoteles, gastronomia, actualidad, internacional\",\"potentialAction\":[{\"@type\":\"SearchAction\",\"target\":{\"@type\":\"EntryPoint\",\"urlTemplate\":\"https:\/\/aeronoticias.com.pe\/noticiero\/?s={search_term_string}\"},\"query-input\":{\"@type\":\"PropertyValueSpecification\",\"valueRequired\":true,\"valueName\":\"search_term_string\"}}],\"inLanguage\":\"es\"},{\"@type\":\"Person\",\"@id\":\"https:\/\/aeronoticias.com.pe\/noticiero\/#\/schema\/person\/16212a617c73f78916b13194154243bd\",\"name\":\"Redacci\u00f3n\",\"sameAs\":[\"http:\/\/Redacci\u00f3n\"],\"url\":\"https:\/\/aeronoticias.com.pe\/noticiero\/author\/celeste\/\"}]}<\/script>\n<!-- \/ Yoast SEO plugin. -->","yoast_head_json":{"title":"Pel\u00edcula \"Transformers: el despertar de las bestias\" incrementar\u00eda el turismo en Per\u00fa hasta en 50%","description":"La nueva entrega de la saga de 'Transformers' se estrena en Am\u00e9rica Latina hoy mi\u00e9rcoles 8 de junio.","robots":{"index":"index","follow":"follow","max-snippet":"max-snippet:-1","max-image-preview":"max-image-preview:large","max-video-preview":"max-video-preview:-1"},"canonical":"https:\/\/aeronoticias.com.pe\/noticiero\/ultimas\/pelicula-transformers-el-despertar-de-las-bestias-incrementaria-el-turismo-en-peru-hasta-en-50\/","og_locale":"es_ES","og_type":"article","og_title":"Pel\u00edcula \"Transformers: el despertar de las bestias\" incrementar\u00eda el turismo en Per\u00fa hasta en 50%","og_description":"La nueva entrega de la saga de 'Transformers' se estrena en Am\u00e9rica Latina hoy mi\u00e9rcoles 8 de junio.","og_url":"https:\/\/aeronoticias.com.pe\/noticiero\/ultimas\/pelicula-transformers-el-despertar-de-las-bestias-incrementaria-el-turismo-en-peru-hasta-en-50\/","og_site_name":"Aeronoticias.com.pe","article_publisher":"https:\/\/www.facebook.com\/Aeronoticias.com.pe\/","article_published_time":"2023-06-07T13:11:38+00:00","article_modified_time":"2023-06-07T13:11:45+00:00","og_image":[{"width":1080,"height":1008,"url":"https:\/\/aeronoticias.com.pe\/noticiero\/wp-content\/uploads\/2023\/06\/transformers.jpg","type":"image\/jpeg"}],"author":"Redacci\u00f3n","twitter_card":"summary_large_image","twitter_creator":"@aeronoticias","twitter_site":"@aeronoticias","twitter_misc":{"Escrito por":"Redacci\u00f3n","Tiempo de lectura":"2 minutos"},"schema":{"@context":"https:\/\/schema.org","@graph":[{"@type":"WebPage","@id":"https:\/\/aeronoticias.com.pe\/noticiero\/ultimas\/pelicula-transformers-el-despertar-de-las-bestias-incrementaria-el-turismo-en-peru-hasta-en-50\/","url":"https:\/\/aeronoticias.com.pe\/noticiero\/ultimas\/pelicula-transformers-el-despertar-de-las-bestias-incrementaria-el-turismo-en-peru-hasta-en-50\/","name":"Pel\u00edcula \"Transformers: el despertar de las bestias\" incrementar\u00eda el turismo en Per\u00fa hasta en 50%","isPartOf":{"@id":"https:\/\/aeronoticias.com.pe\/noticiero\/#website"},"primaryImageOfPage":{"@id":"https:\/\/aeronoticias.com.pe\/noticiero\/ultimas\/pelicula-transformers-el-despertar-de-las-bestias-incrementaria-el-turismo-en-peru-hasta-en-50\/#primaryimage"},"image":{"@id":"https:\/\/aeronoticias.com.pe\/noticiero\/ultimas\/pelicula-transformers-el-despertar-de-las-bestias-incrementaria-el-turismo-en-peru-hasta-en-50\/#primaryimage"},"thumbnailUrl":"https:\/\/aeronoticias.com.pe\/noticiero\/wp-content\/uploads\/2023\/06\/transformers.jpg","datePublished":"2023-06-07T13:11:38+00:00","dateModified":"2023-06-07T13:11:45+00:00","author":{"@id":"https:\/\/aeronoticias.com.pe\/noticiero\/#\/schema\/person\/16212a617c73f78916b13194154243bd"},"description":"La nueva entrega de la saga de 'Transformers' se estrena en Am\u00e9rica Latina hoy mi\u00e9rcoles 8 de junio.","breadcrumb":{"@id":"https:\/\/aeronoticias.com.pe\/noticiero\/ultimas\/pelicula-transformers-el-despertar-de-las-bestias-incrementaria-el-turismo-en-peru-hasta-en-50\/#breadcrumb"},"inLanguage":"es","potentialAction":[{"@type":"ReadAction","target":["https:\/\/aeronoticias.com.pe\/noticiero\/ultimas\/pelicula-transformers-el-despertar-de-las-bestias-incrementaria-el-turismo-en-peru-hasta-en-50\/"]}]},{"@type":"ImageObject","inLanguage":"es","@id":"https:\/\/aeronoticias.com.pe\/noticiero\/ultimas\/pelicula-transformers-el-despertar-de-las-bestias-incrementaria-el-turismo-en-peru-hasta-en-50\/#primaryimage","url":"https:\/\/aeronoticias.com.pe\/noticiero\/wp-content\/uploads\/2023\/06\/transformers.jpg","contentUrl":"https:\/\/aeronoticias.com.pe\/noticiero\/wp-content\/uploads\/2023\/06\/transformers.jpg","width":1080,"height":1008},{"@type":"BreadcrumbList","@id":"https:\/\/aeronoticias.com.pe\/noticiero\/ultimas\/pelicula-transformers-el-despertar-de-las-bestias-incrementaria-el-turismo-en-peru-hasta-en-50\/#breadcrumb","itemListElement":[{"@type":"ListItem","position":1,"name":"Portada","item":"https:\/\/aeronoticias.com.pe\/noticiero\/"},{"@type":"ListItem","position":2,"name":"Pel\u00edcula \u00abTransformers: el despertar de las bestias\u00bb incrementar\u00eda el turismo en Per\u00fa hasta en 50%"}]},{"@type":"WebSite","@id":"https:\/\/aeronoticias.com.pe\/noticiero\/#website","url":"https:\/\/aeronoticias.com.pe\/noticiero\/","name":"Aeronoticias.com.pe","description":"Noticias de tranporte aereo, turismo, hoteles, gastronomia, actualidad, internacional","potentialAction":[{"@type":"SearchAction","target":{"@type":"EntryPoint","urlTemplate":"https:\/\/aeronoticias.com.pe\/noticiero\/?s={search_term_string}"},"query-input":{"@type":"PropertyValueSpecification","valueRequired":true,"valueName":"search_term_string"}}],"inLanguage":"es"},{"@type":"Person","@id":"https:\/\/aeronoticias.com.pe\/noticiero\/#\/schema\/person\/16212a617c73f78916b13194154243bd","name":"Redacci\u00f3n","sameAs":["http:\/\/Redacci\u00f3n"],"url":"https:\/\/aeronoticias.com.pe\/noticiero\/author\/celeste\/"}]}},"_links":{"self":[{"href":"https:\/\/aeronoticias.com.pe\/noticiero\/wp-json\/wp\/v2\/posts\/83476","targetHints":{"allow":["GET"]}}],"collection":[{"href":"https:\/\/aeronoticias.com.pe\/noticiero\/wp-json\/wp\/v2\/posts"}],"about":[{"href":"https:\/\/aeronoticias.com.pe\/noticiero\/wp-json\/wp\/v2\/types\/post"}],"author":[{"embeddable":true,"href":"https:\/\/aeronoticias.com.pe\/noticiero\/wp-json\/wp\/v2\/users\/3"}],"replies":[{"embeddable":true,"href":"https:\/\/aeronoticias.com.pe\/noticiero\/wp-json\/wp\/v2\/comments?post=83476"}],"version-history":[{"count":0,"href":"https:\/\/aeronoticias.com.pe\/noticiero\/wp-json\/wp\/v2\/posts\/83476\/revisions"}],"wp:featuredmedia":[{"embeddable":true,"href":"https:\/\/aeronoticias.com.pe\/noticiero\/wp-json\/wp\/v2\/media\/83487"}],"wp:attachment":[{"href":"https:\/\/aeronoticias.com.pe\/noticiero\/wp-json\/wp\/v2\/media?parent=83476"}],"wp:term":[{"taxonomy":"category","embeddable":true,"href":"https:\/\/aeronoticias.com.pe\/noticiero\/wp-json\/wp\/v2\/categories?post=83476"},{"taxonomy":"post_tag","embeddable":true,"href":"https:\/\/aeronoticias.com.pe\/noticiero\/wp-json\/wp\/v2\/tags?post=83476"}],"curies":[{"name":"wp","href":"https:\/\/api.w.org\/{rel}","templated":true}]}}